{"id":82673,"date":"2017-02-11T09:51:11","date_gmt":"2017-02-11T08:51:11","guid":{"rendered":"http:\/\/kapitalis.com\/tunisie\/?p=82673"},"modified":"2017-02-11T09:54:10","modified_gmt":"2017-02-11T08:54:10","slug":"sante-les-medecins-suspendent-leurs-protestations","status":"publish","type":"post","link":"https:\/\/kapitalis.com\/tunisie\/2017\/02\/11\/sante-les-medecins-suspendent-leurs-protestations\/","title":{"rendered":"Sant\u00e9: Les m\u00e9decins suspendent leurs protestations"},"content":{"rendered":"<p><img loading=\"lazy\" decoding=\"async\" class=\"alignnone size-full wp-image-74624 aligncenter\" src=\"http:\/\/kapitalis.com\/tunisie\/wp-content\/uploads\/2016\/12\/Medecins-hopital.jpg\" alt=\"\" width=\"626\" height=\"380\" \/><\/p>\n<p><em><strong>Un accord a enfin \u00e9t\u00e9 trouv\u00e9 entre le minist\u00e8re de la Sant\u00e9 et les m\u00e9decins du service public qui ont d\u00e9cid\u00e9 de mettre fin \u00e0 leurs mouvements de protestation. \u00a0<\/strong><\/em><\/p>\n<p><!--more--><\/p>\n<p>Une s\u00e9ance de travail au minist\u00e8re de la Sant\u00e9, a r\u00e9uni, vendredi 10 f\u00e9vrier 2017, la ministre de la Sant\u00e9, Samira Merai, avec des repr\u00e9sentants du Syndicat g\u00e9n\u00e9ral des m\u00e9decins, des pharmaciens et des m\u00e9decins dentistes hospitalo-universitaires, en pr\u00e9sence du secr\u00e9taire g\u00e9n\u00e9ral adjoint de l\u2019Union g\u00e9n\u00e9rale tunisienne du travail (UGTT) charg\u00e9 de la fonction publique, Monem \u00c2mira.<\/p>\n<p>La r\u00e9union, qui \u00e9tait consacr\u00e9e \u00e0 la discussion des dol\u00e9ances des repr\u00e9sentants des diff\u00e9rents corps m\u00e9dicaux hospitaliers et hospitalo-universitaires, a abouti \u00e0 un accord permettant de suspendre les protestations des m\u00e9decins et de mettre ainsi fin \u00e0 la crise d\u00e9clench\u00e9e depuis le d\u00e9but de cette semaine dans le secteur, suite \u00e0 l\u2019arrestation et \u00e0 la mise en garde-\u00e0-vue, la semaine derni\u00e8re, de deux m\u00e9decins, \u00e0 Gab\u00e8s et \u00e0 Sousse, pour une erreur m\u00e9dicale non encore prouv\u00e9e, selon les m\u00e9decins.<\/p>\n<p>L\u2019accord consiste \u00e0 acc\u00e9l\u00e9rer la finalisation du projet de loi sur la responsabilit\u00e9 m\u00e9dicale afin qu\u2019il soit examin\u00e9 par les parties concern\u00e9es, ratifi\u00e9 par le gouvernement et adopt\u00e9 par l\u2019Assembl\u00e9e des repr\u00e9sentants du peuple (ARP). Ce projet de loi, rappelons-le, vise \u00e0 prot\u00e9ger, \u00e0 la fois, les droits des m\u00e9decins et ceux des malades.<\/p>\n<p>Suite \u00e0 cet accord, les diff\u00e9rents corps m\u00e9dicaux ayant pris part aux protestations ont d\u00e9cid\u00e9 de mettre un terme \u00e0 leur mouvement et de reprendre leurs activit\u00e9s dans les centres hospitaliers publics.<\/p>\n<p style=\"text-align: right;\"><strong>A. K.<\/strong><\/p>\n","protected":false},"excerpt":{"rendered":"<p>Un accord a enfin \u00e9t\u00e9 trouv\u00e9 entre le minist\u00e8re de la Sant\u00e9 et les m\u00e9decins du service public qui ont d\u00e9cid\u00e9 de mettre fin \u00e0 leurs mouvements de protestation. \u00a0<\/p>\n","protected":false},"author":8,"featured_media":0,"comment_status":"open","ping_status":"open","sticky":false,"template":"","format":"standard","meta":{"footnotes":""},"categories":[998,2433],"tags":[1337,3123,810],"class_list":["post-82673","post","type-post","status-publish","format-standard","hentry","category-societe","category-tunisie","tag-medecins","tag-samira-merai","tag-sante"],"yoast_head":"<!-- This site is optimized with the Yoast SEO plugin v26.6 - https:\/\/yoast.com\/wordpress\/plugins\/seo\/ -->\n<title>Sant\u00e9: Les m\u00e9decins suspendent leurs protestations - Kapitalis<\/title>\n<meta name=\"robots\" content=\"index, follow, max-snippet:-1, max-image-preview:large, max-video-preview:-1\" \/>\n<link rel=\"canonical\" href=\"https:\/\/kapitalis.com\/tunisie\/2017\/02\/11\/sante-les-medecins-suspendent-leurs-protestations\/\" \/>\n<meta property=\"og:locale\" content=\"fr_FR\" \/>\n<meta property=\"og:type\" content=\"article\" \/>\n<meta property=\"og:title\" content=\"Sant\u00e9: Les m\u00e9decins suspendent leurs protestations - Kapitalis\" \/>\n<meta property=\"og:description\" content=\"Un accord a enfin \u00e9t\u00e9 trouv\u00e9 entre le minist\u00e8re de la Sant\u00e9 et les m\u00e9decins du service public qui ont d\u00e9cid\u00e9 de mettre fin \u00e0 leurs mouvements de protestation. \u00a0\" \/>\n<meta property=\"og:url\" content=\"https:\/\/kapitalis.com\/tunisie\/2017\/02\/11\/sante-les-medecins-suspendent-leurs-protestations\/\" \/>\n<meta property=\"og:site_name\" content=\"Kapitalis\" \/>\n<meta property=\"article:publisher\" content=\"https:\/\/www.facebook.com\/KapitalisInfo\/\" \/>\n<meta property=\"article:published_time\" content=\"2017-02-11T08:51:11+00:00\" \/>\n<meta property=\"article:modified_time\" content=\"2017-02-11T08:54:10+00:00\" \/>\n<meta property=\"og:image\" content=\"http:\/\/kapitalis.com\/tunisie\/wp-content\/uploads\/2016\/12\/Medecins-hopital.jpg\" \/>\n<meta name=\"author\" content=\"webmaster kapitalis\" \/>\n<meta name=\"twitter:card\" content=\"summary_large_image\" \/>\n<meta name=\"twitter:creator\" content=\"@KapitalisInfo\" \/>\n<meta name=\"twitter:site\" content=\"@KapitalisInfo\" \/>\n<meta name=\"twitter:label1\" content=\"\u00c9crit par\" \/>\n\t<meta name=\"twitter:data1\" content=\"webmaster kapitalis\" \/>\n\t<meta name=\"twitter:label2\" content=\"Dur\u00e9e de lecture estim\u00e9e\" \/>\n\t<meta name=\"twitter:data2\" content=\"1 minute\" \/>\n<script type=\"application\/ld+json\" class=\"yoast-schema-graph\">{\"@context\":\"https:\/\/schema.org\",\"@graph\":[{\"@type\":\"Article\",\"@id\":\"https:\/\/kapitalis.com\/tunisie\/2017\/02\/11\/sante-les-medecins-suspendent-leurs-protestations\/#article\",\"isPartOf\":{\"@id\":\"https:\/\/kapitalis.com\/tunisie\/2017\/02\/11\/sante-les-medecins-suspendent-leurs-protestations\/\"},\"author\":{\"name\":\"webmaster kapitalis\",\"@id\":\"https:\/\/kapitalis.com\/tunisie\/#\/schema\/person\/d71f33a9ca44f7bad4698210b480c8e9\"},\"headline\":\"Sant\u00e9: Les m\u00e9decins suspendent leurs protestations\",\"datePublished\":\"2017-02-11T08:51:11+00:00\",\"dateModified\":\"2017-02-11T08:54:10+00:00\",\"mainEntityOfPage\":{\"@id\":\"https:\/\/kapitalis.com\/tunisie\/2017\/02\/11\/sante-les-medecins-suspendent-leurs-protestations\/\"},\"wordCount\":297,\"commentCount\":0,\"publisher\":{\"@id\":\"https:\/\/kapitalis.com\/tunisie\/#organization\"},\"image\":{\"@id\":\"https:\/\/kapitalis.com\/tunisie\/2017\/02\/11\/sante-les-medecins-suspendent-leurs-protestations\/#primaryimage\"},\"thumbnailUrl\":\"http:\/\/kapitalis.com\/tunisie\/wp-content\/uploads\/2016\/12\/Medecins-hopital.jpg\",\"keywords\":[\"m\u00e9decins\",\"Samira Mera\u00ef\",\"Sant\u00e9\"],\"articleSection\":[\"SOCIETE\",\"Tunisie\"],\"inLanguage\":\"fr-FR\",\"potentialAction\":[{\"@type\":\"CommentAction\",\"name\":\"Comment\",\"target\":[\"https:\/\/kapitalis.com\/tunisie\/2017\/02\/11\/sante-les-medecins-suspendent-leurs-protestations\/#respond\"]}]},{\"@type\":\"WebPage\",\"@id\":\"https:\/\/kapitalis.com\/tunisie\/2017\/02\/11\/sante-les-medecins-suspendent-leurs-protestations\/\",\"url\":\"https:\/\/kapitalis.com\/tunisie\/2017\/02\/11\/sante-les-medecins-suspendent-leurs-protestations\/\",\"name\":\"Sant\u00e9: Les m\u00e9decins suspendent leurs protestations - Kapitalis\",\"isPartOf\":{\"@id\":\"https:\/\/kapitalis.com\/tunisie\/#website\"},\"primaryImageOfPage\":{\"@id\":\"https:\/\/kapitalis.com\/tunisie\/2017\/02\/11\/sante-les-medecins-suspendent-leurs-protestations\/#primaryimage\"},\"image\":{\"@id\":\"https:\/\/kapitalis.com\/tunisie\/2017\/02\/11\/sante-les-medecins-suspendent-leurs-protestations\/#primaryimage\"},\"thumbnailUrl\":\"http:\/\/kapitalis.com\/tunisie\/wp-content\/uploads\/2016\/12\/Medecins-hopital.jpg\",\"datePublished\":\"2017-02-11T08:51:11+00:00\",\"dateModified\":\"2017-02-11T08:54:10+00:00\",\"breadcrumb\":{\"@id\":\"https:\/\/kapitalis.com\/tunisie\/2017\/02\/11\/sante-les-medecins-suspendent-leurs-protestations\/#breadcrumb\"},\"inLanguage\":\"fr-FR\",\"potentialAction\":[{\"@type\":\"ReadAction\",\"target\":[\"https:\/\/kapitalis.com\/tunisie\/2017\/02\/11\/sante-les-medecins-suspendent-leurs-protestations\/\"]}]},{\"@type\":\"ImageObject\",\"inLanguage\":\"fr-FR\",\"@id\":\"https:\/\/kapitalis.com\/tunisie\/2017\/02\/11\/sante-les-medecins-suspendent-leurs-protestations\/#primaryimage\",\"url\":\"http:\/\/kapitalis.com\/tunisie\/wp-content\/uploads\/2016\/12\/Medecins-hopital.jpg\",\"contentUrl\":\"http:\/\/kapitalis.com\/tunisie\/wp-content\/uploads\/2016\/12\/Medecins-hopital.jpg\"},{\"@type\":\"BreadcrumbList\",\"@id\":\"https:\/\/kapitalis.com\/tunisie\/2017\/02\/11\/sante-les-medecins-suspendent-leurs-protestations\/#breadcrumb\",\"itemListElement\":[{\"@type\":\"ListItem\",\"position\":1,\"name\":\"Accueil\",\"item\":\"https:\/\/kapitalis.com\/tunisie\/\"},{\"@type\":\"ListItem\",\"position\":2,\"name\":\"Sant\u00e9: Les m\u00e9decins suspendent leurs protestations\"}]},{\"@type\":\"WebSite\",\"@id\":\"https:\/\/kapitalis.com\/tunisie\/#website\",\"url\":\"https:\/\/kapitalis.com\/tunisie\/\",\"name\":\"Kapitalis\",\"description\":\"L&#039;actualit\u00e9 en Tunisie et dans le monde\",\"publisher\":{\"@id\":\"https:\/\/kapitalis.com\/tunisie\/#organization\"},\"potentialAction\":[{\"@type\":\"SearchAction\",\"target\":{\"@type\":\"EntryPoint\",\"urlTemplate\":\"https:\/\/kapitalis.com\/tunisie\/?s={search_term_string}\"},\"query-input\":{\"@type\":\"PropertyValueSpecification\",\"valueRequired\":true,\"valueName\":\"search_term_string\"}}],\"inLanguage\":\"fr-FR\"},{\"@type\":\"Organization\",\"@id\":\"https:\/\/kapitalis.com\/tunisie\/#organization\",\"name\":\"Kapitalis\",\"url\":\"https:\/\/kapitalis.com\/tunisie\/\",\"logo\":{\"@type\":\"ImageObject\",\"inLanguage\":\"fr-FR\",\"@id\":\"https:\/\/kapitalis.com\/tunisie\/#\/schema\/logo\/image\/\",\"url\":\"https:\/\/kapitalis.com\/tunisie\/wp-content\/uploads\/2022\/05\/Kapitalis-big-size.png\",\"contentUrl\":\"https:\/\/kapitalis.com\/tunisie\/wp-content\/uploads\/2022\/05\/Kapitalis-big-size.png\",\"width\":5000,\"height\":1500,\"caption\":\"Kapitalis\"},\"image\":{\"@id\":\"https:\/\/kapitalis.com\/tunisie\/#\/schema\/logo\/image\/\"},\"sameAs\":[\"https:\/\/www.facebook.com\/KapitalisInfo\/\",\"https:\/\/x.com\/KapitalisInfo\",\"https:\/\/www.youtube.com\/channel\/UC-yDYrHyfFBWWZaOw3FPg9Q\"]},{\"@type\":\"Person\",\"@id\":\"https:\/\/kapitalis.com\/tunisie\/#\/schema\/person\/d71f33a9ca44f7bad4698210b480c8e9\",\"name\":\"webmaster kapitalis\",\"url\":\"https:\/\/kapitalis.com\/tunisie\/author\/webmaster-kapitalis\/\"}]}<\/script>\n<!-- \/ Yoast SEO plugin. -->","yoast_head_json":{"title":"Sant\u00e9: Les m\u00e9decins suspendent leurs protestations - Kapitalis","robots":{"index":"index","follow":"follow","max-snippet":"max-snippet:-1","max-image-preview":"max-image-preview:large","max-video-preview":"max-video-preview:-1"},"canonical":"https:\/\/kapitalis.com\/tunisie\/2017\/02\/11\/sante-les-medecins-suspendent-leurs-protestations\/","og_locale":"fr_FR","og_type":"article","og_title":"Sant\u00e9: Les m\u00e9decins suspendent leurs protestations - Kapitalis","og_description":"Un accord a enfin \u00e9t\u00e9 trouv\u00e9 entre le minist\u00e8re de la Sant\u00e9 et les m\u00e9decins du service public qui ont d\u00e9cid\u00e9 de mettre fin \u00e0 leurs mouvements de protestation. \u00a0","og_url":"https:\/\/kapitalis.com\/tunisie\/2017\/02\/11\/sante-les-medecins-suspendent-leurs-protestations\/","og_site_name":"Kapitalis","article_publisher":"https:\/\/www.facebook.com\/KapitalisInfo\/","article_published_time":"2017-02-11T08:51:11+00:00","article_modified_time":"2017-02-11T08:54:10+00:00","og_image":[{"url":"http:\/\/kapitalis.com\/tunisie\/wp-content\/uploads\/2016\/12\/Medecins-hopital.jpg","type":"","width":"","height":""}],"author":"webmaster kapitalis","twitter_card":"summary_large_image","twitter_creator":"@KapitalisInfo","twitter_site":"@KapitalisInfo","twitter_misc":{"\u00c9crit par":"webmaster kapitalis","Dur\u00e9e de lecture estim\u00e9e":"1 minute"},"schema":{"@context":"https:\/\/schema.org","@graph":[{"@type":"Article","@id":"https:\/\/kapitalis.com\/tunisie\/2017\/02\/11\/sante-les-medecins-suspendent-leurs-protestations\/#article","isPartOf":{"@id":"https:\/\/kapitalis.com\/tunisie\/2017\/02\/11\/sante-les-medecins-suspendent-leurs-protestations\/"},"author":{"name":"webmaster kapitalis","@id":"https:\/\/kapitalis.com\/tunisie\/#\/schema\/person\/d71f33a9ca44f7bad4698210b480c8e9"},"headline":"Sant\u00e9: Les m\u00e9decins suspendent leurs protestations","datePublished":"2017-02-11T08:51:11+00:00","dateModified":"2017-02-11T08:54:10+00:00","mainEntityOfPage":{"@id":"https:\/\/kapitalis.com\/tunisie\/2017\/02\/11\/sante-les-medecins-suspendent-leurs-protestations\/"},"wordCount":297,"commentCount":0,"publisher":{"@id":"https:\/\/kapitalis.com\/tunisie\/#organization"},"image":{"@id":"https:\/\/kapitalis.com\/tunisie\/2017\/02\/11\/sante-les-medecins-suspendent-leurs-protestations\/#primaryimage"},"thumbnailUrl":"http:\/\/kapitalis.com\/tunisie\/wp-content\/uploads\/2016\/12\/Medecins-hopital.jpg","keywords":["m\u00e9decins","Samira Mera\u00ef","Sant\u00e9"],"articleSection":["SOCIETE","Tunisie"],"inLanguage":"fr-FR","potentialAction":[{"@type":"CommentAction","name":"Comment","target":["https:\/\/kapitalis.com\/tunisie\/2017\/02\/11\/sante-les-medecins-suspendent-leurs-protestations\/#respond"]}]},{"@type":"WebPage","@id":"https:\/\/kapitalis.com\/tunisie\/2017\/02\/11\/sante-les-medecins-suspendent-leurs-protestations\/","url":"https:\/\/kapitalis.com\/tunisie\/2017\/02\/11\/sante-les-medecins-suspendent-leurs-protestations\/","name":"Sant\u00e9: Les m\u00e9decins suspendent leurs protestations - Kapitalis","isPartOf":{"@id":"https:\/\/kapitalis.com\/tunisie\/#website"},"primaryImageOfPage":{"@id":"https:\/\/kapitalis.com\/tunisie\/2017\/02\/11\/sante-les-medecins-suspendent-leurs-protestations\/#primaryimage"},"image":{"@id":"https:\/\/kapitalis.com\/tunisie\/2017\/02\/11\/sante-les-medecins-suspendent-leurs-protestations\/#primaryimage"},"thumbnailUrl":"http:\/\/kapitalis.com\/tunisie\/wp-content\/uploads\/2016\/12\/Medecins-hopital.jpg","datePublished":"2017-02-11T08:51:11+00:00","dateModified":"2017-02-11T08:54:10+00:00","breadcrumb":{"@id":"https:\/\/kapitalis.com\/tunisie\/2017\/02\/11\/sante-les-medecins-suspendent-leurs-protestations\/#breadcrumb"},"inLanguage":"fr-FR","potentialAction":[{"@type":"ReadAction","target":["https:\/\/kapitalis.com\/tunisie\/2017\/02\/11\/sante-les-medecins-suspendent-leurs-protestations\/"]}]},{"@type":"ImageObject","inLanguage":"fr-FR","@id":"https:\/\/kapitalis.com\/tunisie\/2017\/02\/11\/sante-les-medecins-suspendent-leurs-protestations\/#primaryimage","url":"http:\/\/kapitalis.com\/tunisie\/wp-content\/uploads\/2016\/12\/Medecins-hopital.jpg","contentUrl":"http:\/\/kapitalis.com\/tunisie\/wp-content\/uploads\/2016\/12\/Medecins-hopital.jpg"},{"@type":"BreadcrumbList","@id":"https:\/\/kapitalis.com\/tunisie\/2017\/02\/11\/sante-les-medecins-suspendent-leurs-protestations\/#breadcrumb","itemListElement":[{"@type":"ListItem","position":1,"name":"Accueil","item":"https:\/\/kapitalis.com\/tunisie\/"},{"@type":"ListItem","position":2,"name":"Sant\u00e9: Les m\u00e9decins suspendent leurs protestations"}]},{"@type":"WebSite","@id":"https:\/\/kapitalis.com\/tunisie\/#website","url":"https:\/\/kapitalis.com\/tunisie\/","name":"Kapitalis","description":"L&#039;actualit\u00e9 en Tunisie et dans le monde","publisher":{"@id":"https:\/\/kapitalis.com\/tunisie\/#organization"},"potentialAction":[{"@type":"SearchAction","target":{"@type":"EntryPoint","urlTemplate":"https:\/\/kapitalis.com\/tunisie\/?s={search_term_string}"},"query-input":{"@type":"PropertyValueSpecification","valueRequired":true,"valueName":"search_term_string"}}],"inLanguage":"fr-FR"},{"@type":"Organization","@id":"https:\/\/kapitalis.com\/tunisie\/#organization","name":"Kapitalis","url":"https:\/\/kapitalis.com\/tunisie\/","logo":{"@type":"ImageObject","inLanguage":"fr-FR","@id":"https:\/\/kapitalis.com\/tunisie\/#\/schema\/logo\/image\/","url":"https:\/\/kapitalis.com\/tunisie\/wp-content\/uploads\/2022\/05\/Kapitalis-big-size.png","contentUrl":"https:\/\/kapitalis.com\/tunisie\/wp-content\/uploads\/2022\/05\/Kapitalis-big-size.png","width":5000,"height":1500,"caption":"Kapitalis"},"image":{"@id":"https:\/\/kapitalis.com\/tunisie\/#\/schema\/logo\/image\/"},"sameAs":["https:\/\/www.facebook.com\/KapitalisInfo\/","https:\/\/x.com\/KapitalisInfo","https:\/\/www.youtube.com\/channel\/UC-yDYrHyfFBWWZaOw3FPg9Q"]},{"@type":"Person","@id":"https:\/\/kapitalis.com\/tunisie\/#\/schema\/person\/d71f33a9ca44f7bad4698210b480c8e9","name":"webmaster kapitalis","url":"https:\/\/kapitalis.com\/tunisie\/author\/webmaster-kapitalis\/"}]}},"_links":{"self":[{"href":"https:\/\/kapitalis.com\/tunisie\/wp-json\/wp\/v2\/posts\/82673","targetHints":{"allow":["GET"]}}],"collection":[{"href":"https:\/\/kapitalis.com\/tunisie\/wp-json\/wp\/v2\/posts"}],"about":[{"href":"https:\/\/kapitalis.com\/tunisie\/wp-json\/wp\/v2\/types\/post"}],"author":[{"embeddable":true,"href":"https:\/\/kapitalis.com\/tunisie\/wp-json\/wp\/v2\/users\/8"}],"replies":[{"embeddable":true,"href":"https:\/\/kapitalis.com\/tunisie\/wp-json\/wp\/v2\/comments?post=82673"}],"version-history":[{"count":0,"href":"https:\/\/kapitalis.com\/tunisie\/wp-json\/wp\/v2\/posts\/82673\/revisions"}],"wp:attachment":[{"href":"https:\/\/kapitalis.com\/tunisie\/wp-json\/wp\/v2\/media?parent=82673"}],"wp:term":[{"taxonomy":"category","embeddable":true,"href":"https:\/\/kapitalis.com\/tunisie\/wp-json\/wp\/v2\/categories?post=82673"},{"taxonomy":"post_tag","embeddable":true,"href":"https:\/\/kapitalis.com\/tunisie\/wp-json\/wp\/v2\/tags?post=82673"}],"curies":[{"name":"wp","href":"https:\/\/api.w.org\/{rel}","templated":true}]}}