{"id":82776,"date":"2017-02-12T08:34:10","date_gmt":"2017-02-12T07:34:10","guid":{"rendered":"http:\/\/kapitalis.com\/tunisie\/?p=82776"},"modified":"2017-02-12T08:34:59","modified_gmt":"2017-02-12T07:34:59","slug":"officiel-les-emirats-decident-daccorder-des-visas-aux-tunisiens","status":"publish","type":"post","link":"https:\/\/kapitalis.com\/tunisie\/2017\/02\/12\/officiel-les-emirats-decident-daccorder-des-visas-aux-tunisiens\/","title":{"rendered":"Officiel : Les Emirats d\u00e9cident d\u2019accorder des visas aux Tunisiens"},"content":{"rendered":"<p><img loading=\"lazy\" decoding=\"async\" class=\"alignnone size-full wp-image-82777 aligncenter\" src=\"http:\/\/kapitalis.com\/tunisie\/wp-content\/uploads\/2017\/02\/Cheikh-Abdullah-Bin-Zayed-Al-Nahyan-Khemaies-Jhinaoui.jpg\" alt=\"\" width=\"626\" height=\"380\" \/><\/p>\n<p style=\"text-align: center;\"><em>Cheikh Abdullah Bin Zayed Al Nahyan \/ Khemaies Jhinaoui.<\/em><\/p>\n<p><em><strong>Les Emirats arabes unis (EAU) ont lev\u00e9 officiellement les restrictions concernant l\u2019octroi des visas aux Tunisiens d\u00e9sirant de se rendre \u00e0 leur territoire.<\/strong><\/em><\/p>\n<p><!--more--><\/p>\n<p>Le minist\u00e8re des Affaires \u00e9trang\u00e8res tunisien a d\u00e9clar\u00e9, samedi 11 f\u00e9vrier 2017, que les autorit\u00e9s comp\u00e9tentes de l\u2019Etat des Emirats l\u2019a inform\u00e9 officiellement de cette d\u00e9cision, qui vient couronner les entretiens entre le ministre des Affaires \u00e9trang\u00e8res, Khemaies Jhinaoui, et les hauts responsables \u00e9miratis, particuli\u00e8rement Cheikh Abdullah Bin Zayed Al Nahyan, ministre des Affaires \u00e9trang\u00e8res et de la Coop\u00e9ration internationale, \u00e0 plusieurs reprises, notamment lors de la visite effectu\u00e9e par M. Jhinaoui les 1 et 2 f\u00e9vrier\u00a0 \u00e0 Abou Dhabi.<\/p>\n<p><em>\u00abCette visite avait pour objectif de renforcer les liens de fraternit\u00e9 entre les deux pays fr\u00e8res et de propulser leurs relations de coop\u00e9ration bilat\u00e9rale dans tous les domaines et les consolider de mani\u00e8re \u00e0 servir les int\u00e9r\u00eats communs des deux pays et r\u00e9pondre\u00a0<\/em><em>aux aspirations des deux pays fr\u00e8res\u00bb,<\/em> a indiqu\u00e9 le minist\u00e8re tunisien des Affaires \u00e9trang\u00e8res dans un communiqu\u00e9.<\/p>\n<p>En vertu de cette d\u00e9cision, les Tunisiens d\u00e9sirant obtenir un visa pour les Emirats peuvent pr\u00e9senter leurs demandes, selon les modalit\u00e9s en vigueur, au service consulaire de l\u2019ambassade des Emirats en Tunisie, ajoute le communiqu\u00e9.<\/p>\n<p style=\"text-align: right;\"><strong>A. K. <\/strong><\/p>\n","protected":false},"excerpt":{"rendered":"<p>Cheikh Abdullah Bin Zayed Al Nahyan \/ Khemaies Jhinaoui. Les Emirats arabes unis (EAU) ont lev\u00e9 officiellement les restrictions concernant l\u2019octroi des visas aux Tunisiens d\u00e9sirant de se rendre \u00e0 leur territoire.<\/p>\n","protected":false},"author":8,"featured_media":82777,"comment_status":"open","ping_status":"open","sticky":false,"template":"","format":"standard","meta":{"footnotes":""},"categories":[997,2433],"tags":[6442,12471,1117,9832],"class_list":["post-82776","post","type-post","status-publish","format-standard","has-post-thumbnail","hentry","category-politique","category-tunisie","tag-emirats-arabes-unis","tag-khemaies-jhinaoui","tag-tunisiens","tag-visas"],"yoast_head":"<!-- This site is optimized with the Yoast SEO plugin v26.6 - https:\/\/yoast.com\/wordpress\/plugins\/seo\/ -->\n<title>Officiel : Les Emirats d\u00e9cident d\u2019accorder des visas aux Tunisiens - Kapitalis<\/title>\n<meta name=\"robots\" content=\"index, follow, max-snippet:-1, max-image-preview:large, max-video-preview:-1\" \/>\n<link rel=\"canonical\" href=\"https:\/\/kapitalis.com\/tunisie\/2017\/02\/12\/officiel-les-emirats-decident-daccorder-des-visas-aux-tunisiens\/\" \/>\n<meta property=\"og:locale\" content=\"fr_FR\" \/>\n<meta property=\"og:type\" content=\"article\" \/>\n<meta property=\"og:title\" content=\"Officiel : Les Emirats d\u00e9cident d\u2019accorder des visas aux Tunisiens - Kapitalis\" \/>\n<meta property=\"og:description\" content=\"Cheikh Abdullah Bin Zayed Al Nahyan \/ Khemaies Jhinaoui. Les Emirats arabes unis (EAU) ont lev\u00e9 officiellement les restrictions concernant l\u2019octroi des visas aux Tunisiens d\u00e9sirant de se rendre \u00e0 leur territoire.\" \/>\n<meta property=\"og:url\" content=\"https:\/\/kapitalis.com\/tunisie\/2017\/02\/12\/officiel-les-emirats-decident-daccorder-des-visas-aux-tunisiens\/\" \/>\n<meta property=\"og:site_name\" content=\"Kapitalis\" \/>\n<meta property=\"article:publisher\" content=\"https:\/\/www.facebook.com\/KapitalisInfo\/\" \/>\n<meta property=\"article:published_time\" content=\"2017-02-12T07:34:10+00:00\" \/>\n<meta property=\"article:modified_time\" content=\"2017-02-12T07:34:59+00:00\" \/>\n<meta property=\"og:image\" content=\"https:\/\/kapitalis.com\/tunisie\/wp-content\/uploads\/2022\/05\/kapitalis-logo-fb.png\" \/>\n\t<meta property=\"og:image:width\" content=\"1200\" \/>\n\t<meta property=\"og:image:height\" content=\"630\" \/>\n\t<meta property=\"og:image:type\" content=\"image\/png\" \/>\n<meta name=\"author\" content=\"webmaster kapitalis\" \/>\n<meta name=\"twitter:card\" content=\"summary_large_image\" \/>\n<meta name=\"twitter:creator\" content=\"@KapitalisInfo\" \/>\n<meta name=\"twitter:site\" content=\"@KapitalisInfo\" \/>\n<meta name=\"twitter:label1\" content=\"\u00c9crit par\" \/>\n\t<meta name=\"twitter:data1\" content=\"webmaster kapitalis\" \/>\n\t<meta name=\"twitter:label2\" content=\"Dur\u00e9e de lecture estim\u00e9e\" \/>\n\t<meta name=\"twitter:data2\" content=\"1 minute\" \/>\n<script type=\"application\/ld+json\" class=\"yoast-schema-graph\">{\"@context\":\"https:\/\/schema.org\",\"@graph\":[{\"@type\":\"Article\",\"@id\":\"https:\/\/kapitalis.com\/tunisie\/2017\/02\/12\/officiel-les-emirats-decident-daccorder-des-visas-aux-tunisiens\/#article\",\"isPartOf\":{\"@id\":\"https:\/\/kapitalis.com\/tunisie\/2017\/02\/12\/officiel-les-emirats-decident-daccorder-des-visas-aux-tunisiens\/\"},\"author\":{\"name\":\"webmaster kapitalis\",\"@id\":\"https:\/\/kapitalis.com\/tunisie\/#\/schema\/person\/d71f33a9ca44f7bad4698210b480c8e9\"},\"headline\":\"Officiel : Les Emirats d\u00e9cident d\u2019accorder des visas aux Tunisiens\",\"datePublished\":\"2017-02-12T07:34:10+00:00\",\"dateModified\":\"2017-02-12T07:34:59+00:00\",\"mainEntityOfPage\":{\"@id\":\"https:\/\/kapitalis.com\/tunisie\/2017\/02\/12\/officiel-les-emirats-decident-daccorder-des-visas-aux-tunisiens\/\"},\"wordCount\":243,\"commentCount\":3,\"publisher\":{\"@id\":\"https:\/\/kapitalis.com\/tunisie\/#organization\"},\"image\":{\"@id\":\"https:\/\/kapitalis.com\/tunisie\/2017\/02\/12\/officiel-les-emirats-decident-daccorder-des-visas-aux-tunisiens\/#primaryimage\"},\"thumbnailUrl\":\"\",\"keywords\":[\"Emirats arabes unis\",\"Khemaies Jhinaoui\",\"tunisiens\",\"visas\"],\"articleSection\":[\"POLITIQUE\",\"Tunisie\"],\"inLanguage\":\"fr-FR\",\"potentialAction\":[{\"@type\":\"CommentAction\",\"name\":\"Comment\",\"target\":[\"https:\/\/kapitalis.com\/tunisie\/2017\/02\/12\/officiel-les-emirats-decident-daccorder-des-visas-aux-tunisiens\/#respond\"]}]},{\"@type\":\"WebPage\",\"@id\":\"https:\/\/kapitalis.com\/tunisie\/2017\/02\/12\/officiel-les-emirats-decident-daccorder-des-visas-aux-tunisiens\/\",\"url\":\"https:\/\/kapitalis.com\/tunisie\/2017\/02\/12\/officiel-les-emirats-decident-daccorder-des-visas-aux-tunisiens\/\",\"name\":\"Officiel : Les Emirats d\u00e9cident d\u2019accorder des visas aux Tunisiens - Kapitalis\",\"isPartOf\":{\"@id\":\"https:\/\/kapitalis.com\/tunisie\/#website\"},\"primaryImageOfPage\":{\"@id\":\"https:\/\/kapitalis.com\/tunisie\/2017\/02\/12\/officiel-les-emirats-decident-daccorder-des-visas-aux-tunisiens\/#primaryimage\"},\"image\":{\"@id\":\"https:\/\/kapitalis.com\/tunisie\/2017\/02\/12\/officiel-les-emirats-decident-daccorder-des-visas-aux-tunisiens\/#primaryimage\"},\"thumbnailUrl\":\"\",\"datePublished\":\"2017-02-12T07:34:10+00:00\",\"dateModified\":\"2017-02-12T07:34:59+00:00\",\"breadcrumb\":{\"@id\":\"https:\/\/kapitalis.com\/tunisie\/2017\/02\/12\/officiel-les-emirats-decident-daccorder-des-visas-aux-tunisiens\/#breadcrumb\"},\"inLanguage\":\"fr-FR\",\"potentialAction\":[{\"@type\":\"ReadAction\",\"target\":[\"https:\/\/kapitalis.com\/tunisie\/2017\/02\/12\/officiel-les-emirats-decident-daccorder-des-visas-aux-tunisiens\/\"]}]},{\"@type\":\"ImageObject\",\"inLanguage\":\"fr-FR\",\"@id\":\"https:\/\/kapitalis.com\/tunisie\/2017\/02\/12\/officiel-les-emirats-decident-daccorder-des-visas-aux-tunisiens\/#primaryimage\",\"url\":\"\",\"contentUrl\":\"\"},{\"@type\":\"BreadcrumbList\",\"@id\":\"https:\/\/kapitalis.com\/tunisie\/2017\/02\/12\/officiel-les-emirats-decident-daccorder-des-visas-aux-tunisiens\/#breadcrumb\",\"itemListElement\":[{\"@type\":\"ListItem\",\"position\":1,\"name\":\"Accueil\",\"item\":\"https:\/\/kapitalis.com\/tunisie\/\"},{\"@type\":\"ListItem\",\"position\":2,\"name\":\"Officiel : Les Emirats d\u00e9cident d\u2019accorder des visas aux Tunisiens\"}]},{\"@type\":\"WebSite\",\"@id\":\"https:\/\/kapitalis.com\/tunisie\/#website\",\"url\":\"https:\/\/kapitalis.com\/tunisie\/\",\"name\":\"Kapitalis\",\"description\":\"L&#039;actualit\u00e9 en Tunisie et dans le monde\",\"publisher\":{\"@id\":\"https:\/\/kapitalis.com\/tunisie\/#organization\"},\"potentialAction\":[{\"@type\":\"SearchAction\",\"target\":{\"@type\":\"EntryPoint\",\"urlTemplate\":\"https:\/\/kapitalis.com\/tunisie\/?s={search_term_string}\"},\"query-input\":{\"@type\":\"PropertyValueSpecification\",\"valueRequired\":true,\"valueName\":\"search_term_string\"}}],\"inLanguage\":\"fr-FR\"},{\"@type\":\"Organization\",\"@id\":\"https:\/\/kapitalis.com\/tunisie\/#organization\",\"name\":\"Kapitalis\",\"url\":\"https:\/\/kapitalis.com\/tunisie\/\",\"logo\":{\"@type\":\"ImageObject\",\"inLanguage\":\"fr-FR\",\"@id\":\"https:\/\/kapitalis.com\/tunisie\/#\/schema\/logo\/image\/\",\"url\":\"https:\/\/kapitalis.com\/tunisie\/wp-content\/uploads\/2022\/05\/Kapitalis-big-size.png\",\"contentUrl\":\"https:\/\/kapitalis.com\/tunisie\/wp-content\/uploads\/2022\/05\/Kapitalis-big-size.png\",\"width\":5000,\"height\":1500,\"caption\":\"Kapitalis\"},\"image\":{\"@id\":\"https:\/\/kapitalis.com\/tunisie\/#\/schema\/logo\/image\/\"},\"sameAs\":[\"https:\/\/www.facebook.com\/KapitalisInfo\/\",\"https:\/\/x.com\/KapitalisInfo\",\"https:\/\/www.youtube.com\/channel\/UC-yDYrHyfFBWWZaOw3FPg9Q\"]},{\"@type\":\"Person\",\"@id\":\"https:\/\/kapitalis.com\/tunisie\/#\/schema\/person\/d71f33a9ca44f7bad4698210b480c8e9\",\"name\":\"webmaster kapitalis\",\"url\":\"https:\/\/kapitalis.com\/tunisie\/author\/webmaster-kapitalis\/\"}]}<\/script>\n<!-- \/ Yoast SEO plugin. -->","yoast_head_json":{"title":"Officiel : Les Emirats d\u00e9cident d\u2019accorder des visas aux Tunisiens - Kapitalis","robots":{"index":"index","follow":"follow","max-snippet":"max-snippet:-1","max-image-preview":"max-image-preview:large","max-video-preview":"max-video-preview:-1"},"canonical":"https:\/\/kapitalis.com\/tunisie\/2017\/02\/12\/officiel-les-emirats-decident-daccorder-des-visas-aux-tunisiens\/","og_locale":"fr_FR","og_type":"article","og_title":"Officiel : Les Emirats d\u00e9cident d\u2019accorder des visas aux Tunisiens - Kapitalis","og_description":"Cheikh Abdullah Bin Zayed Al Nahyan \/ Khemaies Jhinaoui. Les Emirats arabes unis (EAU) ont lev\u00e9 officiellement les restrictions concernant l\u2019octroi des visas aux Tunisiens d\u00e9sirant de se rendre \u00e0 leur territoire.","og_url":"https:\/\/kapitalis.com\/tunisie\/2017\/02\/12\/officiel-les-emirats-decident-daccorder-des-visas-aux-tunisiens\/","og_site_name":"Kapitalis","article_publisher":"https:\/\/www.facebook.com\/KapitalisInfo\/","article_published_time":"2017-02-12T07:34:10+00:00","article_modified_time":"2017-02-12T07:34:59+00:00","og_image":[{"width":1200,"height":630,"url":"https:\/\/kapitalis.com\/tunisie\/wp-content\/uploads\/2022\/05\/kapitalis-logo-fb.png","type":"image\/png"}],"author":"webmaster kapitalis","twitter_card":"summary_large_image","twitter_creator":"@KapitalisInfo","twitter_site":"@KapitalisInfo","twitter_misc":{"\u00c9crit par":"webmaster kapitalis","Dur\u00e9e de lecture estim\u00e9e":"1 minute"},"schema":{"@context":"https:\/\/schema.org","@graph":[{"@type":"Article","@id":"https:\/\/kapitalis.com\/tunisie\/2017\/02\/12\/officiel-les-emirats-decident-daccorder-des-visas-aux-tunisiens\/#article","isPartOf":{"@id":"https:\/\/kapitalis.com\/tunisie\/2017\/02\/12\/officiel-les-emirats-decident-daccorder-des-visas-aux-tunisiens\/"},"author":{"name":"webmaster kapitalis","@id":"https:\/\/kapitalis.com\/tunisie\/#\/schema\/person\/d71f33a9ca44f7bad4698210b480c8e9"},"headline":"Officiel : Les Emirats d\u00e9cident d\u2019accorder des visas aux Tunisiens","datePublished":"2017-02-12T07:34:10+00:00","dateModified":"2017-02-12T07:34:59+00:00","mainEntityOfPage":{"@id":"https:\/\/kapitalis.com\/tunisie\/2017\/02\/12\/officiel-les-emirats-decident-daccorder-des-visas-aux-tunisiens\/"},"wordCount":243,"commentCount":3,"publisher":{"@id":"https:\/\/kapitalis.com\/tunisie\/#organization"},"image":{"@id":"https:\/\/kapitalis.com\/tunisie\/2017\/02\/12\/officiel-les-emirats-decident-daccorder-des-visas-aux-tunisiens\/#primaryimage"},"thumbnailUrl":"","keywords":["Emirats arabes unis","Khemaies Jhinaoui","tunisiens","visas"],"articleSection":["POLITIQUE","Tunisie"],"inLanguage":"fr-FR","potentialAction":[{"@type":"CommentAction","name":"Comment","target":["https:\/\/kapitalis.com\/tunisie\/2017\/02\/12\/officiel-les-emirats-decident-daccorder-des-visas-aux-tunisiens\/#respond"]}]},{"@type":"WebPage","@id":"https:\/\/kapitalis.com\/tunisie\/2017\/02\/12\/officiel-les-emirats-decident-daccorder-des-visas-aux-tunisiens\/","url":"https:\/\/kapitalis.com\/tunisie\/2017\/02\/12\/officiel-les-emirats-decident-daccorder-des-visas-aux-tunisiens\/","name":"Officiel : Les Emirats d\u00e9cident d\u2019accorder des visas aux Tunisiens - Kapitalis","isPartOf":{"@id":"https:\/\/kapitalis.com\/tunisie\/#website"},"primaryImageOfPage":{"@id":"https:\/\/kapitalis.com\/tunisie\/2017\/02\/12\/officiel-les-emirats-decident-daccorder-des-visas-aux-tunisiens\/#primaryimage"},"image":{"@id":"https:\/\/kapitalis.com\/tunisie\/2017\/02\/12\/officiel-les-emirats-decident-daccorder-des-visas-aux-tunisiens\/#primaryimage"},"thumbnailUrl":"","datePublished":"2017-02-12T07:34:10+00:00","dateModified":"2017-02-12T07:34:59+00:00","breadcrumb":{"@id":"https:\/\/kapitalis.com\/tunisie\/2017\/02\/12\/officiel-les-emirats-decident-daccorder-des-visas-aux-tunisiens\/#breadcrumb"},"inLanguage":"fr-FR","potentialAction":[{"@type":"ReadAction","target":["https:\/\/kapitalis.com\/tunisie\/2017\/02\/12\/officiel-les-emirats-decident-daccorder-des-visas-aux-tunisiens\/"]}]},{"@type":"ImageObject","inLanguage":"fr-FR","@id":"https:\/\/kapitalis.com\/tunisie\/2017\/02\/12\/officiel-les-emirats-decident-daccorder-des-visas-aux-tunisiens\/#primaryimage","url":"","contentUrl":""},{"@type":"BreadcrumbList","@id":"https:\/\/kapitalis.com\/tunisie\/2017\/02\/12\/officiel-les-emirats-decident-daccorder-des-visas-aux-tunisiens\/#breadcrumb","itemListElement":[{"@type":"ListItem","position":1,"name":"Accueil","item":"https:\/\/kapitalis.com\/tunisie\/"},{"@type":"ListItem","position":2,"name":"Officiel : Les Emirats d\u00e9cident d\u2019accorder des visas aux Tunisiens"}]},{"@type":"WebSite","@id":"https:\/\/kapitalis.com\/tunisie\/#website","url":"https:\/\/kapitalis.com\/tunisie\/","name":"Kapitalis","description":"L&#039;actualit\u00e9 en Tunisie et dans le monde","publisher":{"@id":"https:\/\/kapitalis.com\/tunisie\/#organization"},"potentialAction":[{"@type":"SearchAction","target":{"@type":"EntryPoint","urlTemplate":"https:\/\/kapitalis.com\/tunisie\/?s={search_term_string}"},"query-input":{"@type":"PropertyValueSpecification","valueRequired":true,"valueName":"search_term_string"}}],"inLanguage":"fr-FR"},{"@type":"Organization","@id":"https:\/\/kapitalis.com\/tunisie\/#organization","name":"Kapitalis","url":"https:\/\/kapitalis.com\/tunisie\/","logo":{"@type":"ImageObject","inLanguage":"fr-FR","@id":"https:\/\/kapitalis.com\/tunisie\/#\/schema\/logo\/image\/","url":"https:\/\/kapitalis.com\/tunisie\/wp-content\/uploads\/2022\/05\/Kapitalis-big-size.png","contentUrl":"https:\/\/kapitalis.com\/tunisie\/wp-content\/uploads\/2022\/05\/Kapitalis-big-size.png","width":5000,"height":1500,"caption":"Kapitalis"},"image":{"@id":"https:\/\/kapitalis.com\/tunisie\/#\/schema\/logo\/image\/"},"sameAs":["https:\/\/www.facebook.com\/KapitalisInfo\/","https:\/\/x.com\/KapitalisInfo","https:\/\/www.youtube.com\/channel\/UC-yDYrHyfFBWWZaOw3FPg9Q"]},{"@type":"Person","@id":"https:\/\/kapitalis.com\/tunisie\/#\/schema\/person\/d71f33a9ca44f7bad4698210b480c8e9","name":"webmaster kapitalis","url":"https:\/\/kapitalis.com\/tunisie\/author\/webmaster-kapitalis\/"}]}},"_links":{"self":[{"href":"https:\/\/kapitalis.com\/tunisie\/wp-json\/wp\/v2\/posts\/82776","targetHints":{"allow":["GET"]}}],"collection":[{"href":"https:\/\/kapitalis.com\/tunisie\/wp-json\/wp\/v2\/posts"}],"about":[{"href":"https:\/\/kapitalis.com\/tunisie\/wp-json\/wp\/v2\/types\/post"}],"author":[{"embeddable":true,"href":"https:\/\/kapitalis.com\/tunisie\/wp-json\/wp\/v2\/users\/8"}],"replies":[{"embeddable":true,"href":"https:\/\/kapitalis.com\/tunisie\/wp-json\/wp\/v2\/comments?post=82776"}],"version-history":[{"count":0,"href":"https:\/\/kapitalis.com\/tunisie\/wp-json\/wp\/v2\/posts\/82776\/revisions"}],"wp:featuredmedia":[{"embeddable":true,"href":"https:\/\/kapitalis.com\/tunisie\/wp-json\/wp\/v2\/media\/82777"}],"wp:attachment":[{"href":"https:\/\/kapitalis.com\/tunisie\/wp-json\/wp\/v2\/media?parent=82776"}],"wp:term":[{"taxonomy":"category","embeddable":true,"href":"https:\/\/kapitalis.com\/tunisie\/wp-json\/wp\/v2\/categories?post=82776"},{"taxonomy":"post_tag","embeddable":true,"href":"https:\/\/kapitalis.com\/tunisie\/wp-json\/wp\/v2\/tags?post=82776"}],"curies":[{"name":"wp","href":"https:\/\/api.w.org\/{rel}","templated":true}]}}