{"id":8277959,"date":"2023-06-08T00:54:01","date_gmt":"2023-06-07T23:54:01","guid":{"rendered":"https:\/\/kapitalis.com\/tunisie\/?p=8277959"},"modified":"2023-06-08T01:24:55","modified_gmt":"2023-06-08T00:24:55","slug":"la-ltdh-reclame-une-enquete-sur-lagression-dun-avocat-par-des-policiers","status":"publish","type":"post","link":"https:\/\/kapitalis.com\/tunisie\/2023\/06\/08\/la-ltdh-reclame-une-enquete-sur-lagression-dun-avocat-par-des-policiers\/","title":{"rendered":"La LTDH r\u00e9clame une enqu\u00eate sur l\u2019agression d&rsquo;un avocat par des policiers"},"content":{"rendered":"\n<p><em><strong>La Ligue tunisienne des droits de l&rsquo;Homme (LTDH) a d\u00e9nonc\u00e9, ce mercredi 7 juin 2023, l&rsquo;agression de l&rsquo;avocat Fedy Snene par des policiers, vendredi dernier, en marge d&rsquo;un match de handball \u00e0 la salle olympique de Rad\u00e8s.<\/strong><\/em><\/p>\n\n\n\n<!--more-->\n\n\n\n<p>Dans son communiqu\u00e9, la LTDH a pr\u00e9cis\u00e9 que l&rsquo;avocat a \u00e9t\u00e9 agress\u00e9 verbalement et physiquement, ajoutant qu&rsquo;il a \u00e9t\u00e9 plac\u00e9 de force dans un v\u00e9hicule de police,  avant d&rsquo;\u00eatre rel\u00e2ch\u00e9.<\/p>\n\n\n\n<p>Tout en exprimant son \u00ab<em>soutien absolu\u00bb <\/em>\u00e0 Me Snene, la Ligue a r\u00e9clam\u00e9 l&rsquo;ouverture d&rsquo;une <em>\u00abenqu\u00eate urgente et s\u00e9rieuse\u00bb <\/em>sur les circonstances de cette agression et a appel\u00e9 les autorit\u00e9s comp\u00e9tentes \u00e0 poursuivre toute personne impliqu\u00e9e dans cet abus.<\/p>\n\n\n\n<p>La LTDH a par ailleurs fait part de sa pr\u00e9occupation face \u00e0 la hausse des cas d&rsquo;agressions par des agents s\u00e9curitaires, en d\u00e9non\u00e7ant <em>\u00abl&rsquo;impunit\u00e9 totale et le silence des autorit\u00e9s officielles \u00e0 ce propos\u00bb.<\/em><\/p>\n\n\n\n<p class=\"has-text-align-right\"><strong>Y. N.<\/strong><\/p>\n","protected":false},"excerpt":{"rendered":"<p>La LTDH r\u00e9clame une enqu\u00eate sur l\u2019agression, par la police, d&rsquo;un avocat<\/p>\n","protected":false},"author":6,"featured_media":931008,"comment_status":"open","ping_status":"open","sticky":false,"template":"","format":"standard","meta":{"footnotes":""},"categories":[998,2433],"tags":[13437,114,325,3137,64624,952],"class_list":["post-8277959","post","type-post","status-publish","format-standard","has-post-thumbnail","hentry","category-societe","category-tunisie","tag-agression-policiere","tag-avocat","tag-enquete","tag-ltdh","tag-police","tag-violence"],"yoast_head":"<!-- This site is optimized with the Yoast SEO plugin v26.6 - https:\/\/yoast.com\/wordpress\/plugins\/seo\/ -->\n<title>La LTDH r\u00e9clame une enqu\u00eate sur l\u2019agression d&#039;un avocat par des policiers - Kapitalis<\/title>\n<meta name=\"description\" content=\"La Ligue tunisienne des droits de l&#039;Homme (LTDH) a d\u00e9nonc\u00e9, ce mercredi 7 juin 2023, l&#039;agression de l&#039;avocat Fedy Snene par des policiers, vendredi dernier, en marge d&#039;un match de handball \u00e0 la salle olympique de Rad\u00e8s.\" \/>\n<meta name=\"robots\" content=\"index, follow, max-snippet:-1, max-image-preview:large, max-video-preview:-1\" \/>\n<link rel=\"canonical\" href=\"https:\/\/kapitalis.com\/tunisie\/2023\/06\/08\/la-ltdh-reclame-une-enquete-sur-lagression-dun-avocat-par-des-policiers\/\" \/>\n<meta property=\"og:locale\" content=\"fr_FR\" \/>\n<meta property=\"og:type\" content=\"article\" \/>\n<meta property=\"og:title\" content=\"La LTDH r\u00e9clame une enqu\u00eate sur l\u2019agression d&#039;un avocat par des policiers - Kapitalis\" \/>\n<meta property=\"og:description\" content=\"La Ligue tunisienne des droits de l&#039;Homme (LTDH) a d\u00e9nonc\u00e9, ce mercredi 7 juin 2023, l&#039;agression de l&#039;avocat Fedy Snene par des policiers, vendredi dernier, en marge d&#039;un match de handball \u00e0 la salle olympique de Rad\u00e8s.\" \/>\n<meta property=\"og:url\" content=\"https:\/\/kapitalis.com\/tunisie\/2023\/06\/08\/la-ltdh-reclame-une-enquete-sur-lagression-dun-avocat-par-des-policiers\/\" \/>\n<meta property=\"og:site_name\" content=\"Kapitalis\" \/>\n<meta property=\"article:publisher\" content=\"https:\/\/www.facebook.com\/KapitalisInfo\/\" \/>\n<meta property=\"article:published_time\" content=\"2023-06-07T23:54:01+00:00\" \/>\n<meta property=\"article:modified_time\" content=\"2023-06-08T00:24:55+00:00\" \/>\n<meta property=\"og:image\" content=\"https:\/\/kapitalis.com\/tunisie\/wp-content\/uploads\/2022\/05\/LTDH.jpg\" \/>\n\t<meta property=\"og:image:width\" content=\"1200\" \/>\n\t<meta property=\"og:image:height\" content=\"630\" \/>\n\t<meta property=\"og:image:type\" content=\"image\/jpeg\" \/>\n<meta name=\"author\" content=\"Yusra NY\" \/>\n<meta name=\"twitter:card\" content=\"summary_large_image\" \/>\n<meta name=\"twitter:creator\" content=\"@KapitalisInfo\" \/>\n<meta name=\"twitter:site\" content=\"@KapitalisInfo\" \/>\n<meta name=\"twitter:label1\" content=\"\u00c9crit par\" \/>\n\t<meta name=\"twitter:data1\" content=\"Yusra NY\" \/>\n\t<meta name=\"twitter:label2\" content=\"Dur\u00e9e de lecture estim\u00e9e\" \/>\n\t<meta name=\"twitter:data2\" content=\"1 minute\" \/>\n<script type=\"application\/ld+json\" class=\"yoast-schema-graph\">{\"@context\":\"https:\/\/schema.org\",\"@graph\":[{\"@type\":\"Article\",\"@id\":\"https:\/\/kapitalis.com\/tunisie\/2023\/06\/08\/la-ltdh-reclame-une-enquete-sur-lagression-dun-avocat-par-des-policiers\/#article\",\"isPartOf\":{\"@id\":\"https:\/\/kapitalis.com\/tunisie\/2023\/06\/08\/la-ltdh-reclame-une-enquete-sur-lagression-dun-avocat-par-des-policiers\/\"},\"author\":{\"name\":\"Yusra NY\",\"@id\":\"https:\/\/kapitalis.com\/tunisie\/#\/schema\/person\/74bbde0154d49d790a92aaeac5bc01d5\"},\"headline\":\"La LTDH r\u00e9clame une enqu\u00eate sur l\u2019agression d&rsquo;un avocat par des policiers\",\"datePublished\":\"2023-06-07T23:54:01+00:00\",\"dateModified\":\"2023-06-08T00:24:55+00:00\",\"mainEntityOfPage\":{\"@id\":\"https:\/\/kapitalis.com\/tunisie\/2023\/06\/08\/la-ltdh-reclame-une-enquete-sur-lagression-dun-avocat-par-des-policiers\/\"},\"wordCount\":167,\"commentCount\":1,\"publisher\":{\"@id\":\"https:\/\/kapitalis.com\/tunisie\/#organization\"},\"image\":{\"@id\":\"https:\/\/kapitalis.com\/tunisie\/2023\/06\/08\/la-ltdh-reclame-une-enquete-sur-lagression-dun-avocat-par-des-policiers\/#primaryimage\"},\"thumbnailUrl\":\"https:\/\/kapitalis.com\/tunisie\/wp-content\/uploads\/2022\/05\/LTDH.jpg\",\"keywords\":[\"agression polici\u00e8re\",\"avocat\",\"enqu\u00eate\",\"LTDH\",\"police\",\"violence\"],\"articleSection\":[\"SOCIETE\",\"Tunisie\"],\"inLanguage\":\"fr-FR\",\"potentialAction\":[{\"@type\":\"CommentAction\",\"name\":\"Comment\",\"target\":[\"https:\/\/kapitalis.com\/tunisie\/2023\/06\/08\/la-ltdh-reclame-une-enquete-sur-lagression-dun-avocat-par-des-policiers\/#respond\"]}]},{\"@type\":\"WebPage\",\"@id\":\"https:\/\/kapitalis.com\/tunisie\/2023\/06\/08\/la-ltdh-reclame-une-enquete-sur-lagression-dun-avocat-par-des-policiers\/\",\"url\":\"https:\/\/kapitalis.com\/tunisie\/2023\/06\/08\/la-ltdh-reclame-une-enquete-sur-lagression-dun-avocat-par-des-policiers\/\",\"name\":\"La LTDH r\u00e9clame une enqu\u00eate sur l\u2019agression d'un avocat par des policiers - Kapitalis\",\"isPartOf\":{\"@id\":\"https:\/\/kapitalis.com\/tunisie\/#website\"},\"primaryImageOfPage\":{\"@id\":\"https:\/\/kapitalis.com\/tunisie\/2023\/06\/08\/la-ltdh-reclame-une-enquete-sur-lagression-dun-avocat-par-des-policiers\/#primaryimage\"},\"image\":{\"@id\":\"https:\/\/kapitalis.com\/tunisie\/2023\/06\/08\/la-ltdh-reclame-une-enquete-sur-lagression-dun-avocat-par-des-policiers\/#primaryimage\"},\"thumbnailUrl\":\"https:\/\/kapitalis.com\/tunisie\/wp-content\/uploads\/2022\/05\/LTDH.jpg\",\"datePublished\":\"2023-06-07T23:54:01+00:00\",\"dateModified\":\"2023-06-08T00:24:55+00:00\",\"description\":\"La Ligue tunisienne des droits de l'Homme (LTDH) a d\u00e9nonc\u00e9, ce mercredi 7 juin 2023, l'agression de l'avocat Fedy Snene par des policiers, vendredi dernier, en marge d'un match de handball \u00e0 la salle olympique de Rad\u00e8s.\",\"breadcrumb\":{\"@id\":\"https:\/\/kapitalis.com\/tunisie\/2023\/06\/08\/la-ltdh-reclame-une-enquete-sur-lagression-dun-avocat-par-des-policiers\/#breadcrumb\"},\"inLanguage\":\"fr-FR\",\"potentialAction\":[{\"@type\":\"ReadAction\",\"target\":[\"https:\/\/kapitalis.com\/tunisie\/2023\/06\/08\/la-ltdh-reclame-une-enquete-sur-lagression-dun-avocat-par-des-policiers\/\"]}]},{\"@type\":\"ImageObject\",\"inLanguage\":\"fr-FR\",\"@id\":\"https:\/\/kapitalis.com\/tunisie\/2023\/06\/08\/la-ltdh-reclame-une-enquete-sur-lagression-dun-avocat-par-des-policiers\/#primaryimage\",\"url\":\"https:\/\/kapitalis.com\/tunisie\/wp-content\/uploads\/2022\/05\/LTDH.jpg\",\"contentUrl\":\"https:\/\/kapitalis.com\/tunisie\/wp-content\/uploads\/2022\/05\/LTDH.jpg\",\"width\":1200,\"height\":630},{\"@type\":\"BreadcrumbList\",\"@id\":\"https:\/\/kapitalis.com\/tunisie\/2023\/06\/08\/la-ltdh-reclame-une-enquete-sur-lagression-dun-avocat-par-des-policiers\/#breadcrumb\",\"itemListElement\":[{\"@type\":\"ListItem\",\"position\":1,\"name\":\"Accueil\",\"item\":\"https:\/\/kapitalis.com\/tunisie\/\"},{\"@type\":\"ListItem\",\"position\":2,\"name\":\"La LTDH r\u00e9clame une enqu\u00eate sur l\u2019agression d&rsquo;un avocat par des policiers\"}]},{\"@type\":\"WebSite\",\"@id\":\"https:\/\/kapitalis.com\/tunisie\/#website\",\"url\":\"https:\/\/kapitalis.com\/tunisie\/\",\"name\":\"Kapitalis\",\"description\":\"L&#039;actualit\u00e9 en Tunisie et dans le monde\",\"publisher\":{\"@id\":\"https:\/\/kapitalis.com\/tunisie\/#organization\"},\"potentialAction\":[{\"@type\":\"SearchAction\",\"target\":{\"@type\":\"EntryPoint\",\"urlTemplate\":\"https:\/\/kapitalis.com\/tunisie\/?s={search_term_string}\"},\"query-input\":{\"@type\":\"PropertyValueSpecification\",\"valueRequired\":true,\"valueName\":\"search_term_string\"}}],\"inLanguage\":\"fr-FR\"},{\"@type\":\"Organization\",\"@id\":\"https:\/\/kapitalis.com\/tunisie\/#organization\",\"name\":\"Kapitalis\",\"url\":\"https:\/\/kapitalis.com\/tunisie\/\",\"logo\":{\"@type\":\"ImageObject\",\"inLanguage\":\"fr-FR\",\"@id\":\"https:\/\/kapitalis.com\/tunisie\/#\/schema\/logo\/image\/\",\"url\":\"https:\/\/kapitalis.com\/tunisie\/wp-content\/uploads\/2022\/05\/Kapitalis-big-size.png\",\"contentUrl\":\"https:\/\/kapitalis.com\/tunisie\/wp-content\/uploads\/2022\/05\/Kapitalis-big-size.png\",\"width\":5000,\"height\":1500,\"caption\":\"Kapitalis\"},\"image\":{\"@id\":\"https:\/\/kapitalis.com\/tunisie\/#\/schema\/logo\/image\/\"},\"sameAs\":[\"https:\/\/www.facebook.com\/KapitalisInfo\/\",\"https:\/\/x.com\/KapitalisInfo\",\"https:\/\/www.youtube.com\/channel\/UC-yDYrHyfFBWWZaOw3FPg9Q\"]},{\"@type\":\"Person\",\"@id\":\"https:\/\/kapitalis.com\/tunisie\/#\/schema\/person\/74bbde0154d49d790a92aaeac5bc01d5\",\"name\":\"Yusra NY\",\"url\":\"https:\/\/kapitalis.com\/tunisie\/author\/yuza_adam\/\"}]}<\/script>\n<!-- \/ Yoast SEO plugin. -->","yoast_head_json":{"title":"La LTDH r\u00e9clame une enqu\u00eate sur l\u2019agression d'un avocat par des policiers - Kapitalis","description":"La Ligue tunisienne des droits de l'Homme (LTDH) a d\u00e9nonc\u00e9, ce mercredi 7 juin 2023, l'agression de l'avocat Fedy Snene par des policiers, vendredi dernier, en marge d'un match de handball \u00e0 la salle olympique de Rad\u00e8s.","robots":{"index":"index","follow":"follow","max-snippet":"max-snippet:-1","max-image-preview":"max-image-preview:large","max-video-preview":"max-video-preview:-1"},"canonical":"https:\/\/kapitalis.com\/tunisie\/2023\/06\/08\/la-ltdh-reclame-une-enquete-sur-lagression-dun-avocat-par-des-policiers\/","og_locale":"fr_FR","og_type":"article","og_title":"La LTDH r\u00e9clame une enqu\u00eate sur l\u2019agression d'un avocat par des policiers - Kapitalis","og_description":"La Ligue tunisienne des droits de l'Homme (LTDH) a d\u00e9nonc\u00e9, ce mercredi 7 juin 2023, l'agression de l'avocat Fedy Snene par des policiers, vendredi dernier, en marge d'un match de handball \u00e0 la salle olympique de Rad\u00e8s.","og_url":"https:\/\/kapitalis.com\/tunisie\/2023\/06\/08\/la-ltdh-reclame-une-enquete-sur-lagression-dun-avocat-par-des-policiers\/","og_site_name":"Kapitalis","article_publisher":"https:\/\/www.facebook.com\/KapitalisInfo\/","article_published_time":"2023-06-07T23:54:01+00:00","article_modified_time":"2023-06-08T00:24:55+00:00","og_image":[{"width":1200,"height":630,"url":"https:\/\/kapitalis.com\/tunisie\/wp-content\/uploads\/2022\/05\/LTDH.jpg","type":"image\/jpeg"}],"author":"Yusra NY","twitter_card":"summary_large_image","twitter_creator":"@KapitalisInfo","twitter_site":"@KapitalisInfo","twitter_misc":{"\u00c9crit par":"Yusra NY","Dur\u00e9e de lecture estim\u00e9e":"1 minute"},"schema":{"@context":"https:\/\/schema.org","@graph":[{"@type":"Article","@id":"https:\/\/kapitalis.com\/tunisie\/2023\/06\/08\/la-ltdh-reclame-une-enquete-sur-lagression-dun-avocat-par-des-policiers\/#article","isPartOf":{"@id":"https:\/\/kapitalis.com\/tunisie\/2023\/06\/08\/la-ltdh-reclame-une-enquete-sur-lagression-dun-avocat-par-des-policiers\/"},"author":{"name":"Yusra NY","@id":"https:\/\/kapitalis.com\/tunisie\/#\/schema\/person\/74bbde0154d49d790a92aaeac5bc01d5"},"headline":"La LTDH r\u00e9clame une enqu\u00eate sur l\u2019agression d&rsquo;un avocat par des policiers","datePublished":"2023-06-07T23:54:01+00:00","dateModified":"2023-06-08T00:24:55+00:00","mainEntityOfPage":{"@id":"https:\/\/kapitalis.com\/tunisie\/2023\/06\/08\/la-ltdh-reclame-une-enquete-sur-lagression-dun-avocat-par-des-policiers\/"},"wordCount":167,"commentCount":1,"publisher":{"@id":"https:\/\/kapitalis.com\/tunisie\/#organization"},"image":{"@id":"https:\/\/kapitalis.com\/tunisie\/2023\/06\/08\/la-ltdh-reclame-une-enquete-sur-lagression-dun-avocat-par-des-policiers\/#primaryimage"},"thumbnailUrl":"https:\/\/kapitalis.com\/tunisie\/wp-content\/uploads\/2022\/05\/LTDH.jpg","keywords":["agression polici\u00e8re","avocat","enqu\u00eate","LTDH","police","violence"],"articleSection":["SOCIETE","Tunisie"],"inLanguage":"fr-FR","potentialAction":[{"@type":"CommentAction","name":"Comment","target":["https:\/\/kapitalis.com\/tunisie\/2023\/06\/08\/la-ltdh-reclame-une-enquete-sur-lagression-dun-avocat-par-des-policiers\/#respond"]}]},{"@type":"WebPage","@id":"https:\/\/kapitalis.com\/tunisie\/2023\/06\/08\/la-ltdh-reclame-une-enquete-sur-lagression-dun-avocat-par-des-policiers\/","url":"https:\/\/kapitalis.com\/tunisie\/2023\/06\/08\/la-ltdh-reclame-une-enquete-sur-lagression-dun-avocat-par-des-policiers\/","name":"La LTDH r\u00e9clame une enqu\u00eate sur l\u2019agression d'un avocat par des policiers - Kapitalis","isPartOf":{"@id":"https:\/\/kapitalis.com\/tunisie\/#website"},"primaryImageOfPage":{"@id":"https:\/\/kapitalis.com\/tunisie\/2023\/06\/08\/la-ltdh-reclame-une-enquete-sur-lagression-dun-avocat-par-des-policiers\/#primaryimage"},"image":{"@id":"https:\/\/kapitalis.com\/tunisie\/2023\/06\/08\/la-ltdh-reclame-une-enquete-sur-lagression-dun-avocat-par-des-policiers\/#primaryimage"},"thumbnailUrl":"https:\/\/kapitalis.com\/tunisie\/wp-content\/uploads\/2022\/05\/LTDH.jpg","datePublished":"2023-06-07T23:54:01+00:00","dateModified":"2023-06-08T00:24:55+00:00","description":"La Ligue tunisienne des droits de l'Homme (LTDH) a d\u00e9nonc\u00e9, ce mercredi 7 juin 2023, l'agression de l'avocat Fedy Snene par des policiers, vendredi dernier, en marge d'un match de handball \u00e0 la salle olympique de Rad\u00e8s.","breadcrumb":{"@id":"https:\/\/kapitalis.com\/tunisie\/2023\/06\/08\/la-ltdh-reclame-une-enquete-sur-lagression-dun-avocat-par-des-policiers\/#breadcrumb"},"inLanguage":"fr-FR","potentialAction":[{"@type":"ReadAction","target":["https:\/\/kapitalis.com\/tunisie\/2023\/06\/08\/la-ltdh-reclame-une-enquete-sur-lagression-dun-avocat-par-des-policiers\/"]}]},{"@type":"ImageObject","inLanguage":"fr-FR","@id":"https:\/\/kapitalis.com\/tunisie\/2023\/06\/08\/la-ltdh-reclame-une-enquete-sur-lagression-dun-avocat-par-des-policiers\/#primaryimage","url":"https:\/\/kapitalis.com\/tunisie\/wp-content\/uploads\/2022\/05\/LTDH.jpg","contentUrl":"https:\/\/kapitalis.com\/tunisie\/wp-content\/uploads\/2022\/05\/LTDH.jpg","width":1200,"height":630},{"@type":"BreadcrumbList","@id":"https:\/\/kapitalis.com\/tunisie\/2023\/06\/08\/la-ltdh-reclame-une-enquete-sur-lagression-dun-avocat-par-des-policiers\/#breadcrumb","itemListElement":[{"@type":"ListItem","position":1,"name":"Accueil","item":"https:\/\/kapitalis.com\/tunisie\/"},{"@type":"ListItem","position":2,"name":"La LTDH r\u00e9clame une enqu\u00eate sur l\u2019agression d&rsquo;un avocat par des policiers"}]},{"@type":"WebSite","@id":"https:\/\/kapitalis.com\/tunisie\/#website","url":"https:\/\/kapitalis.com\/tunisie\/","name":"Kapitalis","description":"L&#039;actualit\u00e9 en Tunisie et dans le monde","publisher":{"@id":"https:\/\/kapitalis.com\/tunisie\/#organization"},"potentialAction":[{"@type":"SearchAction","target":{"@type":"EntryPoint","urlTemplate":"https:\/\/kapitalis.com\/tunisie\/?s={search_term_string}"},"query-input":{"@type":"PropertyValueSpecification","valueRequired":true,"valueName":"search_term_string"}}],"inLanguage":"fr-FR"},{"@type":"Organization","@id":"https:\/\/kapitalis.com\/tunisie\/#organization","name":"Kapitalis","url":"https:\/\/kapitalis.com\/tunisie\/","logo":{"@type":"ImageObject","inLanguage":"fr-FR","@id":"https:\/\/kapitalis.com\/tunisie\/#\/schema\/logo\/image\/","url":"https:\/\/kapitalis.com\/tunisie\/wp-content\/uploads\/2022\/05\/Kapitalis-big-size.png","contentUrl":"https:\/\/kapitalis.com\/tunisie\/wp-content\/uploads\/2022\/05\/Kapitalis-big-size.png","width":5000,"height":1500,"caption":"Kapitalis"},"image":{"@id":"https:\/\/kapitalis.com\/tunisie\/#\/schema\/logo\/image\/"},"sameAs":["https:\/\/www.facebook.com\/KapitalisInfo\/","https:\/\/x.com\/KapitalisInfo","https:\/\/www.youtube.com\/channel\/UC-yDYrHyfFBWWZaOw3FPg9Q"]},{"@type":"Person","@id":"https:\/\/kapitalis.com\/tunisie\/#\/schema\/person\/74bbde0154d49d790a92aaeac5bc01d5","name":"Yusra NY","url":"https:\/\/kapitalis.com\/tunisie\/author\/yuza_adam\/"}]}},"_links":{"self":[{"href":"https:\/\/kapitalis.com\/tunisie\/wp-json\/wp\/v2\/posts\/8277959","targetHints":{"allow":["GET"]}}],"collection":[{"href":"https:\/\/kapitalis.com\/tunisie\/wp-json\/wp\/v2\/posts"}],"about":[{"href":"https:\/\/kapitalis.com\/tunisie\/wp-json\/wp\/v2\/types\/post"}],"author":[{"embeddable":true,"href":"https:\/\/kapitalis.com\/tunisie\/wp-json\/wp\/v2\/users\/6"}],"replies":[{"embeddable":true,"href":"https:\/\/kapitalis.com\/tunisie\/wp-json\/wp\/v2\/comments?post=8277959"}],"version-history":[{"count":4,"href":"https:\/\/kapitalis.com\/tunisie\/wp-json\/wp\/v2\/posts\/8277959\/revisions"}],"predecessor-version":[{"id":8277994,"href":"https:\/\/kapitalis.com\/tunisie\/wp-json\/wp\/v2\/posts\/8277959\/revisions\/8277994"}],"wp:featuredmedia":[{"embeddable":true,"href":"https:\/\/kapitalis.com\/tunisie\/wp-json\/wp\/v2\/media\/931008"}],"wp:attachment":[{"href":"https:\/\/kapitalis.com\/tunisie\/wp-json\/wp\/v2\/media?parent=8277959"}],"wp:term":[{"taxonomy":"category","embeddable":true,"href":"https:\/\/kapitalis.com\/tunisie\/wp-json\/wp\/v2\/categories?post=8277959"},{"taxonomy":"post_tag","embeddable":true,"href":"https:\/\/kapitalis.com\/tunisie\/wp-json\/wp\/v2\/tags?post=8277959"}],"curies":[{"name":"wp","href":"https:\/\/api.w.org\/{rel}","templated":true}]}}