{"id":8280302,"date":"2023-06-08T08:11:35","date_gmt":"2023-06-08T07:11:35","guid":{"rendered":"https:\/\/kapitalis.com\/tunisie\/?p=8280302"},"modified":"2023-06-08T08:11:36","modified_gmt":"2023-06-08T07:11:36","slug":"le-2e-forum-de-co-developpement-industriel-france-tunisie","status":"publish","type":"post","link":"https:\/\/kapitalis.com\/tunisie\/2023\/06\/08\/le-2e-forum-de-co-developpement-industriel-france-tunisie\/","title":{"rendered":"Le 2e Forum de co-d\u00e9veloppement industriel France &#8211; Tunisie"},"content":{"rendered":"\n<p><strong><em>La deuxi\u00e8me \u00e9dition du Forum de co-d\u00e9veloppement industriel se tiendra les 13 et 14 juin 2023 \u00e0 Tunis, a annonc\u00e9 mercredi 7 juin 2023 l\u2019ambassade de France en Tunisie.<\/em><\/strong><\/p>\n\n\n\n<!--more-->\n\n\n\n<p><em>\u00abCe forum d\u2019affaires sera l\u2019occasion de partager des exp\u00e9riences et de faire le point sur le secteur industriel tunisien \u2013 o\u00f9 de nombreuses entreprises fran\u00e7aises ont des \u00e9quipes et des filiales dans le cadre de l\u2019offshoring entre l\u2019Afrique et l\u2019Europe \u2013 en mettant en lumi\u00e8re les enjeux de la d\u00e9carbonation, de la transition num\u00e9rique, du financement et des ressources humaines\u00bb<\/em>, indique l\u2019ambassade, ajoutant que <em>\u00ab12 entreprises fran\u00e7aises pr\u00e9senteront des solutions innovantes et reconnues pour r\u00e9pondre aux besoins des industriels en Tunisie\u00bb<\/em>.<\/p>\n\n\n\n<p>Cet \u00e9v\u00e9nement est organis\u00e9 par le bureau Business France de l\u2019ambassade de France en Tunisie et la French Fab, avec le soutien du Service \u00e9conomique r\u00e9gional. Il est ouvert \u00e0 toutes les entreprises industrielles en Tunisie, qui doivent s&rsquo;inscrire gratuitement sur <a href=\"https:\/\/forms.office.com\/e\/7ATA43fyWJ\" target=\"_blank\" rel=\"noreferrer noopener\">ce lien<\/a>. <\/p>\n\n\n\n<p>Au programme du Forum, une matin\u00e9e de t\u00e9moignages et d\u2019expos\u00e9s franco-tunisiens, suivie de deux demi-journ\u00e9es de rencontres d\u2019affaires entre industriels et experts fran\u00e7ais impliqu\u00e9s, organis\u00e9es par Business France.<\/p>\n\n\n\n<p>Au cours du forum, plusieurs experts aborderont les enjeux de l\u2019investissement industriel, le d\u00e9veloppement de l\u2019Industrie 4.0, les solutions de d\u00e9carbonation mais aussi les enjeux du capital humain dans une perspective de co-d\u00e9veloppement industriel entre les deux rives de la M\u00e9diterran\u00e9e.<\/p>\n\n\n\n<p>Le Forum de 2022 a r\u00e9uni 200 industriels et 10 entreprises fran\u00e7aises pour \u00e9changer sur les solutions 4.0 les 29 et 30 juin \u00e0 Tunis.<\/p>\n","protected":false},"excerpt":{"rendered":"<p>La deuxi\u00e8me \u00e9dition du Forum de co-d\u00e9veloppement industriel se tiendra les 13 et 14 juin 2023 \u00e0 Tunis. <\/p>\n","protected":false},"author":8,"featured_media":8280316,"comment_status":"open","ping_status":"open","sticky":false,"template":"","format":"standard","meta":{"footnotes":""},"categories":[995,2433],"tags":[107056,93971,109219,395,109220,88611,62643],"class_list":["post-8280302","post","type-post","status-publish","format-standard","has-post-thumbnail","hentry","category-economie","category-tunisie","tag-decarbonation","tag-entreprises-francaises","tag-forum-de-co-developpement-industriel","tag-france","tag-french-fab","tag-transition-numerique","tag-tunisie"],"yoast_head":"<!-- This site is optimized with the Yoast SEO plugin v26.6 - https:\/\/yoast.com\/wordpress\/plugins\/seo\/ -->\n<title>Le 2e Forum de co-d\u00e9veloppement industriel France - Tunisie - Kapitalis<\/title>\n<meta name=\"robots\" content=\"index, follow, max-snippet:-1, max-image-preview:large, max-video-preview:-1\" \/>\n<link rel=\"canonical\" href=\"https:\/\/kapitalis.com\/tunisie\/2023\/06\/08\/le-2e-forum-de-co-developpement-industriel-france-tunisie\/\" \/>\n<meta property=\"og:locale\" content=\"fr_FR\" \/>\n<meta property=\"og:type\" content=\"article\" \/>\n<meta property=\"og:title\" content=\"Le 2e Forum de co-d\u00e9veloppement industriel France - Tunisie - Kapitalis\" \/>\n<meta property=\"og:description\" content=\"La deuxi\u00e8me \u00e9dition du Forum de co-d\u00e9veloppement industriel se tiendra les 13 et 14 juin 2023 \u00e0 Tunis.\" \/>\n<meta property=\"og:url\" content=\"https:\/\/kapitalis.com\/tunisie\/2023\/06\/08\/le-2e-forum-de-co-developpement-industriel-france-tunisie\/\" \/>\n<meta property=\"og:site_name\" content=\"Kapitalis\" \/>\n<meta property=\"article:publisher\" content=\"https:\/\/www.facebook.com\/KapitalisInfo\/\" \/>\n<meta property=\"article:published_time\" content=\"2023-06-08T07:11:35+00:00\" \/>\n<meta property=\"article:modified_time\" content=\"2023-06-08T07:11:36+00:00\" \/>\n<meta property=\"og:image\" content=\"https:\/\/kapitalis.com\/tunisie\/wp-content\/uploads\/2023\/06\/Forum-Co-developpement-Tunisie-France.jpg\" \/>\n\t<meta property=\"og:image:width\" content=\"1200\" \/>\n\t<meta property=\"og:image:height\" content=\"630\" \/>\n\t<meta property=\"og:image:type\" content=\"image\/jpeg\" \/>\n<meta name=\"author\" content=\"webmaster kapitalis\" \/>\n<meta name=\"twitter:card\" content=\"summary_large_image\" \/>\n<meta name=\"twitter:creator\" content=\"@KapitalisInfo\" \/>\n<meta name=\"twitter:site\" content=\"@KapitalisInfo\" \/>\n<meta name=\"twitter:label1\" content=\"\u00c9crit par\" \/>\n\t<meta name=\"twitter:data1\" content=\"webmaster kapitalis\" \/>\n\t<meta name=\"twitter:label2\" content=\"Dur\u00e9e de lecture estim\u00e9e\" \/>\n\t<meta name=\"twitter:data2\" content=\"2 minutes\" \/>\n<script type=\"application\/ld+json\" class=\"yoast-schema-graph\">{\"@context\":\"https:\/\/schema.org\",\"@graph\":[{\"@type\":\"Article\",\"@id\":\"https:\/\/kapitalis.com\/tunisie\/2023\/06\/08\/le-2e-forum-de-co-developpement-industriel-france-tunisie\/#article\",\"isPartOf\":{\"@id\":\"https:\/\/kapitalis.com\/tunisie\/2023\/06\/08\/le-2e-forum-de-co-developpement-industriel-france-tunisie\/\"},\"author\":{\"name\":\"webmaster kapitalis\",\"@id\":\"https:\/\/kapitalis.com\/tunisie\/#\/schema\/person\/d71f33a9ca44f7bad4698210b480c8e9\"},\"headline\":\"Le 2e Forum de co-d\u00e9veloppement industriel France &#8211; Tunisie\",\"datePublished\":\"2023-06-08T07:11:35+00:00\",\"dateModified\":\"2023-06-08T07:11:36+00:00\",\"mainEntityOfPage\":{\"@id\":\"https:\/\/kapitalis.com\/tunisie\/2023\/06\/08\/le-2e-forum-de-co-developpement-industriel-france-tunisie\/\"},\"wordCount\":277,\"commentCount\":0,\"publisher\":{\"@id\":\"https:\/\/kapitalis.com\/tunisie\/#organization\"},\"image\":{\"@id\":\"https:\/\/kapitalis.com\/tunisie\/2023\/06\/08\/le-2e-forum-de-co-developpement-industriel-france-tunisie\/#primaryimage\"},\"thumbnailUrl\":\"https:\/\/kapitalis.com\/tunisie\/wp-content\/uploads\/2023\/06\/Forum-Co-developpement-Tunisie-France.jpg\",\"keywords\":[\"d\u00e9carbonation\",\"entreprises fran\u00e7aises\",\"Forum de co-d\u00e9veloppement industriel\",\"France\",\"French Fab\",\"Transition num\u00e9rique\",\"Tunisie\"],\"articleSection\":[\"ECONOMIE\",\"Tunisie\"],\"inLanguage\":\"fr-FR\",\"potentialAction\":[{\"@type\":\"CommentAction\",\"name\":\"Comment\",\"target\":[\"https:\/\/kapitalis.com\/tunisie\/2023\/06\/08\/le-2e-forum-de-co-developpement-industriel-france-tunisie\/#respond\"]}]},{\"@type\":\"WebPage\",\"@id\":\"https:\/\/kapitalis.com\/tunisie\/2023\/06\/08\/le-2e-forum-de-co-developpement-industriel-france-tunisie\/\",\"url\":\"https:\/\/kapitalis.com\/tunisie\/2023\/06\/08\/le-2e-forum-de-co-developpement-industriel-france-tunisie\/\",\"name\":\"Le 2e Forum de co-d\u00e9veloppement industriel France - Tunisie - Kapitalis\",\"isPartOf\":{\"@id\":\"https:\/\/kapitalis.com\/tunisie\/#website\"},\"primaryImageOfPage\":{\"@id\":\"https:\/\/kapitalis.com\/tunisie\/2023\/06\/08\/le-2e-forum-de-co-developpement-industriel-france-tunisie\/#primaryimage\"},\"image\":{\"@id\":\"https:\/\/kapitalis.com\/tunisie\/2023\/06\/08\/le-2e-forum-de-co-developpement-industriel-france-tunisie\/#primaryimage\"},\"thumbnailUrl\":\"https:\/\/kapitalis.com\/tunisie\/wp-content\/uploads\/2023\/06\/Forum-Co-developpement-Tunisie-France.jpg\",\"datePublished\":\"2023-06-08T07:11:35+00:00\",\"dateModified\":\"2023-06-08T07:11:36+00:00\",\"breadcrumb\":{\"@id\":\"https:\/\/kapitalis.com\/tunisie\/2023\/06\/08\/le-2e-forum-de-co-developpement-industriel-france-tunisie\/#breadcrumb\"},\"inLanguage\":\"fr-FR\",\"potentialAction\":[{\"@type\":\"ReadAction\",\"target\":[\"https:\/\/kapitalis.com\/tunisie\/2023\/06\/08\/le-2e-forum-de-co-developpement-industriel-france-tunisie\/\"]}]},{\"@type\":\"ImageObject\",\"inLanguage\":\"fr-FR\",\"@id\":\"https:\/\/kapitalis.com\/tunisie\/2023\/06\/08\/le-2e-forum-de-co-developpement-industriel-france-tunisie\/#primaryimage\",\"url\":\"https:\/\/kapitalis.com\/tunisie\/wp-content\/uploads\/2023\/06\/Forum-Co-developpement-Tunisie-France.jpg\",\"contentUrl\":\"https:\/\/kapitalis.com\/tunisie\/wp-content\/uploads\/2023\/06\/Forum-Co-developpement-Tunisie-France.jpg\",\"width\":1200,\"height\":630},{\"@type\":\"BreadcrumbList\",\"@id\":\"https:\/\/kapitalis.com\/tunisie\/2023\/06\/08\/le-2e-forum-de-co-developpement-industriel-france-tunisie\/#breadcrumb\",\"itemListElement\":[{\"@type\":\"ListItem\",\"position\":1,\"name\":\"Accueil\",\"item\":\"https:\/\/kapitalis.com\/tunisie\/\"},{\"@type\":\"ListItem\",\"position\":2,\"name\":\"Le 2e Forum de co-d\u00e9veloppement industriel France &#8211; Tunisie\"}]},{\"@type\":\"WebSite\",\"@id\":\"https:\/\/kapitalis.com\/tunisie\/#website\",\"url\":\"https:\/\/kapitalis.com\/tunisie\/\",\"name\":\"Kapitalis\",\"description\":\"L&#039;actualit\u00e9 en Tunisie et dans le monde\",\"publisher\":{\"@id\":\"https:\/\/kapitalis.com\/tunisie\/#organization\"},\"potentialAction\":[{\"@type\":\"SearchAction\",\"target\":{\"@type\":\"EntryPoint\",\"urlTemplate\":\"https:\/\/kapitalis.com\/tunisie\/?s={search_term_string}\"},\"query-input\":{\"@type\":\"PropertyValueSpecification\",\"valueRequired\":true,\"valueName\":\"search_term_string\"}}],\"inLanguage\":\"fr-FR\"},{\"@type\":\"Organization\",\"@id\":\"https:\/\/kapitalis.com\/tunisie\/#organization\",\"name\":\"Kapitalis\",\"url\":\"https:\/\/kapitalis.com\/tunisie\/\",\"logo\":{\"@type\":\"ImageObject\",\"inLanguage\":\"fr-FR\",\"@id\":\"https:\/\/kapitalis.com\/tunisie\/#\/schema\/logo\/image\/\",\"url\":\"https:\/\/kapitalis.com\/tunisie\/wp-content\/uploads\/2022\/05\/Kapitalis-big-size.png\",\"contentUrl\":\"https:\/\/kapitalis.com\/tunisie\/wp-content\/uploads\/2022\/05\/Kapitalis-big-size.png\",\"width\":5000,\"height\":1500,\"caption\":\"Kapitalis\"},\"image\":{\"@id\":\"https:\/\/kapitalis.com\/tunisie\/#\/schema\/logo\/image\/\"},\"sameAs\":[\"https:\/\/www.facebook.com\/KapitalisInfo\/\",\"https:\/\/x.com\/KapitalisInfo\",\"https:\/\/www.youtube.com\/channel\/UC-yDYrHyfFBWWZaOw3FPg9Q\"]},{\"@type\":\"Person\",\"@id\":\"https:\/\/kapitalis.com\/tunisie\/#\/schema\/person\/d71f33a9ca44f7bad4698210b480c8e9\",\"name\":\"webmaster kapitalis\",\"url\":\"https:\/\/kapitalis.com\/tunisie\/author\/webmaster-kapitalis\/\"}]}<\/script>\n<!-- \/ Yoast SEO plugin. -->","yoast_head_json":{"title":"Le 2e Forum de co-d\u00e9veloppement industriel France - Tunisie - Kapitalis","robots":{"index":"index","follow":"follow","max-snippet":"max-snippet:-1","max-image-preview":"max-image-preview:large","max-video-preview":"max-video-preview:-1"},"canonical":"https:\/\/kapitalis.com\/tunisie\/2023\/06\/08\/le-2e-forum-de-co-developpement-industriel-france-tunisie\/","og_locale":"fr_FR","og_type":"article","og_title":"Le 2e Forum de co-d\u00e9veloppement industriel France - Tunisie - Kapitalis","og_description":"La deuxi\u00e8me \u00e9dition du Forum de co-d\u00e9veloppement industriel se tiendra les 13 et 14 juin 2023 \u00e0 Tunis.","og_url":"https:\/\/kapitalis.com\/tunisie\/2023\/06\/08\/le-2e-forum-de-co-developpement-industriel-france-tunisie\/","og_site_name":"Kapitalis","article_publisher":"https:\/\/www.facebook.com\/KapitalisInfo\/","article_published_time":"2023-06-08T07:11:35+00:00","article_modified_time":"2023-06-08T07:11:36+00:00","og_image":[{"width":1200,"height":630,"url":"https:\/\/kapitalis.com\/tunisie\/wp-content\/uploads\/2023\/06\/Forum-Co-developpement-Tunisie-France.jpg","type":"image\/jpeg"}],"author":"webmaster kapitalis","twitter_card":"summary_large_image","twitter_creator":"@KapitalisInfo","twitter_site":"@KapitalisInfo","twitter_misc":{"\u00c9crit par":"webmaster kapitalis","Dur\u00e9e de lecture estim\u00e9e":"2 minutes"},"schema":{"@context":"https:\/\/schema.org","@graph":[{"@type":"Article","@id":"https:\/\/kapitalis.com\/tunisie\/2023\/06\/08\/le-2e-forum-de-co-developpement-industriel-france-tunisie\/#article","isPartOf":{"@id":"https:\/\/kapitalis.com\/tunisie\/2023\/06\/08\/le-2e-forum-de-co-developpement-industriel-france-tunisie\/"},"author":{"name":"webmaster kapitalis","@id":"https:\/\/kapitalis.com\/tunisie\/#\/schema\/person\/d71f33a9ca44f7bad4698210b480c8e9"},"headline":"Le 2e Forum de co-d\u00e9veloppement industriel France &#8211; Tunisie","datePublished":"2023-06-08T07:11:35+00:00","dateModified":"2023-06-08T07:11:36+00:00","mainEntityOfPage":{"@id":"https:\/\/kapitalis.com\/tunisie\/2023\/06\/08\/le-2e-forum-de-co-developpement-industriel-france-tunisie\/"},"wordCount":277,"commentCount":0,"publisher":{"@id":"https:\/\/kapitalis.com\/tunisie\/#organization"},"image":{"@id":"https:\/\/kapitalis.com\/tunisie\/2023\/06\/08\/le-2e-forum-de-co-developpement-industriel-france-tunisie\/#primaryimage"},"thumbnailUrl":"https:\/\/kapitalis.com\/tunisie\/wp-content\/uploads\/2023\/06\/Forum-Co-developpement-Tunisie-France.jpg","keywords":["d\u00e9carbonation","entreprises fran\u00e7aises","Forum de co-d\u00e9veloppement industriel","France","French Fab","Transition num\u00e9rique","Tunisie"],"articleSection":["ECONOMIE","Tunisie"],"inLanguage":"fr-FR","potentialAction":[{"@type":"CommentAction","name":"Comment","target":["https:\/\/kapitalis.com\/tunisie\/2023\/06\/08\/le-2e-forum-de-co-developpement-industriel-france-tunisie\/#respond"]}]},{"@type":"WebPage","@id":"https:\/\/kapitalis.com\/tunisie\/2023\/06\/08\/le-2e-forum-de-co-developpement-industriel-france-tunisie\/","url":"https:\/\/kapitalis.com\/tunisie\/2023\/06\/08\/le-2e-forum-de-co-developpement-industriel-france-tunisie\/","name":"Le 2e Forum de co-d\u00e9veloppement industriel France - Tunisie - Kapitalis","isPartOf":{"@id":"https:\/\/kapitalis.com\/tunisie\/#website"},"primaryImageOfPage":{"@id":"https:\/\/kapitalis.com\/tunisie\/2023\/06\/08\/le-2e-forum-de-co-developpement-industriel-france-tunisie\/#primaryimage"},"image":{"@id":"https:\/\/kapitalis.com\/tunisie\/2023\/06\/08\/le-2e-forum-de-co-developpement-industriel-france-tunisie\/#primaryimage"},"thumbnailUrl":"https:\/\/kapitalis.com\/tunisie\/wp-content\/uploads\/2023\/06\/Forum-Co-developpement-Tunisie-France.jpg","datePublished":"2023-06-08T07:11:35+00:00","dateModified":"2023-06-08T07:11:36+00:00","breadcrumb":{"@id":"https:\/\/kapitalis.com\/tunisie\/2023\/06\/08\/le-2e-forum-de-co-developpement-industriel-france-tunisie\/#breadcrumb"},"inLanguage":"fr-FR","potentialAction":[{"@type":"ReadAction","target":["https:\/\/kapitalis.com\/tunisie\/2023\/06\/08\/le-2e-forum-de-co-developpement-industriel-france-tunisie\/"]}]},{"@type":"ImageObject","inLanguage":"fr-FR","@id":"https:\/\/kapitalis.com\/tunisie\/2023\/06\/08\/le-2e-forum-de-co-developpement-industriel-france-tunisie\/#primaryimage","url":"https:\/\/kapitalis.com\/tunisie\/wp-content\/uploads\/2023\/06\/Forum-Co-developpement-Tunisie-France.jpg","contentUrl":"https:\/\/kapitalis.com\/tunisie\/wp-content\/uploads\/2023\/06\/Forum-Co-developpement-Tunisie-France.jpg","width":1200,"height":630},{"@type":"BreadcrumbList","@id":"https:\/\/kapitalis.com\/tunisie\/2023\/06\/08\/le-2e-forum-de-co-developpement-industriel-france-tunisie\/#breadcrumb","itemListElement":[{"@type":"ListItem","position":1,"name":"Accueil","item":"https:\/\/kapitalis.com\/tunisie\/"},{"@type":"ListItem","position":2,"name":"Le 2e Forum de co-d\u00e9veloppement industriel France &#8211; Tunisie"}]},{"@type":"WebSite","@id":"https:\/\/kapitalis.com\/tunisie\/#website","url":"https:\/\/kapitalis.com\/tunisie\/","name":"Kapitalis","description":"L&#039;actualit\u00e9 en Tunisie et dans le monde","publisher":{"@id":"https:\/\/kapitalis.com\/tunisie\/#organization"},"potentialAction":[{"@type":"SearchAction","target":{"@type":"EntryPoint","urlTemplate":"https:\/\/kapitalis.com\/tunisie\/?s={search_term_string}"},"query-input":{"@type":"PropertyValueSpecification","valueRequired":true,"valueName":"search_term_string"}}],"inLanguage":"fr-FR"},{"@type":"Organization","@id":"https:\/\/kapitalis.com\/tunisie\/#organization","name":"Kapitalis","url":"https:\/\/kapitalis.com\/tunisie\/","logo":{"@type":"ImageObject","inLanguage":"fr-FR","@id":"https:\/\/kapitalis.com\/tunisie\/#\/schema\/logo\/image\/","url":"https:\/\/kapitalis.com\/tunisie\/wp-content\/uploads\/2022\/05\/Kapitalis-big-size.png","contentUrl":"https:\/\/kapitalis.com\/tunisie\/wp-content\/uploads\/2022\/05\/Kapitalis-big-size.png","width":5000,"height":1500,"caption":"Kapitalis"},"image":{"@id":"https:\/\/kapitalis.com\/tunisie\/#\/schema\/logo\/image\/"},"sameAs":["https:\/\/www.facebook.com\/KapitalisInfo\/","https:\/\/x.com\/KapitalisInfo","https:\/\/www.youtube.com\/channel\/UC-yDYrHyfFBWWZaOw3FPg9Q"]},{"@type":"Person","@id":"https:\/\/kapitalis.com\/tunisie\/#\/schema\/person\/d71f33a9ca44f7bad4698210b480c8e9","name":"webmaster kapitalis","url":"https:\/\/kapitalis.com\/tunisie\/author\/webmaster-kapitalis\/"}]}},"_links":{"self":[{"href":"https:\/\/kapitalis.com\/tunisie\/wp-json\/wp\/v2\/posts\/8280302","targetHints":{"allow":["GET"]}}],"collection":[{"href":"https:\/\/kapitalis.com\/tunisie\/wp-json\/wp\/v2\/posts"}],"about":[{"href":"https:\/\/kapitalis.com\/tunisie\/wp-json\/wp\/v2\/types\/post"}],"author":[{"embeddable":true,"href":"https:\/\/kapitalis.com\/tunisie\/wp-json\/wp\/v2\/users\/8"}],"replies":[{"embeddable":true,"href":"https:\/\/kapitalis.com\/tunisie\/wp-json\/wp\/v2\/comments?post=8280302"}],"version-history":[{"count":1,"href":"https:\/\/kapitalis.com\/tunisie\/wp-json\/wp\/v2\/posts\/8280302\/revisions"}],"predecessor-version":[{"id":8280323,"href":"https:\/\/kapitalis.com\/tunisie\/wp-json\/wp\/v2\/posts\/8280302\/revisions\/8280323"}],"wp:featuredmedia":[{"embeddable":true,"href":"https:\/\/kapitalis.com\/tunisie\/wp-json\/wp\/v2\/media\/8280316"}],"wp:attachment":[{"href":"https:\/\/kapitalis.com\/tunisie\/wp-json\/wp\/v2\/media?parent=8280302"}],"wp:term":[{"taxonomy":"category","embeddable":true,"href":"https:\/\/kapitalis.com\/tunisie\/wp-json\/wp\/v2\/categories?post=8280302"},{"taxonomy":"post_tag","embeddable":true,"href":"https:\/\/kapitalis.com\/tunisie\/wp-json\/wp\/v2\/tags?post=8280302"}],"curies":[{"name":"wp","href":"https:\/\/api.w.org\/{rel}","templated":true}]}}