{"id":8281059,"date":"2023-06-08T10:43:45","date_gmt":"2023-06-08T09:43:45","guid":{"rendered":"https:\/\/kapitalis.com\/tunisie\/?p=8281059"},"modified":"2023-06-08T10:43:47","modified_gmt":"2023-06-08T09:43:47","slug":"zaineb-naime-pas-la-neige-de-kaouther-ben-hania-gros-plan-sur-ladolescence-et-lexil","status":"publish","type":"post","link":"https:\/\/kapitalis.com\/tunisie\/2023\/06\/08\/zaineb-naime-pas-la-neige-de-kaouther-ben-hania-gros-plan-sur-ladolescence-et-lexil\/","title":{"rendered":"\u00ab\u00a0Zaineb n&rsquo;aime pas la neige\u00a0\u00bb de Kaouther Ben Hania : Gros plan sur l&rsquo;adolescence et l&rsquo;exil"},"content":{"rendered":"\n<p><em><strong>Le film tunisien \u00ab\u00a0Zaineb n\u2019aime pas la neige\u00a0\u00bb de Kaouther Ben Hania sera projet\u00e9 le 15 juin au Cin\u00e9madart dans le cadre du programme Psychanalyse et cin\u00e9ma.<\/strong><\/em><\/p>\n\n\n\n<!--more-->\n\n\n\n<p>\u00ab\u00a0<em>Zaineb n\u2019aime pas la neige<\/em>\u00a0\u00bb est le deuxi\u00e8me long-m\u00e9trage documentaire de la cin\u00e9aste tunisienne Kaouther Ben Hania, sorti en 2016 et aur\u00e9ol\u00e9 du Tanit d\u2019or des Journ\u00e9es cin\u00e9matographiques de Carthage (JCC). Le film suit une adolescente tunisienne qui \u00e9migre avec sa m\u00e8re au Qu\u00e9bec apr\u00e8s la mort accidentelle de son p\u00e8re, mais l\u2019int\u00e9gration ne se fait pas facilement surtout \u00e0 un \u00e2ge aussi d\u00e9licat.<\/p>\n\n\n\n<p>Le Cin\u00e9madart propose au public de d\u00e9couvrir ou de red\u00e9couvrir ce film dans le cadre de la cl\u00f4ture de la saison \u00ab\u00a0Psychanalyse et cin\u00e9ma\u00a0\u00bb et de prendre part \u00e0 un d\u00e9bat autour du th\u00e8me \u00ab\u00a0<em>Adolescence et exil\u00a0: Une double transition\u00a0<\/em>\u00bb.<\/p>\n\n\n\n<p>L\u2019\u00e9v\u00e9nement aura lieu le jeudi 15 juin \u00e0 partir de 18h30.<\/p>\n\n\n\n<p class=\"has-text-align-right\"><strong>F.B<\/strong><\/p>\n","protected":false},"excerpt":{"rendered":"<p>Le film tunisien \u00ab\u00a0Zaineb n\u2019aime pas la neige\u00a0\u00bb de Kaouther Ben Hania sera projet\u00e9 le 15 juin au Cin\u00e9madart dans le cadre du programme Psychanalyse et cin\u00e9ma.<\/p>\n","protected":false},"author":26,"featured_media":8281595,"comment_status":"open","ping_status":"open","sticky":false,"template":"","format":"standard","meta":{"footnotes":""},"categories":[994,2433],"tags":[109230,22952,109231,62643,109229],"class_list":["post-8281059","post","type-post","status-publish","format-standard","has-post-thumbnail","hentry","category-culture","category-tunisie","tag-adolescence-et-exil","tag-kaouther-ben-hania","tag-psychanalyse-et-cinema","tag-tunisie","tag-zaineb-naime-pas-la-neige-2"],"yoast_head":"<!-- This site is optimized with the Yoast SEO plugin v26.6 - https:\/\/yoast.com\/wordpress\/plugins\/seo\/ -->\n<title>&quot;Zaineb n&#039;aime pas la neige&quot; de Kaouther Ben Hania : Gros plan sur l&#039;adolescence et l&#039;exil - Kapitalis<\/title>\n<meta name=\"robots\" content=\"index, follow, max-snippet:-1, max-image-preview:large, max-video-preview:-1\" \/>\n<link rel=\"canonical\" href=\"https:\/\/kapitalis.com\/tunisie\/2023\/06\/08\/zaineb-naime-pas-la-neige-de-kaouther-ben-hania-gros-plan-sur-ladolescence-et-lexil\/\" \/>\n<meta property=\"og:locale\" content=\"fr_FR\" \/>\n<meta property=\"og:type\" content=\"article\" \/>\n<meta property=\"og:title\" content=\"&quot;Zaineb n&#039;aime pas la neige&quot; de Kaouther Ben Hania : Gros plan sur l&#039;adolescence et l&#039;exil - Kapitalis\" \/>\n<meta property=\"og:description\" content=\"Le film tunisien \u00ab\u00a0Zaineb n\u2019aime pas la neige\u00a0\u00bb de Kaouther Ben Hania sera projet\u00e9 le 15 juin au Cin\u00e9madart dans le cadre du programme Psychanalyse et cin\u00e9ma.\" \/>\n<meta property=\"og:url\" content=\"https:\/\/kapitalis.com\/tunisie\/2023\/06\/08\/zaineb-naime-pas-la-neige-de-kaouther-ben-hania-gros-plan-sur-ladolescence-et-lexil\/\" \/>\n<meta property=\"og:site_name\" content=\"Kapitalis\" \/>\n<meta property=\"article:publisher\" content=\"https:\/\/www.facebook.com\/KapitalisInfo\/\" \/>\n<meta property=\"article:published_time\" content=\"2023-06-08T09:43:45+00:00\" \/>\n<meta property=\"article:modified_time\" content=\"2023-06-08T09:43:47+00:00\" \/>\n<meta property=\"og:image\" content=\"https:\/\/kapitalis.com\/tunisie\/wp-content\/uploads\/2023\/06\/Zaineb-naime-pas-la-neige.jpg\" \/>\n\t<meta property=\"og:image:width\" content=\"1200\" \/>\n\t<meta property=\"og:image:height\" content=\"630\" \/>\n\t<meta property=\"og:image:type\" content=\"image\/jpeg\" \/>\n<meta name=\"author\" content=\"Fawz BenAli\" \/>\n<meta name=\"twitter:card\" content=\"summary_large_image\" \/>\n<meta name=\"twitter:creator\" content=\"@KapitalisInfo\" \/>\n<meta name=\"twitter:site\" content=\"@KapitalisInfo\" \/>\n<meta name=\"twitter:label1\" content=\"\u00c9crit par\" \/>\n\t<meta name=\"twitter:data1\" content=\"Fawz BenAli\" \/>\n\t<meta name=\"twitter:label2\" content=\"Dur\u00e9e de lecture estim\u00e9e\" \/>\n\t<meta name=\"twitter:data2\" content=\"1 minute\" \/>\n<script type=\"application\/ld+json\" class=\"yoast-schema-graph\">{\"@context\":\"https:\/\/schema.org\",\"@graph\":[{\"@type\":\"Article\",\"@id\":\"https:\/\/kapitalis.com\/tunisie\/2023\/06\/08\/zaineb-naime-pas-la-neige-de-kaouther-ben-hania-gros-plan-sur-ladolescence-et-lexil\/#article\",\"isPartOf\":{\"@id\":\"https:\/\/kapitalis.com\/tunisie\/2023\/06\/08\/zaineb-naime-pas-la-neige-de-kaouther-ben-hania-gros-plan-sur-ladolescence-et-lexil\/\"},\"author\":{\"name\":\"Fawz BenAli\",\"@id\":\"https:\/\/kapitalis.com\/tunisie\/#\/schema\/person\/73a5ecc1f6ae540c6ed91342eadca948\"},\"headline\":\"\u00ab\u00a0Zaineb n&rsquo;aime pas la neige\u00a0\u00bb de Kaouther Ben Hania : Gros plan sur l&rsquo;adolescence et l&rsquo;exil\",\"datePublished\":\"2023-06-08T09:43:45+00:00\",\"dateModified\":\"2023-06-08T09:43:47+00:00\",\"mainEntityOfPage\":{\"@id\":\"https:\/\/kapitalis.com\/tunisie\/2023\/06\/08\/zaineb-naime-pas-la-neige-de-kaouther-ben-hania-gros-plan-sur-ladolescence-et-lexil\/\"},\"wordCount\":180,\"commentCount\":0,\"publisher\":{\"@id\":\"https:\/\/kapitalis.com\/tunisie\/#organization\"},\"image\":{\"@id\":\"https:\/\/kapitalis.com\/tunisie\/2023\/06\/08\/zaineb-naime-pas-la-neige-de-kaouther-ben-hania-gros-plan-sur-ladolescence-et-lexil\/#primaryimage\"},\"thumbnailUrl\":\"https:\/\/kapitalis.com\/tunisie\/wp-content\/uploads\/2023\/06\/Zaineb-naime-pas-la-neige.jpg\",\"keywords\":[\"adolescence et exil\",\"Kaouther Ben Hania\",\"psychanalyse et cin\u00e9ma\",\"Tunisie\",\"Zaineb n&#039;aime pas la neige\"],\"articleSection\":[\"CULTURE\",\"Tunisie\"],\"inLanguage\":\"fr-FR\",\"potentialAction\":[{\"@type\":\"CommentAction\",\"name\":\"Comment\",\"target\":[\"https:\/\/kapitalis.com\/tunisie\/2023\/06\/08\/zaineb-naime-pas-la-neige-de-kaouther-ben-hania-gros-plan-sur-ladolescence-et-lexil\/#respond\"]}]},{\"@type\":\"WebPage\",\"@id\":\"https:\/\/kapitalis.com\/tunisie\/2023\/06\/08\/zaineb-naime-pas-la-neige-de-kaouther-ben-hania-gros-plan-sur-ladolescence-et-lexil\/\",\"url\":\"https:\/\/kapitalis.com\/tunisie\/2023\/06\/08\/zaineb-naime-pas-la-neige-de-kaouther-ben-hania-gros-plan-sur-ladolescence-et-lexil\/\",\"name\":\"\\\"Zaineb n'aime pas la neige\\\" de Kaouther Ben Hania : Gros plan sur l'adolescence et l'exil - Kapitalis\",\"isPartOf\":{\"@id\":\"https:\/\/kapitalis.com\/tunisie\/#website\"},\"primaryImageOfPage\":{\"@id\":\"https:\/\/kapitalis.com\/tunisie\/2023\/06\/08\/zaineb-naime-pas-la-neige-de-kaouther-ben-hania-gros-plan-sur-ladolescence-et-lexil\/#primaryimage\"},\"image\":{\"@id\":\"https:\/\/kapitalis.com\/tunisie\/2023\/06\/08\/zaineb-naime-pas-la-neige-de-kaouther-ben-hania-gros-plan-sur-ladolescence-et-lexil\/#primaryimage\"},\"thumbnailUrl\":\"https:\/\/kapitalis.com\/tunisie\/wp-content\/uploads\/2023\/06\/Zaineb-naime-pas-la-neige.jpg\",\"datePublished\":\"2023-06-08T09:43:45+00:00\",\"dateModified\":\"2023-06-08T09:43:47+00:00\",\"breadcrumb\":{\"@id\":\"https:\/\/kapitalis.com\/tunisie\/2023\/06\/08\/zaineb-naime-pas-la-neige-de-kaouther-ben-hania-gros-plan-sur-ladolescence-et-lexil\/#breadcrumb\"},\"inLanguage\":\"fr-FR\",\"potentialAction\":[{\"@type\":\"ReadAction\",\"target\":[\"https:\/\/kapitalis.com\/tunisie\/2023\/06\/08\/zaineb-naime-pas-la-neige-de-kaouther-ben-hania-gros-plan-sur-ladolescence-et-lexil\/\"]}]},{\"@type\":\"ImageObject\",\"inLanguage\":\"fr-FR\",\"@id\":\"https:\/\/kapitalis.com\/tunisie\/2023\/06\/08\/zaineb-naime-pas-la-neige-de-kaouther-ben-hania-gros-plan-sur-ladolescence-et-lexil\/#primaryimage\",\"url\":\"https:\/\/kapitalis.com\/tunisie\/wp-content\/uploads\/2023\/06\/Zaineb-naime-pas-la-neige.jpg\",\"contentUrl\":\"https:\/\/kapitalis.com\/tunisie\/wp-content\/uploads\/2023\/06\/Zaineb-naime-pas-la-neige.jpg\",\"width\":1200,\"height\":630},{\"@type\":\"BreadcrumbList\",\"@id\":\"https:\/\/kapitalis.com\/tunisie\/2023\/06\/08\/zaineb-naime-pas-la-neige-de-kaouther-ben-hania-gros-plan-sur-ladolescence-et-lexil\/#breadcrumb\",\"itemListElement\":[{\"@type\":\"ListItem\",\"position\":1,\"name\":\"Accueil\",\"item\":\"https:\/\/kapitalis.com\/tunisie\/\"},{\"@type\":\"ListItem\",\"position\":2,\"name\":\"\u00ab\u00a0Zaineb n&rsquo;aime pas la neige\u00a0\u00bb de Kaouther Ben Hania : Gros plan sur l&rsquo;adolescence et l&rsquo;exil\"}]},{\"@type\":\"WebSite\",\"@id\":\"https:\/\/kapitalis.com\/tunisie\/#website\",\"url\":\"https:\/\/kapitalis.com\/tunisie\/\",\"name\":\"Kapitalis\",\"description\":\"L&#039;actualit\u00e9 en Tunisie et dans le monde\",\"publisher\":{\"@id\":\"https:\/\/kapitalis.com\/tunisie\/#organization\"},\"potentialAction\":[{\"@type\":\"SearchAction\",\"target\":{\"@type\":\"EntryPoint\",\"urlTemplate\":\"https:\/\/kapitalis.com\/tunisie\/?s={search_term_string}\"},\"query-input\":{\"@type\":\"PropertyValueSpecification\",\"valueRequired\":true,\"valueName\":\"search_term_string\"}}],\"inLanguage\":\"fr-FR\"},{\"@type\":\"Organization\",\"@id\":\"https:\/\/kapitalis.com\/tunisie\/#organization\",\"name\":\"Kapitalis\",\"url\":\"https:\/\/kapitalis.com\/tunisie\/\",\"logo\":{\"@type\":\"ImageObject\",\"inLanguage\":\"fr-FR\",\"@id\":\"https:\/\/kapitalis.com\/tunisie\/#\/schema\/logo\/image\/\",\"url\":\"https:\/\/kapitalis.com\/tunisie\/wp-content\/uploads\/2022\/05\/Kapitalis-big-size.png\",\"contentUrl\":\"https:\/\/kapitalis.com\/tunisie\/wp-content\/uploads\/2022\/05\/Kapitalis-big-size.png\",\"width\":5000,\"height\":1500,\"caption\":\"Kapitalis\"},\"image\":{\"@id\":\"https:\/\/kapitalis.com\/tunisie\/#\/schema\/logo\/image\/\"},\"sameAs\":[\"https:\/\/www.facebook.com\/KapitalisInfo\/\",\"https:\/\/x.com\/KapitalisInfo\",\"https:\/\/www.youtube.com\/channel\/UC-yDYrHyfFBWWZaOw3FPg9Q\"]},{\"@type\":\"Person\",\"@id\":\"https:\/\/kapitalis.com\/tunisie\/#\/schema\/person\/73a5ecc1f6ae540c6ed91342eadca948\",\"name\":\"Fawz BenAli\",\"url\":\"https:\/\/kapitalis.com\/tunisie\/author\/fawz\/\"}]}<\/script>\n<!-- \/ Yoast SEO plugin. -->","yoast_head_json":{"title":"\"Zaineb n'aime pas la neige\" de Kaouther Ben Hania : Gros plan sur l'adolescence et l'exil - Kapitalis","robots":{"index":"index","follow":"follow","max-snippet":"max-snippet:-1","max-image-preview":"max-image-preview:large","max-video-preview":"max-video-preview:-1"},"canonical":"https:\/\/kapitalis.com\/tunisie\/2023\/06\/08\/zaineb-naime-pas-la-neige-de-kaouther-ben-hania-gros-plan-sur-ladolescence-et-lexil\/","og_locale":"fr_FR","og_type":"article","og_title":"\"Zaineb n'aime pas la neige\" de Kaouther Ben Hania : Gros plan sur l'adolescence et l'exil - Kapitalis","og_description":"Le film tunisien \u00ab\u00a0Zaineb n\u2019aime pas la neige\u00a0\u00bb de Kaouther Ben Hania sera projet\u00e9 le 15 juin au Cin\u00e9madart dans le cadre du programme Psychanalyse et cin\u00e9ma.","og_url":"https:\/\/kapitalis.com\/tunisie\/2023\/06\/08\/zaineb-naime-pas-la-neige-de-kaouther-ben-hania-gros-plan-sur-ladolescence-et-lexil\/","og_site_name":"Kapitalis","article_publisher":"https:\/\/www.facebook.com\/KapitalisInfo\/","article_published_time":"2023-06-08T09:43:45+00:00","article_modified_time":"2023-06-08T09:43:47+00:00","og_image":[{"width":1200,"height":630,"url":"https:\/\/kapitalis.com\/tunisie\/wp-content\/uploads\/2023\/06\/Zaineb-naime-pas-la-neige.jpg","type":"image\/jpeg"}],"author":"Fawz BenAli","twitter_card":"summary_large_image","twitter_creator":"@KapitalisInfo","twitter_site":"@KapitalisInfo","twitter_misc":{"\u00c9crit par":"Fawz BenAli","Dur\u00e9e de lecture estim\u00e9e":"1 minute"},"schema":{"@context":"https:\/\/schema.org","@graph":[{"@type":"Article","@id":"https:\/\/kapitalis.com\/tunisie\/2023\/06\/08\/zaineb-naime-pas-la-neige-de-kaouther-ben-hania-gros-plan-sur-ladolescence-et-lexil\/#article","isPartOf":{"@id":"https:\/\/kapitalis.com\/tunisie\/2023\/06\/08\/zaineb-naime-pas-la-neige-de-kaouther-ben-hania-gros-plan-sur-ladolescence-et-lexil\/"},"author":{"name":"Fawz BenAli","@id":"https:\/\/kapitalis.com\/tunisie\/#\/schema\/person\/73a5ecc1f6ae540c6ed91342eadca948"},"headline":"\u00ab\u00a0Zaineb n&rsquo;aime pas la neige\u00a0\u00bb de Kaouther Ben Hania : Gros plan sur l&rsquo;adolescence et l&rsquo;exil","datePublished":"2023-06-08T09:43:45+00:00","dateModified":"2023-06-08T09:43:47+00:00","mainEntityOfPage":{"@id":"https:\/\/kapitalis.com\/tunisie\/2023\/06\/08\/zaineb-naime-pas-la-neige-de-kaouther-ben-hania-gros-plan-sur-ladolescence-et-lexil\/"},"wordCount":180,"commentCount":0,"publisher":{"@id":"https:\/\/kapitalis.com\/tunisie\/#organization"},"image":{"@id":"https:\/\/kapitalis.com\/tunisie\/2023\/06\/08\/zaineb-naime-pas-la-neige-de-kaouther-ben-hania-gros-plan-sur-ladolescence-et-lexil\/#primaryimage"},"thumbnailUrl":"https:\/\/kapitalis.com\/tunisie\/wp-content\/uploads\/2023\/06\/Zaineb-naime-pas-la-neige.jpg","keywords":["adolescence et exil","Kaouther Ben Hania","psychanalyse et cin\u00e9ma","Tunisie","Zaineb n&#039;aime pas la neige"],"articleSection":["CULTURE","Tunisie"],"inLanguage":"fr-FR","potentialAction":[{"@type":"CommentAction","name":"Comment","target":["https:\/\/kapitalis.com\/tunisie\/2023\/06\/08\/zaineb-naime-pas-la-neige-de-kaouther-ben-hania-gros-plan-sur-ladolescence-et-lexil\/#respond"]}]},{"@type":"WebPage","@id":"https:\/\/kapitalis.com\/tunisie\/2023\/06\/08\/zaineb-naime-pas-la-neige-de-kaouther-ben-hania-gros-plan-sur-ladolescence-et-lexil\/","url":"https:\/\/kapitalis.com\/tunisie\/2023\/06\/08\/zaineb-naime-pas-la-neige-de-kaouther-ben-hania-gros-plan-sur-ladolescence-et-lexil\/","name":"\"Zaineb n'aime pas la neige\" de Kaouther Ben Hania : Gros plan sur l'adolescence et l'exil - Kapitalis","isPartOf":{"@id":"https:\/\/kapitalis.com\/tunisie\/#website"},"primaryImageOfPage":{"@id":"https:\/\/kapitalis.com\/tunisie\/2023\/06\/08\/zaineb-naime-pas-la-neige-de-kaouther-ben-hania-gros-plan-sur-ladolescence-et-lexil\/#primaryimage"},"image":{"@id":"https:\/\/kapitalis.com\/tunisie\/2023\/06\/08\/zaineb-naime-pas-la-neige-de-kaouther-ben-hania-gros-plan-sur-ladolescence-et-lexil\/#primaryimage"},"thumbnailUrl":"https:\/\/kapitalis.com\/tunisie\/wp-content\/uploads\/2023\/06\/Zaineb-naime-pas-la-neige.jpg","datePublished":"2023-06-08T09:43:45+00:00","dateModified":"2023-06-08T09:43:47+00:00","breadcrumb":{"@id":"https:\/\/kapitalis.com\/tunisie\/2023\/06\/08\/zaineb-naime-pas-la-neige-de-kaouther-ben-hania-gros-plan-sur-ladolescence-et-lexil\/#breadcrumb"},"inLanguage":"fr-FR","potentialAction":[{"@type":"ReadAction","target":["https:\/\/kapitalis.com\/tunisie\/2023\/06\/08\/zaineb-naime-pas-la-neige-de-kaouther-ben-hania-gros-plan-sur-ladolescence-et-lexil\/"]}]},{"@type":"ImageObject","inLanguage":"fr-FR","@id":"https:\/\/kapitalis.com\/tunisie\/2023\/06\/08\/zaineb-naime-pas-la-neige-de-kaouther-ben-hania-gros-plan-sur-ladolescence-et-lexil\/#primaryimage","url":"https:\/\/kapitalis.com\/tunisie\/wp-content\/uploads\/2023\/06\/Zaineb-naime-pas-la-neige.jpg","contentUrl":"https:\/\/kapitalis.com\/tunisie\/wp-content\/uploads\/2023\/06\/Zaineb-naime-pas-la-neige.jpg","width":1200,"height":630},{"@type":"BreadcrumbList","@id":"https:\/\/kapitalis.com\/tunisie\/2023\/06\/08\/zaineb-naime-pas-la-neige-de-kaouther-ben-hania-gros-plan-sur-ladolescence-et-lexil\/#breadcrumb","itemListElement":[{"@type":"ListItem","position":1,"name":"Accueil","item":"https:\/\/kapitalis.com\/tunisie\/"},{"@type":"ListItem","position":2,"name":"\u00ab\u00a0Zaineb n&rsquo;aime pas la neige\u00a0\u00bb de Kaouther Ben Hania : Gros plan sur l&rsquo;adolescence et l&rsquo;exil"}]},{"@type":"WebSite","@id":"https:\/\/kapitalis.com\/tunisie\/#website","url":"https:\/\/kapitalis.com\/tunisie\/","name":"Kapitalis","description":"L&#039;actualit\u00e9 en Tunisie et dans le monde","publisher":{"@id":"https:\/\/kapitalis.com\/tunisie\/#organization"},"potentialAction":[{"@type":"SearchAction","target":{"@type":"EntryPoint","urlTemplate":"https:\/\/kapitalis.com\/tunisie\/?s={search_term_string}"},"query-input":{"@type":"PropertyValueSpecification","valueRequired":true,"valueName":"search_term_string"}}],"inLanguage":"fr-FR"},{"@type":"Organization","@id":"https:\/\/kapitalis.com\/tunisie\/#organization","name":"Kapitalis","url":"https:\/\/kapitalis.com\/tunisie\/","logo":{"@type":"ImageObject","inLanguage":"fr-FR","@id":"https:\/\/kapitalis.com\/tunisie\/#\/schema\/logo\/image\/","url":"https:\/\/kapitalis.com\/tunisie\/wp-content\/uploads\/2022\/05\/Kapitalis-big-size.png","contentUrl":"https:\/\/kapitalis.com\/tunisie\/wp-content\/uploads\/2022\/05\/Kapitalis-big-size.png","width":5000,"height":1500,"caption":"Kapitalis"},"image":{"@id":"https:\/\/kapitalis.com\/tunisie\/#\/schema\/logo\/image\/"},"sameAs":["https:\/\/www.facebook.com\/KapitalisInfo\/","https:\/\/x.com\/KapitalisInfo","https:\/\/www.youtube.com\/channel\/UC-yDYrHyfFBWWZaOw3FPg9Q"]},{"@type":"Person","@id":"https:\/\/kapitalis.com\/tunisie\/#\/schema\/person\/73a5ecc1f6ae540c6ed91342eadca948","name":"Fawz BenAli","url":"https:\/\/kapitalis.com\/tunisie\/author\/fawz\/"}]}},"_links":{"self":[{"href":"https:\/\/kapitalis.com\/tunisie\/wp-json\/wp\/v2\/posts\/8281059","targetHints":{"allow":["GET"]}}],"collection":[{"href":"https:\/\/kapitalis.com\/tunisie\/wp-json\/wp\/v2\/posts"}],"about":[{"href":"https:\/\/kapitalis.com\/tunisie\/wp-json\/wp\/v2\/types\/post"}],"author":[{"embeddable":true,"href":"https:\/\/kapitalis.com\/tunisie\/wp-json\/wp\/v2\/users\/26"}],"replies":[{"embeddable":true,"href":"https:\/\/kapitalis.com\/tunisie\/wp-json\/wp\/v2\/comments?post=8281059"}],"version-history":[{"count":1,"href":"https:\/\/kapitalis.com\/tunisie\/wp-json\/wp\/v2\/posts\/8281059\/revisions"}],"predecessor-version":[{"id":8281599,"href":"https:\/\/kapitalis.com\/tunisie\/wp-json\/wp\/v2\/posts\/8281059\/revisions\/8281599"}],"wp:featuredmedia":[{"embeddable":true,"href":"https:\/\/kapitalis.com\/tunisie\/wp-json\/wp\/v2\/media\/8281595"}],"wp:attachment":[{"href":"https:\/\/kapitalis.com\/tunisie\/wp-json\/wp\/v2\/media?parent=8281059"}],"wp:term":[{"taxonomy":"category","embeddable":true,"href":"https:\/\/kapitalis.com\/tunisie\/wp-json\/wp\/v2\/categories?post=8281059"},{"taxonomy":"post_tag","embeddable":true,"href":"https:\/\/kapitalis.com\/tunisie\/wp-json\/wp\/v2\/tags?post=8281059"}],"curies":[{"name":"wp","href":"https:\/\/api.w.org\/{rel}","templated":true}]}}