{"id":82858,"date":"2017-02-13T10:47:01","date_gmt":"2017-02-13T09:47:01","guid":{"rendered":"http:\/\/kapitalis.com\/tunisie\/?p=82858"},"modified":"2017-02-13T10:47:01","modified_gmt":"2017-02-13T09:47:01","slug":"des-journees-algerie-libye-et-burkina-au-salon-medibat-2017","status":"publish","type":"post","link":"https:\/\/kapitalis.com\/tunisie\/2017\/02\/13\/des-journees-algerie-libye-et-burkina-au-salon-medibat-2017\/","title":{"rendered":"Des journ\u00e9es Alg\u00e9rie, Libye et Burkina au salon Medibat 2017"},"content":{"rendered":"<p><img loading=\"lazy\" decoding=\"async\" class=\"alignnone size-full wp-image-82859 aligncenter\" src=\"http:\/\/kapitalis.com\/tunisie\/wp-content\/uploads\/2017\/02\/Medibat-2017.jpg\" alt=\"\" width=\"626\" height=\"380\" \/><\/p>\n<p><em><strong>La 14e \u00e9dition du Salon m\u00e9diterran\u00e9en du b\u00e2timent (Medibat 2017) se tiendra du 8 au 11 mars 2017 \u00e0 Sfax.<\/strong> <\/em><\/p>\n<p><!--more--><\/p>\n<p>Organis\u00e9 par la Chambre de commerce et d\u2019industrie de Sfax (CCIS), ce salon sera marqu\u00e9 par l\u2019organisation de trois journ\u00e9es-pays, consacr\u00e9es \u00e0 l\u2019Alg\u00e9rie, la Libye et le Burkina-Faso, qui visent \u00e0 confirmer la dimension internationale du salon et l\u2019importance de la participation \u00e9trang\u00e8re, avec la confirmation de la participation d\u2019entreprises maghr\u00e9bines, africaines, de Chine et de Turquie.<\/p>\n<p>La <em>\u00abJourn\u00e9e Alg\u00e9rie\u00bb<\/em> sera marqu\u00e9e par la pr\u00e9sence d\u2019hommes d\u2019affaires, de professionnels et de d\u00e9cideurs alg\u00e9riens qui auront des s\u00e9ances de partenariat avec leurs homologues tunisiens. Le 1er responsable du m\u00e9gaprojet de <em>\u00abLa nouvelle Annaba &#8211; Draa Erriche\u00bb<\/em> exposera \u00e0 cette occasion les grandes lignes de ce projet et les opportunit\u00e9s de partenariat qu\u2019il offre.<\/p>\n<p>Ont, \u00e9galement, confirm\u00e9 leur pr\u00e9sence, des repr\u00e9sentants des chambres de commerce d\u2019Annaba, Borj Bou Aririj, Kossentina, Guelma, Khanchela, Souk Ahras et Batna et d\u2019autres structures officielles et institutions \u00e9conomiques, notamment l\u2019Agence alg\u00e9rienne de promotion des exportations (Algex) et l\u2019Agence nationale de d\u00e9veloppement de l\u2019investissement (Andi).<\/p>\n<p>La \u00ab<em>Journ\u00e9e Libye<\/em>\u00bb, tenue sous le th\u00e8me <em>\u00abReconstruire la Libye\u00bb<\/em>, sera marqu\u00e9e par la venue \u00e0 Sfax d\u2019une importante d\u00e9l\u00e9gation officielle de ce pays voisin de la Tunisie. Le pavillon libyen se transformera, \u00e0 l\u2019occasion, en une bourse de projets d\u2019infrastructures, en pr\u00e9sence de donneurs d\u2019ordres libyens, de pr\u00e9sidents de conseils municipaux et de responsables d\u2019organismes de soutien \u00e0 l\u2019investissement.<\/p>\n<p>Plus de 200 projets d\u2019infrastructure et de reconstruction doivent \u00eatre pr\u00e9sent\u00e9s par les repr\u00e9sentants de 20 institutions gouvernementales et 40 municipalit\u00e9s.<\/p>\n<p>Les rencontres B2B, qui se tiendront au pavillon, seront r\u00e9serv\u00e9es aux exposants du salon et aux entreprises inscrites aupr\u00e8s des services de la CCIS.<\/p>\n<p>La \u00ab<em>Journ\u00e9e Burkina-Faso\u00bb<\/em> verra, elle aussi, la participation d\u2019importantes personnalit\u00e9s dont le ministre du Commerce, de l\u2019Industrie et de l\u2019Artisanat, le ministre de l\u2019Habitat et de l\u2019Urbanisme, ainsi que des experts et hommes d\u2019affaires du secteur.<\/p>\n<p>C\u00f4t\u00e9 tunisien, on annonce la pr\u00e9sence d\u2019experts et responsables du minist\u00e8re du Commerce et de l\u2019Industrie, du minist\u00e8re de l\u2019Equipement et de l\u2019Habitat, de l\u2019Agence de promotion de l\u2019investissement ext\u00e9rieur (Fipa) et de la Banque maghr\u00e9bine d\u2019investissement et de commerce ext\u00e9rieur (BMICE).<\/p>\n<p>Des projets d\u2019infrastructure pr\u00eats pour la r\u00e9alisation au Burkina-Faso seront pr\u00e9sent\u00e9s \u00e0 cette occasion, affirment les organisateurs.<\/p>\n<p style=\"text-align: right;\"><strong>I. B.<\/strong> (avec communiqu\u00e9).<\/p>\n","protected":false},"excerpt":{"rendered":"<p>La 14e \u00e9dition du Salon m\u00e9diterran\u00e9en du b\u00e2timent (Medibat 2017) se tiendra du 8 au 11 mars 2017 \u00e0 Sfax.<\/p>\n","protected":false},"author":8,"featured_media":82859,"comment_status":"open","ping_status":"open","sticky":false,"template":"","format":"standard","meta":{"footnotes":""},"categories":[995,2433],"tags":[64,3663,1328],"class_list":["post-82858","post","type-post","status-publish","format-standard","has-post-thumbnail","hentry","category-economie","category-tunisie","tag-algerie","tag-burkina-faso","tag-fipa"],"yoast_head":"<!-- This site is optimized with the Yoast SEO plugin v26.6 - https:\/\/yoast.com\/wordpress\/plugins\/seo\/ -->\n<title>Des journ\u00e9es Alg\u00e9rie, Libye et Burkina au salon Medibat 2017 - Kapitalis<\/title>\n<meta name=\"robots\" content=\"index, follow, max-snippet:-1, max-image-preview:large, max-video-preview:-1\" \/>\n<link rel=\"canonical\" href=\"https:\/\/kapitalis.com\/tunisie\/2017\/02\/13\/des-journees-algerie-libye-et-burkina-au-salon-medibat-2017\/\" \/>\n<meta property=\"og:locale\" content=\"fr_FR\" \/>\n<meta property=\"og:type\" content=\"article\" \/>\n<meta property=\"og:title\" content=\"Des journ\u00e9es Alg\u00e9rie, Libye et Burkina au salon Medibat 2017 - Kapitalis\" \/>\n<meta property=\"og:description\" content=\"La 14e \u00e9dition du Salon m\u00e9diterran\u00e9en du b\u00e2timent (Medibat 2017) se tiendra du 8 au 11 mars 2017 \u00e0 Sfax.\" \/>\n<meta property=\"og:url\" content=\"https:\/\/kapitalis.com\/tunisie\/2017\/02\/13\/des-journees-algerie-libye-et-burkina-au-salon-medibat-2017\/\" \/>\n<meta property=\"og:site_name\" content=\"Kapitalis\" \/>\n<meta property=\"article:publisher\" content=\"https:\/\/www.facebook.com\/KapitalisInfo\/\" \/>\n<meta property=\"article:published_time\" content=\"2017-02-13T09:47:01+00:00\" \/>\n<meta property=\"og:image\" content=\"https:\/\/kapitalis.com\/tunisie\/wp-content\/uploads\/2022\/05\/kapitalis-logo-fb.png\" \/>\n\t<meta property=\"og:image:width\" content=\"1200\" \/>\n\t<meta property=\"og:image:height\" content=\"630\" \/>\n\t<meta property=\"og:image:type\" content=\"image\/png\" \/>\n<meta name=\"author\" content=\"webmaster kapitalis\" \/>\n<meta name=\"twitter:card\" content=\"summary_large_image\" \/>\n<meta name=\"twitter:creator\" content=\"@KapitalisInfo\" \/>\n<meta name=\"twitter:site\" content=\"@KapitalisInfo\" \/>\n<meta name=\"twitter:label1\" content=\"\u00c9crit par\" \/>\n\t<meta name=\"twitter:data1\" content=\"webmaster kapitalis\" \/>\n\t<meta name=\"twitter:label2\" content=\"Dur\u00e9e de lecture estim\u00e9e\" \/>\n\t<meta name=\"twitter:data2\" content=\"2 minutes\" \/>\n<script type=\"application\/ld+json\" class=\"yoast-schema-graph\">{\"@context\":\"https:\/\/schema.org\",\"@graph\":[{\"@type\":\"Article\",\"@id\":\"https:\/\/kapitalis.com\/tunisie\/2017\/02\/13\/des-journees-algerie-libye-et-burkina-au-salon-medibat-2017\/#article\",\"isPartOf\":{\"@id\":\"https:\/\/kapitalis.com\/tunisie\/2017\/02\/13\/des-journees-algerie-libye-et-burkina-au-salon-medibat-2017\/\"},\"author\":{\"name\":\"webmaster kapitalis\",\"@id\":\"https:\/\/kapitalis.com\/tunisie\/#\/schema\/person\/d71f33a9ca44f7bad4698210b480c8e9\"},\"headline\":\"Des journ\u00e9es Alg\u00e9rie, Libye et Burkina au salon Medibat 2017\",\"datePublished\":\"2017-02-13T09:47:01+00:00\",\"mainEntityOfPage\":{\"@id\":\"https:\/\/kapitalis.com\/tunisie\/2017\/02\/13\/des-journees-algerie-libye-et-burkina-au-salon-medibat-2017\/\"},\"wordCount\":460,\"commentCount\":0,\"publisher\":{\"@id\":\"https:\/\/kapitalis.com\/tunisie\/#organization\"},\"image\":{\"@id\":\"https:\/\/kapitalis.com\/tunisie\/2017\/02\/13\/des-journees-algerie-libye-et-burkina-au-salon-medibat-2017\/#primaryimage\"},\"thumbnailUrl\":\"\",\"keywords\":[\"Alg\u00e9rie\",\"Burkina-Faso\",\"Fipa\"],\"articleSection\":[\"ECONOMIE\",\"Tunisie\"],\"inLanguage\":\"fr-FR\",\"potentialAction\":[{\"@type\":\"CommentAction\",\"name\":\"Comment\",\"target\":[\"https:\/\/kapitalis.com\/tunisie\/2017\/02\/13\/des-journees-algerie-libye-et-burkina-au-salon-medibat-2017\/#respond\"]}]},{\"@type\":\"WebPage\",\"@id\":\"https:\/\/kapitalis.com\/tunisie\/2017\/02\/13\/des-journees-algerie-libye-et-burkina-au-salon-medibat-2017\/\",\"url\":\"https:\/\/kapitalis.com\/tunisie\/2017\/02\/13\/des-journees-algerie-libye-et-burkina-au-salon-medibat-2017\/\",\"name\":\"Des journ\u00e9es Alg\u00e9rie, Libye et Burkina au salon Medibat 2017 - Kapitalis\",\"isPartOf\":{\"@id\":\"https:\/\/kapitalis.com\/tunisie\/#website\"},\"primaryImageOfPage\":{\"@id\":\"https:\/\/kapitalis.com\/tunisie\/2017\/02\/13\/des-journees-algerie-libye-et-burkina-au-salon-medibat-2017\/#primaryimage\"},\"image\":{\"@id\":\"https:\/\/kapitalis.com\/tunisie\/2017\/02\/13\/des-journees-algerie-libye-et-burkina-au-salon-medibat-2017\/#primaryimage\"},\"thumbnailUrl\":\"\",\"datePublished\":\"2017-02-13T09:47:01+00:00\",\"breadcrumb\":{\"@id\":\"https:\/\/kapitalis.com\/tunisie\/2017\/02\/13\/des-journees-algerie-libye-et-burkina-au-salon-medibat-2017\/#breadcrumb\"},\"inLanguage\":\"fr-FR\",\"potentialAction\":[{\"@type\":\"ReadAction\",\"target\":[\"https:\/\/kapitalis.com\/tunisie\/2017\/02\/13\/des-journees-algerie-libye-et-burkina-au-salon-medibat-2017\/\"]}]},{\"@type\":\"ImageObject\",\"inLanguage\":\"fr-FR\",\"@id\":\"https:\/\/kapitalis.com\/tunisie\/2017\/02\/13\/des-journees-algerie-libye-et-burkina-au-salon-medibat-2017\/#primaryimage\",\"url\":\"\",\"contentUrl\":\"\"},{\"@type\":\"BreadcrumbList\",\"@id\":\"https:\/\/kapitalis.com\/tunisie\/2017\/02\/13\/des-journees-algerie-libye-et-burkina-au-salon-medibat-2017\/#breadcrumb\",\"itemListElement\":[{\"@type\":\"ListItem\",\"position\":1,\"name\":\"Accueil\",\"item\":\"https:\/\/kapitalis.com\/tunisie\/\"},{\"@type\":\"ListItem\",\"position\":2,\"name\":\"Des journ\u00e9es Alg\u00e9rie, Libye et Burkina au salon Medibat 2017\"}]},{\"@type\":\"WebSite\",\"@id\":\"https:\/\/kapitalis.com\/tunisie\/#website\",\"url\":\"https:\/\/kapitalis.com\/tunisie\/\",\"name\":\"Kapitalis\",\"description\":\"L&#039;actualit\u00e9 en Tunisie et dans le monde\",\"publisher\":{\"@id\":\"https:\/\/kapitalis.com\/tunisie\/#organization\"},\"potentialAction\":[{\"@type\":\"SearchAction\",\"target\":{\"@type\":\"EntryPoint\",\"urlTemplate\":\"https:\/\/kapitalis.com\/tunisie\/?s={search_term_string}\"},\"query-input\":{\"@type\":\"PropertyValueSpecification\",\"valueRequired\":true,\"valueName\":\"search_term_string\"}}],\"inLanguage\":\"fr-FR\"},{\"@type\":\"Organization\",\"@id\":\"https:\/\/kapitalis.com\/tunisie\/#organization\",\"name\":\"Kapitalis\",\"url\":\"https:\/\/kapitalis.com\/tunisie\/\",\"logo\":{\"@type\":\"ImageObject\",\"inLanguage\":\"fr-FR\",\"@id\":\"https:\/\/kapitalis.com\/tunisie\/#\/schema\/logo\/image\/\",\"url\":\"https:\/\/kapitalis.com\/tunisie\/wp-content\/uploads\/2022\/05\/Kapitalis-big-size.png\",\"contentUrl\":\"https:\/\/kapitalis.com\/tunisie\/wp-content\/uploads\/2022\/05\/Kapitalis-big-size.png\",\"width\":5000,\"height\":1500,\"caption\":\"Kapitalis\"},\"image\":{\"@id\":\"https:\/\/kapitalis.com\/tunisie\/#\/schema\/logo\/image\/\"},\"sameAs\":[\"https:\/\/www.facebook.com\/KapitalisInfo\/\",\"https:\/\/x.com\/KapitalisInfo\",\"https:\/\/www.youtube.com\/channel\/UC-yDYrHyfFBWWZaOw3FPg9Q\"]},{\"@type\":\"Person\",\"@id\":\"https:\/\/kapitalis.com\/tunisie\/#\/schema\/person\/d71f33a9ca44f7bad4698210b480c8e9\",\"name\":\"webmaster kapitalis\",\"url\":\"https:\/\/kapitalis.com\/tunisie\/author\/webmaster-kapitalis\/\"}]}<\/script>\n<!-- \/ Yoast SEO plugin. -->","yoast_head_json":{"title":"Des journ\u00e9es Alg\u00e9rie, Libye et Burkina au salon Medibat 2017 - Kapitalis","robots":{"index":"index","follow":"follow","max-snippet":"max-snippet:-1","max-image-preview":"max-image-preview:large","max-video-preview":"max-video-preview:-1"},"canonical":"https:\/\/kapitalis.com\/tunisie\/2017\/02\/13\/des-journees-algerie-libye-et-burkina-au-salon-medibat-2017\/","og_locale":"fr_FR","og_type":"article","og_title":"Des journ\u00e9es Alg\u00e9rie, Libye et Burkina au salon Medibat 2017 - Kapitalis","og_description":"La 14e \u00e9dition du Salon m\u00e9diterran\u00e9en du b\u00e2timent (Medibat 2017) se tiendra du 8 au 11 mars 2017 \u00e0 Sfax.","og_url":"https:\/\/kapitalis.com\/tunisie\/2017\/02\/13\/des-journees-algerie-libye-et-burkina-au-salon-medibat-2017\/","og_site_name":"Kapitalis","article_publisher":"https:\/\/www.facebook.com\/KapitalisInfo\/","article_published_time":"2017-02-13T09:47:01+00:00","og_image":[{"width":1200,"height":630,"url":"https:\/\/kapitalis.com\/tunisie\/wp-content\/uploads\/2022\/05\/kapitalis-logo-fb.png","type":"image\/png"}],"author":"webmaster kapitalis","twitter_card":"summary_large_image","twitter_creator":"@KapitalisInfo","twitter_site":"@KapitalisInfo","twitter_misc":{"\u00c9crit par":"webmaster kapitalis","Dur\u00e9e de lecture estim\u00e9e":"2 minutes"},"schema":{"@context":"https:\/\/schema.org","@graph":[{"@type":"Article","@id":"https:\/\/kapitalis.com\/tunisie\/2017\/02\/13\/des-journees-algerie-libye-et-burkina-au-salon-medibat-2017\/#article","isPartOf":{"@id":"https:\/\/kapitalis.com\/tunisie\/2017\/02\/13\/des-journees-algerie-libye-et-burkina-au-salon-medibat-2017\/"},"author":{"name":"webmaster kapitalis","@id":"https:\/\/kapitalis.com\/tunisie\/#\/schema\/person\/d71f33a9ca44f7bad4698210b480c8e9"},"headline":"Des journ\u00e9es Alg\u00e9rie, Libye et Burkina au salon Medibat 2017","datePublished":"2017-02-13T09:47:01+00:00","mainEntityOfPage":{"@id":"https:\/\/kapitalis.com\/tunisie\/2017\/02\/13\/des-journees-algerie-libye-et-burkina-au-salon-medibat-2017\/"},"wordCount":460,"commentCount":0,"publisher":{"@id":"https:\/\/kapitalis.com\/tunisie\/#organization"},"image":{"@id":"https:\/\/kapitalis.com\/tunisie\/2017\/02\/13\/des-journees-algerie-libye-et-burkina-au-salon-medibat-2017\/#primaryimage"},"thumbnailUrl":"","keywords":["Alg\u00e9rie","Burkina-Faso","Fipa"],"articleSection":["ECONOMIE","Tunisie"],"inLanguage":"fr-FR","potentialAction":[{"@type":"CommentAction","name":"Comment","target":["https:\/\/kapitalis.com\/tunisie\/2017\/02\/13\/des-journees-algerie-libye-et-burkina-au-salon-medibat-2017\/#respond"]}]},{"@type":"WebPage","@id":"https:\/\/kapitalis.com\/tunisie\/2017\/02\/13\/des-journees-algerie-libye-et-burkina-au-salon-medibat-2017\/","url":"https:\/\/kapitalis.com\/tunisie\/2017\/02\/13\/des-journees-algerie-libye-et-burkina-au-salon-medibat-2017\/","name":"Des journ\u00e9es Alg\u00e9rie, Libye et Burkina au salon Medibat 2017 - Kapitalis","isPartOf":{"@id":"https:\/\/kapitalis.com\/tunisie\/#website"},"primaryImageOfPage":{"@id":"https:\/\/kapitalis.com\/tunisie\/2017\/02\/13\/des-journees-algerie-libye-et-burkina-au-salon-medibat-2017\/#primaryimage"},"image":{"@id":"https:\/\/kapitalis.com\/tunisie\/2017\/02\/13\/des-journees-algerie-libye-et-burkina-au-salon-medibat-2017\/#primaryimage"},"thumbnailUrl":"","datePublished":"2017-02-13T09:47:01+00:00","breadcrumb":{"@id":"https:\/\/kapitalis.com\/tunisie\/2017\/02\/13\/des-journees-algerie-libye-et-burkina-au-salon-medibat-2017\/#breadcrumb"},"inLanguage":"fr-FR","potentialAction":[{"@type":"ReadAction","target":["https:\/\/kapitalis.com\/tunisie\/2017\/02\/13\/des-journees-algerie-libye-et-burkina-au-salon-medibat-2017\/"]}]},{"@type":"ImageObject","inLanguage":"fr-FR","@id":"https:\/\/kapitalis.com\/tunisie\/2017\/02\/13\/des-journees-algerie-libye-et-burkina-au-salon-medibat-2017\/#primaryimage","url":"","contentUrl":""},{"@type":"BreadcrumbList","@id":"https:\/\/kapitalis.com\/tunisie\/2017\/02\/13\/des-journees-algerie-libye-et-burkina-au-salon-medibat-2017\/#breadcrumb","itemListElement":[{"@type":"ListItem","position":1,"name":"Accueil","item":"https:\/\/kapitalis.com\/tunisie\/"},{"@type":"ListItem","position":2,"name":"Des journ\u00e9es Alg\u00e9rie, Libye et Burkina au salon Medibat 2017"}]},{"@type":"WebSite","@id":"https:\/\/kapitalis.com\/tunisie\/#website","url":"https:\/\/kapitalis.com\/tunisie\/","name":"Kapitalis","description":"L&#039;actualit\u00e9 en Tunisie et dans le monde","publisher":{"@id":"https:\/\/kapitalis.com\/tunisie\/#organization"},"potentialAction":[{"@type":"SearchAction","target":{"@type":"EntryPoint","urlTemplate":"https:\/\/kapitalis.com\/tunisie\/?s={search_term_string}"},"query-input":{"@type":"PropertyValueSpecification","valueRequired":true,"valueName":"search_term_string"}}],"inLanguage":"fr-FR"},{"@type":"Organization","@id":"https:\/\/kapitalis.com\/tunisie\/#organization","name":"Kapitalis","url":"https:\/\/kapitalis.com\/tunisie\/","logo":{"@type":"ImageObject","inLanguage":"fr-FR","@id":"https:\/\/kapitalis.com\/tunisie\/#\/schema\/logo\/image\/","url":"https:\/\/kapitalis.com\/tunisie\/wp-content\/uploads\/2022\/05\/Kapitalis-big-size.png","contentUrl":"https:\/\/kapitalis.com\/tunisie\/wp-content\/uploads\/2022\/05\/Kapitalis-big-size.png","width":5000,"height":1500,"caption":"Kapitalis"},"image":{"@id":"https:\/\/kapitalis.com\/tunisie\/#\/schema\/logo\/image\/"},"sameAs":["https:\/\/www.facebook.com\/KapitalisInfo\/","https:\/\/x.com\/KapitalisInfo","https:\/\/www.youtube.com\/channel\/UC-yDYrHyfFBWWZaOw3FPg9Q"]},{"@type":"Person","@id":"https:\/\/kapitalis.com\/tunisie\/#\/schema\/person\/d71f33a9ca44f7bad4698210b480c8e9","name":"webmaster kapitalis","url":"https:\/\/kapitalis.com\/tunisie\/author\/webmaster-kapitalis\/"}]}},"_links":{"self":[{"href":"https:\/\/kapitalis.com\/tunisie\/wp-json\/wp\/v2\/posts\/82858","targetHints":{"allow":["GET"]}}],"collection":[{"href":"https:\/\/kapitalis.com\/tunisie\/wp-json\/wp\/v2\/posts"}],"about":[{"href":"https:\/\/kapitalis.com\/tunisie\/wp-json\/wp\/v2\/types\/post"}],"author":[{"embeddable":true,"href":"https:\/\/kapitalis.com\/tunisie\/wp-json\/wp\/v2\/users\/8"}],"replies":[{"embeddable":true,"href":"https:\/\/kapitalis.com\/tunisie\/wp-json\/wp\/v2\/comments?post=82858"}],"version-history":[{"count":0,"href":"https:\/\/kapitalis.com\/tunisie\/wp-json\/wp\/v2\/posts\/82858\/revisions"}],"wp:featuredmedia":[{"embeddable":true,"href":"https:\/\/kapitalis.com\/tunisie\/wp-json\/wp\/v2\/media\/82859"}],"wp:attachment":[{"href":"https:\/\/kapitalis.com\/tunisie\/wp-json\/wp\/v2\/media?parent=82858"}],"wp:term":[{"taxonomy":"category","embeddable":true,"href":"https:\/\/kapitalis.com\/tunisie\/wp-json\/wp\/v2\/categories?post=82858"},{"taxonomy":"post_tag","embeddable":true,"href":"https:\/\/kapitalis.com\/tunisie\/wp-json\/wp\/v2\/tags?post=82858"}],"curies":[{"name":"wp","href":"https:\/\/api.w.org\/{rel}","templated":true}]}}