{"id":82861,"date":"2017-02-13T12:16:31","date_gmt":"2017-02-13T11:16:31","guid":{"rendered":"http:\/\/kapitalis.com\/tunisie\/?p=82861"},"modified":"2017-02-13T12:16:31","modified_gmt":"2017-02-13T11:16:31","slug":"me-nasraoui-dement-avoir-donne-raison-a-marzouki","status":"publish","type":"post","link":"https:\/\/kapitalis.com\/tunisie\/2017\/02\/13\/me-nasraoui-dement-avoir-donne-raison-a-marzouki\/","title":{"rendered":"Me Nasraoui d\u00e9ment avoir donn\u00e9 raison \u00e0 Marzouki"},"content":{"rendered":"<p style=\"text-align: center;\"><img loading=\"lazy\" decoding=\"async\" class=\"alignnone size-full wp-image-82863\" src=\"http:\/\/kapitalis.com\/tunisie\/wp-content\/uploads\/2017\/02\/Radhia-Nasraoui-Moncef-Marzouki.jpg\" alt=\"\" width=\"626\" height=\"380\" \/><\/p>\n<p><em><strong>L&rsquo;avocate et militante des droits de l\u2019homme Radhia Nasraoui a d\u00e9menti avoir donn\u00e9 raison \u00e0\u00a0l&rsquo;ancien pr\u00e9sident Moncef Marzouki, qui a\u00a0insult\u00e9\u00a0les Tunisiens.<\/strong><\/em><\/p>\n<p><!--more--><\/p>\n<p>Depuis Gen\u00e8ve, o\u00f9 elle assiste \u00e0 une r\u00e9union du sous-comit\u00e9 des Nations unis pour la pr\u00e9vention contre la torture, Me\u00a0Nasraoui a d\u00e9menti \u00e0 Kapitalis avoir soutenu Moncef Marzouki, qui a <a href=\"http:\/\/kapitalis.com\/tunisie\/2017\/02\/11\/insultes-de-marzouki-contre-les-tunisiens-leila-toubel-porte-plainte\/\">insult\u00e9 les Tunisiens sur Al-Jazeera,<\/a> comme cela avait \u00e9t\u00e9 affirm\u00e9 par <em>\u00ab\u00a0Assabah News\u00a0\u00bb<\/em> et repris par plusieurs m\u00e9dias.<\/p>\n<p>\u00ab<em>Le titre d\u2019Assabah News n\u2019a rien \u00e0 voir avec mes d\u00e9clarations.\u00a0En cherchant\u00a0le buzz m\u00e9diatique, le journal\u00a0a d\u00e9natur\u00e9\u00a0mes propos. J\u2019ai d\u00e9clar\u00e9 que les maux sociaux \u00e9voqu\u00e9s par Marzouki (hypocrisie, mensonge et corruption) existent \u00a0en Tunisie, mais qu&rsquo;il faut se garder de\u00a0g\u00e9n\u00e9raliser et de les faire endosser \u00e0 tous les Tunisiens<\/em>\u00bb, a pr\u00e9cis\u00e9 Me Nasraoui, ajoutant que lui faire dire qu\u2019elle confirme les propos de l\u2019ex-pr\u00e9sident provisoire s\u2019inscrit dans une volont\u00e9 de\u00a0d\u00e9sinformation.<\/p>\n<p>La g\u00e9n\u00e9ralisation est injuste et malhonn\u00eate, estime Me\u00a0Nasraoui, car, ajoute-t-elle,\u00a0il y a une frange de la soci\u00e9t\u00e9 qui a des valeurs et des principes et qui lutte pour les faire valoir et pour faire de la Tunisie un pays de libert\u00e9s, de d\u00e9mocratie, de transparence et de paix.<\/p>\n<p>Notre soci\u00e9t\u00e9 a besoin de conna\u00eetre ses d\u00e9fauts pour pouvoir\u00a0les changer et\u00a0progresser, mais cela reste, \u00e9videmment, notre cuisine interne et il ne faut pas \u00e9taler nos maux dans des m\u00e9dias \u00e9trangers.<\/p>\n<p style=\"text-align: right;\"><strong>Y. N.<\/strong><\/p>\n","protected":false},"excerpt":{"rendered":"<p>L&rsquo;avocate et militante des droits de l\u2019homme Radhia Nasraoui a d\u00e9menti avoir donn\u00e9 raison \u00e0\u00a0l&rsquo;ancien pr\u00e9sident Moncef Marzouki, qui a\u00a0insult\u00e9\u00a0les Tunisiens.<\/p>\n","protected":false},"author":6,"featured_media":82863,"comment_status":"open","ping_status":"open","sticky":false,"template":"","format":"standard","meta":{"footnotes":""},"categories":[996,2433],"tags":[2794,634,759],"class_list":["post-82861","post","type-post","status-publish","format-standard","has-post-thumbnail","hentry","category-media","category-tunisie","tag-geneve","tag-moncef-marzouki","tag-radhia-nasraoui"],"yoast_head":"<!-- This site is optimized with the Yoast SEO plugin v26.6 - https:\/\/yoast.com\/wordpress\/plugins\/seo\/ -->\n<title>Me Nasraoui d\u00e9ment avoir donn\u00e9 raison \u00e0 Marzouki - Kapitalis<\/title>\n<meta name=\"robots\" content=\"index, follow, max-snippet:-1, max-image-preview:large, max-video-preview:-1\" \/>\n<link rel=\"canonical\" href=\"https:\/\/kapitalis.com\/tunisie\/2017\/02\/13\/me-nasraoui-dement-avoir-donne-raison-a-marzouki\/\" \/>\n<meta property=\"og:locale\" content=\"fr_FR\" \/>\n<meta property=\"og:type\" content=\"article\" \/>\n<meta property=\"og:title\" content=\"Me Nasraoui d\u00e9ment avoir donn\u00e9 raison \u00e0 Marzouki - Kapitalis\" \/>\n<meta property=\"og:description\" content=\"L&rsquo;avocate et militante des droits de l\u2019homme Radhia Nasraoui a d\u00e9menti avoir donn\u00e9 raison \u00e0\u00a0l&rsquo;ancien pr\u00e9sident Moncef Marzouki, qui a\u00a0insult\u00e9\u00a0les Tunisiens.\" \/>\n<meta property=\"og:url\" content=\"https:\/\/kapitalis.com\/tunisie\/2017\/02\/13\/me-nasraoui-dement-avoir-donne-raison-a-marzouki\/\" \/>\n<meta property=\"og:site_name\" content=\"Kapitalis\" \/>\n<meta property=\"article:publisher\" content=\"https:\/\/www.facebook.com\/KapitalisInfo\/\" \/>\n<meta property=\"article:published_time\" content=\"2017-02-13T11:16:31+00:00\" \/>\n<meta property=\"og:image\" content=\"https:\/\/kapitalis.com\/tunisie\/wp-content\/uploads\/2022\/05\/kapitalis-logo-fb.png\" \/>\n\t<meta property=\"og:image:width\" content=\"1200\" \/>\n\t<meta property=\"og:image:height\" content=\"630\" \/>\n\t<meta property=\"og:image:type\" content=\"image\/png\" \/>\n<meta name=\"author\" content=\"Yusra NY\" \/>\n<meta name=\"twitter:card\" content=\"summary_large_image\" \/>\n<meta name=\"twitter:creator\" content=\"@KapitalisInfo\" \/>\n<meta name=\"twitter:site\" content=\"@KapitalisInfo\" \/>\n<meta name=\"twitter:label1\" content=\"\u00c9crit par\" \/>\n\t<meta name=\"twitter:data1\" content=\"Yusra NY\" \/>\n\t<meta name=\"twitter:label2\" content=\"Dur\u00e9e de lecture estim\u00e9e\" \/>\n\t<meta name=\"twitter:data2\" content=\"1 minute\" \/>\n<script type=\"application\/ld+json\" class=\"yoast-schema-graph\">{\"@context\":\"https:\/\/schema.org\",\"@graph\":[{\"@type\":\"Article\",\"@id\":\"https:\/\/kapitalis.com\/tunisie\/2017\/02\/13\/me-nasraoui-dement-avoir-donne-raison-a-marzouki\/#article\",\"isPartOf\":{\"@id\":\"https:\/\/kapitalis.com\/tunisie\/2017\/02\/13\/me-nasraoui-dement-avoir-donne-raison-a-marzouki\/\"},\"author\":{\"name\":\"Yusra NY\",\"@id\":\"https:\/\/kapitalis.com\/tunisie\/#\/schema\/person\/74bbde0154d49d790a92aaeac5bc01d5\"},\"headline\":\"Me Nasraoui d\u00e9ment avoir donn\u00e9 raison \u00e0 Marzouki\",\"datePublished\":\"2017-02-13T11:16:31+00:00\",\"mainEntityOfPage\":{\"@id\":\"https:\/\/kapitalis.com\/tunisie\/2017\/02\/13\/me-nasraoui-dement-avoir-donne-raison-a-marzouki\/\"},\"wordCount\":271,\"commentCount\":2,\"publisher\":{\"@id\":\"https:\/\/kapitalis.com\/tunisie\/#organization\"},\"image\":{\"@id\":\"https:\/\/kapitalis.com\/tunisie\/2017\/02\/13\/me-nasraoui-dement-avoir-donne-raison-a-marzouki\/#primaryimage\"},\"thumbnailUrl\":\"\",\"keywords\":[\"Gen\u00e8ve\",\"Moncef Marzouki\",\"Radhia Nasraoui\"],\"articleSection\":[\"MEDIA\",\"Tunisie\"],\"inLanguage\":\"fr-FR\",\"potentialAction\":[{\"@type\":\"CommentAction\",\"name\":\"Comment\",\"target\":[\"https:\/\/kapitalis.com\/tunisie\/2017\/02\/13\/me-nasraoui-dement-avoir-donne-raison-a-marzouki\/#respond\"]}]},{\"@type\":\"WebPage\",\"@id\":\"https:\/\/kapitalis.com\/tunisie\/2017\/02\/13\/me-nasraoui-dement-avoir-donne-raison-a-marzouki\/\",\"url\":\"https:\/\/kapitalis.com\/tunisie\/2017\/02\/13\/me-nasraoui-dement-avoir-donne-raison-a-marzouki\/\",\"name\":\"Me Nasraoui d\u00e9ment avoir donn\u00e9 raison \u00e0 Marzouki - Kapitalis\",\"isPartOf\":{\"@id\":\"https:\/\/kapitalis.com\/tunisie\/#website\"},\"primaryImageOfPage\":{\"@id\":\"https:\/\/kapitalis.com\/tunisie\/2017\/02\/13\/me-nasraoui-dement-avoir-donne-raison-a-marzouki\/#primaryimage\"},\"image\":{\"@id\":\"https:\/\/kapitalis.com\/tunisie\/2017\/02\/13\/me-nasraoui-dement-avoir-donne-raison-a-marzouki\/#primaryimage\"},\"thumbnailUrl\":\"\",\"datePublished\":\"2017-02-13T11:16:31+00:00\",\"breadcrumb\":{\"@id\":\"https:\/\/kapitalis.com\/tunisie\/2017\/02\/13\/me-nasraoui-dement-avoir-donne-raison-a-marzouki\/#breadcrumb\"},\"inLanguage\":\"fr-FR\",\"potentialAction\":[{\"@type\":\"ReadAction\",\"target\":[\"https:\/\/kapitalis.com\/tunisie\/2017\/02\/13\/me-nasraoui-dement-avoir-donne-raison-a-marzouki\/\"]}]},{\"@type\":\"ImageObject\",\"inLanguage\":\"fr-FR\",\"@id\":\"https:\/\/kapitalis.com\/tunisie\/2017\/02\/13\/me-nasraoui-dement-avoir-donne-raison-a-marzouki\/#primaryimage\",\"url\":\"\",\"contentUrl\":\"\"},{\"@type\":\"BreadcrumbList\",\"@id\":\"https:\/\/kapitalis.com\/tunisie\/2017\/02\/13\/me-nasraoui-dement-avoir-donne-raison-a-marzouki\/#breadcrumb\",\"itemListElement\":[{\"@type\":\"ListItem\",\"position\":1,\"name\":\"Accueil\",\"item\":\"https:\/\/kapitalis.com\/tunisie\/\"},{\"@type\":\"ListItem\",\"position\":2,\"name\":\"Me Nasraoui d\u00e9ment avoir donn\u00e9 raison \u00e0 Marzouki\"}]},{\"@type\":\"WebSite\",\"@id\":\"https:\/\/kapitalis.com\/tunisie\/#website\",\"url\":\"https:\/\/kapitalis.com\/tunisie\/\",\"name\":\"Kapitalis\",\"description\":\"L&#039;actualit\u00e9 en Tunisie et dans le monde\",\"publisher\":{\"@id\":\"https:\/\/kapitalis.com\/tunisie\/#organization\"},\"potentialAction\":[{\"@type\":\"SearchAction\",\"target\":{\"@type\":\"EntryPoint\",\"urlTemplate\":\"https:\/\/kapitalis.com\/tunisie\/?s={search_term_string}\"},\"query-input\":{\"@type\":\"PropertyValueSpecification\",\"valueRequired\":true,\"valueName\":\"search_term_string\"}}],\"inLanguage\":\"fr-FR\"},{\"@type\":\"Organization\",\"@id\":\"https:\/\/kapitalis.com\/tunisie\/#organization\",\"name\":\"Kapitalis\",\"url\":\"https:\/\/kapitalis.com\/tunisie\/\",\"logo\":{\"@type\":\"ImageObject\",\"inLanguage\":\"fr-FR\",\"@id\":\"https:\/\/kapitalis.com\/tunisie\/#\/schema\/logo\/image\/\",\"url\":\"https:\/\/kapitalis.com\/tunisie\/wp-content\/uploads\/2022\/05\/Kapitalis-big-size.png\",\"contentUrl\":\"https:\/\/kapitalis.com\/tunisie\/wp-content\/uploads\/2022\/05\/Kapitalis-big-size.png\",\"width\":5000,\"height\":1500,\"caption\":\"Kapitalis\"},\"image\":{\"@id\":\"https:\/\/kapitalis.com\/tunisie\/#\/schema\/logo\/image\/\"},\"sameAs\":[\"https:\/\/www.facebook.com\/KapitalisInfo\/\",\"https:\/\/x.com\/KapitalisInfo\",\"https:\/\/www.youtube.com\/channel\/UC-yDYrHyfFBWWZaOw3FPg9Q\"]},{\"@type\":\"Person\",\"@id\":\"https:\/\/kapitalis.com\/tunisie\/#\/schema\/person\/74bbde0154d49d790a92aaeac5bc01d5\",\"name\":\"Yusra NY\",\"url\":\"https:\/\/kapitalis.com\/tunisie\/author\/yuza_adam\/\"}]}<\/script>\n<!-- \/ Yoast SEO plugin. -->","yoast_head_json":{"title":"Me Nasraoui d\u00e9ment avoir donn\u00e9 raison \u00e0 Marzouki - Kapitalis","robots":{"index":"index","follow":"follow","max-snippet":"max-snippet:-1","max-image-preview":"max-image-preview:large","max-video-preview":"max-video-preview:-1"},"canonical":"https:\/\/kapitalis.com\/tunisie\/2017\/02\/13\/me-nasraoui-dement-avoir-donne-raison-a-marzouki\/","og_locale":"fr_FR","og_type":"article","og_title":"Me Nasraoui d\u00e9ment avoir donn\u00e9 raison \u00e0 Marzouki - Kapitalis","og_description":"L&rsquo;avocate et militante des droits de l\u2019homme Radhia Nasraoui a d\u00e9menti avoir donn\u00e9 raison \u00e0\u00a0l&rsquo;ancien pr\u00e9sident Moncef Marzouki, qui a\u00a0insult\u00e9\u00a0les Tunisiens.","og_url":"https:\/\/kapitalis.com\/tunisie\/2017\/02\/13\/me-nasraoui-dement-avoir-donne-raison-a-marzouki\/","og_site_name":"Kapitalis","article_publisher":"https:\/\/www.facebook.com\/KapitalisInfo\/","article_published_time":"2017-02-13T11:16:31+00:00","og_image":[{"width":1200,"height":630,"url":"https:\/\/kapitalis.com\/tunisie\/wp-content\/uploads\/2022\/05\/kapitalis-logo-fb.png","type":"image\/png"}],"author":"Yusra NY","twitter_card":"summary_large_image","twitter_creator":"@KapitalisInfo","twitter_site":"@KapitalisInfo","twitter_misc":{"\u00c9crit par":"Yusra NY","Dur\u00e9e de lecture estim\u00e9e":"1 minute"},"schema":{"@context":"https:\/\/schema.org","@graph":[{"@type":"Article","@id":"https:\/\/kapitalis.com\/tunisie\/2017\/02\/13\/me-nasraoui-dement-avoir-donne-raison-a-marzouki\/#article","isPartOf":{"@id":"https:\/\/kapitalis.com\/tunisie\/2017\/02\/13\/me-nasraoui-dement-avoir-donne-raison-a-marzouki\/"},"author":{"name":"Yusra NY","@id":"https:\/\/kapitalis.com\/tunisie\/#\/schema\/person\/74bbde0154d49d790a92aaeac5bc01d5"},"headline":"Me Nasraoui d\u00e9ment avoir donn\u00e9 raison \u00e0 Marzouki","datePublished":"2017-02-13T11:16:31+00:00","mainEntityOfPage":{"@id":"https:\/\/kapitalis.com\/tunisie\/2017\/02\/13\/me-nasraoui-dement-avoir-donne-raison-a-marzouki\/"},"wordCount":271,"commentCount":2,"publisher":{"@id":"https:\/\/kapitalis.com\/tunisie\/#organization"},"image":{"@id":"https:\/\/kapitalis.com\/tunisie\/2017\/02\/13\/me-nasraoui-dement-avoir-donne-raison-a-marzouki\/#primaryimage"},"thumbnailUrl":"","keywords":["Gen\u00e8ve","Moncef Marzouki","Radhia Nasraoui"],"articleSection":["MEDIA","Tunisie"],"inLanguage":"fr-FR","potentialAction":[{"@type":"CommentAction","name":"Comment","target":["https:\/\/kapitalis.com\/tunisie\/2017\/02\/13\/me-nasraoui-dement-avoir-donne-raison-a-marzouki\/#respond"]}]},{"@type":"WebPage","@id":"https:\/\/kapitalis.com\/tunisie\/2017\/02\/13\/me-nasraoui-dement-avoir-donne-raison-a-marzouki\/","url":"https:\/\/kapitalis.com\/tunisie\/2017\/02\/13\/me-nasraoui-dement-avoir-donne-raison-a-marzouki\/","name":"Me Nasraoui d\u00e9ment avoir donn\u00e9 raison \u00e0 Marzouki - Kapitalis","isPartOf":{"@id":"https:\/\/kapitalis.com\/tunisie\/#website"},"primaryImageOfPage":{"@id":"https:\/\/kapitalis.com\/tunisie\/2017\/02\/13\/me-nasraoui-dement-avoir-donne-raison-a-marzouki\/#primaryimage"},"image":{"@id":"https:\/\/kapitalis.com\/tunisie\/2017\/02\/13\/me-nasraoui-dement-avoir-donne-raison-a-marzouki\/#primaryimage"},"thumbnailUrl":"","datePublished":"2017-02-13T11:16:31+00:00","breadcrumb":{"@id":"https:\/\/kapitalis.com\/tunisie\/2017\/02\/13\/me-nasraoui-dement-avoir-donne-raison-a-marzouki\/#breadcrumb"},"inLanguage":"fr-FR","potentialAction":[{"@type":"ReadAction","target":["https:\/\/kapitalis.com\/tunisie\/2017\/02\/13\/me-nasraoui-dement-avoir-donne-raison-a-marzouki\/"]}]},{"@type":"ImageObject","inLanguage":"fr-FR","@id":"https:\/\/kapitalis.com\/tunisie\/2017\/02\/13\/me-nasraoui-dement-avoir-donne-raison-a-marzouki\/#primaryimage","url":"","contentUrl":""},{"@type":"BreadcrumbList","@id":"https:\/\/kapitalis.com\/tunisie\/2017\/02\/13\/me-nasraoui-dement-avoir-donne-raison-a-marzouki\/#breadcrumb","itemListElement":[{"@type":"ListItem","position":1,"name":"Accueil","item":"https:\/\/kapitalis.com\/tunisie\/"},{"@type":"ListItem","position":2,"name":"Me Nasraoui d\u00e9ment avoir donn\u00e9 raison \u00e0 Marzouki"}]},{"@type":"WebSite","@id":"https:\/\/kapitalis.com\/tunisie\/#website","url":"https:\/\/kapitalis.com\/tunisie\/","name":"Kapitalis","description":"L&#039;actualit\u00e9 en Tunisie et dans le monde","publisher":{"@id":"https:\/\/kapitalis.com\/tunisie\/#organization"},"potentialAction":[{"@type":"SearchAction","target":{"@type":"EntryPoint","urlTemplate":"https:\/\/kapitalis.com\/tunisie\/?s={search_term_string}"},"query-input":{"@type":"PropertyValueSpecification","valueRequired":true,"valueName":"search_term_string"}}],"inLanguage":"fr-FR"},{"@type":"Organization","@id":"https:\/\/kapitalis.com\/tunisie\/#organization","name":"Kapitalis","url":"https:\/\/kapitalis.com\/tunisie\/","logo":{"@type":"ImageObject","inLanguage":"fr-FR","@id":"https:\/\/kapitalis.com\/tunisie\/#\/schema\/logo\/image\/","url":"https:\/\/kapitalis.com\/tunisie\/wp-content\/uploads\/2022\/05\/Kapitalis-big-size.png","contentUrl":"https:\/\/kapitalis.com\/tunisie\/wp-content\/uploads\/2022\/05\/Kapitalis-big-size.png","width":5000,"height":1500,"caption":"Kapitalis"},"image":{"@id":"https:\/\/kapitalis.com\/tunisie\/#\/schema\/logo\/image\/"},"sameAs":["https:\/\/www.facebook.com\/KapitalisInfo\/","https:\/\/x.com\/KapitalisInfo","https:\/\/www.youtube.com\/channel\/UC-yDYrHyfFBWWZaOw3FPg9Q"]},{"@type":"Person","@id":"https:\/\/kapitalis.com\/tunisie\/#\/schema\/person\/74bbde0154d49d790a92aaeac5bc01d5","name":"Yusra NY","url":"https:\/\/kapitalis.com\/tunisie\/author\/yuza_adam\/"}]}},"_links":{"self":[{"href":"https:\/\/kapitalis.com\/tunisie\/wp-json\/wp\/v2\/posts\/82861","targetHints":{"allow":["GET"]}}],"collection":[{"href":"https:\/\/kapitalis.com\/tunisie\/wp-json\/wp\/v2\/posts"}],"about":[{"href":"https:\/\/kapitalis.com\/tunisie\/wp-json\/wp\/v2\/types\/post"}],"author":[{"embeddable":true,"href":"https:\/\/kapitalis.com\/tunisie\/wp-json\/wp\/v2\/users\/6"}],"replies":[{"embeddable":true,"href":"https:\/\/kapitalis.com\/tunisie\/wp-json\/wp\/v2\/comments?post=82861"}],"version-history":[{"count":0,"href":"https:\/\/kapitalis.com\/tunisie\/wp-json\/wp\/v2\/posts\/82861\/revisions"}],"wp:featuredmedia":[{"embeddable":true,"href":"https:\/\/kapitalis.com\/tunisie\/wp-json\/wp\/v2\/media\/82863"}],"wp:attachment":[{"href":"https:\/\/kapitalis.com\/tunisie\/wp-json\/wp\/v2\/media?parent=82861"}],"wp:term":[{"taxonomy":"category","embeddable":true,"href":"https:\/\/kapitalis.com\/tunisie\/wp-json\/wp\/v2\/categories?post=82861"},{"taxonomy":"post_tag","embeddable":true,"href":"https:\/\/kapitalis.com\/tunisie\/wp-json\/wp\/v2\/tags?post=82861"}],"curies":[{"name":"wp","href":"https:\/\/api.w.org\/{rel}","templated":true}]}}