{"id":82971,"date":"2017-02-13T18:10:01","date_gmt":"2017-02-13T17:10:01","guid":{"rendered":"http:\/\/kapitalis.com\/tunisie\/?p=82971"},"modified":"2017-02-13T18:10:01","modified_gmt":"2017-02-13T17:10:01","slug":"tunisie-legere-acceleration-de-la-croissance-en-2016","status":"publish","type":"post","link":"https:\/\/kapitalis.com\/tunisie\/2017\/02\/13\/tunisie-legere-acceleration-de-la-croissance-en-2016\/","title":{"rendered":"Tunisie : L\u00e9g\u00e8re acc\u00e9l\u00e9ration de la croissance en 2016"},"content":{"rendered":"<p><img loading=\"lazy\" decoding=\"async\" class=\"alignnone size-full wp-image-17650 aligncenter\" src=\"http:\/\/kapitalis.com\/tunisie\/wp-content\/uploads\/2015\/10\/Exportations.jpg\" alt=\"\" width=\"626\" height=\"380\" \/><\/p>\n<p><em><strong>L\u2019activit\u00e9 \u00e9conomique en Tunisie aurait connu une l\u00e9g\u00e8re acc\u00e9l\u00e9ration de la croissance au cours de l\u2019ann\u00e9e 2016 qui se situerait aux alentours de +1,3% contre +1,0% en 2015.<\/strong> <\/em><\/p>\n<p><!--more--><\/p>\n<p>Cette \u00e9volution serait principalement attribuable \u00e0 la reprise de la contribution des services marchands qui ont \u00e9t\u00e9 fortement affect\u00e9s en 2015.<\/p>\n<p>L\u2019\u00e9volution positive des services marchands aurait, toutefois, \u00e9t\u00e9 partiellement contrebalanc\u00e9e par la mauvaise performance des industries non-manufacturi\u00e8res et du secteur de l\u2019agriculture et de la p\u00eache.<\/p>\n<p>Du c\u00f4t\u00e9 de l\u2019activit\u00e9 agricole et de la p\u00eache, la valeur ajout\u00e9e aurait contribu\u00e9 n\u00e9gativement \u00e0 la croissance du PIB en 2016, en raison des conditions climatiques d\u00e9favorables ayant caract\u00e9ris\u00e9 l\u2019ann\u00e9e 2016 et qui ont engendr\u00e9, entre autres, une nette r\u00e9gression de la production d\u2019olives pour la saison 2015\/2016 et ce, apr\u00e8s une saison 2014\/2015 exceptionnelle.<\/p>\n<p>Les industries non manufacturi\u00e8res auraient connu, \u00e9galement, une baisse de la valeur ajout\u00e9e en 2016, essentiellement imputable \u00e0 la poursuite des difficult\u00e9s que conna\u00eet l\u2019activit\u00e9, depuis quelques ann\u00e9es, au niveau du secteur \u00e9nerg\u00e9tique.<\/p>\n<p>D\u2019ailleurs, sur les 9 premiers mois de 2016, la valeur ajout\u00e9e de la branche \u00abExtraction de p\u00e9trole et gaz\u00bb a baiss\u00e9 de 10,1% par rapport \u00e0 2015.<\/p>\n<p>Sur l\u2019ensemble de l\u2019ann\u00e9e 2016, la production nationale de p\u00e9trole brut a accus\u00e9 une baisse de 6,2% apr\u00e8s -9,6% en 2015 et -10,6% en 2014. Ceci s\u2019explique, entre autres, par l\u2019arr\u00eat de la production dans certains champs p\u00e9troliers, engendr\u00e9 par des probl\u00e8mes sociaux r\u00e9currents et par la succession de pannes techniques au niveau de quelques sites de production.<\/p>\n<p>De m\u00eame, la production nationale de gaz a diminu\u00e9 de 11% sur la m\u00eame p\u00e9riode (contre -3,9% en 2015 et -8,5% en 2014).<\/p>\n<p>Pour le secteur minier, malgr\u00e9 la poursuite des mouvements de protestation au niveau des sites de production, la valeur ajout\u00e9e aurait connu une hausse en 2016 par rapport \u00e0 2015.<\/p>\n<p>Le niveau de production de phosphate a, en effet, atteint 3,8 millions de tonnes sur toute l\u2019ann\u00e9e 2016, en augmentation de +17,4% par rapport \u00e0 2015. Comparativement \u00e0 l\u2019ann\u00e9e pr\u00e9c\u00e9dente, le transport ferroviaire ainsi que les exportations de phosphate brut et de ses d\u00e9riv\u00e9s ont augment\u00e9 respectivement de 1,2% et 50,3% en 2016.<\/p>\n<p>Concernant les industries manufacturi\u00e8res, leur valeur ajout\u00e9e aurait \u00e9t\u00e9 tir\u00e9e principalement par l\u2019affermissement de la production au niveau des industries m\u00e9caniques et \u00e9lectriques (IME). En effet, la demande europ\u00e9enne manufacturi\u00e8re adress\u00e9e au secteur des IME semble avoir profit\u00e9 de la reprise \u00e9conomique, quoique mod\u00e9r\u00e9e, dans la Zone Euro. Le volume des exportations a grimp\u00e9 de 8,1% en 2016 apr\u00e8s avoir accus\u00e9 une baisse de -2,6% en 2015.<\/p>\n<p>Notons, toutefois, que le secteur du \u00ab<em>textile-habillement et cuir<\/em>\u00bb dont le volume des exportations a recul\u00e9 de 0,7% sur la m\u00eame p\u00e9riode continue \u00e0 connaitre certaines difficult\u00e9s.<\/p>\n<p>De son c\u00f4t\u00e9, le secteur des services marchands a \u00e9t\u00e9 le principal contributeur \u00e0 la croissance du PIB, en 2016 \u00e0 la faveur de la reprise relative de l\u2019activit\u00e9 dans la branche \u00abh\u00f4tellerie et restauration\u00bb qui, bien qu\u2019elle soit encore en crise, aurait affich\u00e9 une nette am\u00e9lioration en 2016 sans toutefois que la valeur ajout\u00e9e ne puisse rattraper les niveaux qui pr\u00e9valaient avant 2015. En effet, par rapport \u00e0 2015, ann\u00e9e atypique pendant laquelle le secteur touristique a \u00e9t\u00e9 fortement touch\u00e9, le taux de variation enregistr\u00e9 en 2016 a \u00e9t\u00e9 de +10,2% pour le nombre de nuit\u00e9es et de +7,8% pour les entr\u00e9es des non-r\u00e9sidents.<\/p>\n<p>Enfin, il est \u00e0 noter que malgr\u00e9 ce l\u00e9ger mieux, le taux de croissance du PIB pr\u00e9vu pour l\u2019ann\u00e9e 2016 (+1,3%) reste faible et tr\u00e8s en-de\u00e7\u00e0 des taux r\u00e9alis\u00e9s au cours des ann\u00e9es pr\u00e9c\u00e9dant l\u2019ann\u00e9e 2015 (+2,9% en 2014 et +3,1% en 2013).<\/p>\n<p>Par ailleurs, il est attendu que la valeur ajout\u00e9e dans certains secteurs d\u2019activit\u00e9s connaisse des r\u00e9visions importantes \u00e0 l\u2019occasion de l\u2019imminente communication des comptes nationaux. En particulier, la croissance dans le secteur agricole serait fort probablement r\u00e9vis\u00e9e \u00e0 la hausse en 2015, ce qui impacterait n\u00e9gativement son taux de croissance pour 2016. Le cas \u00e9ch\u00e9ant, la croissance en 2016 serait vraisemblablement moins bonne que pr\u00e9vue.<\/p>\n<p><em><strong>Source<\/strong><\/em> : <em>Note sur les \u2018\u2018\u00c9volutions \u00e9conomiques et mon\u00e9taires et les perspectives \u00e0 moyen-terme\u2019\u2019, Banque centrale de Tunisie, du mois de f\u00e9vrier 2017.<\/em><\/p>\n","protected":false},"excerpt":{"rendered":"<p>L\u2019activit\u00e9 \u00e9conomique en Tunisie aurait connu une l\u00e9g\u00e8re acc\u00e9l\u00e9ration de la croissance au cours de l\u2019ann\u00e9e 2016 qui se situerait aux alentours de +1,3% contre +1,0% en 2015.<\/p>\n","protected":false},"author":8,"featured_media":0,"comment_status":"open","ping_status":"open","sticky":false,"template":"","format":"standard","meta":{"footnotes":""},"categories":[995,2433],"tags":[47,4750,365,476,701,5763,14246],"class_list":["post-82971","post","type-post","status-publish","format-standard","hentry","category-economie","category-tunisie","tag-agriculture","tag-croissance-economique","tag-exportations","tag-industries-manufacturieres","tag-peche","tag-textile-habillement","tag-transport-ferroviaire"],"yoast_head":"<!-- This site is optimized with the Yoast SEO plugin v26.6 - https:\/\/yoast.com\/wordpress\/plugins\/seo\/ -->\n<title>Tunisie : L\u00e9g\u00e8re acc\u00e9l\u00e9ration de la croissance en 2016 - Kapitalis<\/title>\n<meta name=\"robots\" content=\"index, follow, max-snippet:-1, max-image-preview:large, max-video-preview:-1\" \/>\n<link rel=\"canonical\" href=\"https:\/\/kapitalis.com\/tunisie\/2017\/02\/13\/tunisie-legere-acceleration-de-la-croissance-en-2016\/\" \/>\n<meta property=\"og:locale\" content=\"fr_FR\" \/>\n<meta property=\"og:type\" content=\"article\" \/>\n<meta property=\"og:title\" content=\"Tunisie : L\u00e9g\u00e8re acc\u00e9l\u00e9ration de la croissance en 2016 - Kapitalis\" \/>\n<meta property=\"og:description\" content=\"L\u2019activit\u00e9 \u00e9conomique en Tunisie aurait connu une l\u00e9g\u00e8re acc\u00e9l\u00e9ration de la croissance au cours de l\u2019ann\u00e9e 2016 qui se situerait aux alentours de +1,3% contre +1,0% en 2015.\" \/>\n<meta property=\"og:url\" content=\"https:\/\/kapitalis.com\/tunisie\/2017\/02\/13\/tunisie-legere-acceleration-de-la-croissance-en-2016\/\" \/>\n<meta property=\"og:site_name\" content=\"Kapitalis\" \/>\n<meta property=\"article:publisher\" content=\"https:\/\/www.facebook.com\/KapitalisInfo\/\" \/>\n<meta property=\"article:published_time\" content=\"2017-02-13T17:10:01+00:00\" \/>\n<meta property=\"og:image\" content=\"http:\/\/kapitalis.com\/tunisie\/wp-content\/uploads\/2015\/10\/Exportations.jpg\" \/>\n<meta name=\"author\" content=\"webmaster kapitalis\" \/>\n<meta name=\"twitter:card\" content=\"summary_large_image\" \/>\n<meta name=\"twitter:creator\" content=\"@KapitalisInfo\" \/>\n<meta name=\"twitter:site\" content=\"@KapitalisInfo\" \/>\n<meta name=\"twitter:label1\" content=\"\u00c9crit par\" \/>\n\t<meta name=\"twitter:data1\" content=\"webmaster kapitalis\" \/>\n\t<meta name=\"twitter:label2\" content=\"Dur\u00e9e de lecture estim\u00e9e\" \/>\n\t<meta name=\"twitter:data2\" content=\"4 minutes\" \/>\n<script type=\"application\/ld+json\" class=\"yoast-schema-graph\">{\"@context\":\"https:\/\/schema.org\",\"@graph\":[{\"@type\":\"Article\",\"@id\":\"https:\/\/kapitalis.com\/tunisie\/2017\/02\/13\/tunisie-legere-acceleration-de-la-croissance-en-2016\/#article\",\"isPartOf\":{\"@id\":\"https:\/\/kapitalis.com\/tunisie\/2017\/02\/13\/tunisie-legere-acceleration-de-la-croissance-en-2016\/\"},\"author\":{\"name\":\"webmaster kapitalis\",\"@id\":\"https:\/\/kapitalis.com\/tunisie\/#\/schema\/person\/d71f33a9ca44f7bad4698210b480c8e9\"},\"headline\":\"Tunisie : L\u00e9g\u00e8re acc\u00e9l\u00e9ration de la croissance en 2016\",\"datePublished\":\"2017-02-13T17:10:01+00:00\",\"mainEntityOfPage\":{\"@id\":\"https:\/\/kapitalis.com\/tunisie\/2017\/02\/13\/tunisie-legere-acceleration-de-la-croissance-en-2016\/\"},\"wordCount\":736,\"commentCount\":0,\"publisher\":{\"@id\":\"https:\/\/kapitalis.com\/tunisie\/#organization\"},\"image\":{\"@id\":\"https:\/\/kapitalis.com\/tunisie\/2017\/02\/13\/tunisie-legere-acceleration-de-la-croissance-en-2016\/#primaryimage\"},\"thumbnailUrl\":\"http:\/\/kapitalis.com\/tunisie\/wp-content\/uploads\/2015\/10\/Exportations.jpg\",\"keywords\":[\"Agriculture\",\"croissance \u00e9conomique\",\"exportations\",\"industries manufacturi\u00e8res\",\"p\u00e9ch\u00e9\",\"textile-habillement\",\"transport ferroviaire\"],\"articleSection\":[\"ECONOMIE\",\"Tunisie\"],\"inLanguage\":\"fr-FR\",\"potentialAction\":[{\"@type\":\"CommentAction\",\"name\":\"Comment\",\"target\":[\"https:\/\/kapitalis.com\/tunisie\/2017\/02\/13\/tunisie-legere-acceleration-de-la-croissance-en-2016\/#respond\"]}]},{\"@type\":\"WebPage\",\"@id\":\"https:\/\/kapitalis.com\/tunisie\/2017\/02\/13\/tunisie-legere-acceleration-de-la-croissance-en-2016\/\",\"url\":\"https:\/\/kapitalis.com\/tunisie\/2017\/02\/13\/tunisie-legere-acceleration-de-la-croissance-en-2016\/\",\"name\":\"Tunisie : L\u00e9g\u00e8re acc\u00e9l\u00e9ration de la croissance en 2016 - Kapitalis\",\"isPartOf\":{\"@id\":\"https:\/\/kapitalis.com\/tunisie\/#website\"},\"primaryImageOfPage\":{\"@id\":\"https:\/\/kapitalis.com\/tunisie\/2017\/02\/13\/tunisie-legere-acceleration-de-la-croissance-en-2016\/#primaryimage\"},\"image\":{\"@id\":\"https:\/\/kapitalis.com\/tunisie\/2017\/02\/13\/tunisie-legere-acceleration-de-la-croissance-en-2016\/#primaryimage\"},\"thumbnailUrl\":\"http:\/\/kapitalis.com\/tunisie\/wp-content\/uploads\/2015\/10\/Exportations.jpg\",\"datePublished\":\"2017-02-13T17:10:01+00:00\",\"breadcrumb\":{\"@id\":\"https:\/\/kapitalis.com\/tunisie\/2017\/02\/13\/tunisie-legere-acceleration-de-la-croissance-en-2016\/#breadcrumb\"},\"inLanguage\":\"fr-FR\",\"potentialAction\":[{\"@type\":\"ReadAction\",\"target\":[\"https:\/\/kapitalis.com\/tunisie\/2017\/02\/13\/tunisie-legere-acceleration-de-la-croissance-en-2016\/\"]}]},{\"@type\":\"ImageObject\",\"inLanguage\":\"fr-FR\",\"@id\":\"https:\/\/kapitalis.com\/tunisie\/2017\/02\/13\/tunisie-legere-acceleration-de-la-croissance-en-2016\/#primaryimage\",\"url\":\"http:\/\/kapitalis.com\/tunisie\/wp-content\/uploads\/2015\/10\/Exportations.jpg\",\"contentUrl\":\"http:\/\/kapitalis.com\/tunisie\/wp-content\/uploads\/2015\/10\/Exportations.jpg\"},{\"@type\":\"BreadcrumbList\",\"@id\":\"https:\/\/kapitalis.com\/tunisie\/2017\/02\/13\/tunisie-legere-acceleration-de-la-croissance-en-2016\/#breadcrumb\",\"itemListElement\":[{\"@type\":\"ListItem\",\"position\":1,\"name\":\"Accueil\",\"item\":\"https:\/\/kapitalis.com\/tunisie\/\"},{\"@type\":\"ListItem\",\"position\":2,\"name\":\"Tunisie : L\u00e9g\u00e8re acc\u00e9l\u00e9ration de la croissance en 2016\"}]},{\"@type\":\"WebSite\",\"@id\":\"https:\/\/kapitalis.com\/tunisie\/#website\",\"url\":\"https:\/\/kapitalis.com\/tunisie\/\",\"name\":\"Kapitalis\",\"description\":\"L&#039;actualit\u00e9 en Tunisie et dans le monde\",\"publisher\":{\"@id\":\"https:\/\/kapitalis.com\/tunisie\/#organization\"},\"potentialAction\":[{\"@type\":\"SearchAction\",\"target\":{\"@type\":\"EntryPoint\",\"urlTemplate\":\"https:\/\/kapitalis.com\/tunisie\/?s={search_term_string}\"},\"query-input\":{\"@type\":\"PropertyValueSpecification\",\"valueRequired\":true,\"valueName\":\"search_term_string\"}}],\"inLanguage\":\"fr-FR\"},{\"@type\":\"Organization\",\"@id\":\"https:\/\/kapitalis.com\/tunisie\/#organization\",\"name\":\"Kapitalis\",\"url\":\"https:\/\/kapitalis.com\/tunisie\/\",\"logo\":{\"@type\":\"ImageObject\",\"inLanguage\":\"fr-FR\",\"@id\":\"https:\/\/kapitalis.com\/tunisie\/#\/schema\/logo\/image\/\",\"url\":\"https:\/\/kapitalis.com\/tunisie\/wp-content\/uploads\/2022\/05\/Kapitalis-big-size.png\",\"contentUrl\":\"https:\/\/kapitalis.com\/tunisie\/wp-content\/uploads\/2022\/05\/Kapitalis-big-size.png\",\"width\":5000,\"height\":1500,\"caption\":\"Kapitalis\"},\"image\":{\"@id\":\"https:\/\/kapitalis.com\/tunisie\/#\/schema\/logo\/image\/\"},\"sameAs\":[\"https:\/\/www.facebook.com\/KapitalisInfo\/\",\"https:\/\/x.com\/KapitalisInfo\",\"https:\/\/www.youtube.com\/channel\/UC-yDYrHyfFBWWZaOw3FPg9Q\"]},{\"@type\":\"Person\",\"@id\":\"https:\/\/kapitalis.com\/tunisie\/#\/schema\/person\/d71f33a9ca44f7bad4698210b480c8e9\",\"name\":\"webmaster kapitalis\",\"url\":\"https:\/\/kapitalis.com\/tunisie\/author\/webmaster-kapitalis\/\"}]}<\/script>\n<!-- \/ Yoast SEO plugin. -->","yoast_head_json":{"title":"Tunisie : L\u00e9g\u00e8re acc\u00e9l\u00e9ration de la croissance en 2016 - Kapitalis","robots":{"index":"index","follow":"follow","max-snippet":"max-snippet:-1","max-image-preview":"max-image-preview:large","max-video-preview":"max-video-preview:-1"},"canonical":"https:\/\/kapitalis.com\/tunisie\/2017\/02\/13\/tunisie-legere-acceleration-de-la-croissance-en-2016\/","og_locale":"fr_FR","og_type":"article","og_title":"Tunisie : L\u00e9g\u00e8re acc\u00e9l\u00e9ration de la croissance en 2016 - Kapitalis","og_description":"L\u2019activit\u00e9 \u00e9conomique en Tunisie aurait connu une l\u00e9g\u00e8re acc\u00e9l\u00e9ration de la croissance au cours de l\u2019ann\u00e9e 2016 qui se situerait aux alentours de +1,3% contre +1,0% en 2015.","og_url":"https:\/\/kapitalis.com\/tunisie\/2017\/02\/13\/tunisie-legere-acceleration-de-la-croissance-en-2016\/","og_site_name":"Kapitalis","article_publisher":"https:\/\/www.facebook.com\/KapitalisInfo\/","article_published_time":"2017-02-13T17:10:01+00:00","og_image":[{"url":"http:\/\/kapitalis.com\/tunisie\/wp-content\/uploads\/2015\/10\/Exportations.jpg","type":"","width":"","height":""}],"author":"webmaster kapitalis","twitter_card":"summary_large_image","twitter_creator":"@KapitalisInfo","twitter_site":"@KapitalisInfo","twitter_misc":{"\u00c9crit par":"webmaster kapitalis","Dur\u00e9e de lecture estim\u00e9e":"4 minutes"},"schema":{"@context":"https:\/\/schema.org","@graph":[{"@type":"Article","@id":"https:\/\/kapitalis.com\/tunisie\/2017\/02\/13\/tunisie-legere-acceleration-de-la-croissance-en-2016\/#article","isPartOf":{"@id":"https:\/\/kapitalis.com\/tunisie\/2017\/02\/13\/tunisie-legere-acceleration-de-la-croissance-en-2016\/"},"author":{"name":"webmaster kapitalis","@id":"https:\/\/kapitalis.com\/tunisie\/#\/schema\/person\/d71f33a9ca44f7bad4698210b480c8e9"},"headline":"Tunisie : L\u00e9g\u00e8re acc\u00e9l\u00e9ration de la croissance en 2016","datePublished":"2017-02-13T17:10:01+00:00","mainEntityOfPage":{"@id":"https:\/\/kapitalis.com\/tunisie\/2017\/02\/13\/tunisie-legere-acceleration-de-la-croissance-en-2016\/"},"wordCount":736,"commentCount":0,"publisher":{"@id":"https:\/\/kapitalis.com\/tunisie\/#organization"},"image":{"@id":"https:\/\/kapitalis.com\/tunisie\/2017\/02\/13\/tunisie-legere-acceleration-de-la-croissance-en-2016\/#primaryimage"},"thumbnailUrl":"http:\/\/kapitalis.com\/tunisie\/wp-content\/uploads\/2015\/10\/Exportations.jpg","keywords":["Agriculture","croissance \u00e9conomique","exportations","industries manufacturi\u00e8res","p\u00e9ch\u00e9","textile-habillement","transport ferroviaire"],"articleSection":["ECONOMIE","Tunisie"],"inLanguage":"fr-FR","potentialAction":[{"@type":"CommentAction","name":"Comment","target":["https:\/\/kapitalis.com\/tunisie\/2017\/02\/13\/tunisie-legere-acceleration-de-la-croissance-en-2016\/#respond"]}]},{"@type":"WebPage","@id":"https:\/\/kapitalis.com\/tunisie\/2017\/02\/13\/tunisie-legere-acceleration-de-la-croissance-en-2016\/","url":"https:\/\/kapitalis.com\/tunisie\/2017\/02\/13\/tunisie-legere-acceleration-de-la-croissance-en-2016\/","name":"Tunisie : L\u00e9g\u00e8re acc\u00e9l\u00e9ration de la croissance en 2016 - Kapitalis","isPartOf":{"@id":"https:\/\/kapitalis.com\/tunisie\/#website"},"primaryImageOfPage":{"@id":"https:\/\/kapitalis.com\/tunisie\/2017\/02\/13\/tunisie-legere-acceleration-de-la-croissance-en-2016\/#primaryimage"},"image":{"@id":"https:\/\/kapitalis.com\/tunisie\/2017\/02\/13\/tunisie-legere-acceleration-de-la-croissance-en-2016\/#primaryimage"},"thumbnailUrl":"http:\/\/kapitalis.com\/tunisie\/wp-content\/uploads\/2015\/10\/Exportations.jpg","datePublished":"2017-02-13T17:10:01+00:00","breadcrumb":{"@id":"https:\/\/kapitalis.com\/tunisie\/2017\/02\/13\/tunisie-legere-acceleration-de-la-croissance-en-2016\/#breadcrumb"},"inLanguage":"fr-FR","potentialAction":[{"@type":"ReadAction","target":["https:\/\/kapitalis.com\/tunisie\/2017\/02\/13\/tunisie-legere-acceleration-de-la-croissance-en-2016\/"]}]},{"@type":"ImageObject","inLanguage":"fr-FR","@id":"https:\/\/kapitalis.com\/tunisie\/2017\/02\/13\/tunisie-legere-acceleration-de-la-croissance-en-2016\/#primaryimage","url":"http:\/\/kapitalis.com\/tunisie\/wp-content\/uploads\/2015\/10\/Exportations.jpg","contentUrl":"http:\/\/kapitalis.com\/tunisie\/wp-content\/uploads\/2015\/10\/Exportations.jpg"},{"@type":"BreadcrumbList","@id":"https:\/\/kapitalis.com\/tunisie\/2017\/02\/13\/tunisie-legere-acceleration-de-la-croissance-en-2016\/#breadcrumb","itemListElement":[{"@type":"ListItem","position":1,"name":"Accueil","item":"https:\/\/kapitalis.com\/tunisie\/"},{"@type":"ListItem","position":2,"name":"Tunisie : L\u00e9g\u00e8re acc\u00e9l\u00e9ration de la croissance en 2016"}]},{"@type":"WebSite","@id":"https:\/\/kapitalis.com\/tunisie\/#website","url":"https:\/\/kapitalis.com\/tunisie\/","name":"Kapitalis","description":"L&#039;actualit\u00e9 en Tunisie et dans le monde","publisher":{"@id":"https:\/\/kapitalis.com\/tunisie\/#organization"},"potentialAction":[{"@type":"SearchAction","target":{"@type":"EntryPoint","urlTemplate":"https:\/\/kapitalis.com\/tunisie\/?s={search_term_string}"},"query-input":{"@type":"PropertyValueSpecification","valueRequired":true,"valueName":"search_term_string"}}],"inLanguage":"fr-FR"},{"@type":"Organization","@id":"https:\/\/kapitalis.com\/tunisie\/#organization","name":"Kapitalis","url":"https:\/\/kapitalis.com\/tunisie\/","logo":{"@type":"ImageObject","inLanguage":"fr-FR","@id":"https:\/\/kapitalis.com\/tunisie\/#\/schema\/logo\/image\/","url":"https:\/\/kapitalis.com\/tunisie\/wp-content\/uploads\/2022\/05\/Kapitalis-big-size.png","contentUrl":"https:\/\/kapitalis.com\/tunisie\/wp-content\/uploads\/2022\/05\/Kapitalis-big-size.png","width":5000,"height":1500,"caption":"Kapitalis"},"image":{"@id":"https:\/\/kapitalis.com\/tunisie\/#\/schema\/logo\/image\/"},"sameAs":["https:\/\/www.facebook.com\/KapitalisInfo\/","https:\/\/x.com\/KapitalisInfo","https:\/\/www.youtube.com\/channel\/UC-yDYrHyfFBWWZaOw3FPg9Q"]},{"@type":"Person","@id":"https:\/\/kapitalis.com\/tunisie\/#\/schema\/person\/d71f33a9ca44f7bad4698210b480c8e9","name":"webmaster kapitalis","url":"https:\/\/kapitalis.com\/tunisie\/author\/webmaster-kapitalis\/"}]}},"_links":{"self":[{"href":"https:\/\/kapitalis.com\/tunisie\/wp-json\/wp\/v2\/posts\/82971","targetHints":{"allow":["GET"]}}],"collection":[{"href":"https:\/\/kapitalis.com\/tunisie\/wp-json\/wp\/v2\/posts"}],"about":[{"href":"https:\/\/kapitalis.com\/tunisie\/wp-json\/wp\/v2\/types\/post"}],"author":[{"embeddable":true,"href":"https:\/\/kapitalis.com\/tunisie\/wp-json\/wp\/v2\/users\/8"}],"replies":[{"embeddable":true,"href":"https:\/\/kapitalis.com\/tunisie\/wp-json\/wp\/v2\/comments?post=82971"}],"version-history":[{"count":0,"href":"https:\/\/kapitalis.com\/tunisie\/wp-json\/wp\/v2\/posts\/82971\/revisions"}],"wp:attachment":[{"href":"https:\/\/kapitalis.com\/tunisie\/wp-json\/wp\/v2\/media?parent=82971"}],"wp:term":[{"taxonomy":"category","embeddable":true,"href":"https:\/\/kapitalis.com\/tunisie\/wp-json\/wp\/v2\/categories?post=82971"},{"taxonomy":"post_tag","embeddable":true,"href":"https:\/\/kapitalis.com\/tunisie\/wp-json\/wp\/v2\/tags?post=82971"}],"curies":[{"name":"wp","href":"https:\/\/api.w.org\/{rel}","templated":true}]}}