{"id":8300743,"date":"2023-06-09T18:24:49","date_gmt":"2023-06-09T17:24:49","guid":{"rendered":"https:\/\/kapitalis.com\/tunisie\/?p=8300743"},"modified":"2023-06-09T18:36:41","modified_gmt":"2023-06-09T17:36:41","slug":"tunisie-le-conservatoire-de-musique-riadh-fehri-celebre-la-fete-de-la-musique","status":"publish","type":"post","link":"https:\/\/kapitalis.com\/tunisie\/2023\/06\/09\/tunisie-le-conservatoire-de-musique-riadh-fehri-celebre-la-fete-de-la-musique\/","title":{"rendered":"Tunisie : Le Conservatoire de musique Riadh Fehri c\u00e9l\u00e8bre la F\u00eate de la Musique"},"content":{"rendered":"\n<p><strong><em>Le Conservatoire Riadh Fehri organise une programmation festive autour de la F\u00eate de la Musique du 18 au 24 juin.<\/em><\/strong><\/p>\n\n\n\n<!--more-->\n\n\n\n<p>La F\u00eate de la Musique est un \u00e9v\u00e9nement francophone annuel c\u00e9l\u00e9br\u00e9 le 21 juin depuis une quarantaine d&rsquo;ann\u00e9e d&rsquo;abord en France puis dans tous les pays francophones dont la Tunisie. Plusieurs \u00e9v\u00e9nements sont pr\u00e9vus cette ann\u00e9e \u00e0 Tunis autour de la F\u00eate de la Musique notamment au Club du Conservatoire Riadh Fehri \u00e0 l&rsquo;espace Sadika \u00e0 Gammarth.<\/p>\n\n\n\n<p>Le programme comprendra des auditions, des expositions, une foire des instruments de musique, ainsi qu&rsquo;un concert du jazzman Omar El Ouaer.<\/p>\n","protected":false},"excerpt":{"rendered":"<p>Le Conservatoire Riadh Fehri organise une programmation festive autour de la F\u00eate de la Musique du 18 au 24 juin.<\/p>\n","protected":false},"author":26,"featured_media":8300981,"comment_status":"open","ping_status":"open","sticky":false,"template":"","format":"standard","meta":{"footnotes":""},"categories":[994,2433],"tags":[109269,97224,109104,62643],"class_list":["post-8300743","post","type-post","status-publish","format-standard","has-post-thumbnail","hentry","category-culture","category-tunisie","tag-conservatoire-riadh-fehri","tag-espace-sadika","tag-fete-de-la-musique-2023","tag-tunisie"],"yoast_head":"<!-- This site is optimized with the Yoast SEO plugin v26.6 - https:\/\/yoast.com\/wordpress\/plugins\/seo\/ -->\n<title>Tunisie : Le Conservatoire de musique Riadh Fehri c\u00e9l\u00e8bre la F\u00eate de la Musique - Kapitalis<\/title>\n<meta name=\"robots\" content=\"index, follow, max-snippet:-1, max-image-preview:large, max-video-preview:-1\" \/>\n<link rel=\"canonical\" href=\"https:\/\/kapitalis.com\/tunisie\/2023\/06\/09\/tunisie-le-conservatoire-de-musique-riadh-fehri-celebre-la-fete-de-la-musique\/\" \/>\n<meta property=\"og:locale\" content=\"fr_FR\" \/>\n<meta property=\"og:type\" content=\"article\" \/>\n<meta property=\"og:title\" content=\"Tunisie : Le Conservatoire de musique Riadh Fehri c\u00e9l\u00e8bre la F\u00eate de la Musique - Kapitalis\" \/>\n<meta property=\"og:description\" content=\"Le Conservatoire Riadh Fehri organise une programmation festive autour de la F\u00eate de la Musique du 18 au 24 juin.\" \/>\n<meta property=\"og:url\" content=\"https:\/\/kapitalis.com\/tunisie\/2023\/06\/09\/tunisie-le-conservatoire-de-musique-riadh-fehri-celebre-la-fete-de-la-musique\/\" \/>\n<meta property=\"og:site_name\" content=\"Kapitalis\" \/>\n<meta property=\"article:publisher\" content=\"https:\/\/www.facebook.com\/KapitalisInfo\/\" \/>\n<meta property=\"article:published_time\" content=\"2023-06-09T17:24:49+00:00\" \/>\n<meta property=\"article:modified_time\" content=\"2023-06-09T17:36:41+00:00\" \/>\n<meta property=\"og:image\" content=\"https:\/\/kapitalis.com\/tunisie\/wp-content\/uploads\/2023\/06\/La-fete-de-la-musique-Conservatoire-Riadh-Fehri.jpg\" \/>\n\t<meta property=\"og:image:width\" content=\"1200\" \/>\n\t<meta property=\"og:image:height\" content=\"630\" \/>\n\t<meta property=\"og:image:type\" content=\"image\/jpeg\" \/>\n<meta name=\"author\" content=\"Fawz BenAli\" \/>\n<meta name=\"twitter:card\" content=\"summary_large_image\" \/>\n<meta name=\"twitter:creator\" content=\"@KapitalisInfo\" \/>\n<meta name=\"twitter:site\" content=\"@KapitalisInfo\" \/>\n<meta name=\"twitter:label1\" content=\"\u00c9crit par\" \/>\n\t<meta name=\"twitter:data1\" content=\"Fawz BenAli\" \/>\n\t<meta name=\"twitter:label2\" content=\"Dur\u00e9e de lecture estim\u00e9e\" \/>\n\t<meta name=\"twitter:data2\" content=\"1 minute\" \/>\n<script type=\"application\/ld+json\" class=\"yoast-schema-graph\">{\"@context\":\"https:\/\/schema.org\",\"@graph\":[{\"@type\":\"Article\",\"@id\":\"https:\/\/kapitalis.com\/tunisie\/2023\/06\/09\/tunisie-le-conservatoire-de-musique-riadh-fehri-celebre-la-fete-de-la-musique\/#article\",\"isPartOf\":{\"@id\":\"https:\/\/kapitalis.com\/tunisie\/2023\/06\/09\/tunisie-le-conservatoire-de-musique-riadh-fehri-celebre-la-fete-de-la-musique\/\"},\"author\":{\"name\":\"Fawz BenAli\",\"@id\":\"https:\/\/kapitalis.com\/tunisie\/#\/schema\/person\/73a5ecc1f6ae540c6ed91342eadca948\"},\"headline\":\"Tunisie : Le Conservatoire de musique Riadh Fehri c\u00e9l\u00e8bre la F\u00eate de la Musique\",\"datePublished\":\"2023-06-09T17:24:49+00:00\",\"dateModified\":\"2023-06-09T17:36:41+00:00\",\"mainEntityOfPage\":{\"@id\":\"https:\/\/kapitalis.com\/tunisie\/2023\/06\/09\/tunisie-le-conservatoire-de-musique-riadh-fehri-celebre-la-fete-de-la-musique\/\"},\"wordCount\":118,\"commentCount\":0,\"publisher\":{\"@id\":\"https:\/\/kapitalis.com\/tunisie\/#organization\"},\"image\":{\"@id\":\"https:\/\/kapitalis.com\/tunisie\/2023\/06\/09\/tunisie-le-conservatoire-de-musique-riadh-fehri-celebre-la-fete-de-la-musique\/#primaryimage\"},\"thumbnailUrl\":\"https:\/\/kapitalis.com\/tunisie\/wp-content\/uploads\/2023\/06\/La-fete-de-la-musique-Conservatoire-Riadh-Fehri.jpg\",\"keywords\":[\"Conservatoire Riadh Fehri\",\"Espace Sadika\",\"F\u00eate de la musique 2023\",\"Tunisie\"],\"articleSection\":[\"CULTURE\",\"Tunisie\"],\"inLanguage\":\"fr-FR\",\"potentialAction\":[{\"@type\":\"CommentAction\",\"name\":\"Comment\",\"target\":[\"https:\/\/kapitalis.com\/tunisie\/2023\/06\/09\/tunisie-le-conservatoire-de-musique-riadh-fehri-celebre-la-fete-de-la-musique\/#respond\"]}]},{\"@type\":\"WebPage\",\"@id\":\"https:\/\/kapitalis.com\/tunisie\/2023\/06\/09\/tunisie-le-conservatoire-de-musique-riadh-fehri-celebre-la-fete-de-la-musique\/\",\"url\":\"https:\/\/kapitalis.com\/tunisie\/2023\/06\/09\/tunisie-le-conservatoire-de-musique-riadh-fehri-celebre-la-fete-de-la-musique\/\",\"name\":\"Tunisie : Le Conservatoire de musique Riadh Fehri c\u00e9l\u00e8bre la F\u00eate de la Musique - Kapitalis\",\"isPartOf\":{\"@id\":\"https:\/\/kapitalis.com\/tunisie\/#website\"},\"primaryImageOfPage\":{\"@id\":\"https:\/\/kapitalis.com\/tunisie\/2023\/06\/09\/tunisie-le-conservatoire-de-musique-riadh-fehri-celebre-la-fete-de-la-musique\/#primaryimage\"},\"image\":{\"@id\":\"https:\/\/kapitalis.com\/tunisie\/2023\/06\/09\/tunisie-le-conservatoire-de-musique-riadh-fehri-celebre-la-fete-de-la-musique\/#primaryimage\"},\"thumbnailUrl\":\"https:\/\/kapitalis.com\/tunisie\/wp-content\/uploads\/2023\/06\/La-fete-de-la-musique-Conservatoire-Riadh-Fehri.jpg\",\"datePublished\":\"2023-06-09T17:24:49+00:00\",\"dateModified\":\"2023-06-09T17:36:41+00:00\",\"breadcrumb\":{\"@id\":\"https:\/\/kapitalis.com\/tunisie\/2023\/06\/09\/tunisie-le-conservatoire-de-musique-riadh-fehri-celebre-la-fete-de-la-musique\/#breadcrumb\"},\"inLanguage\":\"fr-FR\",\"potentialAction\":[{\"@type\":\"ReadAction\",\"target\":[\"https:\/\/kapitalis.com\/tunisie\/2023\/06\/09\/tunisie-le-conservatoire-de-musique-riadh-fehri-celebre-la-fete-de-la-musique\/\"]}]},{\"@type\":\"ImageObject\",\"inLanguage\":\"fr-FR\",\"@id\":\"https:\/\/kapitalis.com\/tunisie\/2023\/06\/09\/tunisie-le-conservatoire-de-musique-riadh-fehri-celebre-la-fete-de-la-musique\/#primaryimage\",\"url\":\"https:\/\/kapitalis.com\/tunisie\/wp-content\/uploads\/2023\/06\/La-fete-de-la-musique-Conservatoire-Riadh-Fehri.jpg\",\"contentUrl\":\"https:\/\/kapitalis.com\/tunisie\/wp-content\/uploads\/2023\/06\/La-fete-de-la-musique-Conservatoire-Riadh-Fehri.jpg\",\"width\":1200,\"height\":630},{\"@type\":\"BreadcrumbList\",\"@id\":\"https:\/\/kapitalis.com\/tunisie\/2023\/06\/09\/tunisie-le-conservatoire-de-musique-riadh-fehri-celebre-la-fete-de-la-musique\/#breadcrumb\",\"itemListElement\":[{\"@type\":\"ListItem\",\"position\":1,\"name\":\"Accueil\",\"item\":\"https:\/\/kapitalis.com\/tunisie\/\"},{\"@type\":\"ListItem\",\"position\":2,\"name\":\"Tunisie : Le Conservatoire de musique Riadh Fehri c\u00e9l\u00e8bre la F\u00eate de la Musique\"}]},{\"@type\":\"WebSite\",\"@id\":\"https:\/\/kapitalis.com\/tunisie\/#website\",\"url\":\"https:\/\/kapitalis.com\/tunisie\/\",\"name\":\"Kapitalis\",\"description\":\"L&#039;actualit\u00e9 en Tunisie et dans le monde\",\"publisher\":{\"@id\":\"https:\/\/kapitalis.com\/tunisie\/#organization\"},\"potentialAction\":[{\"@type\":\"SearchAction\",\"target\":{\"@type\":\"EntryPoint\",\"urlTemplate\":\"https:\/\/kapitalis.com\/tunisie\/?s={search_term_string}\"},\"query-input\":{\"@type\":\"PropertyValueSpecification\",\"valueRequired\":true,\"valueName\":\"search_term_string\"}}],\"inLanguage\":\"fr-FR\"},{\"@type\":\"Organization\",\"@id\":\"https:\/\/kapitalis.com\/tunisie\/#organization\",\"name\":\"Kapitalis\",\"url\":\"https:\/\/kapitalis.com\/tunisie\/\",\"logo\":{\"@type\":\"ImageObject\",\"inLanguage\":\"fr-FR\",\"@id\":\"https:\/\/kapitalis.com\/tunisie\/#\/schema\/logo\/image\/\",\"url\":\"https:\/\/kapitalis.com\/tunisie\/wp-content\/uploads\/2022\/05\/Kapitalis-big-size.png\",\"contentUrl\":\"https:\/\/kapitalis.com\/tunisie\/wp-content\/uploads\/2022\/05\/Kapitalis-big-size.png\",\"width\":5000,\"height\":1500,\"caption\":\"Kapitalis\"},\"image\":{\"@id\":\"https:\/\/kapitalis.com\/tunisie\/#\/schema\/logo\/image\/\"},\"sameAs\":[\"https:\/\/www.facebook.com\/KapitalisInfo\/\",\"https:\/\/x.com\/KapitalisInfo\",\"https:\/\/www.youtube.com\/channel\/UC-yDYrHyfFBWWZaOw3FPg9Q\"]},{\"@type\":\"Person\",\"@id\":\"https:\/\/kapitalis.com\/tunisie\/#\/schema\/person\/73a5ecc1f6ae540c6ed91342eadca948\",\"name\":\"Fawz BenAli\",\"url\":\"https:\/\/kapitalis.com\/tunisie\/author\/fawz\/\"}]}<\/script>\n<!-- \/ Yoast SEO plugin. -->","yoast_head_json":{"title":"Tunisie : Le Conservatoire de musique Riadh Fehri c\u00e9l\u00e8bre la F\u00eate de la Musique - Kapitalis","robots":{"index":"index","follow":"follow","max-snippet":"max-snippet:-1","max-image-preview":"max-image-preview:large","max-video-preview":"max-video-preview:-1"},"canonical":"https:\/\/kapitalis.com\/tunisie\/2023\/06\/09\/tunisie-le-conservatoire-de-musique-riadh-fehri-celebre-la-fete-de-la-musique\/","og_locale":"fr_FR","og_type":"article","og_title":"Tunisie : Le Conservatoire de musique Riadh Fehri c\u00e9l\u00e8bre la F\u00eate de la Musique - Kapitalis","og_description":"Le Conservatoire Riadh Fehri organise une programmation festive autour de la F\u00eate de la Musique du 18 au 24 juin.","og_url":"https:\/\/kapitalis.com\/tunisie\/2023\/06\/09\/tunisie-le-conservatoire-de-musique-riadh-fehri-celebre-la-fete-de-la-musique\/","og_site_name":"Kapitalis","article_publisher":"https:\/\/www.facebook.com\/KapitalisInfo\/","article_published_time":"2023-06-09T17:24:49+00:00","article_modified_time":"2023-06-09T17:36:41+00:00","og_image":[{"width":1200,"height":630,"url":"https:\/\/kapitalis.com\/tunisie\/wp-content\/uploads\/2023\/06\/La-fete-de-la-musique-Conservatoire-Riadh-Fehri.jpg","type":"image\/jpeg"}],"author":"Fawz BenAli","twitter_card":"summary_large_image","twitter_creator":"@KapitalisInfo","twitter_site":"@KapitalisInfo","twitter_misc":{"\u00c9crit par":"Fawz BenAli","Dur\u00e9e de lecture estim\u00e9e":"1 minute"},"schema":{"@context":"https:\/\/schema.org","@graph":[{"@type":"Article","@id":"https:\/\/kapitalis.com\/tunisie\/2023\/06\/09\/tunisie-le-conservatoire-de-musique-riadh-fehri-celebre-la-fete-de-la-musique\/#article","isPartOf":{"@id":"https:\/\/kapitalis.com\/tunisie\/2023\/06\/09\/tunisie-le-conservatoire-de-musique-riadh-fehri-celebre-la-fete-de-la-musique\/"},"author":{"name":"Fawz BenAli","@id":"https:\/\/kapitalis.com\/tunisie\/#\/schema\/person\/73a5ecc1f6ae540c6ed91342eadca948"},"headline":"Tunisie : Le Conservatoire de musique Riadh Fehri c\u00e9l\u00e8bre la F\u00eate de la Musique","datePublished":"2023-06-09T17:24:49+00:00","dateModified":"2023-06-09T17:36:41+00:00","mainEntityOfPage":{"@id":"https:\/\/kapitalis.com\/tunisie\/2023\/06\/09\/tunisie-le-conservatoire-de-musique-riadh-fehri-celebre-la-fete-de-la-musique\/"},"wordCount":118,"commentCount":0,"publisher":{"@id":"https:\/\/kapitalis.com\/tunisie\/#organization"},"image":{"@id":"https:\/\/kapitalis.com\/tunisie\/2023\/06\/09\/tunisie-le-conservatoire-de-musique-riadh-fehri-celebre-la-fete-de-la-musique\/#primaryimage"},"thumbnailUrl":"https:\/\/kapitalis.com\/tunisie\/wp-content\/uploads\/2023\/06\/La-fete-de-la-musique-Conservatoire-Riadh-Fehri.jpg","keywords":["Conservatoire Riadh Fehri","Espace Sadika","F\u00eate de la musique 2023","Tunisie"],"articleSection":["CULTURE","Tunisie"],"inLanguage":"fr-FR","potentialAction":[{"@type":"CommentAction","name":"Comment","target":["https:\/\/kapitalis.com\/tunisie\/2023\/06\/09\/tunisie-le-conservatoire-de-musique-riadh-fehri-celebre-la-fete-de-la-musique\/#respond"]}]},{"@type":"WebPage","@id":"https:\/\/kapitalis.com\/tunisie\/2023\/06\/09\/tunisie-le-conservatoire-de-musique-riadh-fehri-celebre-la-fete-de-la-musique\/","url":"https:\/\/kapitalis.com\/tunisie\/2023\/06\/09\/tunisie-le-conservatoire-de-musique-riadh-fehri-celebre-la-fete-de-la-musique\/","name":"Tunisie : Le Conservatoire de musique Riadh Fehri c\u00e9l\u00e8bre la F\u00eate de la Musique - Kapitalis","isPartOf":{"@id":"https:\/\/kapitalis.com\/tunisie\/#website"},"primaryImageOfPage":{"@id":"https:\/\/kapitalis.com\/tunisie\/2023\/06\/09\/tunisie-le-conservatoire-de-musique-riadh-fehri-celebre-la-fete-de-la-musique\/#primaryimage"},"image":{"@id":"https:\/\/kapitalis.com\/tunisie\/2023\/06\/09\/tunisie-le-conservatoire-de-musique-riadh-fehri-celebre-la-fete-de-la-musique\/#primaryimage"},"thumbnailUrl":"https:\/\/kapitalis.com\/tunisie\/wp-content\/uploads\/2023\/06\/La-fete-de-la-musique-Conservatoire-Riadh-Fehri.jpg","datePublished":"2023-06-09T17:24:49+00:00","dateModified":"2023-06-09T17:36:41+00:00","breadcrumb":{"@id":"https:\/\/kapitalis.com\/tunisie\/2023\/06\/09\/tunisie-le-conservatoire-de-musique-riadh-fehri-celebre-la-fete-de-la-musique\/#breadcrumb"},"inLanguage":"fr-FR","potentialAction":[{"@type":"ReadAction","target":["https:\/\/kapitalis.com\/tunisie\/2023\/06\/09\/tunisie-le-conservatoire-de-musique-riadh-fehri-celebre-la-fete-de-la-musique\/"]}]},{"@type":"ImageObject","inLanguage":"fr-FR","@id":"https:\/\/kapitalis.com\/tunisie\/2023\/06\/09\/tunisie-le-conservatoire-de-musique-riadh-fehri-celebre-la-fete-de-la-musique\/#primaryimage","url":"https:\/\/kapitalis.com\/tunisie\/wp-content\/uploads\/2023\/06\/La-fete-de-la-musique-Conservatoire-Riadh-Fehri.jpg","contentUrl":"https:\/\/kapitalis.com\/tunisie\/wp-content\/uploads\/2023\/06\/La-fete-de-la-musique-Conservatoire-Riadh-Fehri.jpg","width":1200,"height":630},{"@type":"BreadcrumbList","@id":"https:\/\/kapitalis.com\/tunisie\/2023\/06\/09\/tunisie-le-conservatoire-de-musique-riadh-fehri-celebre-la-fete-de-la-musique\/#breadcrumb","itemListElement":[{"@type":"ListItem","position":1,"name":"Accueil","item":"https:\/\/kapitalis.com\/tunisie\/"},{"@type":"ListItem","position":2,"name":"Tunisie : Le Conservatoire de musique Riadh Fehri c\u00e9l\u00e8bre la F\u00eate de la Musique"}]},{"@type":"WebSite","@id":"https:\/\/kapitalis.com\/tunisie\/#website","url":"https:\/\/kapitalis.com\/tunisie\/","name":"Kapitalis","description":"L&#039;actualit\u00e9 en Tunisie et dans le monde","publisher":{"@id":"https:\/\/kapitalis.com\/tunisie\/#organization"},"potentialAction":[{"@type":"SearchAction","target":{"@type":"EntryPoint","urlTemplate":"https:\/\/kapitalis.com\/tunisie\/?s={search_term_string}"},"query-input":{"@type":"PropertyValueSpecification","valueRequired":true,"valueName":"search_term_string"}}],"inLanguage":"fr-FR"},{"@type":"Organization","@id":"https:\/\/kapitalis.com\/tunisie\/#organization","name":"Kapitalis","url":"https:\/\/kapitalis.com\/tunisie\/","logo":{"@type":"ImageObject","inLanguage":"fr-FR","@id":"https:\/\/kapitalis.com\/tunisie\/#\/schema\/logo\/image\/","url":"https:\/\/kapitalis.com\/tunisie\/wp-content\/uploads\/2022\/05\/Kapitalis-big-size.png","contentUrl":"https:\/\/kapitalis.com\/tunisie\/wp-content\/uploads\/2022\/05\/Kapitalis-big-size.png","width":5000,"height":1500,"caption":"Kapitalis"},"image":{"@id":"https:\/\/kapitalis.com\/tunisie\/#\/schema\/logo\/image\/"},"sameAs":["https:\/\/www.facebook.com\/KapitalisInfo\/","https:\/\/x.com\/KapitalisInfo","https:\/\/www.youtube.com\/channel\/UC-yDYrHyfFBWWZaOw3FPg9Q"]},{"@type":"Person","@id":"https:\/\/kapitalis.com\/tunisie\/#\/schema\/person\/73a5ecc1f6ae540c6ed91342eadca948","name":"Fawz BenAli","url":"https:\/\/kapitalis.com\/tunisie\/author\/fawz\/"}]}},"_links":{"self":[{"href":"https:\/\/kapitalis.com\/tunisie\/wp-json\/wp\/v2\/posts\/8300743","targetHints":{"allow":["GET"]}}],"collection":[{"href":"https:\/\/kapitalis.com\/tunisie\/wp-json\/wp\/v2\/posts"}],"about":[{"href":"https:\/\/kapitalis.com\/tunisie\/wp-json\/wp\/v2\/types\/post"}],"author":[{"embeddable":true,"href":"https:\/\/kapitalis.com\/tunisie\/wp-json\/wp\/v2\/users\/26"}],"replies":[{"embeddable":true,"href":"https:\/\/kapitalis.com\/tunisie\/wp-json\/wp\/v2\/comments?post=8300743"}],"version-history":[{"count":2,"href":"https:\/\/kapitalis.com\/tunisie\/wp-json\/wp\/v2\/posts\/8300743\/revisions"}],"predecessor-version":[{"id":8300993,"href":"https:\/\/kapitalis.com\/tunisie\/wp-json\/wp\/v2\/posts\/8300743\/revisions\/8300993"}],"wp:featuredmedia":[{"embeddable":true,"href":"https:\/\/kapitalis.com\/tunisie\/wp-json\/wp\/v2\/media\/8300981"}],"wp:attachment":[{"href":"https:\/\/kapitalis.com\/tunisie\/wp-json\/wp\/v2\/media?parent=8300743"}],"wp:term":[{"taxonomy":"category","embeddable":true,"href":"https:\/\/kapitalis.com\/tunisie\/wp-json\/wp\/v2\/categories?post=8300743"},{"taxonomy":"post_tag","embeddable":true,"href":"https:\/\/kapitalis.com\/tunisie\/wp-json\/wp\/v2\/tags?post=8300743"}],"curies":[{"name":"wp","href":"https:\/\/api.w.org\/{rel}","templated":true}]}}