{"id":83063,"date":"2017-02-14T16:55:21","date_gmt":"2017-02-14T15:55:21","guid":{"rendered":"http:\/\/kapitalis.com\/tunisie\/?p=83063"},"modified":"2017-02-14T16:55:21","modified_gmt":"2017-02-14T15:55:21","slug":"tunisie-lambassade-de-france-condamne-la-profanation-du-cimetiere-chretien-de-sfax","status":"publish","type":"post","link":"https:\/\/kapitalis.com\/tunisie\/2017\/02\/14\/tunisie-lambassade-de-france-condamne-la-profanation-du-cimetiere-chretien-de-sfax\/","title":{"rendered":"Tunisie : L\u2019ambassade de France condamne la profanation du cimeti\u00e8re chr\u00e9tien de Sfax"},"content":{"rendered":"<p style=\"text-align: center;\"><img loading=\"lazy\" decoding=\"async\" class=\"alignnone size-full wp-image-82856\" src=\"http:\/\/kapitalis.com\/tunisie\/wp-content\/uploads\/2017\/02\/Sfax-cimeti\u00e8re-chr\u00e9tien-vandalisme-profanation.jpg\" alt=\"\" width=\"626\" height=\"380\" \/><\/p>\n<p><em><strong>L\u2019ambassade de France en Tunisie condamne la profanation du cimeti\u00e8re chr\u00e9tien \u00e0 Sfax, situ\u00e9 sur la route de Gab\u00e8s.<\/strong><\/em><\/p>\n<p><!--more--><\/p>\n<p>Dans un communiqu\u00e9 publi\u00e9 mardi 14 f\u00e9vrier 2017,\u00a0l\u2019ambassade de France en Tunisie a\u00a0d\u00e9plor\u00e9 cette atteinte \u00e0 la m\u00e9moire des\u00a0morts, quelle que soit leur origine, leur nationalit\u00e9 ou leur confession, tout en pr\u00e9cisant avoir appris \u00ab<em>avec beaucoup d&rsquo;\u00e9motion, la <a href=\"http:\/\/kapitalis.com\/tunisie\/2017\/02\/13\/tunisie-profanation-du-cimetiere-chretien-de-sfax\/\">profanation <\/a>de plusieurs tombes de compatriotes fran\u00e7ais, enterr\u00e9s au cimeti\u00e8re chr\u00e9tien de Sfax<\/em>\u00bb.<\/p>\n<p>Dimanche 12 f\u00e9vrier 2017, des inconnus ont vandalis\u00e9 des tombes, cass\u00e9 des croix et tagu\u00e9, sur un mur du cimeti\u00e8re, la profession de foi musulmane \u00ab<em>La ilaha illa allah\u00bb<\/em> (Il n\u2019y a de dieu qu\u2019Allah).<\/p>\n<p>Les auteurs de cet acte ignoble n\u2019ont pas encore \u00e9t\u00e9 identifi\u00e9s.<\/p>\n<p style=\"text-align: right;\"><strong>Y. N.<\/strong><\/p>\n","protected":false},"excerpt":{"rendered":"<p>L\u2019ambassade de France en Tunisie condamne la profanation du cimeti\u00e8re chr\u00e9tien \u00e0 Sfax, situ\u00e9 sur la route de Gab\u00e8s.<\/p>\n","protected":false},"author":6,"featured_media":0,"comment_status":"open","ping_status":"open","sticky":false,"template":"","format":"standard","meta":{"footnotes":""},"categories":[998,2433],"tags":[],"class_list":["post-83063","post","type-post","status-publish","format-standard","hentry","category-societe","category-tunisie"],"yoast_head":"<!-- This site is optimized with the Yoast SEO plugin v26.6 - https:\/\/yoast.com\/wordpress\/plugins\/seo\/ -->\n<title>Tunisie : L\u2019ambassade de France condamne la profanation du cimeti\u00e8re chr\u00e9tien de Sfax - Kapitalis<\/title>\n<meta name=\"robots\" content=\"index, follow, max-snippet:-1, max-image-preview:large, max-video-preview:-1\" \/>\n<link rel=\"canonical\" href=\"https:\/\/kapitalis.com\/tunisie\/2017\/02\/14\/tunisie-lambassade-de-france-condamne-la-profanation-du-cimetiere-chretien-de-sfax\/\" \/>\n<meta property=\"og:locale\" content=\"fr_FR\" \/>\n<meta property=\"og:type\" content=\"article\" \/>\n<meta property=\"og:title\" content=\"Tunisie : L\u2019ambassade de France condamne la profanation du cimeti\u00e8re chr\u00e9tien de Sfax - Kapitalis\" \/>\n<meta property=\"og:description\" content=\"L\u2019ambassade de France en Tunisie condamne la profanation du cimeti\u00e8re chr\u00e9tien \u00e0 Sfax, situ\u00e9 sur la route de Gab\u00e8s.\" \/>\n<meta property=\"og:url\" content=\"https:\/\/kapitalis.com\/tunisie\/2017\/02\/14\/tunisie-lambassade-de-france-condamne-la-profanation-du-cimetiere-chretien-de-sfax\/\" \/>\n<meta property=\"og:site_name\" content=\"Kapitalis\" \/>\n<meta property=\"article:publisher\" content=\"https:\/\/www.facebook.com\/KapitalisInfo\/\" \/>\n<meta property=\"article:published_time\" content=\"2017-02-14T15:55:21+00:00\" \/>\n<meta property=\"og:image\" content=\"https:\/\/kapitalis.com\/tunisie\/wp-content\/uploads\/2022\/05\/kapitalis-logo-fb.png\" \/>\n\t<meta property=\"og:image:width\" content=\"1200\" \/>\n\t<meta property=\"og:image:height\" content=\"630\" \/>\n\t<meta property=\"og:image:type\" content=\"image\/png\" \/>\n<meta name=\"author\" content=\"Yusra NY\" \/>\n<meta name=\"twitter:card\" content=\"summary_large_image\" \/>\n<meta name=\"twitter:creator\" content=\"@KapitalisInfo\" \/>\n<meta name=\"twitter:site\" content=\"@KapitalisInfo\" \/>\n<meta name=\"twitter:label1\" content=\"\u00c9crit par\" \/>\n\t<meta name=\"twitter:data1\" content=\"Yusra NY\" \/>\n\t<meta name=\"twitter:label2\" content=\"Dur\u00e9e de lecture estim\u00e9e\" \/>\n\t<meta name=\"twitter:data2\" content=\"1 minute\" \/>\n<script type=\"application\/ld+json\" class=\"yoast-schema-graph\">{\"@context\":\"https:\/\/schema.org\",\"@graph\":[{\"@type\":\"Article\",\"@id\":\"https:\/\/kapitalis.com\/tunisie\/2017\/02\/14\/tunisie-lambassade-de-france-condamne-la-profanation-du-cimetiere-chretien-de-sfax\/#article\",\"isPartOf\":{\"@id\":\"https:\/\/kapitalis.com\/tunisie\/2017\/02\/14\/tunisie-lambassade-de-france-condamne-la-profanation-du-cimetiere-chretien-de-sfax\/\"},\"author\":{\"name\":\"Yusra NY\",\"@id\":\"https:\/\/kapitalis.com\/tunisie\/#\/schema\/person\/74bbde0154d49d790a92aaeac5bc01d5\"},\"headline\":\"Tunisie : L\u2019ambassade de France condamne la profanation du cimeti\u00e8re chr\u00e9tien de Sfax\",\"datePublished\":\"2017-02-14T15:55:21+00:00\",\"mainEntityOfPage\":{\"@id\":\"https:\/\/kapitalis.com\/tunisie\/2017\/02\/14\/tunisie-lambassade-de-france-condamne-la-profanation-du-cimetiere-chretien-de-sfax\/\"},\"wordCount\":150,\"commentCount\":2,\"publisher\":{\"@id\":\"https:\/\/kapitalis.com\/tunisie\/#organization\"},\"articleSection\":[\"SOCIETE\",\"Tunisie\"],\"inLanguage\":\"fr-FR\",\"potentialAction\":[{\"@type\":\"CommentAction\",\"name\":\"Comment\",\"target\":[\"https:\/\/kapitalis.com\/tunisie\/2017\/02\/14\/tunisie-lambassade-de-france-condamne-la-profanation-du-cimetiere-chretien-de-sfax\/#respond\"]}]},{\"@type\":\"WebPage\",\"@id\":\"https:\/\/kapitalis.com\/tunisie\/2017\/02\/14\/tunisie-lambassade-de-france-condamne-la-profanation-du-cimetiere-chretien-de-sfax\/\",\"url\":\"https:\/\/kapitalis.com\/tunisie\/2017\/02\/14\/tunisie-lambassade-de-france-condamne-la-profanation-du-cimetiere-chretien-de-sfax\/\",\"name\":\"Tunisie : L\u2019ambassade de France condamne la profanation du cimeti\u00e8re chr\u00e9tien de Sfax - Kapitalis\",\"isPartOf\":{\"@id\":\"https:\/\/kapitalis.com\/tunisie\/#website\"},\"datePublished\":\"2017-02-14T15:55:21+00:00\",\"breadcrumb\":{\"@id\":\"https:\/\/kapitalis.com\/tunisie\/2017\/02\/14\/tunisie-lambassade-de-france-condamne-la-profanation-du-cimetiere-chretien-de-sfax\/#breadcrumb\"},\"inLanguage\":\"fr-FR\",\"potentialAction\":[{\"@type\":\"ReadAction\",\"target\":[\"https:\/\/kapitalis.com\/tunisie\/2017\/02\/14\/tunisie-lambassade-de-france-condamne-la-profanation-du-cimetiere-chretien-de-sfax\/\"]}]},{\"@type\":\"BreadcrumbList\",\"@id\":\"https:\/\/kapitalis.com\/tunisie\/2017\/02\/14\/tunisie-lambassade-de-france-condamne-la-profanation-du-cimetiere-chretien-de-sfax\/#breadcrumb\",\"itemListElement\":[{\"@type\":\"ListItem\",\"position\":1,\"name\":\"Accueil\",\"item\":\"https:\/\/kapitalis.com\/tunisie\/\"},{\"@type\":\"ListItem\",\"position\":2,\"name\":\"Tunisie : L\u2019ambassade de France condamne la profanation du cimeti\u00e8re chr\u00e9tien de Sfax\"}]},{\"@type\":\"WebSite\",\"@id\":\"https:\/\/kapitalis.com\/tunisie\/#website\",\"url\":\"https:\/\/kapitalis.com\/tunisie\/\",\"name\":\"Kapitalis\",\"description\":\"L&#039;actualit\u00e9 en Tunisie et dans le monde\",\"publisher\":{\"@id\":\"https:\/\/kapitalis.com\/tunisie\/#organization\"},\"potentialAction\":[{\"@type\":\"SearchAction\",\"target\":{\"@type\":\"EntryPoint\",\"urlTemplate\":\"https:\/\/kapitalis.com\/tunisie\/?s={search_term_string}\"},\"query-input\":{\"@type\":\"PropertyValueSpecification\",\"valueRequired\":true,\"valueName\":\"search_term_string\"}}],\"inLanguage\":\"fr-FR\"},{\"@type\":\"Organization\",\"@id\":\"https:\/\/kapitalis.com\/tunisie\/#organization\",\"name\":\"Kapitalis\",\"url\":\"https:\/\/kapitalis.com\/tunisie\/\",\"logo\":{\"@type\":\"ImageObject\",\"inLanguage\":\"fr-FR\",\"@id\":\"https:\/\/kapitalis.com\/tunisie\/#\/schema\/logo\/image\/\",\"url\":\"https:\/\/kapitalis.com\/tunisie\/wp-content\/uploads\/2022\/05\/Kapitalis-big-size.png\",\"contentUrl\":\"https:\/\/kapitalis.com\/tunisie\/wp-content\/uploads\/2022\/05\/Kapitalis-big-size.png\",\"width\":5000,\"height\":1500,\"caption\":\"Kapitalis\"},\"image\":{\"@id\":\"https:\/\/kapitalis.com\/tunisie\/#\/schema\/logo\/image\/\"},\"sameAs\":[\"https:\/\/www.facebook.com\/KapitalisInfo\/\",\"https:\/\/x.com\/KapitalisInfo\",\"https:\/\/www.youtube.com\/channel\/UC-yDYrHyfFBWWZaOw3FPg9Q\"]},{\"@type\":\"Person\",\"@id\":\"https:\/\/kapitalis.com\/tunisie\/#\/schema\/person\/74bbde0154d49d790a92aaeac5bc01d5\",\"name\":\"Yusra NY\",\"url\":\"https:\/\/kapitalis.com\/tunisie\/author\/yuza_adam\/\"}]}<\/script>\n<!-- \/ Yoast SEO plugin. -->","yoast_head_json":{"title":"Tunisie : L\u2019ambassade de France condamne la profanation du cimeti\u00e8re chr\u00e9tien de Sfax - Kapitalis","robots":{"index":"index","follow":"follow","max-snippet":"max-snippet:-1","max-image-preview":"max-image-preview:large","max-video-preview":"max-video-preview:-1"},"canonical":"https:\/\/kapitalis.com\/tunisie\/2017\/02\/14\/tunisie-lambassade-de-france-condamne-la-profanation-du-cimetiere-chretien-de-sfax\/","og_locale":"fr_FR","og_type":"article","og_title":"Tunisie : L\u2019ambassade de France condamne la profanation du cimeti\u00e8re chr\u00e9tien de Sfax - Kapitalis","og_description":"L\u2019ambassade de France en Tunisie condamne la profanation du cimeti\u00e8re chr\u00e9tien \u00e0 Sfax, situ\u00e9 sur la route de Gab\u00e8s.","og_url":"https:\/\/kapitalis.com\/tunisie\/2017\/02\/14\/tunisie-lambassade-de-france-condamne-la-profanation-du-cimetiere-chretien-de-sfax\/","og_site_name":"Kapitalis","article_publisher":"https:\/\/www.facebook.com\/KapitalisInfo\/","article_published_time":"2017-02-14T15:55:21+00:00","og_image":[{"width":1200,"height":630,"url":"https:\/\/kapitalis.com\/tunisie\/wp-content\/uploads\/2022\/05\/kapitalis-logo-fb.png","type":"image\/png"}],"author":"Yusra NY","twitter_card":"summary_large_image","twitter_creator":"@KapitalisInfo","twitter_site":"@KapitalisInfo","twitter_misc":{"\u00c9crit par":"Yusra NY","Dur\u00e9e de lecture estim\u00e9e":"1 minute"},"schema":{"@context":"https:\/\/schema.org","@graph":[{"@type":"Article","@id":"https:\/\/kapitalis.com\/tunisie\/2017\/02\/14\/tunisie-lambassade-de-france-condamne-la-profanation-du-cimetiere-chretien-de-sfax\/#article","isPartOf":{"@id":"https:\/\/kapitalis.com\/tunisie\/2017\/02\/14\/tunisie-lambassade-de-france-condamne-la-profanation-du-cimetiere-chretien-de-sfax\/"},"author":{"name":"Yusra NY","@id":"https:\/\/kapitalis.com\/tunisie\/#\/schema\/person\/74bbde0154d49d790a92aaeac5bc01d5"},"headline":"Tunisie : L\u2019ambassade de France condamne la profanation du cimeti\u00e8re chr\u00e9tien de Sfax","datePublished":"2017-02-14T15:55:21+00:00","mainEntityOfPage":{"@id":"https:\/\/kapitalis.com\/tunisie\/2017\/02\/14\/tunisie-lambassade-de-france-condamne-la-profanation-du-cimetiere-chretien-de-sfax\/"},"wordCount":150,"commentCount":2,"publisher":{"@id":"https:\/\/kapitalis.com\/tunisie\/#organization"},"articleSection":["SOCIETE","Tunisie"],"inLanguage":"fr-FR","potentialAction":[{"@type":"CommentAction","name":"Comment","target":["https:\/\/kapitalis.com\/tunisie\/2017\/02\/14\/tunisie-lambassade-de-france-condamne-la-profanation-du-cimetiere-chretien-de-sfax\/#respond"]}]},{"@type":"WebPage","@id":"https:\/\/kapitalis.com\/tunisie\/2017\/02\/14\/tunisie-lambassade-de-france-condamne-la-profanation-du-cimetiere-chretien-de-sfax\/","url":"https:\/\/kapitalis.com\/tunisie\/2017\/02\/14\/tunisie-lambassade-de-france-condamne-la-profanation-du-cimetiere-chretien-de-sfax\/","name":"Tunisie : L\u2019ambassade de France condamne la profanation du cimeti\u00e8re chr\u00e9tien de Sfax - Kapitalis","isPartOf":{"@id":"https:\/\/kapitalis.com\/tunisie\/#website"},"datePublished":"2017-02-14T15:55:21+00:00","breadcrumb":{"@id":"https:\/\/kapitalis.com\/tunisie\/2017\/02\/14\/tunisie-lambassade-de-france-condamne-la-profanation-du-cimetiere-chretien-de-sfax\/#breadcrumb"},"inLanguage":"fr-FR","potentialAction":[{"@type":"ReadAction","target":["https:\/\/kapitalis.com\/tunisie\/2017\/02\/14\/tunisie-lambassade-de-france-condamne-la-profanation-du-cimetiere-chretien-de-sfax\/"]}]},{"@type":"BreadcrumbList","@id":"https:\/\/kapitalis.com\/tunisie\/2017\/02\/14\/tunisie-lambassade-de-france-condamne-la-profanation-du-cimetiere-chretien-de-sfax\/#breadcrumb","itemListElement":[{"@type":"ListItem","position":1,"name":"Accueil","item":"https:\/\/kapitalis.com\/tunisie\/"},{"@type":"ListItem","position":2,"name":"Tunisie : L\u2019ambassade de France condamne la profanation du cimeti\u00e8re chr\u00e9tien de Sfax"}]},{"@type":"WebSite","@id":"https:\/\/kapitalis.com\/tunisie\/#website","url":"https:\/\/kapitalis.com\/tunisie\/","name":"Kapitalis","description":"L&#039;actualit\u00e9 en Tunisie et dans le monde","publisher":{"@id":"https:\/\/kapitalis.com\/tunisie\/#organization"},"potentialAction":[{"@type":"SearchAction","target":{"@type":"EntryPoint","urlTemplate":"https:\/\/kapitalis.com\/tunisie\/?s={search_term_string}"},"query-input":{"@type":"PropertyValueSpecification","valueRequired":true,"valueName":"search_term_string"}}],"inLanguage":"fr-FR"},{"@type":"Organization","@id":"https:\/\/kapitalis.com\/tunisie\/#organization","name":"Kapitalis","url":"https:\/\/kapitalis.com\/tunisie\/","logo":{"@type":"ImageObject","inLanguage":"fr-FR","@id":"https:\/\/kapitalis.com\/tunisie\/#\/schema\/logo\/image\/","url":"https:\/\/kapitalis.com\/tunisie\/wp-content\/uploads\/2022\/05\/Kapitalis-big-size.png","contentUrl":"https:\/\/kapitalis.com\/tunisie\/wp-content\/uploads\/2022\/05\/Kapitalis-big-size.png","width":5000,"height":1500,"caption":"Kapitalis"},"image":{"@id":"https:\/\/kapitalis.com\/tunisie\/#\/schema\/logo\/image\/"},"sameAs":["https:\/\/www.facebook.com\/KapitalisInfo\/","https:\/\/x.com\/KapitalisInfo","https:\/\/www.youtube.com\/channel\/UC-yDYrHyfFBWWZaOw3FPg9Q"]},{"@type":"Person","@id":"https:\/\/kapitalis.com\/tunisie\/#\/schema\/person\/74bbde0154d49d790a92aaeac5bc01d5","name":"Yusra NY","url":"https:\/\/kapitalis.com\/tunisie\/author\/yuza_adam\/"}]}},"_links":{"self":[{"href":"https:\/\/kapitalis.com\/tunisie\/wp-json\/wp\/v2\/posts\/83063","targetHints":{"allow":["GET"]}}],"collection":[{"href":"https:\/\/kapitalis.com\/tunisie\/wp-json\/wp\/v2\/posts"}],"about":[{"href":"https:\/\/kapitalis.com\/tunisie\/wp-json\/wp\/v2\/types\/post"}],"author":[{"embeddable":true,"href":"https:\/\/kapitalis.com\/tunisie\/wp-json\/wp\/v2\/users\/6"}],"replies":[{"embeddable":true,"href":"https:\/\/kapitalis.com\/tunisie\/wp-json\/wp\/v2\/comments?post=83063"}],"version-history":[{"count":0,"href":"https:\/\/kapitalis.com\/tunisie\/wp-json\/wp\/v2\/posts\/83063\/revisions"}],"wp:attachment":[{"href":"https:\/\/kapitalis.com\/tunisie\/wp-json\/wp\/v2\/media?parent=83063"}],"wp:term":[{"taxonomy":"category","embeddable":true,"href":"https:\/\/kapitalis.com\/tunisie\/wp-json\/wp\/v2\/categories?post=83063"},{"taxonomy":"post_tag","embeddable":true,"href":"https:\/\/kapitalis.com\/tunisie\/wp-json\/wp\/v2\/tags?post=83063"}],"curies":[{"name":"wp","href":"https:\/\/api.w.org\/{rel}","templated":true}]}}