{"id":8325,"date":"2015-07-30T18:28:07","date_gmt":"2015-07-30T17:28:07","guid":{"rendered":"http:\/\/kapitalis.com\/tunisie\/?p=8325"},"modified":"2015-07-30T18:28:07","modified_gmt":"2015-07-30T17:28:07","slug":"deces-de-seifeddine-ben-aziza-victime-dune-bavure-policiere","status":"publish","type":"post","link":"https:\/\/kapitalis.com\/tunisie\/2015\/07\/30\/deces-de-seifeddine-ben-aziza-victime-dune-bavure-policiere\/","title":{"rendered":"D\u00e9c\u00e8s de Seifeddine Ben Aziza, victime d\u2019une bavure polici\u00e8re"},"content":{"rendered":"<p><img loading=\"lazy\" decoding=\"async\" class=\"aligncenter size-full wp-image-8326\" src=\"http:\/\/kapitalis.com\/tunisie\/wp-content\/uploads\/2015\/07\/Seifeddine-Ben-Aziza1.jpg\" alt=\"Seifeddine-Ben-Aziza\" width=\"626\" height=\"380\" \/><\/p>\n<p><em><strong>Gri\u00e8vement bless\u00e9 par des policiers, Seifeddine Ben Aziza est d\u00e9c\u00e9d\u00e9, aujourd\u2019hui, \u00e0 Hammam Sousse, apr\u00e8s un coma d\u2019un mois.<\/strong><\/em><\/p>\n<p><!--more--><\/p>\n<p>Le 30 juin dernier, le d\u00e9funt, \u00e2g\u00e9 de 24 ans, rentrait chez lui vers 4 heures du matin \u00e0 bord d\u2019une moto. Ne s\u2019\u00e9tant pas arr\u00eat\u00e9 \u00e0 un contr\u00f4le policier, une course poursuite s\u2019en est suivie. Les agents ont tir\u00e9 en l\u2019air pour l\u2019obliger \u00e0 s\u2019arr\u00eater. Le fuyard a perdu le contr\u00f4le de sa moto et est tomb\u00e9.<\/p>\n<p>Selon le t\u00e9moignage de son p\u00e8re, Nejmeddine Ben Aziza, <em>\u00ables policiers lui sont d\u00e9lib\u00e9r\u00e9ment rentr\u00e9s dedans avec leur v\u00e9hicule. Il a eu un choc au niveau de la t\u00eate et il a \u00e9t\u00e9 \u00e9cras\u00e9 au niveau du torse\u00bb<\/em>.<\/p>\n<p>Le p\u00e8re est persuad\u00e9 que les policiers, s\u2019\u00e9tant rendu compte de la gravit\u00e9 de leur acte, ont donn\u00e9 une version biais\u00e9e pour se prot\u00e9ger.<\/p>\n<p style=\"text-align: right;\"><strong>Z. A.<\/strong><\/p>\n","protected":false},"excerpt":{"rendered":"<p>Gri\u00e8vement bless\u00e9 par des policiers, Seifeddine Ben Aziza est d\u00e9c\u00e9d\u00e9, aujourd\u2019hui, \u00e0 Hammam Sousse, apr\u00e8s un coma d\u2019un mois.<\/p>\n","protected":false},"author":5,"featured_media":8326,"comment_status":"open","ping_status":"open","sticky":false,"template":"","format":"standard","meta":{"footnotes":""},"categories":[998,2433],"tags":[1106],"class_list":["post-8325","post","type-post","status-publish","format-standard","has-post-thumbnail","hentry","category-societe","category-tunisie","tag-course-poursuite"],"yoast_head":"<!-- This site is optimized with the Yoast SEO plugin v26.6 - https:\/\/yoast.com\/wordpress\/plugins\/seo\/ -->\n<title>D\u00e9c\u00e8s de Seifeddine Ben Aziza, victime d\u2019une bavure polici\u00e8re - Kapitalis<\/title>\n<meta name=\"robots\" content=\"index, follow, max-snippet:-1, max-image-preview:large, max-video-preview:-1\" \/>\n<link rel=\"canonical\" href=\"https:\/\/kapitalis.com\/tunisie\/2015\/07\/30\/deces-de-seifeddine-ben-aziza-victime-dune-bavure-policiere\/\" \/>\n<meta property=\"og:locale\" content=\"fr_FR\" \/>\n<meta property=\"og:type\" content=\"article\" \/>\n<meta property=\"og:title\" content=\"D\u00e9c\u00e8s de Seifeddine Ben Aziza, victime d\u2019une bavure polici\u00e8re - Kapitalis\" \/>\n<meta property=\"og:description\" content=\"Gri\u00e8vement bless\u00e9 par des policiers, Seifeddine Ben Aziza est d\u00e9c\u00e9d\u00e9, aujourd\u2019hui, \u00e0 Hammam Sousse, apr\u00e8s un coma d\u2019un mois.\" \/>\n<meta property=\"og:url\" content=\"https:\/\/kapitalis.com\/tunisie\/2015\/07\/30\/deces-de-seifeddine-ben-aziza-victime-dune-bavure-policiere\/\" \/>\n<meta property=\"og:site_name\" content=\"Kapitalis\" \/>\n<meta property=\"article:publisher\" content=\"https:\/\/www.facebook.com\/KapitalisInfo\/\" \/>\n<meta property=\"article:published_time\" content=\"2015-07-30T17:28:07+00:00\" \/>\n<meta property=\"og:image\" content=\"https:\/\/kapitalis.com\/tunisie\/wp-content\/uploads\/2022\/05\/kapitalis-logo-fb.png\" \/>\n\t<meta property=\"og:image:width\" content=\"1200\" \/>\n\t<meta property=\"og:image:height\" content=\"630\" \/>\n\t<meta property=\"og:image:type\" content=\"image\/png\" \/>\n<meta name=\"author\" content=\"Ridha Elkefi\" \/>\n<meta name=\"twitter:card\" content=\"summary_large_image\" \/>\n<meta name=\"twitter:creator\" content=\"@KapitalisInfo\" \/>\n<meta name=\"twitter:site\" content=\"@KapitalisInfo\" \/>\n<meta name=\"twitter:label1\" content=\"\u00c9crit par\" \/>\n\t<meta name=\"twitter:data1\" content=\"Ridha Elkefi\" \/>\n\t<meta name=\"twitter:label2\" content=\"Dur\u00e9e de lecture estim\u00e9e\" \/>\n\t<meta name=\"twitter:data2\" content=\"1 minute\" \/>\n<script type=\"application\/ld+json\" class=\"yoast-schema-graph\">{\"@context\":\"https:\/\/schema.org\",\"@graph\":[{\"@type\":\"Article\",\"@id\":\"https:\/\/kapitalis.com\/tunisie\/2015\/07\/30\/deces-de-seifeddine-ben-aziza-victime-dune-bavure-policiere\/#article\",\"isPartOf\":{\"@id\":\"https:\/\/kapitalis.com\/tunisie\/2015\/07\/30\/deces-de-seifeddine-ben-aziza-victime-dune-bavure-policiere\/\"},\"author\":{\"name\":\"Ridha Elkefi\",\"@id\":\"https:\/\/kapitalis.com\/tunisie\/#\/schema\/person\/16627fc9b2fc0116230e88af071eebab\"},\"headline\":\"D\u00e9c\u00e8s de Seifeddine Ben Aziza, victime d\u2019une bavure polici\u00e8re\",\"datePublished\":\"2015-07-30T17:28:07+00:00\",\"mainEntityOfPage\":{\"@id\":\"https:\/\/kapitalis.com\/tunisie\/2015\/07\/30\/deces-de-seifeddine-ben-aziza-victime-dune-bavure-policiere\/\"},\"wordCount\":176,\"commentCount\":8,\"publisher\":{\"@id\":\"https:\/\/kapitalis.com\/tunisie\/#organization\"},\"image\":{\"@id\":\"https:\/\/kapitalis.com\/tunisie\/2015\/07\/30\/deces-de-seifeddine-ben-aziza-victime-dune-bavure-policiere\/#primaryimage\"},\"thumbnailUrl\":\"\",\"keywords\":[\"course-poursuite\"],\"articleSection\":[\"SOCIETE\",\"Tunisie\"],\"inLanguage\":\"fr-FR\",\"potentialAction\":[{\"@type\":\"CommentAction\",\"name\":\"Comment\",\"target\":[\"https:\/\/kapitalis.com\/tunisie\/2015\/07\/30\/deces-de-seifeddine-ben-aziza-victime-dune-bavure-policiere\/#respond\"]}]},{\"@type\":\"WebPage\",\"@id\":\"https:\/\/kapitalis.com\/tunisie\/2015\/07\/30\/deces-de-seifeddine-ben-aziza-victime-dune-bavure-policiere\/\",\"url\":\"https:\/\/kapitalis.com\/tunisie\/2015\/07\/30\/deces-de-seifeddine-ben-aziza-victime-dune-bavure-policiere\/\",\"name\":\"D\u00e9c\u00e8s de Seifeddine Ben Aziza, victime d\u2019une bavure polici\u00e8re - Kapitalis\",\"isPartOf\":{\"@id\":\"https:\/\/kapitalis.com\/tunisie\/#website\"},\"primaryImageOfPage\":{\"@id\":\"https:\/\/kapitalis.com\/tunisie\/2015\/07\/30\/deces-de-seifeddine-ben-aziza-victime-dune-bavure-policiere\/#primaryimage\"},\"image\":{\"@id\":\"https:\/\/kapitalis.com\/tunisie\/2015\/07\/30\/deces-de-seifeddine-ben-aziza-victime-dune-bavure-policiere\/#primaryimage\"},\"thumbnailUrl\":\"\",\"datePublished\":\"2015-07-30T17:28:07+00:00\",\"breadcrumb\":{\"@id\":\"https:\/\/kapitalis.com\/tunisie\/2015\/07\/30\/deces-de-seifeddine-ben-aziza-victime-dune-bavure-policiere\/#breadcrumb\"},\"inLanguage\":\"fr-FR\",\"potentialAction\":[{\"@type\":\"ReadAction\",\"target\":[\"https:\/\/kapitalis.com\/tunisie\/2015\/07\/30\/deces-de-seifeddine-ben-aziza-victime-dune-bavure-policiere\/\"]}]},{\"@type\":\"ImageObject\",\"inLanguage\":\"fr-FR\",\"@id\":\"https:\/\/kapitalis.com\/tunisie\/2015\/07\/30\/deces-de-seifeddine-ben-aziza-victime-dune-bavure-policiere\/#primaryimage\",\"url\":\"\",\"contentUrl\":\"\"},{\"@type\":\"BreadcrumbList\",\"@id\":\"https:\/\/kapitalis.com\/tunisie\/2015\/07\/30\/deces-de-seifeddine-ben-aziza-victime-dune-bavure-policiere\/#breadcrumb\",\"itemListElement\":[{\"@type\":\"ListItem\",\"position\":1,\"name\":\"Accueil\",\"item\":\"https:\/\/kapitalis.com\/tunisie\/\"},{\"@type\":\"ListItem\",\"position\":2,\"name\":\"D\u00e9c\u00e8s de Seifeddine Ben Aziza, victime d\u2019une bavure polici\u00e8re\"}]},{\"@type\":\"WebSite\",\"@id\":\"https:\/\/kapitalis.com\/tunisie\/#website\",\"url\":\"https:\/\/kapitalis.com\/tunisie\/\",\"name\":\"Kapitalis\",\"description\":\"L&#039;actualit\u00e9 en Tunisie et dans le monde\",\"publisher\":{\"@id\":\"https:\/\/kapitalis.com\/tunisie\/#organization\"},\"potentialAction\":[{\"@type\":\"SearchAction\",\"target\":{\"@type\":\"EntryPoint\",\"urlTemplate\":\"https:\/\/kapitalis.com\/tunisie\/?s={search_term_string}\"},\"query-input\":{\"@type\":\"PropertyValueSpecification\",\"valueRequired\":true,\"valueName\":\"search_term_string\"}}],\"inLanguage\":\"fr-FR\"},{\"@type\":\"Organization\",\"@id\":\"https:\/\/kapitalis.com\/tunisie\/#organization\",\"name\":\"Kapitalis\",\"url\":\"https:\/\/kapitalis.com\/tunisie\/\",\"logo\":{\"@type\":\"ImageObject\",\"inLanguage\":\"fr-FR\",\"@id\":\"https:\/\/kapitalis.com\/tunisie\/#\/schema\/logo\/image\/\",\"url\":\"https:\/\/kapitalis.com\/tunisie\/wp-content\/uploads\/2022\/05\/Kapitalis-big-size.png\",\"contentUrl\":\"https:\/\/kapitalis.com\/tunisie\/wp-content\/uploads\/2022\/05\/Kapitalis-big-size.png\",\"width\":5000,\"height\":1500,\"caption\":\"Kapitalis\"},\"image\":{\"@id\":\"https:\/\/kapitalis.com\/tunisie\/#\/schema\/logo\/image\/\"},\"sameAs\":[\"https:\/\/www.facebook.com\/KapitalisInfo\/\",\"https:\/\/x.com\/KapitalisInfo\",\"https:\/\/www.youtube.com\/channel\/UC-yDYrHyfFBWWZaOw3FPg9Q\"]},{\"@type\":\"Person\",\"@id\":\"https:\/\/kapitalis.com\/tunisie\/#\/schema\/person\/16627fc9b2fc0116230e88af071eebab\",\"name\":\"Ridha Elkefi\",\"url\":\"https:\/\/kapitalis.com\/tunisie\/author\/ridha-kefi\/\"}]}<\/script>\n<!-- \/ Yoast SEO plugin. -->","yoast_head_json":{"title":"D\u00e9c\u00e8s de Seifeddine Ben Aziza, victime d\u2019une bavure polici\u00e8re - Kapitalis","robots":{"index":"index","follow":"follow","max-snippet":"max-snippet:-1","max-image-preview":"max-image-preview:large","max-video-preview":"max-video-preview:-1"},"canonical":"https:\/\/kapitalis.com\/tunisie\/2015\/07\/30\/deces-de-seifeddine-ben-aziza-victime-dune-bavure-policiere\/","og_locale":"fr_FR","og_type":"article","og_title":"D\u00e9c\u00e8s de Seifeddine Ben Aziza, victime d\u2019une bavure polici\u00e8re - Kapitalis","og_description":"Gri\u00e8vement bless\u00e9 par des policiers, Seifeddine Ben Aziza est d\u00e9c\u00e9d\u00e9, aujourd\u2019hui, \u00e0 Hammam Sousse, apr\u00e8s un coma d\u2019un mois.","og_url":"https:\/\/kapitalis.com\/tunisie\/2015\/07\/30\/deces-de-seifeddine-ben-aziza-victime-dune-bavure-policiere\/","og_site_name":"Kapitalis","article_publisher":"https:\/\/www.facebook.com\/KapitalisInfo\/","article_published_time":"2015-07-30T17:28:07+00:00","og_image":[{"width":1200,"height":630,"url":"https:\/\/kapitalis.com\/tunisie\/wp-content\/uploads\/2022\/05\/kapitalis-logo-fb.png","type":"image\/png"}],"author":"Ridha Elkefi","twitter_card":"summary_large_image","twitter_creator":"@KapitalisInfo","twitter_site":"@KapitalisInfo","twitter_misc":{"\u00c9crit par":"Ridha Elkefi","Dur\u00e9e de lecture estim\u00e9e":"1 minute"},"schema":{"@context":"https:\/\/schema.org","@graph":[{"@type":"Article","@id":"https:\/\/kapitalis.com\/tunisie\/2015\/07\/30\/deces-de-seifeddine-ben-aziza-victime-dune-bavure-policiere\/#article","isPartOf":{"@id":"https:\/\/kapitalis.com\/tunisie\/2015\/07\/30\/deces-de-seifeddine-ben-aziza-victime-dune-bavure-policiere\/"},"author":{"name":"Ridha Elkefi","@id":"https:\/\/kapitalis.com\/tunisie\/#\/schema\/person\/16627fc9b2fc0116230e88af071eebab"},"headline":"D\u00e9c\u00e8s de Seifeddine Ben Aziza, victime d\u2019une bavure polici\u00e8re","datePublished":"2015-07-30T17:28:07+00:00","mainEntityOfPage":{"@id":"https:\/\/kapitalis.com\/tunisie\/2015\/07\/30\/deces-de-seifeddine-ben-aziza-victime-dune-bavure-policiere\/"},"wordCount":176,"commentCount":8,"publisher":{"@id":"https:\/\/kapitalis.com\/tunisie\/#organization"},"image":{"@id":"https:\/\/kapitalis.com\/tunisie\/2015\/07\/30\/deces-de-seifeddine-ben-aziza-victime-dune-bavure-policiere\/#primaryimage"},"thumbnailUrl":"","keywords":["course-poursuite"],"articleSection":["SOCIETE","Tunisie"],"inLanguage":"fr-FR","potentialAction":[{"@type":"CommentAction","name":"Comment","target":["https:\/\/kapitalis.com\/tunisie\/2015\/07\/30\/deces-de-seifeddine-ben-aziza-victime-dune-bavure-policiere\/#respond"]}]},{"@type":"WebPage","@id":"https:\/\/kapitalis.com\/tunisie\/2015\/07\/30\/deces-de-seifeddine-ben-aziza-victime-dune-bavure-policiere\/","url":"https:\/\/kapitalis.com\/tunisie\/2015\/07\/30\/deces-de-seifeddine-ben-aziza-victime-dune-bavure-policiere\/","name":"D\u00e9c\u00e8s de Seifeddine Ben Aziza, victime d\u2019une bavure polici\u00e8re - Kapitalis","isPartOf":{"@id":"https:\/\/kapitalis.com\/tunisie\/#website"},"primaryImageOfPage":{"@id":"https:\/\/kapitalis.com\/tunisie\/2015\/07\/30\/deces-de-seifeddine-ben-aziza-victime-dune-bavure-policiere\/#primaryimage"},"image":{"@id":"https:\/\/kapitalis.com\/tunisie\/2015\/07\/30\/deces-de-seifeddine-ben-aziza-victime-dune-bavure-policiere\/#primaryimage"},"thumbnailUrl":"","datePublished":"2015-07-30T17:28:07+00:00","breadcrumb":{"@id":"https:\/\/kapitalis.com\/tunisie\/2015\/07\/30\/deces-de-seifeddine-ben-aziza-victime-dune-bavure-policiere\/#breadcrumb"},"inLanguage":"fr-FR","potentialAction":[{"@type":"ReadAction","target":["https:\/\/kapitalis.com\/tunisie\/2015\/07\/30\/deces-de-seifeddine-ben-aziza-victime-dune-bavure-policiere\/"]}]},{"@type":"ImageObject","inLanguage":"fr-FR","@id":"https:\/\/kapitalis.com\/tunisie\/2015\/07\/30\/deces-de-seifeddine-ben-aziza-victime-dune-bavure-policiere\/#primaryimage","url":"","contentUrl":""},{"@type":"BreadcrumbList","@id":"https:\/\/kapitalis.com\/tunisie\/2015\/07\/30\/deces-de-seifeddine-ben-aziza-victime-dune-bavure-policiere\/#breadcrumb","itemListElement":[{"@type":"ListItem","position":1,"name":"Accueil","item":"https:\/\/kapitalis.com\/tunisie\/"},{"@type":"ListItem","position":2,"name":"D\u00e9c\u00e8s de Seifeddine Ben Aziza, victime d\u2019une bavure polici\u00e8re"}]},{"@type":"WebSite","@id":"https:\/\/kapitalis.com\/tunisie\/#website","url":"https:\/\/kapitalis.com\/tunisie\/","name":"Kapitalis","description":"L&#039;actualit\u00e9 en Tunisie et dans le monde","publisher":{"@id":"https:\/\/kapitalis.com\/tunisie\/#organization"},"potentialAction":[{"@type":"SearchAction","target":{"@type":"EntryPoint","urlTemplate":"https:\/\/kapitalis.com\/tunisie\/?s={search_term_string}"},"query-input":{"@type":"PropertyValueSpecification","valueRequired":true,"valueName":"search_term_string"}}],"inLanguage":"fr-FR"},{"@type":"Organization","@id":"https:\/\/kapitalis.com\/tunisie\/#organization","name":"Kapitalis","url":"https:\/\/kapitalis.com\/tunisie\/","logo":{"@type":"ImageObject","inLanguage":"fr-FR","@id":"https:\/\/kapitalis.com\/tunisie\/#\/schema\/logo\/image\/","url":"https:\/\/kapitalis.com\/tunisie\/wp-content\/uploads\/2022\/05\/Kapitalis-big-size.png","contentUrl":"https:\/\/kapitalis.com\/tunisie\/wp-content\/uploads\/2022\/05\/Kapitalis-big-size.png","width":5000,"height":1500,"caption":"Kapitalis"},"image":{"@id":"https:\/\/kapitalis.com\/tunisie\/#\/schema\/logo\/image\/"},"sameAs":["https:\/\/www.facebook.com\/KapitalisInfo\/","https:\/\/x.com\/KapitalisInfo","https:\/\/www.youtube.com\/channel\/UC-yDYrHyfFBWWZaOw3FPg9Q"]},{"@type":"Person","@id":"https:\/\/kapitalis.com\/tunisie\/#\/schema\/person\/16627fc9b2fc0116230e88af071eebab","name":"Ridha Elkefi","url":"https:\/\/kapitalis.com\/tunisie\/author\/ridha-kefi\/"}]}},"_links":{"self":[{"href":"https:\/\/kapitalis.com\/tunisie\/wp-json\/wp\/v2\/posts\/8325","targetHints":{"allow":["GET"]}}],"collection":[{"href":"https:\/\/kapitalis.com\/tunisie\/wp-json\/wp\/v2\/posts"}],"about":[{"href":"https:\/\/kapitalis.com\/tunisie\/wp-json\/wp\/v2\/types\/post"}],"author":[{"embeddable":true,"href":"https:\/\/kapitalis.com\/tunisie\/wp-json\/wp\/v2\/users\/5"}],"replies":[{"embeddable":true,"href":"https:\/\/kapitalis.com\/tunisie\/wp-json\/wp\/v2\/comments?post=8325"}],"version-history":[{"count":0,"href":"https:\/\/kapitalis.com\/tunisie\/wp-json\/wp\/v2\/posts\/8325\/revisions"}],"wp:featuredmedia":[{"embeddable":true,"href":"https:\/\/kapitalis.com\/tunisie\/wp-json\/wp\/v2\/media\/8326"}],"wp:attachment":[{"href":"https:\/\/kapitalis.com\/tunisie\/wp-json\/wp\/v2\/media?parent=8325"}],"wp:term":[{"taxonomy":"category","embeddable":true,"href":"https:\/\/kapitalis.com\/tunisie\/wp-json\/wp\/v2\/categories?post=8325"},{"taxonomy":"post_tag","embeddable":true,"href":"https:\/\/kapitalis.com\/tunisie\/wp-json\/wp\/v2\/tags?post=8325"}],"curies":[{"name":"wp","href":"https:\/\/api.w.org\/{rel}","templated":true}]}}