{"id":8334953,"date":"2023-06-12T11:41:44","date_gmt":"2023-06-12T10:41:44","guid":{"rendered":"https:\/\/kapitalis.com\/tunisie\/?p=8334953"},"modified":"2023-06-12T11:41:45","modified_gmt":"2023-06-12T10:41:45","slug":"la-marsa-prochaine-escale-du-festival-environnemental-itinerant-envirofest","status":"publish","type":"post","link":"https:\/\/kapitalis.com\/tunisie\/2023\/06\/12\/la-marsa-prochaine-escale-du-festival-environnemental-itinerant-envirofest\/","title":{"rendered":"La Marsa, prochaine escale du festival environnemental itin\u00e9rant Envirofest"},"content":{"rendered":"\n<p><em><strong>Apr\u00e8s la Cit\u00e9 de la Culture, le Festival du Film environnemental de Tunisie (Envirofest) ira prochainement \u00e0 la rencontre du public de la Marsa. Des projections gratuites sur les plages, des d\u00e9bats autour de l\u2019\u00e9cologie et un village \u00e9coresponsable seront au programme.<\/strong><\/em><\/p>\n\n\n\n<!--more-->\n\n\n\n<p>Envirofest est devenu l\u2019un des rendez-vous cin\u00e9matographiques phares en Tunisie, il s\u2019agit d\u2019un festival itin\u00e9rant et gratuit qui va \u00e0 la rencontre de diff\u00e9rents publics dans les diff\u00e9rentes r\u00e9gions de la Tunisie pour aborder \u00e0 travers le cin\u00e9ma des questions cruciales li\u00e9es \u00e0 l\u2019environnement.<\/p>\n\n\n\n<p>L\u2019\u00e9dition 2023 a d\u00e9marr\u00e9 au mois de mai dernier \u00e0 La Cit\u00e9 de la Culture avec une belle programmation o\u00f9 le public avait l\u2019occasion de d\u00e9couvrir des films internationaux, r\u00e9cents et engag\u00e9s traitant diverses th\u00e9matiques en rapport \u00e0 l\u2019environnement et au r\u00e9chauffement climatique.<\/p>\n\n\n\n<p>Le rendez-vous se renouvelle du 23 au 25 juin \u00e0 La Marsa. Les projections seront comme toujours gratuites et auront lieu sur la plage \u00e0 partir de 20h.<\/p>\n\n\n\n<p>Un village \u00e9coresponsable sera install\u00e9 \u00e0 cette occasion pour permettre des \u00e9changes avec les diff\u00e9rentes associations et organismes environnementaux.<\/p>\n\n\n\n<p class=\"has-text-align-right\"><strong>F.B<\/strong><\/p>\n","protected":false},"excerpt":{"rendered":"<p>Apr\u00e8s la Cit\u00e9 de la Culture, le Festival du Film environnemental de Tunisie (Envirofest) ira prochainement \u00e0 la rencontre du public de la Marsa. Des projections gratuites sur les plages, des d\u00e9bats autour de l\u2019\u00e9cologie et un village \u00e9coresponsable seront au programme.<\/p>\n","protected":false},"author":26,"featured_media":8335352,"comment_status":"open","ping_status":"open","sticky":false,"template":"","format":"standard","meta":{"footnotes":""},"categories":[994,2433],"tags":[80173,108669,85337,2991,62643,109287],"class_list":["post-8334953","post","type-post","status-publish","format-standard","has-post-thumbnail","hentry","category-culture","category-tunisie","tag-cinema-environnemental","tag-envirofest-2023","tag-festival-du-film-environnemental","tag-la-marsa","tag-tunisie","tag-village-ecologique"],"yoast_head":"<!-- This site is optimized with the Yoast SEO plugin v26.6 - https:\/\/yoast.com\/wordpress\/plugins\/seo\/ -->\n<title>La Marsa, prochaine escale du festival environnemental itin\u00e9rant Envirofest - Kapitalis<\/title>\n<meta name=\"robots\" content=\"index, follow, max-snippet:-1, max-image-preview:large, max-video-preview:-1\" \/>\n<link rel=\"canonical\" href=\"https:\/\/kapitalis.com\/tunisie\/2023\/06\/12\/la-marsa-prochaine-escale-du-festival-environnemental-itinerant-envirofest\/\" \/>\n<meta property=\"og:locale\" content=\"fr_FR\" \/>\n<meta property=\"og:type\" content=\"article\" \/>\n<meta property=\"og:title\" content=\"La Marsa, prochaine escale du festival environnemental itin\u00e9rant Envirofest - Kapitalis\" \/>\n<meta property=\"og:description\" content=\"Apr\u00e8s la Cit\u00e9 de la Culture, le Festival du Film environnemental de Tunisie (Envirofest) ira prochainement \u00e0 la rencontre du public de la Marsa. Des projections gratuites sur les plages, des d\u00e9bats autour de l\u2019\u00e9cologie et un village \u00e9coresponsable seront au programme.\" \/>\n<meta property=\"og:url\" content=\"https:\/\/kapitalis.com\/tunisie\/2023\/06\/12\/la-marsa-prochaine-escale-du-festival-environnemental-itinerant-envirofest\/\" \/>\n<meta property=\"og:site_name\" content=\"Kapitalis\" \/>\n<meta property=\"article:publisher\" content=\"https:\/\/www.facebook.com\/KapitalisInfo\/\" \/>\n<meta property=\"article:published_time\" content=\"2023-06-12T10:41:44+00:00\" \/>\n<meta property=\"article:modified_time\" content=\"2023-06-12T10:41:45+00:00\" \/>\n<meta property=\"og:image\" content=\"https:\/\/kapitalis.com\/tunisie\/wp-content\/uploads\/2023\/06\/Envirofest-la-Marsa.jpg\" \/>\n\t<meta property=\"og:image:width\" content=\"1200\" \/>\n\t<meta property=\"og:image:height\" content=\"630\" \/>\n\t<meta property=\"og:image:type\" content=\"image\/jpeg\" \/>\n<meta name=\"author\" content=\"Fawz BenAli\" \/>\n<meta name=\"twitter:card\" content=\"summary_large_image\" \/>\n<meta name=\"twitter:creator\" content=\"@KapitalisInfo\" \/>\n<meta name=\"twitter:site\" content=\"@KapitalisInfo\" \/>\n<meta name=\"twitter:label1\" content=\"\u00c9crit par\" \/>\n\t<meta name=\"twitter:data1\" content=\"Fawz BenAli\" \/>\n\t<meta name=\"twitter:label2\" content=\"Dur\u00e9e de lecture estim\u00e9e\" \/>\n\t<meta name=\"twitter:data2\" content=\"1 minute\" \/>\n<script type=\"application\/ld+json\" class=\"yoast-schema-graph\">{\"@context\":\"https:\/\/schema.org\",\"@graph\":[{\"@type\":\"Article\",\"@id\":\"https:\/\/kapitalis.com\/tunisie\/2023\/06\/12\/la-marsa-prochaine-escale-du-festival-environnemental-itinerant-envirofest\/#article\",\"isPartOf\":{\"@id\":\"https:\/\/kapitalis.com\/tunisie\/2023\/06\/12\/la-marsa-prochaine-escale-du-festival-environnemental-itinerant-envirofest\/\"},\"author\":{\"name\":\"Fawz BenAli\",\"@id\":\"https:\/\/kapitalis.com\/tunisie\/#\/schema\/person\/73a5ecc1f6ae540c6ed91342eadca948\"},\"headline\":\"La Marsa, prochaine escale du festival environnemental itin\u00e9rant Envirofest\",\"datePublished\":\"2023-06-12T10:41:44+00:00\",\"dateModified\":\"2023-06-12T10:41:45+00:00\",\"mainEntityOfPage\":{\"@id\":\"https:\/\/kapitalis.com\/tunisie\/2023\/06\/12\/la-marsa-prochaine-escale-du-festival-environnemental-itinerant-envirofest\/\"},\"wordCount\":200,\"commentCount\":0,\"publisher\":{\"@id\":\"https:\/\/kapitalis.com\/tunisie\/#organization\"},\"image\":{\"@id\":\"https:\/\/kapitalis.com\/tunisie\/2023\/06\/12\/la-marsa-prochaine-escale-du-festival-environnemental-itinerant-envirofest\/#primaryimage\"},\"thumbnailUrl\":\"https:\/\/kapitalis.com\/tunisie\/wp-content\/uploads\/2023\/06\/Envirofest-la-Marsa.jpg\",\"keywords\":[\"cin\u00e9ma environnemental\",\"Envirofest 2023\",\"Festival du film environnemental\",\"La Marsa\",\"Tunisie\",\"village \u00e9cologique\"],\"articleSection\":[\"CULTURE\",\"Tunisie\"],\"inLanguage\":\"fr-FR\",\"potentialAction\":[{\"@type\":\"CommentAction\",\"name\":\"Comment\",\"target\":[\"https:\/\/kapitalis.com\/tunisie\/2023\/06\/12\/la-marsa-prochaine-escale-du-festival-environnemental-itinerant-envirofest\/#respond\"]}]},{\"@type\":\"WebPage\",\"@id\":\"https:\/\/kapitalis.com\/tunisie\/2023\/06\/12\/la-marsa-prochaine-escale-du-festival-environnemental-itinerant-envirofest\/\",\"url\":\"https:\/\/kapitalis.com\/tunisie\/2023\/06\/12\/la-marsa-prochaine-escale-du-festival-environnemental-itinerant-envirofest\/\",\"name\":\"La Marsa, prochaine escale du festival environnemental itin\u00e9rant Envirofest - Kapitalis\",\"isPartOf\":{\"@id\":\"https:\/\/kapitalis.com\/tunisie\/#website\"},\"primaryImageOfPage\":{\"@id\":\"https:\/\/kapitalis.com\/tunisie\/2023\/06\/12\/la-marsa-prochaine-escale-du-festival-environnemental-itinerant-envirofest\/#primaryimage\"},\"image\":{\"@id\":\"https:\/\/kapitalis.com\/tunisie\/2023\/06\/12\/la-marsa-prochaine-escale-du-festival-environnemental-itinerant-envirofest\/#primaryimage\"},\"thumbnailUrl\":\"https:\/\/kapitalis.com\/tunisie\/wp-content\/uploads\/2023\/06\/Envirofest-la-Marsa.jpg\",\"datePublished\":\"2023-06-12T10:41:44+00:00\",\"dateModified\":\"2023-06-12T10:41:45+00:00\",\"breadcrumb\":{\"@id\":\"https:\/\/kapitalis.com\/tunisie\/2023\/06\/12\/la-marsa-prochaine-escale-du-festival-environnemental-itinerant-envirofest\/#breadcrumb\"},\"inLanguage\":\"fr-FR\",\"potentialAction\":[{\"@type\":\"ReadAction\",\"target\":[\"https:\/\/kapitalis.com\/tunisie\/2023\/06\/12\/la-marsa-prochaine-escale-du-festival-environnemental-itinerant-envirofest\/\"]}]},{\"@type\":\"ImageObject\",\"inLanguage\":\"fr-FR\",\"@id\":\"https:\/\/kapitalis.com\/tunisie\/2023\/06\/12\/la-marsa-prochaine-escale-du-festival-environnemental-itinerant-envirofest\/#primaryimage\",\"url\":\"https:\/\/kapitalis.com\/tunisie\/wp-content\/uploads\/2023\/06\/Envirofest-la-Marsa.jpg\",\"contentUrl\":\"https:\/\/kapitalis.com\/tunisie\/wp-content\/uploads\/2023\/06\/Envirofest-la-Marsa.jpg\",\"width\":1200,\"height\":630},{\"@type\":\"BreadcrumbList\",\"@id\":\"https:\/\/kapitalis.com\/tunisie\/2023\/06\/12\/la-marsa-prochaine-escale-du-festival-environnemental-itinerant-envirofest\/#breadcrumb\",\"itemListElement\":[{\"@type\":\"ListItem\",\"position\":1,\"name\":\"Accueil\",\"item\":\"https:\/\/kapitalis.com\/tunisie\/\"},{\"@type\":\"ListItem\",\"position\":2,\"name\":\"La Marsa, prochaine escale du festival environnemental itin\u00e9rant Envirofest\"}]},{\"@type\":\"WebSite\",\"@id\":\"https:\/\/kapitalis.com\/tunisie\/#website\",\"url\":\"https:\/\/kapitalis.com\/tunisie\/\",\"name\":\"Kapitalis\",\"description\":\"L&#039;actualit\u00e9 en Tunisie et dans le monde\",\"publisher\":{\"@id\":\"https:\/\/kapitalis.com\/tunisie\/#organization\"},\"potentialAction\":[{\"@type\":\"SearchAction\",\"target\":{\"@type\":\"EntryPoint\",\"urlTemplate\":\"https:\/\/kapitalis.com\/tunisie\/?s={search_term_string}\"},\"query-input\":{\"@type\":\"PropertyValueSpecification\",\"valueRequired\":true,\"valueName\":\"search_term_string\"}}],\"inLanguage\":\"fr-FR\"},{\"@type\":\"Organization\",\"@id\":\"https:\/\/kapitalis.com\/tunisie\/#organization\",\"name\":\"Kapitalis\",\"url\":\"https:\/\/kapitalis.com\/tunisie\/\",\"logo\":{\"@type\":\"ImageObject\",\"inLanguage\":\"fr-FR\",\"@id\":\"https:\/\/kapitalis.com\/tunisie\/#\/schema\/logo\/image\/\",\"url\":\"https:\/\/kapitalis.com\/tunisie\/wp-content\/uploads\/2022\/05\/Kapitalis-big-size.png\",\"contentUrl\":\"https:\/\/kapitalis.com\/tunisie\/wp-content\/uploads\/2022\/05\/Kapitalis-big-size.png\",\"width\":5000,\"height\":1500,\"caption\":\"Kapitalis\"},\"image\":{\"@id\":\"https:\/\/kapitalis.com\/tunisie\/#\/schema\/logo\/image\/\"},\"sameAs\":[\"https:\/\/www.facebook.com\/KapitalisInfo\/\",\"https:\/\/x.com\/KapitalisInfo\",\"https:\/\/www.youtube.com\/channel\/UC-yDYrHyfFBWWZaOw3FPg9Q\"]},{\"@type\":\"Person\",\"@id\":\"https:\/\/kapitalis.com\/tunisie\/#\/schema\/person\/73a5ecc1f6ae540c6ed91342eadca948\",\"name\":\"Fawz BenAli\",\"url\":\"https:\/\/kapitalis.com\/tunisie\/author\/fawz\/\"}]}<\/script>\n<!-- \/ Yoast SEO plugin. -->","yoast_head_json":{"title":"La Marsa, prochaine escale du festival environnemental itin\u00e9rant Envirofest - Kapitalis","robots":{"index":"index","follow":"follow","max-snippet":"max-snippet:-1","max-image-preview":"max-image-preview:large","max-video-preview":"max-video-preview:-1"},"canonical":"https:\/\/kapitalis.com\/tunisie\/2023\/06\/12\/la-marsa-prochaine-escale-du-festival-environnemental-itinerant-envirofest\/","og_locale":"fr_FR","og_type":"article","og_title":"La Marsa, prochaine escale du festival environnemental itin\u00e9rant Envirofest - Kapitalis","og_description":"Apr\u00e8s la Cit\u00e9 de la Culture, le Festival du Film environnemental de Tunisie (Envirofest) ira prochainement \u00e0 la rencontre du public de la Marsa. Des projections gratuites sur les plages, des d\u00e9bats autour de l\u2019\u00e9cologie et un village \u00e9coresponsable seront au programme.","og_url":"https:\/\/kapitalis.com\/tunisie\/2023\/06\/12\/la-marsa-prochaine-escale-du-festival-environnemental-itinerant-envirofest\/","og_site_name":"Kapitalis","article_publisher":"https:\/\/www.facebook.com\/KapitalisInfo\/","article_published_time":"2023-06-12T10:41:44+00:00","article_modified_time":"2023-06-12T10:41:45+00:00","og_image":[{"width":1200,"height":630,"url":"https:\/\/kapitalis.com\/tunisie\/wp-content\/uploads\/2023\/06\/Envirofest-la-Marsa.jpg","type":"image\/jpeg"}],"author":"Fawz BenAli","twitter_card":"summary_large_image","twitter_creator":"@KapitalisInfo","twitter_site":"@KapitalisInfo","twitter_misc":{"\u00c9crit par":"Fawz BenAli","Dur\u00e9e de lecture estim\u00e9e":"1 minute"},"schema":{"@context":"https:\/\/schema.org","@graph":[{"@type":"Article","@id":"https:\/\/kapitalis.com\/tunisie\/2023\/06\/12\/la-marsa-prochaine-escale-du-festival-environnemental-itinerant-envirofest\/#article","isPartOf":{"@id":"https:\/\/kapitalis.com\/tunisie\/2023\/06\/12\/la-marsa-prochaine-escale-du-festival-environnemental-itinerant-envirofest\/"},"author":{"name":"Fawz BenAli","@id":"https:\/\/kapitalis.com\/tunisie\/#\/schema\/person\/73a5ecc1f6ae540c6ed91342eadca948"},"headline":"La Marsa, prochaine escale du festival environnemental itin\u00e9rant Envirofest","datePublished":"2023-06-12T10:41:44+00:00","dateModified":"2023-06-12T10:41:45+00:00","mainEntityOfPage":{"@id":"https:\/\/kapitalis.com\/tunisie\/2023\/06\/12\/la-marsa-prochaine-escale-du-festival-environnemental-itinerant-envirofest\/"},"wordCount":200,"commentCount":0,"publisher":{"@id":"https:\/\/kapitalis.com\/tunisie\/#organization"},"image":{"@id":"https:\/\/kapitalis.com\/tunisie\/2023\/06\/12\/la-marsa-prochaine-escale-du-festival-environnemental-itinerant-envirofest\/#primaryimage"},"thumbnailUrl":"https:\/\/kapitalis.com\/tunisie\/wp-content\/uploads\/2023\/06\/Envirofest-la-Marsa.jpg","keywords":["cin\u00e9ma environnemental","Envirofest 2023","Festival du film environnemental","La Marsa","Tunisie","village \u00e9cologique"],"articleSection":["CULTURE","Tunisie"],"inLanguage":"fr-FR","potentialAction":[{"@type":"CommentAction","name":"Comment","target":["https:\/\/kapitalis.com\/tunisie\/2023\/06\/12\/la-marsa-prochaine-escale-du-festival-environnemental-itinerant-envirofest\/#respond"]}]},{"@type":"WebPage","@id":"https:\/\/kapitalis.com\/tunisie\/2023\/06\/12\/la-marsa-prochaine-escale-du-festival-environnemental-itinerant-envirofest\/","url":"https:\/\/kapitalis.com\/tunisie\/2023\/06\/12\/la-marsa-prochaine-escale-du-festival-environnemental-itinerant-envirofest\/","name":"La Marsa, prochaine escale du festival environnemental itin\u00e9rant Envirofest - Kapitalis","isPartOf":{"@id":"https:\/\/kapitalis.com\/tunisie\/#website"},"primaryImageOfPage":{"@id":"https:\/\/kapitalis.com\/tunisie\/2023\/06\/12\/la-marsa-prochaine-escale-du-festival-environnemental-itinerant-envirofest\/#primaryimage"},"image":{"@id":"https:\/\/kapitalis.com\/tunisie\/2023\/06\/12\/la-marsa-prochaine-escale-du-festival-environnemental-itinerant-envirofest\/#primaryimage"},"thumbnailUrl":"https:\/\/kapitalis.com\/tunisie\/wp-content\/uploads\/2023\/06\/Envirofest-la-Marsa.jpg","datePublished":"2023-06-12T10:41:44+00:00","dateModified":"2023-06-12T10:41:45+00:00","breadcrumb":{"@id":"https:\/\/kapitalis.com\/tunisie\/2023\/06\/12\/la-marsa-prochaine-escale-du-festival-environnemental-itinerant-envirofest\/#breadcrumb"},"inLanguage":"fr-FR","potentialAction":[{"@type":"ReadAction","target":["https:\/\/kapitalis.com\/tunisie\/2023\/06\/12\/la-marsa-prochaine-escale-du-festival-environnemental-itinerant-envirofest\/"]}]},{"@type":"ImageObject","inLanguage":"fr-FR","@id":"https:\/\/kapitalis.com\/tunisie\/2023\/06\/12\/la-marsa-prochaine-escale-du-festival-environnemental-itinerant-envirofest\/#primaryimage","url":"https:\/\/kapitalis.com\/tunisie\/wp-content\/uploads\/2023\/06\/Envirofest-la-Marsa.jpg","contentUrl":"https:\/\/kapitalis.com\/tunisie\/wp-content\/uploads\/2023\/06\/Envirofest-la-Marsa.jpg","width":1200,"height":630},{"@type":"BreadcrumbList","@id":"https:\/\/kapitalis.com\/tunisie\/2023\/06\/12\/la-marsa-prochaine-escale-du-festival-environnemental-itinerant-envirofest\/#breadcrumb","itemListElement":[{"@type":"ListItem","position":1,"name":"Accueil","item":"https:\/\/kapitalis.com\/tunisie\/"},{"@type":"ListItem","position":2,"name":"La Marsa, prochaine escale du festival environnemental itin\u00e9rant Envirofest"}]},{"@type":"WebSite","@id":"https:\/\/kapitalis.com\/tunisie\/#website","url":"https:\/\/kapitalis.com\/tunisie\/","name":"Kapitalis","description":"L&#039;actualit\u00e9 en Tunisie et dans le monde","publisher":{"@id":"https:\/\/kapitalis.com\/tunisie\/#organization"},"potentialAction":[{"@type":"SearchAction","target":{"@type":"EntryPoint","urlTemplate":"https:\/\/kapitalis.com\/tunisie\/?s={search_term_string}"},"query-input":{"@type":"PropertyValueSpecification","valueRequired":true,"valueName":"search_term_string"}}],"inLanguage":"fr-FR"},{"@type":"Organization","@id":"https:\/\/kapitalis.com\/tunisie\/#organization","name":"Kapitalis","url":"https:\/\/kapitalis.com\/tunisie\/","logo":{"@type":"ImageObject","inLanguage":"fr-FR","@id":"https:\/\/kapitalis.com\/tunisie\/#\/schema\/logo\/image\/","url":"https:\/\/kapitalis.com\/tunisie\/wp-content\/uploads\/2022\/05\/Kapitalis-big-size.png","contentUrl":"https:\/\/kapitalis.com\/tunisie\/wp-content\/uploads\/2022\/05\/Kapitalis-big-size.png","width":5000,"height":1500,"caption":"Kapitalis"},"image":{"@id":"https:\/\/kapitalis.com\/tunisie\/#\/schema\/logo\/image\/"},"sameAs":["https:\/\/www.facebook.com\/KapitalisInfo\/","https:\/\/x.com\/KapitalisInfo","https:\/\/www.youtube.com\/channel\/UC-yDYrHyfFBWWZaOw3FPg9Q"]},{"@type":"Person","@id":"https:\/\/kapitalis.com\/tunisie\/#\/schema\/person\/73a5ecc1f6ae540c6ed91342eadca948","name":"Fawz BenAli","url":"https:\/\/kapitalis.com\/tunisie\/author\/fawz\/"}]}},"_links":{"self":[{"href":"https:\/\/kapitalis.com\/tunisie\/wp-json\/wp\/v2\/posts\/8334953","targetHints":{"allow":["GET"]}}],"collection":[{"href":"https:\/\/kapitalis.com\/tunisie\/wp-json\/wp\/v2\/posts"}],"about":[{"href":"https:\/\/kapitalis.com\/tunisie\/wp-json\/wp\/v2\/types\/post"}],"author":[{"embeddable":true,"href":"https:\/\/kapitalis.com\/tunisie\/wp-json\/wp\/v2\/users\/26"}],"replies":[{"embeddable":true,"href":"https:\/\/kapitalis.com\/tunisie\/wp-json\/wp\/v2\/comments?post=8334953"}],"version-history":[{"count":1,"href":"https:\/\/kapitalis.com\/tunisie\/wp-json\/wp\/v2\/posts\/8334953\/revisions"}],"predecessor-version":[{"id":8335360,"href":"https:\/\/kapitalis.com\/tunisie\/wp-json\/wp\/v2\/posts\/8334953\/revisions\/8335360"}],"wp:featuredmedia":[{"embeddable":true,"href":"https:\/\/kapitalis.com\/tunisie\/wp-json\/wp\/v2\/media\/8335352"}],"wp:attachment":[{"href":"https:\/\/kapitalis.com\/tunisie\/wp-json\/wp\/v2\/media?parent=8334953"}],"wp:term":[{"taxonomy":"category","embeddable":true,"href":"https:\/\/kapitalis.com\/tunisie\/wp-json\/wp\/v2\/categories?post=8334953"},{"taxonomy":"post_tag","embeddable":true,"href":"https:\/\/kapitalis.com\/tunisie\/wp-json\/wp\/v2\/tags?post=8334953"}],"curies":[{"name":"wp","href":"https:\/\/api.w.org\/{rel}","templated":true}]}}