{"id":8336115,"date":"2023-06-12T13:38:27","date_gmt":"2023-06-12T12:38:27","guid":{"rendered":"https:\/\/kapitalis.com\/tunisie\/?p=8336115"},"modified":"2023-06-12T13:38:29","modified_gmt":"2023-06-12T12:38:29","slug":"medina-de-tunis-dream-city-devient-annuel-et-annonce-la-date-de-sa-prochaine-edition","status":"publish","type":"post","link":"https:\/\/kapitalis.com\/tunisie\/2023\/06\/12\/medina-de-tunis-dream-city-devient-annuel-et-annonce-la-date-de-sa-prochaine-edition\/","title":{"rendered":"M\u00e9dina de Tunis : Dream City devient annuel et annonce la date de sa prochaine \u00e9dition"},"content":{"rendered":"\n<p><strong><em>L\u2019Association L\u2019Art Rue vient d\u2019annoncer que le festival Dream City aura lieu cette ann\u00e9e. La date de la 9<sup>e<\/sup> \u00e9dition a \u00e9t\u00e9 d\u00e9voil\u00e9e.<\/em><\/strong><\/p>\n\n\n\n<!--more-->\n\n\n\n<p>Lanc\u00e9 il y a une quinzaine d\u2019ann\u00e9es par L\u2019Art Rue, Dream City est un festival pluridisciplinaire et itin\u00e9rant qui a l\u2019habitude de se tenir une fois tous les deux ans \u00e0 la M\u00e9dina de Tunis. L\u2019\u00e9v\u00e9nement avait eu lieu l\u2019ann\u00e9e derni\u00e8re aussi dans d\u2019autres espaces en dehors de la M\u00e9dina comme le Th\u00e9\u00e2tre municipal de Tunis avec un concert m\u00e9morable d\u2019Emel Mathlouthi et il sera \u00e9galement de retour cette ann\u00e9e.<\/p>\n\n\n\n<p>La 9<sup>e<\/sup> \u00e9dition de Dream City est pr\u00e9vue d\u2019avoir lieu du 22 septembre au 8 octobre. Leyla Dakhli, Sammy Baloji &amp; Fiston Mwanza Mujila, Jalila Baccar, Fakhri El Ghezal Weld El Hlima font partie des artistes qui sont d\u2019ores et d\u00e9j\u00e0 en r\u00e9sidence artistique pour participer \u00e0 cette \u00e9dition.<\/p>\n\n\n\n<p class=\"has-text-align-right\"><strong>F.B<\/strong><\/p>\n","protected":false},"excerpt":{"rendered":"<p>L\u2019Association L\u2019Art Rue vient d\u2019annoncer que le festival Dream City aura lieu cette ann\u00e9e. La date de la 9e \u00e9dition a \u00e9t\u00e9 d\u00e9voil\u00e9e.<\/p>\n","protected":false},"author":26,"featured_media":4328107,"comment_status":"open","ping_status":"open","sticky":false,"template":"","format":"standard","meta":{"footnotes":""},"categories":[994,2433],"tags":[109292,6784,8866,62643],"class_list":["post-8336115","post","type-post","status-publish","format-standard","has-post-thumbnail","hentry","category-culture","category-tunisie","tag-dream-city-2023","tag-lart-rue","tag-medina-de-tunis","tag-tunisie"],"yoast_head":"<!-- This site is optimized with the Yoast SEO plugin v26.6 - https:\/\/yoast.com\/wordpress\/plugins\/seo\/ -->\n<title>M\u00e9dina de Tunis : Dream City devient annuel et annonce la date de sa prochaine \u00e9dition - Kapitalis<\/title>\n<meta name=\"robots\" content=\"index, follow, max-snippet:-1, max-image-preview:large, max-video-preview:-1\" \/>\n<link rel=\"canonical\" href=\"https:\/\/kapitalis.com\/tunisie\/2023\/06\/12\/medina-de-tunis-dream-city-devient-annuel-et-annonce-la-date-de-sa-prochaine-edition\/\" \/>\n<meta property=\"og:locale\" content=\"fr_FR\" \/>\n<meta property=\"og:type\" content=\"article\" \/>\n<meta property=\"og:title\" content=\"M\u00e9dina de Tunis : Dream City devient annuel et annonce la date de sa prochaine \u00e9dition - Kapitalis\" \/>\n<meta property=\"og:description\" content=\"L\u2019Association L\u2019Art Rue vient d\u2019annoncer que le festival Dream City aura lieu cette ann\u00e9e. La date de la 9e \u00e9dition a \u00e9t\u00e9 d\u00e9voil\u00e9e.\" \/>\n<meta property=\"og:url\" content=\"https:\/\/kapitalis.com\/tunisie\/2023\/06\/12\/medina-de-tunis-dream-city-devient-annuel-et-annonce-la-date-de-sa-prochaine-edition\/\" \/>\n<meta property=\"og:site_name\" content=\"Kapitalis\" \/>\n<meta property=\"article:publisher\" content=\"https:\/\/www.facebook.com\/KapitalisInfo\/\" \/>\n<meta property=\"article:published_time\" content=\"2023-06-12T12:38:27+00:00\" \/>\n<meta property=\"article:modified_time\" content=\"2023-06-12T12:38:29+00:00\" \/>\n<meta property=\"og:image\" content=\"https:\/\/kapitalis.com\/tunisie\/wp-content\/uploads\/2022\/09\/Dream-City-_.jpg\" \/>\n\t<meta property=\"og:image:width\" content=\"1200\" \/>\n\t<meta property=\"og:image:height\" content=\"630\" \/>\n\t<meta property=\"og:image:type\" content=\"image\/jpeg\" \/>\n<meta name=\"author\" content=\"Fawz BenAli\" \/>\n<meta name=\"twitter:card\" content=\"summary_large_image\" \/>\n<meta name=\"twitter:creator\" content=\"@KapitalisInfo\" \/>\n<meta name=\"twitter:site\" content=\"@KapitalisInfo\" \/>\n<meta name=\"twitter:label1\" content=\"\u00c9crit par\" \/>\n\t<meta name=\"twitter:data1\" content=\"Fawz BenAli\" \/>\n\t<meta name=\"twitter:label2\" content=\"Dur\u00e9e de lecture estim\u00e9e\" \/>\n\t<meta name=\"twitter:data2\" content=\"1 minute\" \/>\n<script type=\"application\/ld+json\" class=\"yoast-schema-graph\">{\"@context\":\"https:\/\/schema.org\",\"@graph\":[{\"@type\":\"Article\",\"@id\":\"https:\/\/kapitalis.com\/tunisie\/2023\/06\/12\/medina-de-tunis-dream-city-devient-annuel-et-annonce-la-date-de-sa-prochaine-edition\/#article\",\"isPartOf\":{\"@id\":\"https:\/\/kapitalis.com\/tunisie\/2023\/06\/12\/medina-de-tunis-dream-city-devient-annuel-et-annonce-la-date-de-sa-prochaine-edition\/\"},\"author\":{\"name\":\"Fawz BenAli\",\"@id\":\"https:\/\/kapitalis.com\/tunisie\/#\/schema\/person\/73a5ecc1f6ae540c6ed91342eadca948\"},\"headline\":\"M\u00e9dina de Tunis : Dream City devient annuel et annonce la date de sa prochaine \u00e9dition\",\"datePublished\":\"2023-06-12T12:38:27+00:00\",\"dateModified\":\"2023-06-12T12:38:29+00:00\",\"mainEntityOfPage\":{\"@id\":\"https:\/\/kapitalis.com\/tunisie\/2023\/06\/12\/medina-de-tunis-dream-city-devient-annuel-et-annonce-la-date-de-sa-prochaine-edition\/\"},\"wordCount\":184,\"commentCount\":0,\"publisher\":{\"@id\":\"https:\/\/kapitalis.com\/tunisie\/#organization\"},\"image\":{\"@id\":\"https:\/\/kapitalis.com\/tunisie\/2023\/06\/12\/medina-de-tunis-dream-city-devient-annuel-et-annonce-la-date-de-sa-prochaine-edition\/#primaryimage\"},\"thumbnailUrl\":\"https:\/\/kapitalis.com\/tunisie\/wp-content\/uploads\/2022\/09\/Dream-City-_.jpg\",\"keywords\":[\"Dream City 2023\",\"L'Art Rue\",\"m\u00e9dina de Tunis\",\"Tunisie\"],\"articleSection\":[\"CULTURE\",\"Tunisie\"],\"inLanguage\":\"fr-FR\",\"potentialAction\":[{\"@type\":\"CommentAction\",\"name\":\"Comment\",\"target\":[\"https:\/\/kapitalis.com\/tunisie\/2023\/06\/12\/medina-de-tunis-dream-city-devient-annuel-et-annonce-la-date-de-sa-prochaine-edition\/#respond\"]}]},{\"@type\":\"WebPage\",\"@id\":\"https:\/\/kapitalis.com\/tunisie\/2023\/06\/12\/medina-de-tunis-dream-city-devient-annuel-et-annonce-la-date-de-sa-prochaine-edition\/\",\"url\":\"https:\/\/kapitalis.com\/tunisie\/2023\/06\/12\/medina-de-tunis-dream-city-devient-annuel-et-annonce-la-date-de-sa-prochaine-edition\/\",\"name\":\"M\u00e9dina de Tunis : Dream City devient annuel et annonce la date de sa prochaine \u00e9dition - Kapitalis\",\"isPartOf\":{\"@id\":\"https:\/\/kapitalis.com\/tunisie\/#website\"},\"primaryImageOfPage\":{\"@id\":\"https:\/\/kapitalis.com\/tunisie\/2023\/06\/12\/medina-de-tunis-dream-city-devient-annuel-et-annonce-la-date-de-sa-prochaine-edition\/#primaryimage\"},\"image\":{\"@id\":\"https:\/\/kapitalis.com\/tunisie\/2023\/06\/12\/medina-de-tunis-dream-city-devient-annuel-et-annonce-la-date-de-sa-prochaine-edition\/#primaryimage\"},\"thumbnailUrl\":\"https:\/\/kapitalis.com\/tunisie\/wp-content\/uploads\/2022\/09\/Dream-City-_.jpg\",\"datePublished\":\"2023-06-12T12:38:27+00:00\",\"dateModified\":\"2023-06-12T12:38:29+00:00\",\"breadcrumb\":{\"@id\":\"https:\/\/kapitalis.com\/tunisie\/2023\/06\/12\/medina-de-tunis-dream-city-devient-annuel-et-annonce-la-date-de-sa-prochaine-edition\/#breadcrumb\"},\"inLanguage\":\"fr-FR\",\"potentialAction\":[{\"@type\":\"ReadAction\",\"target\":[\"https:\/\/kapitalis.com\/tunisie\/2023\/06\/12\/medina-de-tunis-dream-city-devient-annuel-et-annonce-la-date-de-sa-prochaine-edition\/\"]}]},{\"@type\":\"ImageObject\",\"inLanguage\":\"fr-FR\",\"@id\":\"https:\/\/kapitalis.com\/tunisie\/2023\/06\/12\/medina-de-tunis-dream-city-devient-annuel-et-annonce-la-date-de-sa-prochaine-edition\/#primaryimage\",\"url\":\"https:\/\/kapitalis.com\/tunisie\/wp-content\/uploads\/2022\/09\/Dream-City-_.jpg\",\"contentUrl\":\"https:\/\/kapitalis.com\/tunisie\/wp-content\/uploads\/2022\/09\/Dream-City-_.jpg\",\"width\":1200,\"height\":630},{\"@type\":\"BreadcrumbList\",\"@id\":\"https:\/\/kapitalis.com\/tunisie\/2023\/06\/12\/medina-de-tunis-dream-city-devient-annuel-et-annonce-la-date-de-sa-prochaine-edition\/#breadcrumb\",\"itemListElement\":[{\"@type\":\"ListItem\",\"position\":1,\"name\":\"Accueil\",\"item\":\"https:\/\/kapitalis.com\/tunisie\/\"},{\"@type\":\"ListItem\",\"position\":2,\"name\":\"M\u00e9dina de Tunis : Dream City devient annuel et annonce la date de sa prochaine \u00e9dition\"}]},{\"@type\":\"WebSite\",\"@id\":\"https:\/\/kapitalis.com\/tunisie\/#website\",\"url\":\"https:\/\/kapitalis.com\/tunisie\/\",\"name\":\"Kapitalis\",\"description\":\"L&#039;actualit\u00e9 en Tunisie et dans le monde\",\"publisher\":{\"@id\":\"https:\/\/kapitalis.com\/tunisie\/#organization\"},\"potentialAction\":[{\"@type\":\"SearchAction\",\"target\":{\"@type\":\"EntryPoint\",\"urlTemplate\":\"https:\/\/kapitalis.com\/tunisie\/?s={search_term_string}\"},\"query-input\":{\"@type\":\"PropertyValueSpecification\",\"valueRequired\":true,\"valueName\":\"search_term_string\"}}],\"inLanguage\":\"fr-FR\"},{\"@type\":\"Organization\",\"@id\":\"https:\/\/kapitalis.com\/tunisie\/#organization\",\"name\":\"Kapitalis\",\"url\":\"https:\/\/kapitalis.com\/tunisie\/\",\"logo\":{\"@type\":\"ImageObject\",\"inLanguage\":\"fr-FR\",\"@id\":\"https:\/\/kapitalis.com\/tunisie\/#\/schema\/logo\/image\/\",\"url\":\"https:\/\/kapitalis.com\/tunisie\/wp-content\/uploads\/2022\/05\/Kapitalis-big-size.png\",\"contentUrl\":\"https:\/\/kapitalis.com\/tunisie\/wp-content\/uploads\/2022\/05\/Kapitalis-big-size.png\",\"width\":5000,\"height\":1500,\"caption\":\"Kapitalis\"},\"image\":{\"@id\":\"https:\/\/kapitalis.com\/tunisie\/#\/schema\/logo\/image\/\"},\"sameAs\":[\"https:\/\/www.facebook.com\/KapitalisInfo\/\",\"https:\/\/x.com\/KapitalisInfo\",\"https:\/\/www.youtube.com\/channel\/UC-yDYrHyfFBWWZaOw3FPg9Q\"]},{\"@type\":\"Person\",\"@id\":\"https:\/\/kapitalis.com\/tunisie\/#\/schema\/person\/73a5ecc1f6ae540c6ed91342eadca948\",\"name\":\"Fawz BenAli\",\"url\":\"https:\/\/kapitalis.com\/tunisie\/author\/fawz\/\"}]}<\/script>\n<!-- \/ Yoast SEO plugin. -->","yoast_head_json":{"title":"M\u00e9dina de Tunis : Dream City devient annuel et annonce la date de sa prochaine \u00e9dition - Kapitalis","robots":{"index":"index","follow":"follow","max-snippet":"max-snippet:-1","max-image-preview":"max-image-preview:large","max-video-preview":"max-video-preview:-1"},"canonical":"https:\/\/kapitalis.com\/tunisie\/2023\/06\/12\/medina-de-tunis-dream-city-devient-annuel-et-annonce-la-date-de-sa-prochaine-edition\/","og_locale":"fr_FR","og_type":"article","og_title":"M\u00e9dina de Tunis : Dream City devient annuel et annonce la date de sa prochaine \u00e9dition - Kapitalis","og_description":"L\u2019Association L\u2019Art Rue vient d\u2019annoncer que le festival Dream City aura lieu cette ann\u00e9e. La date de la 9e \u00e9dition a \u00e9t\u00e9 d\u00e9voil\u00e9e.","og_url":"https:\/\/kapitalis.com\/tunisie\/2023\/06\/12\/medina-de-tunis-dream-city-devient-annuel-et-annonce-la-date-de-sa-prochaine-edition\/","og_site_name":"Kapitalis","article_publisher":"https:\/\/www.facebook.com\/KapitalisInfo\/","article_published_time":"2023-06-12T12:38:27+00:00","article_modified_time":"2023-06-12T12:38:29+00:00","og_image":[{"width":1200,"height":630,"url":"https:\/\/kapitalis.com\/tunisie\/wp-content\/uploads\/2022\/09\/Dream-City-_.jpg","type":"image\/jpeg"}],"author":"Fawz BenAli","twitter_card":"summary_large_image","twitter_creator":"@KapitalisInfo","twitter_site":"@KapitalisInfo","twitter_misc":{"\u00c9crit par":"Fawz BenAli","Dur\u00e9e de lecture estim\u00e9e":"1 minute"},"schema":{"@context":"https:\/\/schema.org","@graph":[{"@type":"Article","@id":"https:\/\/kapitalis.com\/tunisie\/2023\/06\/12\/medina-de-tunis-dream-city-devient-annuel-et-annonce-la-date-de-sa-prochaine-edition\/#article","isPartOf":{"@id":"https:\/\/kapitalis.com\/tunisie\/2023\/06\/12\/medina-de-tunis-dream-city-devient-annuel-et-annonce-la-date-de-sa-prochaine-edition\/"},"author":{"name":"Fawz BenAli","@id":"https:\/\/kapitalis.com\/tunisie\/#\/schema\/person\/73a5ecc1f6ae540c6ed91342eadca948"},"headline":"M\u00e9dina de Tunis : Dream City devient annuel et annonce la date de sa prochaine \u00e9dition","datePublished":"2023-06-12T12:38:27+00:00","dateModified":"2023-06-12T12:38:29+00:00","mainEntityOfPage":{"@id":"https:\/\/kapitalis.com\/tunisie\/2023\/06\/12\/medina-de-tunis-dream-city-devient-annuel-et-annonce-la-date-de-sa-prochaine-edition\/"},"wordCount":184,"commentCount":0,"publisher":{"@id":"https:\/\/kapitalis.com\/tunisie\/#organization"},"image":{"@id":"https:\/\/kapitalis.com\/tunisie\/2023\/06\/12\/medina-de-tunis-dream-city-devient-annuel-et-annonce-la-date-de-sa-prochaine-edition\/#primaryimage"},"thumbnailUrl":"https:\/\/kapitalis.com\/tunisie\/wp-content\/uploads\/2022\/09\/Dream-City-_.jpg","keywords":["Dream City 2023","L'Art Rue","m\u00e9dina de Tunis","Tunisie"],"articleSection":["CULTURE","Tunisie"],"inLanguage":"fr-FR","potentialAction":[{"@type":"CommentAction","name":"Comment","target":["https:\/\/kapitalis.com\/tunisie\/2023\/06\/12\/medina-de-tunis-dream-city-devient-annuel-et-annonce-la-date-de-sa-prochaine-edition\/#respond"]}]},{"@type":"WebPage","@id":"https:\/\/kapitalis.com\/tunisie\/2023\/06\/12\/medina-de-tunis-dream-city-devient-annuel-et-annonce-la-date-de-sa-prochaine-edition\/","url":"https:\/\/kapitalis.com\/tunisie\/2023\/06\/12\/medina-de-tunis-dream-city-devient-annuel-et-annonce-la-date-de-sa-prochaine-edition\/","name":"M\u00e9dina de Tunis : Dream City devient annuel et annonce la date de sa prochaine \u00e9dition - Kapitalis","isPartOf":{"@id":"https:\/\/kapitalis.com\/tunisie\/#website"},"primaryImageOfPage":{"@id":"https:\/\/kapitalis.com\/tunisie\/2023\/06\/12\/medina-de-tunis-dream-city-devient-annuel-et-annonce-la-date-de-sa-prochaine-edition\/#primaryimage"},"image":{"@id":"https:\/\/kapitalis.com\/tunisie\/2023\/06\/12\/medina-de-tunis-dream-city-devient-annuel-et-annonce-la-date-de-sa-prochaine-edition\/#primaryimage"},"thumbnailUrl":"https:\/\/kapitalis.com\/tunisie\/wp-content\/uploads\/2022\/09\/Dream-City-_.jpg","datePublished":"2023-06-12T12:38:27+00:00","dateModified":"2023-06-12T12:38:29+00:00","breadcrumb":{"@id":"https:\/\/kapitalis.com\/tunisie\/2023\/06\/12\/medina-de-tunis-dream-city-devient-annuel-et-annonce-la-date-de-sa-prochaine-edition\/#breadcrumb"},"inLanguage":"fr-FR","potentialAction":[{"@type":"ReadAction","target":["https:\/\/kapitalis.com\/tunisie\/2023\/06\/12\/medina-de-tunis-dream-city-devient-annuel-et-annonce-la-date-de-sa-prochaine-edition\/"]}]},{"@type":"ImageObject","inLanguage":"fr-FR","@id":"https:\/\/kapitalis.com\/tunisie\/2023\/06\/12\/medina-de-tunis-dream-city-devient-annuel-et-annonce-la-date-de-sa-prochaine-edition\/#primaryimage","url":"https:\/\/kapitalis.com\/tunisie\/wp-content\/uploads\/2022\/09\/Dream-City-_.jpg","contentUrl":"https:\/\/kapitalis.com\/tunisie\/wp-content\/uploads\/2022\/09\/Dream-City-_.jpg","width":1200,"height":630},{"@type":"BreadcrumbList","@id":"https:\/\/kapitalis.com\/tunisie\/2023\/06\/12\/medina-de-tunis-dream-city-devient-annuel-et-annonce-la-date-de-sa-prochaine-edition\/#breadcrumb","itemListElement":[{"@type":"ListItem","position":1,"name":"Accueil","item":"https:\/\/kapitalis.com\/tunisie\/"},{"@type":"ListItem","position":2,"name":"M\u00e9dina de Tunis : Dream City devient annuel et annonce la date de sa prochaine \u00e9dition"}]},{"@type":"WebSite","@id":"https:\/\/kapitalis.com\/tunisie\/#website","url":"https:\/\/kapitalis.com\/tunisie\/","name":"Kapitalis","description":"L&#039;actualit\u00e9 en Tunisie et dans le monde","publisher":{"@id":"https:\/\/kapitalis.com\/tunisie\/#organization"},"potentialAction":[{"@type":"SearchAction","target":{"@type":"EntryPoint","urlTemplate":"https:\/\/kapitalis.com\/tunisie\/?s={search_term_string}"},"query-input":{"@type":"PropertyValueSpecification","valueRequired":true,"valueName":"search_term_string"}}],"inLanguage":"fr-FR"},{"@type":"Organization","@id":"https:\/\/kapitalis.com\/tunisie\/#organization","name":"Kapitalis","url":"https:\/\/kapitalis.com\/tunisie\/","logo":{"@type":"ImageObject","inLanguage":"fr-FR","@id":"https:\/\/kapitalis.com\/tunisie\/#\/schema\/logo\/image\/","url":"https:\/\/kapitalis.com\/tunisie\/wp-content\/uploads\/2022\/05\/Kapitalis-big-size.png","contentUrl":"https:\/\/kapitalis.com\/tunisie\/wp-content\/uploads\/2022\/05\/Kapitalis-big-size.png","width":5000,"height":1500,"caption":"Kapitalis"},"image":{"@id":"https:\/\/kapitalis.com\/tunisie\/#\/schema\/logo\/image\/"},"sameAs":["https:\/\/www.facebook.com\/KapitalisInfo\/","https:\/\/x.com\/KapitalisInfo","https:\/\/www.youtube.com\/channel\/UC-yDYrHyfFBWWZaOw3FPg9Q"]},{"@type":"Person","@id":"https:\/\/kapitalis.com\/tunisie\/#\/schema\/person\/73a5ecc1f6ae540c6ed91342eadca948","name":"Fawz BenAli","url":"https:\/\/kapitalis.com\/tunisie\/author\/fawz\/"}]}},"_links":{"self":[{"href":"https:\/\/kapitalis.com\/tunisie\/wp-json\/wp\/v2\/posts\/8336115","targetHints":{"allow":["GET"]}}],"collection":[{"href":"https:\/\/kapitalis.com\/tunisie\/wp-json\/wp\/v2\/posts"}],"about":[{"href":"https:\/\/kapitalis.com\/tunisie\/wp-json\/wp\/v2\/types\/post"}],"author":[{"embeddable":true,"href":"https:\/\/kapitalis.com\/tunisie\/wp-json\/wp\/v2\/users\/26"}],"replies":[{"embeddable":true,"href":"https:\/\/kapitalis.com\/tunisie\/wp-json\/wp\/v2\/comments?post=8336115"}],"version-history":[{"count":1,"href":"https:\/\/kapitalis.com\/tunisie\/wp-json\/wp\/v2\/posts\/8336115\/revisions"}],"predecessor-version":[{"id":8336619,"href":"https:\/\/kapitalis.com\/tunisie\/wp-json\/wp\/v2\/posts\/8336115\/revisions\/8336619"}],"wp:featuredmedia":[{"embeddable":true,"href":"https:\/\/kapitalis.com\/tunisie\/wp-json\/wp\/v2\/media\/4328107"}],"wp:attachment":[{"href":"https:\/\/kapitalis.com\/tunisie\/wp-json\/wp\/v2\/media?parent=8336115"}],"wp:term":[{"taxonomy":"category","embeddable":true,"href":"https:\/\/kapitalis.com\/tunisie\/wp-json\/wp\/v2\/categories?post=8336115"},{"taxonomy":"post_tag","embeddable":true,"href":"https:\/\/kapitalis.com\/tunisie\/wp-json\/wp\/v2\/tags?post=8336115"}],"curies":[{"name":"wp","href":"https:\/\/api.w.org\/{rel}","templated":true}]}}