{"id":83411,"date":"2017-02-16T18:49:35","date_gmt":"2017-02-16T17:49:35","guid":{"rendered":"http:\/\/kapitalis.com\/tunisie\/?p=83411"},"modified":"2017-02-16T18:49:35","modified_gmt":"2017-02-16T17:49:35","slug":"enpact-tunisie-lance-le-1er-concours-social-impact-award","status":"publish","type":"post","link":"https:\/\/kapitalis.com\/tunisie\/2017\/02\/16\/enpact-tunisie-lance-le-1er-concours-social-impact-award\/","title":{"rendered":"Enpact Tunisie lance le 1er concours Social Impact Award"},"content":{"rendered":"<p><img loading=\"lazy\" decoding=\"async\" class=\"alignnone size-full wp-image-83412 aligncenter\" src=\"http:\/\/kapitalis.com\/tunisie\/wp-content\/uploads\/2017\/02\/Social-Impact-Award.jpg\" alt=\"\" width=\"626\" height=\"380\" \/><\/p>\n<p><em><strong>Social Impact Award, le programme d\u2019\u00e9ducation \u00e0 l\u2019entrepreneuriat social destin\u00e9 aux \u00e9tudiants, sera lanc\u00e9 en Tunisie, pour la 1\u00e8re fois dans la r\u00e9gion Mena.<\/strong> <\/em><\/p>\n<p><!--more--><\/p>\n<p>La c\u00e9r\u00e9monie de lancement se tiendra vendredi 17 f\u00e9vrier 2017, \u00e0 Startup Haus Tunis, \u00e0 partir de 18h, sous la pr\u00e9sidence de Jakob Detering, directeur du Social Impact Award.<\/p>\n<p>Des intervenants pr\u00e9senteront le programme, les objectifs et la strat\u00e9gie d\u2019expansion de Social Impact Award dans le monde arabe.<\/p>\n<p>La parole sera \u00e9galement donn\u00e9e aux partenaires qui expliqueront leurs valeurs ajout\u00e9es respectives au programme et leurs contributions au d\u00e9veloppement de l&rsquo;\u00e9cosyst\u00e8me entrepreneurial en Tunisie.<\/p>\n<p>A la fin de la c\u00e9r\u00e9monie, un panel de discussion permettra aux pr\u00e9sents d\u2019\u00e9voquer les difficult\u00e9s et probl\u00e8mes auxquels font face les entrepreneurs en Tunisie.<\/p>\n<p><strong>Le Social Impact Award (SIA)<\/strong><\/p>\n<p>Le Social Impact Award (SIA) est une comp\u00e9tition d\u2019id\u00e9es sociales destin\u00e9e aux \u00e9tudiants. Elle vise \u00e0 mettre l\u2019entrepreneur et\/ou aspirant entrepreneur dans un contexte favorable \u00e0 la concr\u00e9tisation de son id\u00e9e de projet: entrepreneurs, coachs, experts et diff\u00e9rents acteurs de l\u2019\u00e9cosyst\u00e8me entrepreneurial local et international.<\/p>\n<p>Le SIA s\u2019adresse aux \u00e9tudiants d\u00e9sireux d&rsquo;essayer de r\u00e9soudre les probl\u00e8mes sociaux\/environnementaux actuels d&rsquo;une mani\u00e8re innovante par le lancement de projets, initiatives ou organisations.<\/p>\n<p>Les projets peuvent \u00eatre li\u00e9s \u00e0 des diff\u00e9rents domaines, tels que la r\u00e9duction de la pauvret\u00e9, la sant\u00e9, l\u2019\u00e9ducation, l\u2019environnement, l\u2019\u00e9nergie, les technologies de l\u2019information et de la communication, les droits de l\u2019homme, l\u2019\u00e9galit\u00e9 des chances, les soins, etc.<\/p>\n<p>Les projets peuvent \u00eatre soumis par la soci\u00e9t\u00e9 civile (Ong, associations, initiatives), ainsi que par le secteur priv\u00e9 (social business). Exemples: une cuisine mobile pour pr\u00e9parer des soupes aux SDF, un nouveau concept \u00e9ducatif, un site web pour mobiliser les habitants d\u2019un quartier, une nouvelle id\u00e9e de collecte de fonds sociaux, ou quelque chose de totalement nouveau \u2013 le plus important est que le projet poursuive un objectif social et\/ou environnemental.<\/p>\n<p>Un jury d\u2019experts est constitu\u00e9 dans chaque pays, afin d\u2019\u00e9valuer les id\u00e9es et donner des recommandations sur tous les projets soumis. Les \u00e9quipes laur\u00e9ates auront, \u00e0 la fois, un soutien technique, manag\u00e9rial et une facilitation de l\u2019acc\u00e8s au financement.<\/p>\n<p><strong>Quelle suite pour le programme? <\/strong><\/p>\n<p>Les \u00e9tudiants tunisiens et \u00e9trangers r\u00e9sidant en Tunisie sont cibl\u00e9s par le programme. Apr\u00e8s la soumission des projets sociaux via la plateforme <a href=\"http:\/\/www.socialimpactaward.tn\">Social Impact Award<\/a> avant le 30 avril 2017, les membres du jury s\u00e9lectionneront 10 \u00e9quipes finalistes, qui auront droit, pendant l\u2019\u00e9t\u00e9 2017, \u00e0 un programme intensif pour acc\u00e9l\u00e9rer l\u2019\u00e9laboration de leurs id\u00e9es de projets sociaux. Ils auront acc\u00e8s \u00e0 3 co-working spaces et \u00e0 un encadrement assur\u00e9 par des mentors, qui les aideront \u00e0 concr\u00e9tiser et \u00e0 viabiliser leurs projets sur le march\u00e9 local.<\/p>\n<p>Les 3 \u00e9quipes qui seront finalement s\u00e9lectionn\u00e9es pourront participer au sommet europ\u00e9en Social Impact Award \u00e0 Vienne, en octobre 2017.<\/p>\n<p>En 2016, SIA a organis\u00e9 182 ateliers pour environ 4.600 participants, dans 58 villes \u00e0 travers 10 pays europ\u00e9ens. En 2017, de nouveaux pays se joindront au programme, dont la Tunisie.<\/p>\n<p>En 2016, 500 \u00e9quipes d\u2019\u00e9tudiants ont d\u00e9velopp\u00e9 et expos\u00e9 des id\u00e9es novatrices en entrepreneuriat social. L\u2019\u00e9tude de l\u2019\u00e9quipe Social Impact Europe montre que 60% des projets soumis ont \u00e9t\u00e9 mis en \u0153uvre et 35% sont en train de g\u00e9n\u00e9rer des revenus.<\/p>\n<p>Enpact Tunisie, organisateur de SIA, est une association tunisienne qui se donne pour mission de promouvoir l\u2019entrepreneuriat en Tunisie et de soutenir les entrepreneurs \u00e0 travers diff\u00e9rents projets dans le but de cr\u00e9er de l\u2019emploi durable.<\/p>\n<p>L\u2019association, dirig\u00e9e par Yahya Marzouk, g\u00e8re, actuellement, le projet Startup Haus Tunis, un espace de coworking impl\u00e9ment\u00e9 en partenariat avec la Fondation Westerwelle, ainsi qu\u2019un programme de mentoring national, en partenariat avec la Fondation Friedrich Naumann pour la libert\u00e9 et qui vise \u00e0 soutenir les entrepreneurs, dans les diff\u00e9rentes r\u00e9gions de la Tunisie, \u00e0 d\u00e9velopper leur projet.<\/p>\n<p style=\"text-align: right;\"><strong>I. B.<\/strong> (avec communiqu\u00e9).<\/p>\n","protected":false},"excerpt":{"rendered":"<p>Social Impact Award, le programme d\u2019\u00e9ducation \u00e0 l\u2019entrepreneuriat social destin\u00e9 aux \u00e9tudiants, sera lanc\u00e9 en Tunisie, pour la 1\u00e8re fois dans la r\u00e9gion Mena.<\/p>\n","protected":false},"author":8,"featured_media":83412,"comment_status":"open","ping_status":"open","sticky":false,"template":"","format":"standard","meta":{"footnotes":""},"categories":[995,2433],"tags":[17609,24532],"class_list":["post-83411","post","type-post","status-publish","format-standard","has-post-thumbnail","hentry","category-economie","category-tunisie","tag-ecosysteme-entrepreneurial","tag-entrepreneuriat-social"],"yoast_head":"<!-- This site is optimized with the Yoast SEO plugin v26.6 - https:\/\/yoast.com\/wordpress\/plugins\/seo\/ -->\n<title>Enpact Tunisie lance le 1er concours Social Impact Award - Kapitalis<\/title>\n<meta name=\"robots\" content=\"index, follow, max-snippet:-1, max-image-preview:large, max-video-preview:-1\" \/>\n<link rel=\"canonical\" href=\"https:\/\/kapitalis.com\/tunisie\/2017\/02\/16\/enpact-tunisie-lance-le-1er-concours-social-impact-award\/\" \/>\n<meta property=\"og:locale\" content=\"fr_FR\" \/>\n<meta property=\"og:type\" content=\"article\" \/>\n<meta property=\"og:title\" content=\"Enpact Tunisie lance le 1er concours Social Impact Award - Kapitalis\" \/>\n<meta property=\"og:description\" content=\"Social Impact Award, le programme d\u2019\u00e9ducation \u00e0 l\u2019entrepreneuriat social destin\u00e9 aux \u00e9tudiants, sera lanc\u00e9 en Tunisie, pour la 1\u00e8re fois dans la r\u00e9gion Mena.\" \/>\n<meta property=\"og:url\" content=\"https:\/\/kapitalis.com\/tunisie\/2017\/02\/16\/enpact-tunisie-lance-le-1er-concours-social-impact-award\/\" \/>\n<meta property=\"og:site_name\" content=\"Kapitalis\" \/>\n<meta property=\"article:publisher\" content=\"https:\/\/www.facebook.com\/KapitalisInfo\/\" \/>\n<meta property=\"article:published_time\" content=\"2017-02-16T17:49:35+00:00\" \/>\n<meta property=\"og:image\" content=\"https:\/\/kapitalis.com\/tunisie\/wp-content\/uploads\/2022\/05\/kapitalis-logo-fb.png\" \/>\n\t<meta property=\"og:image:width\" content=\"1200\" \/>\n\t<meta property=\"og:image:height\" content=\"630\" \/>\n\t<meta property=\"og:image:type\" content=\"image\/png\" \/>\n<meta name=\"author\" content=\"webmaster kapitalis\" \/>\n<meta name=\"twitter:card\" content=\"summary_large_image\" \/>\n<meta name=\"twitter:creator\" content=\"@KapitalisInfo\" \/>\n<meta name=\"twitter:site\" content=\"@KapitalisInfo\" \/>\n<meta name=\"twitter:label1\" content=\"\u00c9crit par\" \/>\n\t<meta name=\"twitter:data1\" content=\"webmaster kapitalis\" \/>\n\t<meta name=\"twitter:label2\" content=\"Dur\u00e9e de lecture estim\u00e9e\" \/>\n\t<meta name=\"twitter:data2\" content=\"3 minutes\" \/>\n<script type=\"application\/ld+json\" class=\"yoast-schema-graph\">{\"@context\":\"https:\/\/schema.org\",\"@graph\":[{\"@type\":\"Article\",\"@id\":\"https:\/\/kapitalis.com\/tunisie\/2017\/02\/16\/enpact-tunisie-lance-le-1er-concours-social-impact-award\/#article\",\"isPartOf\":{\"@id\":\"https:\/\/kapitalis.com\/tunisie\/2017\/02\/16\/enpact-tunisie-lance-le-1er-concours-social-impact-award\/\"},\"author\":{\"name\":\"webmaster kapitalis\",\"@id\":\"https:\/\/kapitalis.com\/tunisie\/#\/schema\/person\/d71f33a9ca44f7bad4698210b480c8e9\"},\"headline\":\"Enpact Tunisie lance le 1er concours Social Impact Award\",\"datePublished\":\"2017-02-16T17:49:35+00:00\",\"mainEntityOfPage\":{\"@id\":\"https:\/\/kapitalis.com\/tunisie\/2017\/02\/16\/enpact-tunisie-lance-le-1er-concours-social-impact-award\/\"},\"wordCount\":690,\"commentCount\":0,\"publisher\":{\"@id\":\"https:\/\/kapitalis.com\/tunisie\/#organization\"},\"image\":{\"@id\":\"https:\/\/kapitalis.com\/tunisie\/2017\/02\/16\/enpact-tunisie-lance-le-1er-concours-social-impact-award\/#primaryimage\"},\"thumbnailUrl\":\"\",\"keywords\":[\"\u00e9cosyst\u00e8me entrepreneurial\",\"entrepreneuriat social\"],\"articleSection\":[\"ECONOMIE\",\"Tunisie\"],\"inLanguage\":\"fr-FR\",\"potentialAction\":[{\"@type\":\"CommentAction\",\"name\":\"Comment\",\"target\":[\"https:\/\/kapitalis.com\/tunisie\/2017\/02\/16\/enpact-tunisie-lance-le-1er-concours-social-impact-award\/#respond\"]}]},{\"@type\":\"WebPage\",\"@id\":\"https:\/\/kapitalis.com\/tunisie\/2017\/02\/16\/enpact-tunisie-lance-le-1er-concours-social-impact-award\/\",\"url\":\"https:\/\/kapitalis.com\/tunisie\/2017\/02\/16\/enpact-tunisie-lance-le-1er-concours-social-impact-award\/\",\"name\":\"Enpact Tunisie lance le 1er concours Social Impact Award - Kapitalis\",\"isPartOf\":{\"@id\":\"https:\/\/kapitalis.com\/tunisie\/#website\"},\"primaryImageOfPage\":{\"@id\":\"https:\/\/kapitalis.com\/tunisie\/2017\/02\/16\/enpact-tunisie-lance-le-1er-concours-social-impact-award\/#primaryimage\"},\"image\":{\"@id\":\"https:\/\/kapitalis.com\/tunisie\/2017\/02\/16\/enpact-tunisie-lance-le-1er-concours-social-impact-award\/#primaryimage\"},\"thumbnailUrl\":\"\",\"datePublished\":\"2017-02-16T17:49:35+00:00\",\"breadcrumb\":{\"@id\":\"https:\/\/kapitalis.com\/tunisie\/2017\/02\/16\/enpact-tunisie-lance-le-1er-concours-social-impact-award\/#breadcrumb\"},\"inLanguage\":\"fr-FR\",\"potentialAction\":[{\"@type\":\"ReadAction\",\"target\":[\"https:\/\/kapitalis.com\/tunisie\/2017\/02\/16\/enpact-tunisie-lance-le-1er-concours-social-impact-award\/\"]}]},{\"@type\":\"ImageObject\",\"inLanguage\":\"fr-FR\",\"@id\":\"https:\/\/kapitalis.com\/tunisie\/2017\/02\/16\/enpact-tunisie-lance-le-1er-concours-social-impact-award\/#primaryimage\",\"url\":\"\",\"contentUrl\":\"\"},{\"@type\":\"BreadcrumbList\",\"@id\":\"https:\/\/kapitalis.com\/tunisie\/2017\/02\/16\/enpact-tunisie-lance-le-1er-concours-social-impact-award\/#breadcrumb\",\"itemListElement\":[{\"@type\":\"ListItem\",\"position\":1,\"name\":\"Accueil\",\"item\":\"https:\/\/kapitalis.com\/tunisie\/\"},{\"@type\":\"ListItem\",\"position\":2,\"name\":\"Enpact Tunisie lance le 1er concours Social Impact Award\"}]},{\"@type\":\"WebSite\",\"@id\":\"https:\/\/kapitalis.com\/tunisie\/#website\",\"url\":\"https:\/\/kapitalis.com\/tunisie\/\",\"name\":\"Kapitalis\",\"description\":\"L&#039;actualit\u00e9 en Tunisie et dans le monde\",\"publisher\":{\"@id\":\"https:\/\/kapitalis.com\/tunisie\/#organization\"},\"potentialAction\":[{\"@type\":\"SearchAction\",\"target\":{\"@type\":\"EntryPoint\",\"urlTemplate\":\"https:\/\/kapitalis.com\/tunisie\/?s={search_term_string}\"},\"query-input\":{\"@type\":\"PropertyValueSpecification\",\"valueRequired\":true,\"valueName\":\"search_term_string\"}}],\"inLanguage\":\"fr-FR\"},{\"@type\":\"Organization\",\"@id\":\"https:\/\/kapitalis.com\/tunisie\/#organization\",\"name\":\"Kapitalis\",\"url\":\"https:\/\/kapitalis.com\/tunisie\/\",\"logo\":{\"@type\":\"ImageObject\",\"inLanguage\":\"fr-FR\",\"@id\":\"https:\/\/kapitalis.com\/tunisie\/#\/schema\/logo\/image\/\",\"url\":\"https:\/\/kapitalis.com\/tunisie\/wp-content\/uploads\/2022\/05\/Kapitalis-big-size.png\",\"contentUrl\":\"https:\/\/kapitalis.com\/tunisie\/wp-content\/uploads\/2022\/05\/Kapitalis-big-size.png\",\"width\":5000,\"height\":1500,\"caption\":\"Kapitalis\"},\"image\":{\"@id\":\"https:\/\/kapitalis.com\/tunisie\/#\/schema\/logo\/image\/\"},\"sameAs\":[\"https:\/\/www.facebook.com\/KapitalisInfo\/\",\"https:\/\/x.com\/KapitalisInfo\",\"https:\/\/www.youtube.com\/channel\/UC-yDYrHyfFBWWZaOw3FPg9Q\"]},{\"@type\":\"Person\",\"@id\":\"https:\/\/kapitalis.com\/tunisie\/#\/schema\/person\/d71f33a9ca44f7bad4698210b480c8e9\",\"name\":\"webmaster kapitalis\",\"url\":\"https:\/\/kapitalis.com\/tunisie\/author\/webmaster-kapitalis\/\"}]}<\/script>\n<!-- \/ Yoast SEO plugin. -->","yoast_head_json":{"title":"Enpact Tunisie lance le 1er concours Social Impact Award - Kapitalis","robots":{"index":"index","follow":"follow","max-snippet":"max-snippet:-1","max-image-preview":"max-image-preview:large","max-video-preview":"max-video-preview:-1"},"canonical":"https:\/\/kapitalis.com\/tunisie\/2017\/02\/16\/enpact-tunisie-lance-le-1er-concours-social-impact-award\/","og_locale":"fr_FR","og_type":"article","og_title":"Enpact Tunisie lance le 1er concours Social Impact Award - Kapitalis","og_description":"Social Impact Award, le programme d\u2019\u00e9ducation \u00e0 l\u2019entrepreneuriat social destin\u00e9 aux \u00e9tudiants, sera lanc\u00e9 en Tunisie, pour la 1\u00e8re fois dans la r\u00e9gion Mena.","og_url":"https:\/\/kapitalis.com\/tunisie\/2017\/02\/16\/enpact-tunisie-lance-le-1er-concours-social-impact-award\/","og_site_name":"Kapitalis","article_publisher":"https:\/\/www.facebook.com\/KapitalisInfo\/","article_published_time":"2017-02-16T17:49:35+00:00","og_image":[{"width":1200,"height":630,"url":"https:\/\/kapitalis.com\/tunisie\/wp-content\/uploads\/2022\/05\/kapitalis-logo-fb.png","type":"image\/png"}],"author":"webmaster kapitalis","twitter_card":"summary_large_image","twitter_creator":"@KapitalisInfo","twitter_site":"@KapitalisInfo","twitter_misc":{"\u00c9crit par":"webmaster kapitalis","Dur\u00e9e de lecture estim\u00e9e":"3 minutes"},"schema":{"@context":"https:\/\/schema.org","@graph":[{"@type":"Article","@id":"https:\/\/kapitalis.com\/tunisie\/2017\/02\/16\/enpact-tunisie-lance-le-1er-concours-social-impact-award\/#article","isPartOf":{"@id":"https:\/\/kapitalis.com\/tunisie\/2017\/02\/16\/enpact-tunisie-lance-le-1er-concours-social-impact-award\/"},"author":{"name":"webmaster kapitalis","@id":"https:\/\/kapitalis.com\/tunisie\/#\/schema\/person\/d71f33a9ca44f7bad4698210b480c8e9"},"headline":"Enpact Tunisie lance le 1er concours Social Impact Award","datePublished":"2017-02-16T17:49:35+00:00","mainEntityOfPage":{"@id":"https:\/\/kapitalis.com\/tunisie\/2017\/02\/16\/enpact-tunisie-lance-le-1er-concours-social-impact-award\/"},"wordCount":690,"commentCount":0,"publisher":{"@id":"https:\/\/kapitalis.com\/tunisie\/#organization"},"image":{"@id":"https:\/\/kapitalis.com\/tunisie\/2017\/02\/16\/enpact-tunisie-lance-le-1er-concours-social-impact-award\/#primaryimage"},"thumbnailUrl":"","keywords":["\u00e9cosyst\u00e8me entrepreneurial","entrepreneuriat social"],"articleSection":["ECONOMIE","Tunisie"],"inLanguage":"fr-FR","potentialAction":[{"@type":"CommentAction","name":"Comment","target":["https:\/\/kapitalis.com\/tunisie\/2017\/02\/16\/enpact-tunisie-lance-le-1er-concours-social-impact-award\/#respond"]}]},{"@type":"WebPage","@id":"https:\/\/kapitalis.com\/tunisie\/2017\/02\/16\/enpact-tunisie-lance-le-1er-concours-social-impact-award\/","url":"https:\/\/kapitalis.com\/tunisie\/2017\/02\/16\/enpact-tunisie-lance-le-1er-concours-social-impact-award\/","name":"Enpact Tunisie lance le 1er concours Social Impact Award - Kapitalis","isPartOf":{"@id":"https:\/\/kapitalis.com\/tunisie\/#website"},"primaryImageOfPage":{"@id":"https:\/\/kapitalis.com\/tunisie\/2017\/02\/16\/enpact-tunisie-lance-le-1er-concours-social-impact-award\/#primaryimage"},"image":{"@id":"https:\/\/kapitalis.com\/tunisie\/2017\/02\/16\/enpact-tunisie-lance-le-1er-concours-social-impact-award\/#primaryimage"},"thumbnailUrl":"","datePublished":"2017-02-16T17:49:35+00:00","breadcrumb":{"@id":"https:\/\/kapitalis.com\/tunisie\/2017\/02\/16\/enpact-tunisie-lance-le-1er-concours-social-impact-award\/#breadcrumb"},"inLanguage":"fr-FR","potentialAction":[{"@type":"ReadAction","target":["https:\/\/kapitalis.com\/tunisie\/2017\/02\/16\/enpact-tunisie-lance-le-1er-concours-social-impact-award\/"]}]},{"@type":"ImageObject","inLanguage":"fr-FR","@id":"https:\/\/kapitalis.com\/tunisie\/2017\/02\/16\/enpact-tunisie-lance-le-1er-concours-social-impact-award\/#primaryimage","url":"","contentUrl":""},{"@type":"BreadcrumbList","@id":"https:\/\/kapitalis.com\/tunisie\/2017\/02\/16\/enpact-tunisie-lance-le-1er-concours-social-impact-award\/#breadcrumb","itemListElement":[{"@type":"ListItem","position":1,"name":"Accueil","item":"https:\/\/kapitalis.com\/tunisie\/"},{"@type":"ListItem","position":2,"name":"Enpact Tunisie lance le 1er concours Social Impact Award"}]},{"@type":"WebSite","@id":"https:\/\/kapitalis.com\/tunisie\/#website","url":"https:\/\/kapitalis.com\/tunisie\/","name":"Kapitalis","description":"L&#039;actualit\u00e9 en Tunisie et dans le monde","publisher":{"@id":"https:\/\/kapitalis.com\/tunisie\/#organization"},"potentialAction":[{"@type":"SearchAction","target":{"@type":"EntryPoint","urlTemplate":"https:\/\/kapitalis.com\/tunisie\/?s={search_term_string}"},"query-input":{"@type":"PropertyValueSpecification","valueRequired":true,"valueName":"search_term_string"}}],"inLanguage":"fr-FR"},{"@type":"Organization","@id":"https:\/\/kapitalis.com\/tunisie\/#organization","name":"Kapitalis","url":"https:\/\/kapitalis.com\/tunisie\/","logo":{"@type":"ImageObject","inLanguage":"fr-FR","@id":"https:\/\/kapitalis.com\/tunisie\/#\/schema\/logo\/image\/","url":"https:\/\/kapitalis.com\/tunisie\/wp-content\/uploads\/2022\/05\/Kapitalis-big-size.png","contentUrl":"https:\/\/kapitalis.com\/tunisie\/wp-content\/uploads\/2022\/05\/Kapitalis-big-size.png","width":5000,"height":1500,"caption":"Kapitalis"},"image":{"@id":"https:\/\/kapitalis.com\/tunisie\/#\/schema\/logo\/image\/"},"sameAs":["https:\/\/www.facebook.com\/KapitalisInfo\/","https:\/\/x.com\/KapitalisInfo","https:\/\/www.youtube.com\/channel\/UC-yDYrHyfFBWWZaOw3FPg9Q"]},{"@type":"Person","@id":"https:\/\/kapitalis.com\/tunisie\/#\/schema\/person\/d71f33a9ca44f7bad4698210b480c8e9","name":"webmaster kapitalis","url":"https:\/\/kapitalis.com\/tunisie\/author\/webmaster-kapitalis\/"}]}},"_links":{"self":[{"href":"https:\/\/kapitalis.com\/tunisie\/wp-json\/wp\/v2\/posts\/83411","targetHints":{"allow":["GET"]}}],"collection":[{"href":"https:\/\/kapitalis.com\/tunisie\/wp-json\/wp\/v2\/posts"}],"about":[{"href":"https:\/\/kapitalis.com\/tunisie\/wp-json\/wp\/v2\/types\/post"}],"author":[{"embeddable":true,"href":"https:\/\/kapitalis.com\/tunisie\/wp-json\/wp\/v2\/users\/8"}],"replies":[{"embeddable":true,"href":"https:\/\/kapitalis.com\/tunisie\/wp-json\/wp\/v2\/comments?post=83411"}],"version-history":[{"count":0,"href":"https:\/\/kapitalis.com\/tunisie\/wp-json\/wp\/v2\/posts\/83411\/revisions"}],"wp:featuredmedia":[{"embeddable":true,"href":"https:\/\/kapitalis.com\/tunisie\/wp-json\/wp\/v2\/media\/83412"}],"wp:attachment":[{"href":"https:\/\/kapitalis.com\/tunisie\/wp-json\/wp\/v2\/media?parent=83411"}],"wp:term":[{"taxonomy":"category","embeddable":true,"href":"https:\/\/kapitalis.com\/tunisie\/wp-json\/wp\/v2\/categories?post=83411"},{"taxonomy":"post_tag","embeddable":true,"href":"https:\/\/kapitalis.com\/tunisie\/wp-json\/wp\/v2\/tags?post=83411"}],"curies":[{"name":"wp","href":"https:\/\/api.w.org\/{rel}","templated":true}]}}