{"id":8344994,"date":"2023-06-13T10:09:58","date_gmt":"2023-06-13T09:09:58","guid":{"rendered":"https:\/\/kapitalis.com\/tunisie\/?p=8344994"},"modified":"2023-06-13T10:09:59","modified_gmt":"2023-06-13T09:09:59","slug":"lotfi-mrahi-appelle-les-tunisiens-a-lunion-nationale-face-a-la-vague-de-migration-irreguliere","status":"publish","type":"post","link":"https:\/\/kapitalis.com\/tunisie\/2023\/06\/13\/lotfi-mrahi-appelle-les-tunisiens-a-lunion-nationale-face-a-la-vague-de-migration-irreguliere\/","title":{"rendered":"Lotfi Mrahi appelle les Tunisiens \u00e0 l\u2019union nationale face \u00e0 la vague de migration irr\u00e9guli\u00e8re"},"content":{"rendered":"\n<p><strong><em>Lotfi Mraihi appelle les Tunisiens \u00e0 resserrer leurs rangs, \u00e0 reporter leurs diff\u00e9rends politiques et \u00e0 renforcer l\u2019unit\u00e9 nationale pour faire face aux vagues de migration irr\u00e9guli\u00e8re qui menacent le pays avec la complicit\u00e9 de pays \u00e9trangers dont l\u2019Alg\u00e9rie et la Russie.\u00a0<\/em><\/strong><\/p>\n\n\n\n<!--more-->\n\n\n\n<p>Dans une lettre ouverte aux Tunisiens, diffus\u00e9e ce mardi 13 juin 2023, le pr\u00e9sident de l\u2019Union populaire r\u00e9publicaine (UPR) affirme que la Tunisie est aujourd\u2019hui au c\u0153ur d\u2019une temp\u00eate provoqu\u00e9e par les vagues sans pr\u00e9c\u00e9dent de migration irr\u00e9guli\u00e8re, mais aussi par les changements en cours dans le monde et particuli\u00e8rement la guerre russo-ukrainienne.<\/p>\n\n\n\n<p>Citant des t\u00e9moins et des rapports m\u00e9diatiques, Dr Mraihi affirme que les vagues de migration irr\u00e9guli\u00e8re \u00e0 partir de l\u2019Afrique subsaharienne, et plus pr\u00e9cis\u00e9ment du Mali, sont facilit\u00e9es par les troupes Wagner li\u00e9es \u00e0 la Russie qui contr\u00f4lent le pays apr\u00e8s le d\u00e9part des Fran\u00e7ais.<\/p>\n\n\n\n<p>Le mouvement des migrants subsahariens traversant le vaste Sahara alg\u00e9rien sur des milliers de kilom\u00e8tres n\u00a0\u00bbaurait pas lieu sans la passivit\u00e9 complice de l\u2019Etat alg\u00e9rien, estime Dr Mraihi, qui voit une contradiction dans la position de l\u2019Alg\u00e9rie qui montre de l\u2019amiti\u00e9 \u00e0 la Tunisie tout en facilitant l\u2019entr\u00e9e des migrants irr\u00e9guliers dans notre pays via son territoire. <\/p>\n\n\n\n<p>Ce comportement est dict\u00e9 par des calculs g\u00e9ostrat\u00e9giques bas\u00e9s sur la volont\u00e9 du r\u00e9gime russe de porter atteinte \u00e0 la stabilit\u00e9 en Europe par les flux de migration irr\u00e9guli\u00e8re, estime le pr\u00e9sident de l\u2019UPR, estimant que la situation est aggrav\u00e9e par la faiblesse de la position de la Tunisie et le poids de la crise \u00e9conomique qu\u2019elle traverse, ainsi que par l\u2019effritement du front int\u00e9rieur.<\/p>\n\n\n\n<p>Partant de ce constat, Dr Mraihi appelle les Tunisiens \u00e0 d\u00e9passer leurs diff\u00e9rends politiques, \u00e0 mettre  main dans la main et \u00e0 privil\u00e9gier l\u2019int\u00e9r\u00eat national. <\/p>\n\n\n\n<p>Dans ce contexte difficile, la Tunisie a besoin de tous ses enfants pour faire face \u00e0 toutes les menaces li\u00e9es aux conflits internationaux qui la d\u00e9passent, a soulign\u00e9 Dr Mraihi, ajoutant qu\u2019il n\u2019y a d\u2019autre choix que l\u2019unit\u00e9 pour la protection du pays. <\/p>\n\n\n\n<p class=\"has-text-align-right\"><strong>I. B.<\/strong><\/p>\n","protected":false},"excerpt":{"rendered":"<p>Lotfi Mraihi appelle les Tunisiens \u00e0 resserrer leurs rangs pour faire face \u00e0 la vague de migration irr\u00e9guli\u00e8re qui menace le pays. <\/p>\n","protected":false},"author":8,"featured_media":8345029,"comment_status":"open","ping_status":"open","sticky":false,"template":"","format":"standard","meta":{"footnotes":""},"categories":[997,2433],"tags":[64,64018,85766,796,109303,62643,20900],"class_list":["post-8344994","post","type-post","status-publish","format-standard","has-post-thumbnail","hentry","category-politique","category-tunisie","tag-algerie","tag-lotfi-mraihi","tag-migrants-subsahariens","tag-russie","tag-troupes-de-wagner","tag-tunisie","tag-union-populaire-republicain"],"yoast_head":"<!-- This site is optimized with the Yoast SEO plugin v26.6 - https:\/\/yoast.com\/wordpress\/plugins\/seo\/ -->\n<title>Lotfi Mrahi appelle les Tunisiens \u00e0 l\u2019union nationale face \u00e0 la vague de migration irr\u00e9guli\u00e8re - Kapitalis<\/title>\n<meta name=\"robots\" content=\"index, follow, max-snippet:-1, max-image-preview:large, max-video-preview:-1\" \/>\n<link rel=\"canonical\" href=\"https:\/\/kapitalis.com\/tunisie\/2023\/06\/13\/lotfi-mrahi-appelle-les-tunisiens-a-lunion-nationale-face-a-la-vague-de-migration-irreguliere\/\" \/>\n<meta property=\"og:locale\" content=\"fr_FR\" \/>\n<meta property=\"og:type\" content=\"article\" \/>\n<meta property=\"og:title\" content=\"Lotfi Mrahi appelle les Tunisiens \u00e0 l\u2019union nationale face \u00e0 la vague de migration irr\u00e9guli\u00e8re - Kapitalis\" \/>\n<meta property=\"og:description\" content=\"Lotfi Mraihi appelle les Tunisiens \u00e0 resserrer leurs rangs pour faire face \u00e0 la vague de migration irr\u00e9guli\u00e8re qui menace le pays.\" \/>\n<meta property=\"og:url\" content=\"https:\/\/kapitalis.com\/tunisie\/2023\/06\/13\/lotfi-mrahi-appelle-les-tunisiens-a-lunion-nationale-face-a-la-vague-de-migration-irreguliere\/\" \/>\n<meta property=\"og:site_name\" content=\"Kapitalis\" \/>\n<meta property=\"article:publisher\" content=\"https:\/\/www.facebook.com\/KapitalisInfo\/\" \/>\n<meta property=\"article:published_time\" content=\"2023-06-13T09:09:58+00:00\" \/>\n<meta property=\"article:modified_time\" content=\"2023-06-13T09:09:59+00:00\" \/>\n<meta property=\"og:image\" content=\"https:\/\/kapitalis.com\/tunisie\/wp-content\/uploads\/2023\/06\/Lotfi-Mraihi-Migrants.jpg\" \/>\n\t<meta property=\"og:image:width\" content=\"1200\" \/>\n\t<meta property=\"og:image:height\" content=\"630\" \/>\n\t<meta property=\"og:image:type\" content=\"image\/jpeg\" \/>\n<meta name=\"author\" content=\"webmaster kapitalis\" \/>\n<meta name=\"twitter:card\" content=\"summary_large_image\" \/>\n<meta name=\"twitter:creator\" content=\"@KapitalisInfo\" \/>\n<meta name=\"twitter:site\" content=\"@KapitalisInfo\" \/>\n<meta name=\"twitter:label1\" content=\"\u00c9crit par\" \/>\n\t<meta name=\"twitter:data1\" content=\"webmaster kapitalis\" \/>\n\t<meta name=\"twitter:label2\" content=\"Dur\u00e9e de lecture estim\u00e9e\" \/>\n\t<meta name=\"twitter:data2\" content=\"2 minutes\" \/>\n<script type=\"application\/ld+json\" class=\"yoast-schema-graph\">{\"@context\":\"https:\/\/schema.org\",\"@graph\":[{\"@type\":\"Article\",\"@id\":\"https:\/\/kapitalis.com\/tunisie\/2023\/06\/13\/lotfi-mrahi-appelle-les-tunisiens-a-lunion-nationale-face-a-la-vague-de-migration-irreguliere\/#article\",\"isPartOf\":{\"@id\":\"https:\/\/kapitalis.com\/tunisie\/2023\/06\/13\/lotfi-mrahi-appelle-les-tunisiens-a-lunion-nationale-face-a-la-vague-de-migration-irreguliere\/\"},\"author\":{\"name\":\"webmaster kapitalis\",\"@id\":\"https:\/\/kapitalis.com\/tunisie\/#\/schema\/person\/d71f33a9ca44f7bad4698210b480c8e9\"},\"headline\":\"Lotfi Mrahi appelle les Tunisiens \u00e0 l\u2019union nationale face \u00e0 la vague de migration irr\u00e9guli\u00e8re\",\"datePublished\":\"2023-06-13T09:09:58+00:00\",\"dateModified\":\"2023-06-13T09:09:59+00:00\",\"mainEntityOfPage\":{\"@id\":\"https:\/\/kapitalis.com\/tunisie\/2023\/06\/13\/lotfi-mrahi-appelle-les-tunisiens-a-lunion-nationale-face-a-la-vague-de-migration-irreguliere\/\"},\"wordCount\":402,\"commentCount\":7,\"publisher\":{\"@id\":\"https:\/\/kapitalis.com\/tunisie\/#organization\"},\"image\":{\"@id\":\"https:\/\/kapitalis.com\/tunisie\/2023\/06\/13\/lotfi-mrahi-appelle-les-tunisiens-a-lunion-nationale-face-a-la-vague-de-migration-irreguliere\/#primaryimage\"},\"thumbnailUrl\":\"https:\/\/kapitalis.com\/tunisie\/wp-content\/uploads\/2023\/06\/Lotfi-Mraihi-Migrants.jpg\",\"keywords\":[\"Alg\u00e9rie\",\"Lotfi Mraihi\",\"migrants subsahariens\",\"Russie\",\"troupes de Wagner\",\"Tunisie\",\"Union populaire r\u00e9publicain\"],\"articleSection\":[\"POLITIQUE\",\"Tunisie\"],\"inLanguage\":\"fr-FR\",\"potentialAction\":[{\"@type\":\"CommentAction\",\"name\":\"Comment\",\"target\":[\"https:\/\/kapitalis.com\/tunisie\/2023\/06\/13\/lotfi-mrahi-appelle-les-tunisiens-a-lunion-nationale-face-a-la-vague-de-migration-irreguliere\/#respond\"]}]},{\"@type\":\"WebPage\",\"@id\":\"https:\/\/kapitalis.com\/tunisie\/2023\/06\/13\/lotfi-mrahi-appelle-les-tunisiens-a-lunion-nationale-face-a-la-vague-de-migration-irreguliere\/\",\"url\":\"https:\/\/kapitalis.com\/tunisie\/2023\/06\/13\/lotfi-mrahi-appelle-les-tunisiens-a-lunion-nationale-face-a-la-vague-de-migration-irreguliere\/\",\"name\":\"Lotfi Mrahi appelle les Tunisiens \u00e0 l\u2019union nationale face \u00e0 la vague de migration irr\u00e9guli\u00e8re - Kapitalis\",\"isPartOf\":{\"@id\":\"https:\/\/kapitalis.com\/tunisie\/#website\"},\"primaryImageOfPage\":{\"@id\":\"https:\/\/kapitalis.com\/tunisie\/2023\/06\/13\/lotfi-mrahi-appelle-les-tunisiens-a-lunion-nationale-face-a-la-vague-de-migration-irreguliere\/#primaryimage\"},\"image\":{\"@id\":\"https:\/\/kapitalis.com\/tunisie\/2023\/06\/13\/lotfi-mrahi-appelle-les-tunisiens-a-lunion-nationale-face-a-la-vague-de-migration-irreguliere\/#primaryimage\"},\"thumbnailUrl\":\"https:\/\/kapitalis.com\/tunisie\/wp-content\/uploads\/2023\/06\/Lotfi-Mraihi-Migrants.jpg\",\"datePublished\":\"2023-06-13T09:09:58+00:00\",\"dateModified\":\"2023-06-13T09:09:59+00:00\",\"breadcrumb\":{\"@id\":\"https:\/\/kapitalis.com\/tunisie\/2023\/06\/13\/lotfi-mrahi-appelle-les-tunisiens-a-lunion-nationale-face-a-la-vague-de-migration-irreguliere\/#breadcrumb\"},\"inLanguage\":\"fr-FR\",\"potentialAction\":[{\"@type\":\"ReadAction\",\"target\":[\"https:\/\/kapitalis.com\/tunisie\/2023\/06\/13\/lotfi-mrahi-appelle-les-tunisiens-a-lunion-nationale-face-a-la-vague-de-migration-irreguliere\/\"]}]},{\"@type\":\"ImageObject\",\"inLanguage\":\"fr-FR\",\"@id\":\"https:\/\/kapitalis.com\/tunisie\/2023\/06\/13\/lotfi-mrahi-appelle-les-tunisiens-a-lunion-nationale-face-a-la-vague-de-migration-irreguliere\/#primaryimage\",\"url\":\"https:\/\/kapitalis.com\/tunisie\/wp-content\/uploads\/2023\/06\/Lotfi-Mraihi-Migrants.jpg\",\"contentUrl\":\"https:\/\/kapitalis.com\/tunisie\/wp-content\/uploads\/2023\/06\/Lotfi-Mraihi-Migrants.jpg\",\"width\":1200,\"height\":630},{\"@type\":\"BreadcrumbList\",\"@id\":\"https:\/\/kapitalis.com\/tunisie\/2023\/06\/13\/lotfi-mrahi-appelle-les-tunisiens-a-lunion-nationale-face-a-la-vague-de-migration-irreguliere\/#breadcrumb\",\"itemListElement\":[{\"@type\":\"ListItem\",\"position\":1,\"name\":\"Accueil\",\"item\":\"https:\/\/kapitalis.com\/tunisie\/\"},{\"@type\":\"ListItem\",\"position\":2,\"name\":\"Lotfi Mrahi appelle les Tunisiens \u00e0 l\u2019union nationale face \u00e0 la vague de migration irr\u00e9guli\u00e8re\"}]},{\"@type\":\"WebSite\",\"@id\":\"https:\/\/kapitalis.com\/tunisie\/#website\",\"url\":\"https:\/\/kapitalis.com\/tunisie\/\",\"name\":\"Kapitalis\",\"description\":\"L&#039;actualit\u00e9 en Tunisie et dans le monde\",\"publisher\":{\"@id\":\"https:\/\/kapitalis.com\/tunisie\/#organization\"},\"potentialAction\":[{\"@type\":\"SearchAction\",\"target\":{\"@type\":\"EntryPoint\",\"urlTemplate\":\"https:\/\/kapitalis.com\/tunisie\/?s={search_term_string}\"},\"query-input\":{\"@type\":\"PropertyValueSpecification\",\"valueRequired\":true,\"valueName\":\"search_term_string\"}}],\"inLanguage\":\"fr-FR\"},{\"@type\":\"Organization\",\"@id\":\"https:\/\/kapitalis.com\/tunisie\/#organization\",\"name\":\"Kapitalis\",\"url\":\"https:\/\/kapitalis.com\/tunisie\/\",\"logo\":{\"@type\":\"ImageObject\",\"inLanguage\":\"fr-FR\",\"@id\":\"https:\/\/kapitalis.com\/tunisie\/#\/schema\/logo\/image\/\",\"url\":\"https:\/\/kapitalis.com\/tunisie\/wp-content\/uploads\/2022\/05\/Kapitalis-big-size.png\",\"contentUrl\":\"https:\/\/kapitalis.com\/tunisie\/wp-content\/uploads\/2022\/05\/Kapitalis-big-size.png\",\"width\":5000,\"height\":1500,\"caption\":\"Kapitalis\"},\"image\":{\"@id\":\"https:\/\/kapitalis.com\/tunisie\/#\/schema\/logo\/image\/\"},\"sameAs\":[\"https:\/\/www.facebook.com\/KapitalisInfo\/\",\"https:\/\/x.com\/KapitalisInfo\",\"https:\/\/www.youtube.com\/channel\/UC-yDYrHyfFBWWZaOw3FPg9Q\"]},{\"@type\":\"Person\",\"@id\":\"https:\/\/kapitalis.com\/tunisie\/#\/schema\/person\/d71f33a9ca44f7bad4698210b480c8e9\",\"name\":\"webmaster kapitalis\",\"url\":\"https:\/\/kapitalis.com\/tunisie\/author\/webmaster-kapitalis\/\"}]}<\/script>\n<!-- \/ Yoast SEO plugin. -->","yoast_head_json":{"title":"Lotfi Mrahi appelle les Tunisiens \u00e0 l\u2019union nationale face \u00e0 la vague de migration irr\u00e9guli\u00e8re - Kapitalis","robots":{"index":"index","follow":"follow","max-snippet":"max-snippet:-1","max-image-preview":"max-image-preview:large","max-video-preview":"max-video-preview:-1"},"canonical":"https:\/\/kapitalis.com\/tunisie\/2023\/06\/13\/lotfi-mrahi-appelle-les-tunisiens-a-lunion-nationale-face-a-la-vague-de-migration-irreguliere\/","og_locale":"fr_FR","og_type":"article","og_title":"Lotfi Mrahi appelle les Tunisiens \u00e0 l\u2019union nationale face \u00e0 la vague de migration irr\u00e9guli\u00e8re - Kapitalis","og_description":"Lotfi Mraihi appelle les Tunisiens \u00e0 resserrer leurs rangs pour faire face \u00e0 la vague de migration irr\u00e9guli\u00e8re qui menace le pays.","og_url":"https:\/\/kapitalis.com\/tunisie\/2023\/06\/13\/lotfi-mrahi-appelle-les-tunisiens-a-lunion-nationale-face-a-la-vague-de-migration-irreguliere\/","og_site_name":"Kapitalis","article_publisher":"https:\/\/www.facebook.com\/KapitalisInfo\/","article_published_time":"2023-06-13T09:09:58+00:00","article_modified_time":"2023-06-13T09:09:59+00:00","og_image":[{"width":1200,"height":630,"url":"https:\/\/kapitalis.com\/tunisie\/wp-content\/uploads\/2023\/06\/Lotfi-Mraihi-Migrants.jpg","type":"image\/jpeg"}],"author":"webmaster kapitalis","twitter_card":"summary_large_image","twitter_creator":"@KapitalisInfo","twitter_site":"@KapitalisInfo","twitter_misc":{"\u00c9crit par":"webmaster kapitalis","Dur\u00e9e de lecture estim\u00e9e":"2 minutes"},"schema":{"@context":"https:\/\/schema.org","@graph":[{"@type":"Article","@id":"https:\/\/kapitalis.com\/tunisie\/2023\/06\/13\/lotfi-mrahi-appelle-les-tunisiens-a-lunion-nationale-face-a-la-vague-de-migration-irreguliere\/#article","isPartOf":{"@id":"https:\/\/kapitalis.com\/tunisie\/2023\/06\/13\/lotfi-mrahi-appelle-les-tunisiens-a-lunion-nationale-face-a-la-vague-de-migration-irreguliere\/"},"author":{"name":"webmaster kapitalis","@id":"https:\/\/kapitalis.com\/tunisie\/#\/schema\/person\/d71f33a9ca44f7bad4698210b480c8e9"},"headline":"Lotfi Mrahi appelle les Tunisiens \u00e0 l\u2019union nationale face \u00e0 la vague de migration irr\u00e9guli\u00e8re","datePublished":"2023-06-13T09:09:58+00:00","dateModified":"2023-06-13T09:09:59+00:00","mainEntityOfPage":{"@id":"https:\/\/kapitalis.com\/tunisie\/2023\/06\/13\/lotfi-mrahi-appelle-les-tunisiens-a-lunion-nationale-face-a-la-vague-de-migration-irreguliere\/"},"wordCount":402,"commentCount":7,"publisher":{"@id":"https:\/\/kapitalis.com\/tunisie\/#organization"},"image":{"@id":"https:\/\/kapitalis.com\/tunisie\/2023\/06\/13\/lotfi-mrahi-appelle-les-tunisiens-a-lunion-nationale-face-a-la-vague-de-migration-irreguliere\/#primaryimage"},"thumbnailUrl":"https:\/\/kapitalis.com\/tunisie\/wp-content\/uploads\/2023\/06\/Lotfi-Mraihi-Migrants.jpg","keywords":["Alg\u00e9rie","Lotfi Mraihi","migrants subsahariens","Russie","troupes de Wagner","Tunisie","Union populaire r\u00e9publicain"],"articleSection":["POLITIQUE","Tunisie"],"inLanguage":"fr-FR","potentialAction":[{"@type":"CommentAction","name":"Comment","target":["https:\/\/kapitalis.com\/tunisie\/2023\/06\/13\/lotfi-mrahi-appelle-les-tunisiens-a-lunion-nationale-face-a-la-vague-de-migration-irreguliere\/#respond"]}]},{"@type":"WebPage","@id":"https:\/\/kapitalis.com\/tunisie\/2023\/06\/13\/lotfi-mrahi-appelle-les-tunisiens-a-lunion-nationale-face-a-la-vague-de-migration-irreguliere\/","url":"https:\/\/kapitalis.com\/tunisie\/2023\/06\/13\/lotfi-mrahi-appelle-les-tunisiens-a-lunion-nationale-face-a-la-vague-de-migration-irreguliere\/","name":"Lotfi Mrahi appelle les Tunisiens \u00e0 l\u2019union nationale face \u00e0 la vague de migration irr\u00e9guli\u00e8re - Kapitalis","isPartOf":{"@id":"https:\/\/kapitalis.com\/tunisie\/#website"},"primaryImageOfPage":{"@id":"https:\/\/kapitalis.com\/tunisie\/2023\/06\/13\/lotfi-mrahi-appelle-les-tunisiens-a-lunion-nationale-face-a-la-vague-de-migration-irreguliere\/#primaryimage"},"image":{"@id":"https:\/\/kapitalis.com\/tunisie\/2023\/06\/13\/lotfi-mrahi-appelle-les-tunisiens-a-lunion-nationale-face-a-la-vague-de-migration-irreguliere\/#primaryimage"},"thumbnailUrl":"https:\/\/kapitalis.com\/tunisie\/wp-content\/uploads\/2023\/06\/Lotfi-Mraihi-Migrants.jpg","datePublished":"2023-06-13T09:09:58+00:00","dateModified":"2023-06-13T09:09:59+00:00","breadcrumb":{"@id":"https:\/\/kapitalis.com\/tunisie\/2023\/06\/13\/lotfi-mrahi-appelle-les-tunisiens-a-lunion-nationale-face-a-la-vague-de-migration-irreguliere\/#breadcrumb"},"inLanguage":"fr-FR","potentialAction":[{"@type":"ReadAction","target":["https:\/\/kapitalis.com\/tunisie\/2023\/06\/13\/lotfi-mrahi-appelle-les-tunisiens-a-lunion-nationale-face-a-la-vague-de-migration-irreguliere\/"]}]},{"@type":"ImageObject","inLanguage":"fr-FR","@id":"https:\/\/kapitalis.com\/tunisie\/2023\/06\/13\/lotfi-mrahi-appelle-les-tunisiens-a-lunion-nationale-face-a-la-vague-de-migration-irreguliere\/#primaryimage","url":"https:\/\/kapitalis.com\/tunisie\/wp-content\/uploads\/2023\/06\/Lotfi-Mraihi-Migrants.jpg","contentUrl":"https:\/\/kapitalis.com\/tunisie\/wp-content\/uploads\/2023\/06\/Lotfi-Mraihi-Migrants.jpg","width":1200,"height":630},{"@type":"BreadcrumbList","@id":"https:\/\/kapitalis.com\/tunisie\/2023\/06\/13\/lotfi-mrahi-appelle-les-tunisiens-a-lunion-nationale-face-a-la-vague-de-migration-irreguliere\/#breadcrumb","itemListElement":[{"@type":"ListItem","position":1,"name":"Accueil","item":"https:\/\/kapitalis.com\/tunisie\/"},{"@type":"ListItem","position":2,"name":"Lotfi Mrahi appelle les Tunisiens \u00e0 l\u2019union nationale face \u00e0 la vague de migration irr\u00e9guli\u00e8re"}]},{"@type":"WebSite","@id":"https:\/\/kapitalis.com\/tunisie\/#website","url":"https:\/\/kapitalis.com\/tunisie\/","name":"Kapitalis","description":"L&#039;actualit\u00e9 en Tunisie et dans le monde","publisher":{"@id":"https:\/\/kapitalis.com\/tunisie\/#organization"},"potentialAction":[{"@type":"SearchAction","target":{"@type":"EntryPoint","urlTemplate":"https:\/\/kapitalis.com\/tunisie\/?s={search_term_string}"},"query-input":{"@type":"PropertyValueSpecification","valueRequired":true,"valueName":"search_term_string"}}],"inLanguage":"fr-FR"},{"@type":"Organization","@id":"https:\/\/kapitalis.com\/tunisie\/#organization","name":"Kapitalis","url":"https:\/\/kapitalis.com\/tunisie\/","logo":{"@type":"ImageObject","inLanguage":"fr-FR","@id":"https:\/\/kapitalis.com\/tunisie\/#\/schema\/logo\/image\/","url":"https:\/\/kapitalis.com\/tunisie\/wp-content\/uploads\/2022\/05\/Kapitalis-big-size.png","contentUrl":"https:\/\/kapitalis.com\/tunisie\/wp-content\/uploads\/2022\/05\/Kapitalis-big-size.png","width":5000,"height":1500,"caption":"Kapitalis"},"image":{"@id":"https:\/\/kapitalis.com\/tunisie\/#\/schema\/logo\/image\/"},"sameAs":["https:\/\/www.facebook.com\/KapitalisInfo\/","https:\/\/x.com\/KapitalisInfo","https:\/\/www.youtube.com\/channel\/UC-yDYrHyfFBWWZaOw3FPg9Q"]},{"@type":"Person","@id":"https:\/\/kapitalis.com\/tunisie\/#\/schema\/person\/d71f33a9ca44f7bad4698210b480c8e9","name":"webmaster kapitalis","url":"https:\/\/kapitalis.com\/tunisie\/author\/webmaster-kapitalis\/"}]}},"_links":{"self":[{"href":"https:\/\/kapitalis.com\/tunisie\/wp-json\/wp\/v2\/posts\/8344994","targetHints":{"allow":["GET"]}}],"collection":[{"href":"https:\/\/kapitalis.com\/tunisie\/wp-json\/wp\/v2\/posts"}],"about":[{"href":"https:\/\/kapitalis.com\/tunisie\/wp-json\/wp\/v2\/types\/post"}],"author":[{"embeddable":true,"href":"https:\/\/kapitalis.com\/tunisie\/wp-json\/wp\/v2\/users\/8"}],"replies":[{"embeddable":true,"href":"https:\/\/kapitalis.com\/tunisie\/wp-json\/wp\/v2\/comments?post=8344994"}],"version-history":[{"count":1,"href":"https:\/\/kapitalis.com\/tunisie\/wp-json\/wp\/v2\/posts\/8344994\/revisions"}],"predecessor-version":[{"id":8345070,"href":"https:\/\/kapitalis.com\/tunisie\/wp-json\/wp\/v2\/posts\/8344994\/revisions\/8345070"}],"wp:featuredmedia":[{"embeddable":true,"href":"https:\/\/kapitalis.com\/tunisie\/wp-json\/wp\/v2\/media\/8345029"}],"wp:attachment":[{"href":"https:\/\/kapitalis.com\/tunisie\/wp-json\/wp\/v2\/media?parent=8344994"}],"wp:term":[{"taxonomy":"category","embeddable":true,"href":"https:\/\/kapitalis.com\/tunisie\/wp-json\/wp\/v2\/categories?post=8344994"},{"taxonomy":"post_tag","embeddable":true,"href":"https:\/\/kapitalis.com\/tunisie\/wp-json\/wp\/v2\/tags?post=8344994"}],"curies":[{"name":"wp","href":"https:\/\/api.w.org\/{rel}","templated":true}]}}