{"id":8345386,"date":"2023-06-13T11:33:42","date_gmt":"2023-06-13T10:33:42","guid":{"rendered":"https:\/\/kapitalis.com\/tunisie\/?p=8345386"},"modified":"2023-06-13T11:33:43","modified_gmt":"2023-06-13T10:33:43","slug":"une-realisatrice-tunisienne-empechee-de-presenter-son-film-en-france-apres-un-refus-de-visa","status":"publish","type":"post","link":"https:\/\/kapitalis.com\/tunisie\/2023\/06\/13\/une-realisatrice-tunisienne-empechee-de-presenter-son-film-en-france-apres-un-refus-de-visa\/","title":{"rendered":"Une r\u00e9alisatrice tunisienne emp\u00each\u00e9e de pr\u00e9senter son film en France apr\u00e8s un refus de visa"},"content":{"rendered":"\n<p><em><strong>La r\u00e9alisatrice tunisienne Wafa Lazhari n&rsquo;a pas pu accompagner son film lors de sa projection au Festival international du Film d&rsquo;Animation d&rsquo;Annecy. Sa demande de visa avait \u00e9t\u00e9 refus\u00e9e.<\/strong><\/em><\/p>\n\n\n\n<!--more-->\n\n\n\n<p>\u00ab\u00a0<em>To you<\/em>\u00a0\u00bb est un court-m\u00e9trage tunisien sign\u00e9 Wafa Lazhari qui a \u00e9t\u00e9 s\u00e9lectionn\u00e9 au Festival du Film d&rsquo;Animation d&rsquo;Annecy en France qui se tient du 11 au 17 juin. La r\u00e9alisatrice avait \u00e9t\u00e9 invit\u00e9e par le festival pour pr\u00e9senter son film, mais le Consulat de France \u00e0 Tunis en a d\u00e9cid\u00e9 autrement puisque sa demande de visa avait \u00e9t\u00e9 refus\u00e9e.<\/p>\n\n\n\n<p>\u00ab\u00a0<em>Aujourd&rsquo;hui devait \u00eatre une nouvelle \u00e9tape pour moi, un moment de d\u00e9couverte et de belles rencontres. Je devais me rendre \u00e0 Annecy pour participer au plus grand festival du film d&rsquo;animation au monde. Mais au lieu de cela, je vis un moment tr\u00e8s sombre chez moi, \u00e9prouvant une \u00e9norme tristesse face \u00e0 l&rsquo;injuste refus de mon visa. (&#8230;) Comment est-il possible de faire face \u00e0 un refus si nous avons soumis tous les documentes demand\u00e9s et si l&rsquo;organisme d&rsquo;un prestigieux festival appuie notre demande de visa ? Aujourd&rsquo;hui, en tant que personne qui tente de cr\u00e9er dans un contexte difficile, m\u00eame lorsque nous r\u00e9alisons des \u0153uvres qui se retrouvent parmi les meilleures au monde, nous sommes quand m\u00eame stigmatis\u00e9s et consid\u00e9r\u00e9s comme non fiables<\/em>\u00ab\u00a0, a \u00e9crit la jeune r\u00e9alisatrice.<\/p>\n\n\n\n<p class=\"has-text-align-right\"><strong>F.B<\/strong><\/p>\n","protected":false},"excerpt":{"rendered":"<p>La r\u00e9alisatrice tunisienne Wafa Lazhari n&rsquo;a pas pu accompagner son film lors de sa projection au Festival international du Film d&rsquo;Animation d&rsquo;Annecy. Sa demande de visa avait \u00e9t\u00e9 refus\u00e9e.<\/p>\n","protected":false},"author":26,"featured_media":8345546,"comment_status":"open","ping_status":"open","sticky":false,"template":"","format":"standard","meta":{"footnotes":""},"categories":[994,2433],"tags":[100096,109304,62643,109306,109305],"class_list":["post-8345386","post","type-post","status-publish","format-standard","has-post-thumbnail","hentry","category-culture","category-tunisie","tag-espace-schengen","tag-festival-du-film-danimation-dannecy","tag-tunisie","tag-visa-refuse","tag-wafa-lazhari"],"yoast_head":"<!-- This site is optimized with the Yoast SEO plugin v26.6 - https:\/\/yoast.com\/wordpress\/plugins\/seo\/ -->\n<title>Une r\u00e9alisatrice tunisienne emp\u00each\u00e9e de pr\u00e9senter son film en France apr\u00e8s un refus de visa - Kapitalis<\/title>\n<meta name=\"robots\" content=\"index, follow, max-snippet:-1, max-image-preview:large, max-video-preview:-1\" \/>\n<link rel=\"canonical\" href=\"https:\/\/kapitalis.com\/tunisie\/2023\/06\/13\/une-realisatrice-tunisienne-empechee-de-presenter-son-film-en-france-apres-un-refus-de-visa\/\" \/>\n<meta property=\"og:locale\" content=\"fr_FR\" \/>\n<meta property=\"og:type\" content=\"article\" \/>\n<meta property=\"og:title\" content=\"Une r\u00e9alisatrice tunisienne emp\u00each\u00e9e de pr\u00e9senter son film en France apr\u00e8s un refus de visa - Kapitalis\" \/>\n<meta property=\"og:description\" content=\"La r\u00e9alisatrice tunisienne Wafa Lazhari n&rsquo;a pas pu accompagner son film lors de sa projection au Festival international du Film d&rsquo;Animation d&rsquo;Annecy. Sa demande de visa avait \u00e9t\u00e9 refus\u00e9e.\" \/>\n<meta property=\"og:url\" content=\"https:\/\/kapitalis.com\/tunisie\/2023\/06\/13\/une-realisatrice-tunisienne-empechee-de-presenter-son-film-en-france-apres-un-refus-de-visa\/\" \/>\n<meta property=\"og:site_name\" content=\"Kapitalis\" \/>\n<meta property=\"article:publisher\" content=\"https:\/\/www.facebook.com\/KapitalisInfo\/\" \/>\n<meta property=\"article:published_time\" content=\"2023-06-13T10:33:42+00:00\" \/>\n<meta property=\"article:modified_time\" content=\"2023-06-13T10:33:43+00:00\" \/>\n<meta property=\"og:image\" content=\"https:\/\/kapitalis.com\/tunisie\/wp-content\/uploads\/2023\/06\/Wafa-Lazhari-_-refus-de-visa.jpg\" \/>\n\t<meta property=\"og:image:width\" content=\"1200\" \/>\n\t<meta property=\"og:image:height\" content=\"630\" \/>\n\t<meta property=\"og:image:type\" content=\"image\/jpeg\" \/>\n<meta name=\"author\" content=\"Fawz BenAli\" \/>\n<meta name=\"twitter:card\" content=\"summary_large_image\" \/>\n<meta name=\"twitter:creator\" content=\"@KapitalisInfo\" \/>\n<meta name=\"twitter:site\" content=\"@KapitalisInfo\" \/>\n<meta name=\"twitter:label1\" content=\"\u00c9crit par\" \/>\n\t<meta name=\"twitter:data1\" content=\"Fawz BenAli\" \/>\n\t<meta name=\"twitter:label2\" content=\"Dur\u00e9e de lecture estim\u00e9e\" \/>\n\t<meta name=\"twitter:data2\" content=\"2 minutes\" \/>\n<script type=\"application\/ld+json\" class=\"yoast-schema-graph\">{\"@context\":\"https:\/\/schema.org\",\"@graph\":[{\"@type\":\"Article\",\"@id\":\"https:\/\/kapitalis.com\/tunisie\/2023\/06\/13\/une-realisatrice-tunisienne-empechee-de-presenter-son-film-en-france-apres-un-refus-de-visa\/#article\",\"isPartOf\":{\"@id\":\"https:\/\/kapitalis.com\/tunisie\/2023\/06\/13\/une-realisatrice-tunisienne-empechee-de-presenter-son-film-en-france-apres-un-refus-de-visa\/\"},\"author\":{\"name\":\"Fawz BenAli\",\"@id\":\"https:\/\/kapitalis.com\/tunisie\/#\/schema\/person\/73a5ecc1f6ae540c6ed91342eadca948\"},\"headline\":\"Une r\u00e9alisatrice tunisienne emp\u00each\u00e9e de pr\u00e9senter son film en France apr\u00e8s un refus de visa\",\"datePublished\":\"2023-06-13T10:33:42+00:00\",\"dateModified\":\"2023-06-13T10:33:43+00:00\",\"mainEntityOfPage\":{\"@id\":\"https:\/\/kapitalis.com\/tunisie\/2023\/06\/13\/une-realisatrice-tunisienne-empechee-de-presenter-son-film-en-france-apres-un-refus-de-visa\/\"},\"wordCount\":252,\"commentCount\":3,\"publisher\":{\"@id\":\"https:\/\/kapitalis.com\/tunisie\/#organization\"},\"image\":{\"@id\":\"https:\/\/kapitalis.com\/tunisie\/2023\/06\/13\/une-realisatrice-tunisienne-empechee-de-presenter-son-film-en-france-apres-un-refus-de-visa\/#primaryimage\"},\"thumbnailUrl\":\"https:\/\/kapitalis.com\/tunisie\/wp-content\/uploads\/2023\/06\/Wafa-Lazhari-_-refus-de-visa.jpg\",\"keywords\":[\"espace Schengen\",\"Festival du Film d&#039;animation d&#039;Annecy\",\"Tunisie\",\"visa refus\u00e9\",\"Wafa Lazhari\"],\"articleSection\":[\"CULTURE\",\"Tunisie\"],\"inLanguage\":\"fr-FR\",\"potentialAction\":[{\"@type\":\"CommentAction\",\"name\":\"Comment\",\"target\":[\"https:\/\/kapitalis.com\/tunisie\/2023\/06\/13\/une-realisatrice-tunisienne-empechee-de-presenter-son-film-en-france-apres-un-refus-de-visa\/#respond\"]}]},{\"@type\":\"WebPage\",\"@id\":\"https:\/\/kapitalis.com\/tunisie\/2023\/06\/13\/une-realisatrice-tunisienne-empechee-de-presenter-son-film-en-france-apres-un-refus-de-visa\/\",\"url\":\"https:\/\/kapitalis.com\/tunisie\/2023\/06\/13\/une-realisatrice-tunisienne-empechee-de-presenter-son-film-en-france-apres-un-refus-de-visa\/\",\"name\":\"Une r\u00e9alisatrice tunisienne emp\u00each\u00e9e de pr\u00e9senter son film en France apr\u00e8s un refus de visa - Kapitalis\",\"isPartOf\":{\"@id\":\"https:\/\/kapitalis.com\/tunisie\/#website\"},\"primaryImageOfPage\":{\"@id\":\"https:\/\/kapitalis.com\/tunisie\/2023\/06\/13\/une-realisatrice-tunisienne-empechee-de-presenter-son-film-en-france-apres-un-refus-de-visa\/#primaryimage\"},\"image\":{\"@id\":\"https:\/\/kapitalis.com\/tunisie\/2023\/06\/13\/une-realisatrice-tunisienne-empechee-de-presenter-son-film-en-france-apres-un-refus-de-visa\/#primaryimage\"},\"thumbnailUrl\":\"https:\/\/kapitalis.com\/tunisie\/wp-content\/uploads\/2023\/06\/Wafa-Lazhari-_-refus-de-visa.jpg\",\"datePublished\":\"2023-06-13T10:33:42+00:00\",\"dateModified\":\"2023-06-13T10:33:43+00:00\",\"breadcrumb\":{\"@id\":\"https:\/\/kapitalis.com\/tunisie\/2023\/06\/13\/une-realisatrice-tunisienne-empechee-de-presenter-son-film-en-france-apres-un-refus-de-visa\/#breadcrumb\"},\"inLanguage\":\"fr-FR\",\"potentialAction\":[{\"@type\":\"ReadAction\",\"target\":[\"https:\/\/kapitalis.com\/tunisie\/2023\/06\/13\/une-realisatrice-tunisienne-empechee-de-presenter-son-film-en-france-apres-un-refus-de-visa\/\"]}]},{\"@type\":\"ImageObject\",\"inLanguage\":\"fr-FR\",\"@id\":\"https:\/\/kapitalis.com\/tunisie\/2023\/06\/13\/une-realisatrice-tunisienne-empechee-de-presenter-son-film-en-france-apres-un-refus-de-visa\/#primaryimage\",\"url\":\"https:\/\/kapitalis.com\/tunisie\/wp-content\/uploads\/2023\/06\/Wafa-Lazhari-_-refus-de-visa.jpg\",\"contentUrl\":\"https:\/\/kapitalis.com\/tunisie\/wp-content\/uploads\/2023\/06\/Wafa-Lazhari-_-refus-de-visa.jpg\",\"width\":1200,\"height\":630},{\"@type\":\"BreadcrumbList\",\"@id\":\"https:\/\/kapitalis.com\/tunisie\/2023\/06\/13\/une-realisatrice-tunisienne-empechee-de-presenter-son-film-en-france-apres-un-refus-de-visa\/#breadcrumb\",\"itemListElement\":[{\"@type\":\"ListItem\",\"position\":1,\"name\":\"Accueil\",\"item\":\"https:\/\/kapitalis.com\/tunisie\/\"},{\"@type\":\"ListItem\",\"position\":2,\"name\":\"Une r\u00e9alisatrice tunisienne emp\u00each\u00e9e de pr\u00e9senter son film en France apr\u00e8s un refus de visa\"}]},{\"@type\":\"WebSite\",\"@id\":\"https:\/\/kapitalis.com\/tunisie\/#website\",\"url\":\"https:\/\/kapitalis.com\/tunisie\/\",\"name\":\"Kapitalis\",\"description\":\"L&#039;actualit\u00e9 en Tunisie et dans le monde\",\"publisher\":{\"@id\":\"https:\/\/kapitalis.com\/tunisie\/#organization\"},\"potentialAction\":[{\"@type\":\"SearchAction\",\"target\":{\"@type\":\"EntryPoint\",\"urlTemplate\":\"https:\/\/kapitalis.com\/tunisie\/?s={search_term_string}\"},\"query-input\":{\"@type\":\"PropertyValueSpecification\",\"valueRequired\":true,\"valueName\":\"search_term_string\"}}],\"inLanguage\":\"fr-FR\"},{\"@type\":\"Organization\",\"@id\":\"https:\/\/kapitalis.com\/tunisie\/#organization\",\"name\":\"Kapitalis\",\"url\":\"https:\/\/kapitalis.com\/tunisie\/\",\"logo\":{\"@type\":\"ImageObject\",\"inLanguage\":\"fr-FR\",\"@id\":\"https:\/\/kapitalis.com\/tunisie\/#\/schema\/logo\/image\/\",\"url\":\"https:\/\/kapitalis.com\/tunisie\/wp-content\/uploads\/2022\/05\/Kapitalis-big-size.png\",\"contentUrl\":\"https:\/\/kapitalis.com\/tunisie\/wp-content\/uploads\/2022\/05\/Kapitalis-big-size.png\",\"width\":5000,\"height\":1500,\"caption\":\"Kapitalis\"},\"image\":{\"@id\":\"https:\/\/kapitalis.com\/tunisie\/#\/schema\/logo\/image\/\"},\"sameAs\":[\"https:\/\/www.facebook.com\/KapitalisInfo\/\",\"https:\/\/x.com\/KapitalisInfo\",\"https:\/\/www.youtube.com\/channel\/UC-yDYrHyfFBWWZaOw3FPg9Q\"]},{\"@type\":\"Person\",\"@id\":\"https:\/\/kapitalis.com\/tunisie\/#\/schema\/person\/73a5ecc1f6ae540c6ed91342eadca948\",\"name\":\"Fawz BenAli\",\"url\":\"https:\/\/kapitalis.com\/tunisie\/author\/fawz\/\"}]}<\/script>\n<!-- \/ Yoast SEO plugin. -->","yoast_head_json":{"title":"Une r\u00e9alisatrice tunisienne emp\u00each\u00e9e de pr\u00e9senter son film en France apr\u00e8s un refus de visa - Kapitalis","robots":{"index":"index","follow":"follow","max-snippet":"max-snippet:-1","max-image-preview":"max-image-preview:large","max-video-preview":"max-video-preview:-1"},"canonical":"https:\/\/kapitalis.com\/tunisie\/2023\/06\/13\/une-realisatrice-tunisienne-empechee-de-presenter-son-film-en-france-apres-un-refus-de-visa\/","og_locale":"fr_FR","og_type":"article","og_title":"Une r\u00e9alisatrice tunisienne emp\u00each\u00e9e de pr\u00e9senter son film en France apr\u00e8s un refus de visa - Kapitalis","og_description":"La r\u00e9alisatrice tunisienne Wafa Lazhari n&rsquo;a pas pu accompagner son film lors de sa projection au Festival international du Film d&rsquo;Animation d&rsquo;Annecy. Sa demande de visa avait \u00e9t\u00e9 refus\u00e9e.","og_url":"https:\/\/kapitalis.com\/tunisie\/2023\/06\/13\/une-realisatrice-tunisienne-empechee-de-presenter-son-film-en-france-apres-un-refus-de-visa\/","og_site_name":"Kapitalis","article_publisher":"https:\/\/www.facebook.com\/KapitalisInfo\/","article_published_time":"2023-06-13T10:33:42+00:00","article_modified_time":"2023-06-13T10:33:43+00:00","og_image":[{"width":1200,"height":630,"url":"https:\/\/kapitalis.com\/tunisie\/wp-content\/uploads\/2023\/06\/Wafa-Lazhari-_-refus-de-visa.jpg","type":"image\/jpeg"}],"author":"Fawz BenAli","twitter_card":"summary_large_image","twitter_creator":"@KapitalisInfo","twitter_site":"@KapitalisInfo","twitter_misc":{"\u00c9crit par":"Fawz BenAli","Dur\u00e9e de lecture estim\u00e9e":"2 minutes"},"schema":{"@context":"https:\/\/schema.org","@graph":[{"@type":"Article","@id":"https:\/\/kapitalis.com\/tunisie\/2023\/06\/13\/une-realisatrice-tunisienne-empechee-de-presenter-son-film-en-france-apres-un-refus-de-visa\/#article","isPartOf":{"@id":"https:\/\/kapitalis.com\/tunisie\/2023\/06\/13\/une-realisatrice-tunisienne-empechee-de-presenter-son-film-en-france-apres-un-refus-de-visa\/"},"author":{"name":"Fawz BenAli","@id":"https:\/\/kapitalis.com\/tunisie\/#\/schema\/person\/73a5ecc1f6ae540c6ed91342eadca948"},"headline":"Une r\u00e9alisatrice tunisienne emp\u00each\u00e9e de pr\u00e9senter son film en France apr\u00e8s un refus de visa","datePublished":"2023-06-13T10:33:42+00:00","dateModified":"2023-06-13T10:33:43+00:00","mainEntityOfPage":{"@id":"https:\/\/kapitalis.com\/tunisie\/2023\/06\/13\/une-realisatrice-tunisienne-empechee-de-presenter-son-film-en-france-apres-un-refus-de-visa\/"},"wordCount":252,"commentCount":3,"publisher":{"@id":"https:\/\/kapitalis.com\/tunisie\/#organization"},"image":{"@id":"https:\/\/kapitalis.com\/tunisie\/2023\/06\/13\/une-realisatrice-tunisienne-empechee-de-presenter-son-film-en-france-apres-un-refus-de-visa\/#primaryimage"},"thumbnailUrl":"https:\/\/kapitalis.com\/tunisie\/wp-content\/uploads\/2023\/06\/Wafa-Lazhari-_-refus-de-visa.jpg","keywords":["espace Schengen","Festival du Film d&#039;animation d&#039;Annecy","Tunisie","visa refus\u00e9","Wafa Lazhari"],"articleSection":["CULTURE","Tunisie"],"inLanguage":"fr-FR","potentialAction":[{"@type":"CommentAction","name":"Comment","target":["https:\/\/kapitalis.com\/tunisie\/2023\/06\/13\/une-realisatrice-tunisienne-empechee-de-presenter-son-film-en-france-apres-un-refus-de-visa\/#respond"]}]},{"@type":"WebPage","@id":"https:\/\/kapitalis.com\/tunisie\/2023\/06\/13\/une-realisatrice-tunisienne-empechee-de-presenter-son-film-en-france-apres-un-refus-de-visa\/","url":"https:\/\/kapitalis.com\/tunisie\/2023\/06\/13\/une-realisatrice-tunisienne-empechee-de-presenter-son-film-en-france-apres-un-refus-de-visa\/","name":"Une r\u00e9alisatrice tunisienne emp\u00each\u00e9e de pr\u00e9senter son film en France apr\u00e8s un refus de visa - Kapitalis","isPartOf":{"@id":"https:\/\/kapitalis.com\/tunisie\/#website"},"primaryImageOfPage":{"@id":"https:\/\/kapitalis.com\/tunisie\/2023\/06\/13\/une-realisatrice-tunisienne-empechee-de-presenter-son-film-en-france-apres-un-refus-de-visa\/#primaryimage"},"image":{"@id":"https:\/\/kapitalis.com\/tunisie\/2023\/06\/13\/une-realisatrice-tunisienne-empechee-de-presenter-son-film-en-france-apres-un-refus-de-visa\/#primaryimage"},"thumbnailUrl":"https:\/\/kapitalis.com\/tunisie\/wp-content\/uploads\/2023\/06\/Wafa-Lazhari-_-refus-de-visa.jpg","datePublished":"2023-06-13T10:33:42+00:00","dateModified":"2023-06-13T10:33:43+00:00","breadcrumb":{"@id":"https:\/\/kapitalis.com\/tunisie\/2023\/06\/13\/une-realisatrice-tunisienne-empechee-de-presenter-son-film-en-france-apres-un-refus-de-visa\/#breadcrumb"},"inLanguage":"fr-FR","potentialAction":[{"@type":"ReadAction","target":["https:\/\/kapitalis.com\/tunisie\/2023\/06\/13\/une-realisatrice-tunisienne-empechee-de-presenter-son-film-en-france-apres-un-refus-de-visa\/"]}]},{"@type":"ImageObject","inLanguage":"fr-FR","@id":"https:\/\/kapitalis.com\/tunisie\/2023\/06\/13\/une-realisatrice-tunisienne-empechee-de-presenter-son-film-en-france-apres-un-refus-de-visa\/#primaryimage","url":"https:\/\/kapitalis.com\/tunisie\/wp-content\/uploads\/2023\/06\/Wafa-Lazhari-_-refus-de-visa.jpg","contentUrl":"https:\/\/kapitalis.com\/tunisie\/wp-content\/uploads\/2023\/06\/Wafa-Lazhari-_-refus-de-visa.jpg","width":1200,"height":630},{"@type":"BreadcrumbList","@id":"https:\/\/kapitalis.com\/tunisie\/2023\/06\/13\/une-realisatrice-tunisienne-empechee-de-presenter-son-film-en-france-apres-un-refus-de-visa\/#breadcrumb","itemListElement":[{"@type":"ListItem","position":1,"name":"Accueil","item":"https:\/\/kapitalis.com\/tunisie\/"},{"@type":"ListItem","position":2,"name":"Une r\u00e9alisatrice tunisienne emp\u00each\u00e9e de pr\u00e9senter son film en France apr\u00e8s un refus de visa"}]},{"@type":"WebSite","@id":"https:\/\/kapitalis.com\/tunisie\/#website","url":"https:\/\/kapitalis.com\/tunisie\/","name":"Kapitalis","description":"L&#039;actualit\u00e9 en Tunisie et dans le monde","publisher":{"@id":"https:\/\/kapitalis.com\/tunisie\/#organization"},"potentialAction":[{"@type":"SearchAction","target":{"@type":"EntryPoint","urlTemplate":"https:\/\/kapitalis.com\/tunisie\/?s={search_term_string}"},"query-input":{"@type":"PropertyValueSpecification","valueRequired":true,"valueName":"search_term_string"}}],"inLanguage":"fr-FR"},{"@type":"Organization","@id":"https:\/\/kapitalis.com\/tunisie\/#organization","name":"Kapitalis","url":"https:\/\/kapitalis.com\/tunisie\/","logo":{"@type":"ImageObject","inLanguage":"fr-FR","@id":"https:\/\/kapitalis.com\/tunisie\/#\/schema\/logo\/image\/","url":"https:\/\/kapitalis.com\/tunisie\/wp-content\/uploads\/2022\/05\/Kapitalis-big-size.png","contentUrl":"https:\/\/kapitalis.com\/tunisie\/wp-content\/uploads\/2022\/05\/Kapitalis-big-size.png","width":5000,"height":1500,"caption":"Kapitalis"},"image":{"@id":"https:\/\/kapitalis.com\/tunisie\/#\/schema\/logo\/image\/"},"sameAs":["https:\/\/www.facebook.com\/KapitalisInfo\/","https:\/\/x.com\/KapitalisInfo","https:\/\/www.youtube.com\/channel\/UC-yDYrHyfFBWWZaOw3FPg9Q"]},{"@type":"Person","@id":"https:\/\/kapitalis.com\/tunisie\/#\/schema\/person\/73a5ecc1f6ae540c6ed91342eadca948","name":"Fawz BenAli","url":"https:\/\/kapitalis.com\/tunisie\/author\/fawz\/"}]}},"_links":{"self":[{"href":"https:\/\/kapitalis.com\/tunisie\/wp-json\/wp\/v2\/posts\/8345386","targetHints":{"allow":["GET"]}}],"collection":[{"href":"https:\/\/kapitalis.com\/tunisie\/wp-json\/wp\/v2\/posts"}],"about":[{"href":"https:\/\/kapitalis.com\/tunisie\/wp-json\/wp\/v2\/types\/post"}],"author":[{"embeddable":true,"href":"https:\/\/kapitalis.com\/tunisie\/wp-json\/wp\/v2\/users\/26"}],"replies":[{"embeddable":true,"href":"https:\/\/kapitalis.com\/tunisie\/wp-json\/wp\/v2\/comments?post=8345386"}],"version-history":[{"count":1,"href":"https:\/\/kapitalis.com\/tunisie\/wp-json\/wp\/v2\/posts\/8345386\/revisions"}],"predecessor-version":[{"id":8345553,"href":"https:\/\/kapitalis.com\/tunisie\/wp-json\/wp\/v2\/posts\/8345386\/revisions\/8345553"}],"wp:featuredmedia":[{"embeddable":true,"href":"https:\/\/kapitalis.com\/tunisie\/wp-json\/wp\/v2\/media\/8345546"}],"wp:attachment":[{"href":"https:\/\/kapitalis.com\/tunisie\/wp-json\/wp\/v2\/media?parent=8345386"}],"wp:term":[{"taxonomy":"category","embeddable":true,"href":"https:\/\/kapitalis.com\/tunisie\/wp-json\/wp\/v2\/categories?post=8345386"},{"taxonomy":"post_tag","embeddable":true,"href":"https:\/\/kapitalis.com\/tunisie\/wp-json\/wp\/v2\/tags?post=8345386"}],"curies":[{"name":"wp","href":"https:\/\/api.w.org\/{rel}","templated":true}]}}