{"id":8351378,"date":"2023-06-14T09:26:18","date_gmt":"2023-06-14T08:26:18","guid":{"rendered":"https:\/\/kapitalis.com\/tunisie\/?p=8351378"},"modified":"2023-06-14T09:26:19","modified_gmt":"2023-06-14T08:26:19","slug":"le-cadeau-empoisonne-de-leurope-a-la-tunisie","status":"publish","type":"post","link":"https:\/\/kapitalis.com\/tunisie\/2023\/06\/14\/le-cadeau-empoisonne-de-leurope-a-la-tunisie\/","title":{"rendered":"Le cadeau empoisonn\u00e9 de l\u2019Europe \u00e0 la Tunisie"},"content":{"rendered":"\n<p><strong><em>Selon deux experts \u00e9conomiques, l&rsquo;offre d&rsquo;aide de l&rsquo;Union europ\u00e9enne (UE) \u00e0 la Tunisie annonc\u00e9e il y a quelques jours \u00e0 Tunis sert surtout les int\u00e9r\u00eats du Vieux continent au d\u00e9triment de l&rsquo;avenir de son voisin du sud dont le sort lui importe peu. <\/em><\/strong><\/p>\n\n\n\n<!--more-->\n\n\n\n<p>Dans une lettre publi\u00e9e par le <em><a href=\"https:\/\/www.ft.com\/content\/b5cbaef8-8113-4da7-a37c-48e0fe21a945?fbclid=IwAR1Lc3vAaxejXP6Jl99HZWvgRkVGBaVtMy9_msGBn_S4_TkYTJK_zpgMnS8\" target=\"_blank\" rel=\"noreferrer noopener\">Financial Times<\/a><\/em> aujourd\u2019hui, mercredi 14 juin 2023, Pr Hachemi Alaya, fondateur et \u00e9diteur d\u2019Ecoweek (Tunis), et Francis Ghil\u00e8s, chercheur invit\u00e9 \u00e0 King\u2019s College (Londres) critiquent l\u2019offre d\u2019aide de l\u2019UE \u00e0 la Tunisie, annonc\u00e9e samedi dernier, lors de la rencontre au Palais de Carthage entre le pr\u00e9sident de la r\u00e9publique Ka\u00efs Sa\u00efed, d\u2019un c\u00f4t\u00e9 et de l\u2019autre, la pr\u00e9sidente de la Commission europ\u00e9enne Ursula von der Leyen,\u00a0la Premi\u00e8re ministre Italienne Giorgia Meloni et le Premier ministre n\u00e9erlandais Thomas Ruud.<\/p>\n\n\n\n<p>Les deux auteurs parlent d\u2019un <em>\u00abjeu de poker menteur qui illustre l\u2019incapacit\u00e9 de l&rsquo;UE \u00e0 relever le d\u00e9fi qui se dresse sur sa fronti\u00e8re sud. La situation financi\u00e8re d\u00e9sastreuse de la Tunisie, dont les dirigeants successifs sont responsables, a priv\u00e9 la Tunisie de tout levier s\u00e9rieux\u00bb<\/em>.<\/p>\n\n\n\n<p>Ils rappellent l\u2019offre d\u2019aide faite par l\u2019Occident, en 2011, \u00e0 la Tunisie et \u00e0 l\u2019\u00c9gypte, quelques mois apr\u00e8s la chute de leurs autocrates Ben Ali et Moubarak, soit 20 milliards de dollars, chiffre qui, selon le pr\u00e9sident fran\u00e7ais Nicolas Sarkozy, pourrait \u00eatre doubl\u00e9 si l\u2019Arabie saoudite et les \u00c9tats du Golfe versaient 10 milliards de dollars.<\/p>\n\n\n\n<p>La diff\u00e9rence entre cette somme et celle d\u2019un peu plus d\u2019un milliard de dollars que l\u2019UE a promise \u00e0 la Tunisie le week-end dernier prouve que la politique de l&rsquo;UE est <em>\u00abguid\u00e9e par les craintes d\u2019une forte augmentation de l\u2019immigration clandestine en provenance des c\u00f4tes tunisiennes plut\u00f4t que par la volont\u00e9 de promouvoir un partenariat plus ambitieux avec ce pays.\u00bb<\/em><\/p>\n\n\n\n<p>Selon Alaya et Ghiles, trois points plaident en faveur de cette interpr\u00e9tation du paquet annonc\u00e9 dimanche par les dirigeants europ\u00e9ens \u00e0 Tunis.<\/p>\n\n\n\n<p><em>\u00abPremi\u00e8rement, la Tunisie s\u2019engagera \u00e0 faire en sorte qu\u2019aucun immigrant subsaharien dans le pays ne r\u00e9ussisse \u00e0 s\u2019installer en Italie, un engagement similaire \u00e0 celui que Bruxelles a pris avec la Turquie en 2015. L\u2019Alg\u00e9rie et le Maroc ont \u00e9t\u00e9 in\u00e9branlables dans leur refus d\u2019agir en tant que gendarme de l\u2019UE.<\/em><\/p>\n\n\n\n<p><em>\u00abDeuxi\u00e8mement, le programme d\u2019aide, ax\u00e9 sur l\u2019investissement industriel, sera ax\u00e9 sur la production d\u2019\u00e9nergie non renouvelable destin\u00e9e \u00e0 l\u2019exportation vers l\u2019Europe, et non pour les besoins locaux.<\/em><\/p>\n\n\n\n<p><em>\u00abEt troisi\u00e8mement, l\u2019acc\u00e8s plus facile des Tunisiens au r\u00e9seau d\u2019\u00e9change d\u2019\u00e9tudiants Erasmus ne peut qu\u2019acc\u00e9l\u00e9rer ce qui est d\u00e9j\u00e0 une \u00e9norme fuite des cerveaux, entravant ainsi l\u2019avenir \u00e9conomique de la Tunisie.\u00bb<\/em><\/p>\n","protected":false},"excerpt":{"rendered":"<p>L&rsquo;offre d&rsquo;aide de l&rsquo;Union europ\u00e9enne (UE) \u00e0 la Tunisie sert surtout les int\u00e9r\u00eats du Vieux continent au d\u00e9triment de l&rsquo;avenir de son voisin du sud. <\/p>\n","protected":false},"author":8,"featured_media":8332862,"comment_status":"open","ping_status":"open","sticky":false,"template":"","format":"standard","meta":{"footnotes":""},"categories":[992,995,2433],"tags":[82528,87032,103508,4599,70520,109315,62643,937,90832],"class_list":["post-8351378","post","type-post","status-publish","format-standard","has-post-thumbnail","hentry","category-a-la-une","category-economie","category-tunisie","tag-francis-ghiles","tag-fuite-des-cerveaux","tag-giorgia-meloni","tag-hachemi-alaya","tag-kais-saied-3","tag-thomas-ruud","tag-tunisie","tag-union-europeenne","tag-ursula-von-der-leyen"],"yoast_head":"<!-- This site is optimized with the Yoast SEO plugin v26.6 - https:\/\/yoast.com\/wordpress\/plugins\/seo\/ -->\n<title>Le cadeau empoisonn\u00e9 de l\u2019Europe \u00e0 la Tunisie - Kapitalis<\/title>\n<meta name=\"robots\" content=\"index, follow, max-snippet:-1, max-image-preview:large, max-video-preview:-1\" \/>\n<link rel=\"canonical\" href=\"https:\/\/kapitalis.com\/tunisie\/2023\/06\/14\/le-cadeau-empoisonne-de-leurope-a-la-tunisie\/\" \/>\n<meta property=\"og:locale\" content=\"fr_FR\" \/>\n<meta property=\"og:type\" content=\"article\" \/>\n<meta property=\"og:title\" content=\"Le cadeau empoisonn\u00e9 de l\u2019Europe \u00e0 la Tunisie - Kapitalis\" \/>\n<meta property=\"og:description\" content=\"L&#039;offre d&#039;aide de l&#039;Union europ\u00e9enne (UE) \u00e0 la Tunisie sert surtout les int\u00e9r\u00eats du Vieux continent au d\u00e9triment de l&#039;avenir de son voisin du sud.\" \/>\n<meta property=\"og:url\" content=\"https:\/\/kapitalis.com\/tunisie\/2023\/06\/14\/le-cadeau-empoisonne-de-leurope-a-la-tunisie\/\" \/>\n<meta property=\"og:site_name\" content=\"Kapitalis\" \/>\n<meta property=\"article:publisher\" content=\"https:\/\/www.facebook.com\/KapitalisInfo\/\" \/>\n<meta property=\"article:published_time\" content=\"2023-06-14T08:26:18+00:00\" \/>\n<meta property=\"article:modified_time\" content=\"2023-06-14T08:26:19+00:00\" \/>\n<meta property=\"og:image\" content=\"https:\/\/kapitalis.com\/tunisie\/wp-content\/uploads\/2023\/06\/Kais-Saied-Union-europeenne-Von-der-Leyen-Meloni-Rutte-2.jpg\" \/>\n\t<meta property=\"og:image:width\" content=\"1200\" \/>\n\t<meta property=\"og:image:height\" content=\"630\" \/>\n\t<meta property=\"og:image:type\" content=\"image\/jpeg\" \/>\n<meta name=\"author\" content=\"webmaster kapitalis\" \/>\n<meta name=\"twitter:card\" content=\"summary_large_image\" \/>\n<meta name=\"twitter:creator\" content=\"@KapitalisInfo\" \/>\n<meta name=\"twitter:site\" content=\"@KapitalisInfo\" \/>\n<meta name=\"twitter:label1\" content=\"\u00c9crit par\" \/>\n\t<meta name=\"twitter:data1\" content=\"webmaster kapitalis\" \/>\n\t<meta name=\"twitter:label2\" content=\"Dur\u00e9e de lecture estim\u00e9e\" \/>\n\t<meta name=\"twitter:data2\" content=\"3 minutes\" \/>\n<script type=\"application\/ld+json\" class=\"yoast-schema-graph\">{\"@context\":\"https:\/\/schema.org\",\"@graph\":[{\"@type\":\"Article\",\"@id\":\"https:\/\/kapitalis.com\/tunisie\/2023\/06\/14\/le-cadeau-empoisonne-de-leurope-a-la-tunisie\/#article\",\"isPartOf\":{\"@id\":\"https:\/\/kapitalis.com\/tunisie\/2023\/06\/14\/le-cadeau-empoisonne-de-leurope-a-la-tunisie\/\"},\"author\":{\"name\":\"webmaster kapitalis\",\"@id\":\"https:\/\/kapitalis.com\/tunisie\/#\/schema\/person\/d71f33a9ca44f7bad4698210b480c8e9\"},\"headline\":\"Le cadeau empoisonn\u00e9 de l\u2019Europe \u00e0 la Tunisie\",\"datePublished\":\"2023-06-14T08:26:18+00:00\",\"dateModified\":\"2023-06-14T08:26:19+00:00\",\"mainEntityOfPage\":{\"@id\":\"https:\/\/kapitalis.com\/tunisie\/2023\/06\/14\/le-cadeau-empoisonne-de-leurope-a-la-tunisie\/\"},\"wordCount\":489,\"commentCount\":11,\"publisher\":{\"@id\":\"https:\/\/kapitalis.com\/tunisie\/#organization\"},\"image\":{\"@id\":\"https:\/\/kapitalis.com\/tunisie\/2023\/06\/14\/le-cadeau-empoisonne-de-leurope-a-la-tunisie\/#primaryimage\"},\"thumbnailUrl\":\"https:\/\/kapitalis.com\/tunisie\/wp-content\/uploads\/2023\/06\/Kais-Saied-Union-europeenne-Von-der-Leyen-Meloni-Rutte-2.jpg\",\"keywords\":[\"Francis Ghil\u00e8s\",\"fuite des cerveaux\",\"Giorgia Meloni\",\"Hachemi Alaya\",\"Kais Saied\",\"Thomas Ruud\",\"Tunisie\",\"Union europ\u00e9enne\",\"Ursula von der Leyen\"],\"articleSection\":[\"A LA UNE\",\"ECONOMIE\",\"Tunisie\"],\"inLanguage\":\"fr-FR\",\"potentialAction\":[{\"@type\":\"CommentAction\",\"name\":\"Comment\",\"target\":[\"https:\/\/kapitalis.com\/tunisie\/2023\/06\/14\/le-cadeau-empoisonne-de-leurope-a-la-tunisie\/#respond\"]}]},{\"@type\":\"WebPage\",\"@id\":\"https:\/\/kapitalis.com\/tunisie\/2023\/06\/14\/le-cadeau-empoisonne-de-leurope-a-la-tunisie\/\",\"url\":\"https:\/\/kapitalis.com\/tunisie\/2023\/06\/14\/le-cadeau-empoisonne-de-leurope-a-la-tunisie\/\",\"name\":\"Le cadeau empoisonn\u00e9 de l\u2019Europe \u00e0 la Tunisie - Kapitalis\",\"isPartOf\":{\"@id\":\"https:\/\/kapitalis.com\/tunisie\/#website\"},\"primaryImageOfPage\":{\"@id\":\"https:\/\/kapitalis.com\/tunisie\/2023\/06\/14\/le-cadeau-empoisonne-de-leurope-a-la-tunisie\/#primaryimage\"},\"image\":{\"@id\":\"https:\/\/kapitalis.com\/tunisie\/2023\/06\/14\/le-cadeau-empoisonne-de-leurope-a-la-tunisie\/#primaryimage\"},\"thumbnailUrl\":\"https:\/\/kapitalis.com\/tunisie\/wp-content\/uploads\/2023\/06\/Kais-Saied-Union-europeenne-Von-der-Leyen-Meloni-Rutte-2.jpg\",\"datePublished\":\"2023-06-14T08:26:18+00:00\",\"dateModified\":\"2023-06-14T08:26:19+00:00\",\"breadcrumb\":{\"@id\":\"https:\/\/kapitalis.com\/tunisie\/2023\/06\/14\/le-cadeau-empoisonne-de-leurope-a-la-tunisie\/#breadcrumb\"},\"inLanguage\":\"fr-FR\",\"potentialAction\":[{\"@type\":\"ReadAction\",\"target\":[\"https:\/\/kapitalis.com\/tunisie\/2023\/06\/14\/le-cadeau-empoisonne-de-leurope-a-la-tunisie\/\"]}]},{\"@type\":\"ImageObject\",\"inLanguage\":\"fr-FR\",\"@id\":\"https:\/\/kapitalis.com\/tunisie\/2023\/06\/14\/le-cadeau-empoisonne-de-leurope-a-la-tunisie\/#primaryimage\",\"url\":\"https:\/\/kapitalis.com\/tunisie\/wp-content\/uploads\/2023\/06\/Kais-Saied-Union-europeenne-Von-der-Leyen-Meloni-Rutte-2.jpg\",\"contentUrl\":\"https:\/\/kapitalis.com\/tunisie\/wp-content\/uploads\/2023\/06\/Kais-Saied-Union-europeenne-Von-der-Leyen-Meloni-Rutte-2.jpg\",\"width\":1200,\"height\":630},{\"@type\":\"BreadcrumbList\",\"@id\":\"https:\/\/kapitalis.com\/tunisie\/2023\/06\/14\/le-cadeau-empoisonne-de-leurope-a-la-tunisie\/#breadcrumb\",\"itemListElement\":[{\"@type\":\"ListItem\",\"position\":1,\"name\":\"Accueil\",\"item\":\"https:\/\/kapitalis.com\/tunisie\/\"},{\"@type\":\"ListItem\",\"position\":2,\"name\":\"Le cadeau empoisonn\u00e9 de l\u2019Europe \u00e0 la Tunisie\"}]},{\"@type\":\"WebSite\",\"@id\":\"https:\/\/kapitalis.com\/tunisie\/#website\",\"url\":\"https:\/\/kapitalis.com\/tunisie\/\",\"name\":\"Kapitalis\",\"description\":\"L&#039;actualit\u00e9 en Tunisie et dans le monde\",\"publisher\":{\"@id\":\"https:\/\/kapitalis.com\/tunisie\/#organization\"},\"potentialAction\":[{\"@type\":\"SearchAction\",\"target\":{\"@type\":\"EntryPoint\",\"urlTemplate\":\"https:\/\/kapitalis.com\/tunisie\/?s={search_term_string}\"},\"query-input\":{\"@type\":\"PropertyValueSpecification\",\"valueRequired\":true,\"valueName\":\"search_term_string\"}}],\"inLanguage\":\"fr-FR\"},{\"@type\":\"Organization\",\"@id\":\"https:\/\/kapitalis.com\/tunisie\/#organization\",\"name\":\"Kapitalis\",\"url\":\"https:\/\/kapitalis.com\/tunisie\/\",\"logo\":{\"@type\":\"ImageObject\",\"inLanguage\":\"fr-FR\",\"@id\":\"https:\/\/kapitalis.com\/tunisie\/#\/schema\/logo\/image\/\",\"url\":\"https:\/\/kapitalis.com\/tunisie\/wp-content\/uploads\/2022\/05\/Kapitalis-big-size.png\",\"contentUrl\":\"https:\/\/kapitalis.com\/tunisie\/wp-content\/uploads\/2022\/05\/Kapitalis-big-size.png\",\"width\":5000,\"height\":1500,\"caption\":\"Kapitalis\"},\"image\":{\"@id\":\"https:\/\/kapitalis.com\/tunisie\/#\/schema\/logo\/image\/\"},\"sameAs\":[\"https:\/\/www.facebook.com\/KapitalisInfo\/\",\"https:\/\/x.com\/KapitalisInfo\",\"https:\/\/www.youtube.com\/channel\/UC-yDYrHyfFBWWZaOw3FPg9Q\"]},{\"@type\":\"Person\",\"@id\":\"https:\/\/kapitalis.com\/tunisie\/#\/schema\/person\/d71f33a9ca44f7bad4698210b480c8e9\",\"name\":\"webmaster kapitalis\",\"url\":\"https:\/\/kapitalis.com\/tunisie\/author\/webmaster-kapitalis\/\"}]}<\/script>\n<!-- \/ Yoast SEO plugin. -->","yoast_head_json":{"title":"Le cadeau empoisonn\u00e9 de l\u2019Europe \u00e0 la Tunisie - Kapitalis","robots":{"index":"index","follow":"follow","max-snippet":"max-snippet:-1","max-image-preview":"max-image-preview:large","max-video-preview":"max-video-preview:-1"},"canonical":"https:\/\/kapitalis.com\/tunisie\/2023\/06\/14\/le-cadeau-empoisonne-de-leurope-a-la-tunisie\/","og_locale":"fr_FR","og_type":"article","og_title":"Le cadeau empoisonn\u00e9 de l\u2019Europe \u00e0 la Tunisie - Kapitalis","og_description":"L'offre d'aide de l'Union europ\u00e9enne (UE) \u00e0 la Tunisie sert surtout les int\u00e9r\u00eats du Vieux continent au d\u00e9triment de l'avenir de son voisin du sud.","og_url":"https:\/\/kapitalis.com\/tunisie\/2023\/06\/14\/le-cadeau-empoisonne-de-leurope-a-la-tunisie\/","og_site_name":"Kapitalis","article_publisher":"https:\/\/www.facebook.com\/KapitalisInfo\/","article_published_time":"2023-06-14T08:26:18+00:00","article_modified_time":"2023-06-14T08:26:19+00:00","og_image":[{"width":1200,"height":630,"url":"https:\/\/kapitalis.com\/tunisie\/wp-content\/uploads\/2023\/06\/Kais-Saied-Union-europeenne-Von-der-Leyen-Meloni-Rutte-2.jpg","type":"image\/jpeg"}],"author":"webmaster kapitalis","twitter_card":"summary_large_image","twitter_creator":"@KapitalisInfo","twitter_site":"@KapitalisInfo","twitter_misc":{"\u00c9crit par":"webmaster kapitalis","Dur\u00e9e de lecture estim\u00e9e":"3 minutes"},"schema":{"@context":"https:\/\/schema.org","@graph":[{"@type":"Article","@id":"https:\/\/kapitalis.com\/tunisie\/2023\/06\/14\/le-cadeau-empoisonne-de-leurope-a-la-tunisie\/#article","isPartOf":{"@id":"https:\/\/kapitalis.com\/tunisie\/2023\/06\/14\/le-cadeau-empoisonne-de-leurope-a-la-tunisie\/"},"author":{"name":"webmaster kapitalis","@id":"https:\/\/kapitalis.com\/tunisie\/#\/schema\/person\/d71f33a9ca44f7bad4698210b480c8e9"},"headline":"Le cadeau empoisonn\u00e9 de l\u2019Europe \u00e0 la Tunisie","datePublished":"2023-06-14T08:26:18+00:00","dateModified":"2023-06-14T08:26:19+00:00","mainEntityOfPage":{"@id":"https:\/\/kapitalis.com\/tunisie\/2023\/06\/14\/le-cadeau-empoisonne-de-leurope-a-la-tunisie\/"},"wordCount":489,"commentCount":11,"publisher":{"@id":"https:\/\/kapitalis.com\/tunisie\/#organization"},"image":{"@id":"https:\/\/kapitalis.com\/tunisie\/2023\/06\/14\/le-cadeau-empoisonne-de-leurope-a-la-tunisie\/#primaryimage"},"thumbnailUrl":"https:\/\/kapitalis.com\/tunisie\/wp-content\/uploads\/2023\/06\/Kais-Saied-Union-europeenne-Von-der-Leyen-Meloni-Rutte-2.jpg","keywords":["Francis Ghil\u00e8s","fuite des cerveaux","Giorgia Meloni","Hachemi Alaya","Kais Saied","Thomas Ruud","Tunisie","Union europ\u00e9enne","Ursula von der Leyen"],"articleSection":["A LA UNE","ECONOMIE","Tunisie"],"inLanguage":"fr-FR","potentialAction":[{"@type":"CommentAction","name":"Comment","target":["https:\/\/kapitalis.com\/tunisie\/2023\/06\/14\/le-cadeau-empoisonne-de-leurope-a-la-tunisie\/#respond"]}]},{"@type":"WebPage","@id":"https:\/\/kapitalis.com\/tunisie\/2023\/06\/14\/le-cadeau-empoisonne-de-leurope-a-la-tunisie\/","url":"https:\/\/kapitalis.com\/tunisie\/2023\/06\/14\/le-cadeau-empoisonne-de-leurope-a-la-tunisie\/","name":"Le cadeau empoisonn\u00e9 de l\u2019Europe \u00e0 la Tunisie - Kapitalis","isPartOf":{"@id":"https:\/\/kapitalis.com\/tunisie\/#website"},"primaryImageOfPage":{"@id":"https:\/\/kapitalis.com\/tunisie\/2023\/06\/14\/le-cadeau-empoisonne-de-leurope-a-la-tunisie\/#primaryimage"},"image":{"@id":"https:\/\/kapitalis.com\/tunisie\/2023\/06\/14\/le-cadeau-empoisonne-de-leurope-a-la-tunisie\/#primaryimage"},"thumbnailUrl":"https:\/\/kapitalis.com\/tunisie\/wp-content\/uploads\/2023\/06\/Kais-Saied-Union-europeenne-Von-der-Leyen-Meloni-Rutte-2.jpg","datePublished":"2023-06-14T08:26:18+00:00","dateModified":"2023-06-14T08:26:19+00:00","breadcrumb":{"@id":"https:\/\/kapitalis.com\/tunisie\/2023\/06\/14\/le-cadeau-empoisonne-de-leurope-a-la-tunisie\/#breadcrumb"},"inLanguage":"fr-FR","potentialAction":[{"@type":"ReadAction","target":["https:\/\/kapitalis.com\/tunisie\/2023\/06\/14\/le-cadeau-empoisonne-de-leurope-a-la-tunisie\/"]}]},{"@type":"ImageObject","inLanguage":"fr-FR","@id":"https:\/\/kapitalis.com\/tunisie\/2023\/06\/14\/le-cadeau-empoisonne-de-leurope-a-la-tunisie\/#primaryimage","url":"https:\/\/kapitalis.com\/tunisie\/wp-content\/uploads\/2023\/06\/Kais-Saied-Union-europeenne-Von-der-Leyen-Meloni-Rutte-2.jpg","contentUrl":"https:\/\/kapitalis.com\/tunisie\/wp-content\/uploads\/2023\/06\/Kais-Saied-Union-europeenne-Von-der-Leyen-Meloni-Rutte-2.jpg","width":1200,"height":630},{"@type":"BreadcrumbList","@id":"https:\/\/kapitalis.com\/tunisie\/2023\/06\/14\/le-cadeau-empoisonne-de-leurope-a-la-tunisie\/#breadcrumb","itemListElement":[{"@type":"ListItem","position":1,"name":"Accueil","item":"https:\/\/kapitalis.com\/tunisie\/"},{"@type":"ListItem","position":2,"name":"Le cadeau empoisonn\u00e9 de l\u2019Europe \u00e0 la Tunisie"}]},{"@type":"WebSite","@id":"https:\/\/kapitalis.com\/tunisie\/#website","url":"https:\/\/kapitalis.com\/tunisie\/","name":"Kapitalis","description":"L&#039;actualit\u00e9 en Tunisie et dans le monde","publisher":{"@id":"https:\/\/kapitalis.com\/tunisie\/#organization"},"potentialAction":[{"@type":"SearchAction","target":{"@type":"EntryPoint","urlTemplate":"https:\/\/kapitalis.com\/tunisie\/?s={search_term_string}"},"query-input":{"@type":"PropertyValueSpecification","valueRequired":true,"valueName":"search_term_string"}}],"inLanguage":"fr-FR"},{"@type":"Organization","@id":"https:\/\/kapitalis.com\/tunisie\/#organization","name":"Kapitalis","url":"https:\/\/kapitalis.com\/tunisie\/","logo":{"@type":"ImageObject","inLanguage":"fr-FR","@id":"https:\/\/kapitalis.com\/tunisie\/#\/schema\/logo\/image\/","url":"https:\/\/kapitalis.com\/tunisie\/wp-content\/uploads\/2022\/05\/Kapitalis-big-size.png","contentUrl":"https:\/\/kapitalis.com\/tunisie\/wp-content\/uploads\/2022\/05\/Kapitalis-big-size.png","width":5000,"height":1500,"caption":"Kapitalis"},"image":{"@id":"https:\/\/kapitalis.com\/tunisie\/#\/schema\/logo\/image\/"},"sameAs":["https:\/\/www.facebook.com\/KapitalisInfo\/","https:\/\/x.com\/KapitalisInfo","https:\/\/www.youtube.com\/channel\/UC-yDYrHyfFBWWZaOw3FPg9Q"]},{"@type":"Person","@id":"https:\/\/kapitalis.com\/tunisie\/#\/schema\/person\/d71f33a9ca44f7bad4698210b480c8e9","name":"webmaster kapitalis","url":"https:\/\/kapitalis.com\/tunisie\/author\/webmaster-kapitalis\/"}]}},"_links":{"self":[{"href":"https:\/\/kapitalis.com\/tunisie\/wp-json\/wp\/v2\/posts\/8351378","targetHints":{"allow":["GET"]}}],"collection":[{"href":"https:\/\/kapitalis.com\/tunisie\/wp-json\/wp\/v2\/posts"}],"about":[{"href":"https:\/\/kapitalis.com\/tunisie\/wp-json\/wp\/v2\/types\/post"}],"author":[{"embeddable":true,"href":"https:\/\/kapitalis.com\/tunisie\/wp-json\/wp\/v2\/users\/8"}],"replies":[{"embeddable":true,"href":"https:\/\/kapitalis.com\/tunisie\/wp-json\/wp\/v2\/comments?post=8351378"}],"version-history":[{"count":1,"href":"https:\/\/kapitalis.com\/tunisie\/wp-json\/wp\/v2\/posts\/8351378\/revisions"}],"predecessor-version":[{"id":8351434,"href":"https:\/\/kapitalis.com\/tunisie\/wp-json\/wp\/v2\/posts\/8351378\/revisions\/8351434"}],"wp:featuredmedia":[{"embeddable":true,"href":"https:\/\/kapitalis.com\/tunisie\/wp-json\/wp\/v2\/media\/8332862"}],"wp:attachment":[{"href":"https:\/\/kapitalis.com\/tunisie\/wp-json\/wp\/v2\/media?parent=8351378"}],"wp:term":[{"taxonomy":"category","embeddable":true,"href":"https:\/\/kapitalis.com\/tunisie\/wp-json\/wp\/v2\/categories?post=8351378"},{"taxonomy":"post_tag","embeddable":true,"href":"https:\/\/kapitalis.com\/tunisie\/wp-json\/wp\/v2\/tags?post=8351378"}],"curies":[{"name":"wp","href":"https:\/\/api.w.org\/{rel}","templated":true}]}}