{"id":8352439,"date":"2023-06-14T12:03:22","date_gmt":"2023-06-14T11:03:22","guid":{"rendered":"https:\/\/kapitalis.com\/tunisie\/?p=8352439"},"modified":"2023-06-14T12:03:23","modified_gmt":"2023-06-14T11:03:23","slug":"kais-saied-le-fmi-nest-pas-cite-dans-le-coran","status":"publish","type":"post","link":"https:\/\/kapitalis.com\/tunisie\/2023\/06\/14\/kais-saied-le-fmi-nest-pas-cite-dans-le-coran\/","title":{"rendered":"Ka\u00efs Sa\u00efed\u00a0: \u00abLe FMI n\u2019est pas cit\u00e9 dans le Coran\u00bb \u00a0"},"content":{"rendered":"\n<p><strong><em>Ka\u00efs Sa\u00efed n\u2019abandonne pas officiellement la piste d\u2019un pr\u00eat du Fonds mon\u00e9taire international (FMI) de 1,9 milliards de dollars pour redresser les finances publiques en grande difficult\u00e9 de la Tunisie, mais les h\u00e9sitations de l\u2019institution pr\u00eateuse semblent l\u2019\u00e9nerver au plus haut point. Et il le laisse transpara\u00eetre. \u00a0\u00a0<\/em><\/strong><\/p>\n\n\n\n<!--more-->\n\n\n\n<p>Le pr\u00e9sident de la r\u00e9publique, en visite mardi 13 juin 2023, \u00e0 Redeyef, \u00e0 Gafsa, a appel\u00e9 les jeunes ch\u00f4meurs qui bloquent la production de phosphate \u00e0 faire preuve de patriotisme pour contribuer \u00e0 la reprise \u00e9conomique du pays.<em> \u00abNous avons de l\u2019or mais il est jet\u00e9 au bord de la route\u00bb<\/em>, a-t-il lanc\u00e9, par allusion \u00e0 ce qu\u2019il consid\u00e8re comme des richesses dilapid\u00e9es du pays, l&rsquo;un de ses th\u00e8mes favoris.<\/p>\n\n\n\n<p><em>\u00abLes revendications des habitants de la r\u00e9gion sont l\u00e9gitimes, mais on doit cesser de leur vendre des chim\u00e8res et de les endormir par de fausses solutions\u00bb<\/em>, a encore d\u00e9clar\u00e9 le chef de l\u2019Etat, en ajoutant\u00a0: <em>\u00abLa Tunisie a besoin aujourd\u2019hui du phosphate et de toutes ses richesses nationales pour relever les d\u00e9fis \u00e9conomiques et sociaux, et il faut que ce secteur reprenne son rythme habituel de production afin que nous n\u2019ayons pas besoin de recourir \u00e0 l\u2019\u00e9tranger\u00bb<\/em>. <\/p>\n\n\n\n<p>Le pr\u00e9sident fait ici allusion aux aides macro\u00e9conomiques que la Tunisie sollicite aupr\u00e8s des bailleurs de fonds \u00e9trangers pour couvrir ses besoins de financement int\u00e9rieurs et ext\u00e9rieurs. Et parmi ces bailleurs de fonds, il y a bien s\u00fbr le FMI, qui a donn\u00e9 un accord de principe, depuis octobre dernier, pour un pr\u00eat de 1,9 milliard de dollars, tout en h\u00e9sitant encore \u00e0 donner son accord d\u00e9finitif, estimant que la Tunisie ne r\u00e9pond pas aux conditions requises parce qu\u2019elle rechigne \u00e0 engager les r\u00e9formes structurelles sur lesquelles elle s\u2019\u00e9tait pourtant engag\u00e9e. <\/p>\n\n\n\n<figure class=\"wp-block-embed is-type-wp-embed is-provider-kapitalis wp-block-embed-kapitalis\"><div class=\"wp-block-embed__wrapper\">\n<blockquote class=\"wp-embedded-content\" data-secret=\"hV1xCfDmuv\"><a href=\"https:\/\/kapitalis.com\/tunisie\/2023\/06\/14\/tunisie-saied-a-gafsa-exhorte-les-chomeurs-a-compter-sur-eux-memes\/\">Tunisie\u00a0: Sa\u00efed, \u00e0 Gafsa, exhorte les ch\u00f4meurs \u00e0 compter sur eux-m\u00eames \u00a0<\/a><\/blockquote><iframe loading=\"lazy\" class=\"wp-embedded-content\" sandbox=\"allow-scripts\" security=\"restricted\" style=\"position: absolute; clip: rect(1px, 1px, 1px, 1px);\" title=\"\u00ab\u00a0Tunisie\u00a0: Sa\u00efed, \u00e0 Gafsa, exhorte les ch\u00f4meurs \u00e0 compter sur eux-m\u00eames \u00a0\u00a0\u00bb &#8212; Kapitalis\" src=\"https:\/\/kapitalis.com\/tunisie\/2023\/06\/14\/tunisie-saied-a-gafsa-exhorte-les-chomeurs-a-compter-sur-eux-memes\/embed\/#?secret=3tI2IO4ago#?secret=hV1xCfDmuv\" data-secret=\"hV1xCfDmuv\" width=\"600\" height=\"338\" frameborder=\"0\" marginwidth=\"0\" marginheight=\"0\" scrolling=\"no\"><\/iframe>\n<\/div><\/figure>\n\n\n\n<p>A ce propos, Sa\u00efed a lanc\u00e9 aux pr\u00e9sents, un tr\u00e9molo dans la voix\u00a0: <em>\u00abJe le dis tout haut au monde entier\u00a0: nous ne nous inclinerons que devant Dieu\u00bb<\/em>. Et d\u2019ironiser en recourant \u00e0 ses r\u00e9f\u00e9rences religieuses habituelles\u00a0: <em>\u00abIl n\u2019y a pas dans le Coran <em>une sourate<\/em> qui<\/em> <em>porte le nom du Fonds mon\u00e9taire international\u00bb<\/em>.<\/p>\n\n\n\n<p>Est-ce \u00e0 dire que le pr\u00e9sident de la r\u00e9publique a abandonn\u00e9 d\u00e9finitivement l\u2019option du cr\u00e9dit du FMI\u00a0? La question est d\u2019autant plus l\u00e9gitime qu\u2019il a d\u00e9clar\u00e9 hier\u00a0:<em> \u00abAvec nos moyens et nos capacit\u00e9s, propres nous pouvons imaginer de nouvelles voies pour cr\u00e9er la richesse\u00bb<\/em>, tout en appelant les pr\u00e9sents \u00e0 lancer des projets personnels et \u00e0 exploiter les terres agricoles pour cr\u00e9er ces richesses.\u00a0<\/p>\n\n\n\n<p><em>\u00abJe ne vends pas des chim\u00e8res. Je vous montre la voie pour cr\u00e9er la richesse \u00e0 travers les entreprises communautaires\u00bb<\/em>, a-t-il lanc\u00e9, estimant que ces entreprises, cens\u00e9es \u00eatre financ\u00e9es par des fonds mobilis\u00e9s par l\u2019Etat, pourraient, le jour o\u00f9 elles entreront en production, satisfaire les besoins financiers du pays. Qui a parl\u00e9 de chim\u00e8res\u00a0?<\/p>\n\n\n\n<p class=\"has-text-align-right\"><strong>I. B.<\/strong><\/p>\n\n\n\n<figure class=\"wp-block-embed is-type-wp-embed is-provider-kapitalis wp-block-embed-kapitalis\"><div class=\"wp-block-embed__wrapper\">\n<blockquote class=\"wp-embedded-content\" data-secret=\"5XZqciTkyA\"><a href=\"https:\/\/kapitalis.com\/tunisie\/2023\/06\/13\/fmi-la-tunisie-va-t-elle-se-resigner-a-presenter-un-nouveau-programme\/\">FMI\u00a0: la Tunisie va-t-elle se r\u00e9signer \u00e0 pr\u00e9senter un nouveau programme\u00a0? \u00a0<\/a><\/blockquote><iframe loading=\"lazy\" class=\"wp-embedded-content\" sandbox=\"allow-scripts\" security=\"restricted\" style=\"position: absolute; clip: rect(1px, 1px, 1px, 1px);\" title=\"\u00ab\u00a0FMI\u00a0: la Tunisie va-t-elle se r\u00e9signer \u00e0 pr\u00e9senter un nouveau programme\u00a0? \u00a0\u00a0\u00bb &#8212; Kapitalis\" src=\"https:\/\/kapitalis.com\/tunisie\/2023\/06\/13\/fmi-la-tunisie-va-t-elle-se-resigner-a-presenter-un-nouveau-programme\/embed\/#?secret=UbGFKgBbS5#?secret=5XZqciTkyA\" data-secret=\"5XZqciTkyA\" width=\"600\" height=\"338\" frameborder=\"0\" marginwidth=\"0\" marginheight=\"0\" scrolling=\"no\"><\/iframe>\n<\/div><\/figure>\n","protected":false},"excerpt":{"rendered":"<p>\u00abIl n\u2019y a pas dans le Coran une sourate qui porte le nom du Fonds mon\u00e9taire international\u00bb, d\u00e9clare Ka\u00efs Sa\u00efed. <\/p>\n","protected":false},"author":8,"featured_media":8352512,"comment_status":"open","ping_status":"open","sticky":false,"template":"","format":"standard","meta":{"footnotes":""},"categories":[995,997,2433],"tags":[103283,388,76012,711,773,62643],"class_list":["post-8352439","post","type-post","status-publish","format-standard","has-post-thumbnail","hentry","category-economie","category-politique","category-tunisie","tag-entreprises-communautaires","tag-fmi","tag-kais-saied-2","tag-phosphate","tag-redeyef","tag-tunisie"],"yoast_head":"<!-- This site is optimized with the Yoast SEO plugin v26.6 - https:\/\/yoast.com\/wordpress\/plugins\/seo\/ -->\n<title>Ka\u00efs Sa\u00efed\u00a0: \u00abLe FMI n\u2019est pas cit\u00e9 dans le Coran\u00bb \u00a0 - Kapitalis<\/title>\n<meta name=\"robots\" content=\"index, follow, max-snippet:-1, max-image-preview:large, max-video-preview:-1\" \/>\n<link rel=\"canonical\" href=\"https:\/\/kapitalis.com\/tunisie\/2023\/06\/14\/kais-saied-le-fmi-nest-pas-cite-dans-le-coran\/\" \/>\n<meta property=\"og:locale\" content=\"fr_FR\" \/>\n<meta property=\"og:type\" content=\"article\" \/>\n<meta property=\"og:title\" content=\"Ka\u00efs Sa\u00efed\u00a0: \u00abLe FMI n\u2019est pas cit\u00e9 dans le Coran\u00bb \u00a0 - Kapitalis\" \/>\n<meta property=\"og:description\" content=\"\u00abIl n\u2019y a pas dans le Coran une sourate qui porte le nom du Fonds mon\u00e9taire international\u00bb, d\u00e9clare Ka\u00efs Sa\u00efed.\" \/>\n<meta property=\"og:url\" content=\"https:\/\/kapitalis.com\/tunisie\/2023\/06\/14\/kais-saied-le-fmi-nest-pas-cite-dans-le-coran\/\" \/>\n<meta property=\"og:site_name\" content=\"Kapitalis\" \/>\n<meta property=\"article:publisher\" content=\"https:\/\/www.facebook.com\/KapitalisInfo\/\" \/>\n<meta property=\"article:published_time\" content=\"2023-06-14T11:03:22+00:00\" \/>\n<meta property=\"article:modified_time\" content=\"2023-06-14T11:03:23+00:00\" \/>\n<meta property=\"og:image\" content=\"https:\/\/kapitalis.com\/tunisie\/wp-content\/uploads\/2023\/06\/Kais-Saied-Redeyef-1.gif\" \/>\n\t<meta property=\"og:image:width\" content=\"1200\" \/>\n\t<meta property=\"og:image:height\" content=\"630\" \/>\n\t<meta property=\"og:image:type\" content=\"image\/gif\" \/>\n<meta name=\"author\" content=\"webmaster kapitalis\" \/>\n<meta name=\"twitter:card\" content=\"summary_large_image\" \/>\n<meta name=\"twitter:creator\" content=\"@KapitalisInfo\" \/>\n<meta name=\"twitter:site\" content=\"@KapitalisInfo\" \/>\n<meta name=\"twitter:label1\" content=\"\u00c9crit par\" \/>\n\t<meta name=\"twitter:data1\" content=\"webmaster kapitalis\" \/>\n\t<meta name=\"twitter:label2\" content=\"Dur\u00e9e de lecture estim\u00e9e\" \/>\n\t<meta name=\"twitter:data2\" content=\"3 minutes\" \/>\n<script type=\"application\/ld+json\" class=\"yoast-schema-graph\">{\"@context\":\"https:\/\/schema.org\",\"@graph\":[{\"@type\":\"Article\",\"@id\":\"https:\/\/kapitalis.com\/tunisie\/2023\/06\/14\/kais-saied-le-fmi-nest-pas-cite-dans-le-coran\/#article\",\"isPartOf\":{\"@id\":\"https:\/\/kapitalis.com\/tunisie\/2023\/06\/14\/kais-saied-le-fmi-nest-pas-cite-dans-le-coran\/\"},\"author\":{\"name\":\"webmaster kapitalis\",\"@id\":\"https:\/\/kapitalis.com\/tunisie\/#\/schema\/person\/d71f33a9ca44f7bad4698210b480c8e9\"},\"headline\":\"Ka\u00efs Sa\u00efed\u00a0: \u00abLe FMI n\u2019est pas cit\u00e9 dans le Coran\u00bb \u00a0\",\"datePublished\":\"2023-06-14T11:03:22+00:00\",\"dateModified\":\"2023-06-14T11:03:23+00:00\",\"mainEntityOfPage\":{\"@id\":\"https:\/\/kapitalis.com\/tunisie\/2023\/06\/14\/kais-saied-le-fmi-nest-pas-cite-dans-le-coran\/\"},\"wordCount\":536,\"commentCount\":21,\"publisher\":{\"@id\":\"https:\/\/kapitalis.com\/tunisie\/#organization\"},\"image\":{\"@id\":\"https:\/\/kapitalis.com\/tunisie\/2023\/06\/14\/kais-saied-le-fmi-nest-pas-cite-dans-le-coran\/#primaryimage\"},\"thumbnailUrl\":\"https:\/\/kapitalis.com\/tunisie\/wp-content\/uploads\/2023\/06\/Kais-Saied-Redeyef-1.gif\",\"keywords\":[\"entreprises communautaires\",\"FMI\",\"Ka\u00efs Sa\u00efed\",\"phosphate\",\"Redeyef\",\"Tunisie\"],\"articleSection\":[\"ECONOMIE\",\"POLITIQUE\",\"Tunisie\"],\"inLanguage\":\"fr-FR\",\"potentialAction\":[{\"@type\":\"CommentAction\",\"name\":\"Comment\",\"target\":[\"https:\/\/kapitalis.com\/tunisie\/2023\/06\/14\/kais-saied-le-fmi-nest-pas-cite-dans-le-coran\/#respond\"]}]},{\"@type\":\"WebPage\",\"@id\":\"https:\/\/kapitalis.com\/tunisie\/2023\/06\/14\/kais-saied-le-fmi-nest-pas-cite-dans-le-coran\/\",\"url\":\"https:\/\/kapitalis.com\/tunisie\/2023\/06\/14\/kais-saied-le-fmi-nest-pas-cite-dans-le-coran\/\",\"name\":\"Ka\u00efs Sa\u00efed\u00a0: \u00abLe FMI n\u2019est pas cit\u00e9 dans le Coran\u00bb \u00a0 - Kapitalis\",\"isPartOf\":{\"@id\":\"https:\/\/kapitalis.com\/tunisie\/#website\"},\"primaryImageOfPage\":{\"@id\":\"https:\/\/kapitalis.com\/tunisie\/2023\/06\/14\/kais-saied-le-fmi-nest-pas-cite-dans-le-coran\/#primaryimage\"},\"image\":{\"@id\":\"https:\/\/kapitalis.com\/tunisie\/2023\/06\/14\/kais-saied-le-fmi-nest-pas-cite-dans-le-coran\/#primaryimage\"},\"thumbnailUrl\":\"https:\/\/kapitalis.com\/tunisie\/wp-content\/uploads\/2023\/06\/Kais-Saied-Redeyef-1.gif\",\"datePublished\":\"2023-06-14T11:03:22+00:00\",\"dateModified\":\"2023-06-14T11:03:23+00:00\",\"breadcrumb\":{\"@id\":\"https:\/\/kapitalis.com\/tunisie\/2023\/06\/14\/kais-saied-le-fmi-nest-pas-cite-dans-le-coran\/#breadcrumb\"},\"inLanguage\":\"fr-FR\",\"potentialAction\":[{\"@type\":\"ReadAction\",\"target\":[\"https:\/\/kapitalis.com\/tunisie\/2023\/06\/14\/kais-saied-le-fmi-nest-pas-cite-dans-le-coran\/\"]}]},{\"@type\":\"ImageObject\",\"inLanguage\":\"fr-FR\",\"@id\":\"https:\/\/kapitalis.com\/tunisie\/2023\/06\/14\/kais-saied-le-fmi-nest-pas-cite-dans-le-coran\/#primaryimage\",\"url\":\"https:\/\/kapitalis.com\/tunisie\/wp-content\/uploads\/2023\/06\/Kais-Saied-Redeyef-1.gif\",\"contentUrl\":\"https:\/\/kapitalis.com\/tunisie\/wp-content\/uploads\/2023\/06\/Kais-Saied-Redeyef-1.gif\",\"width\":1200,\"height\":630},{\"@type\":\"BreadcrumbList\",\"@id\":\"https:\/\/kapitalis.com\/tunisie\/2023\/06\/14\/kais-saied-le-fmi-nest-pas-cite-dans-le-coran\/#breadcrumb\",\"itemListElement\":[{\"@type\":\"ListItem\",\"position\":1,\"name\":\"Accueil\",\"item\":\"https:\/\/kapitalis.com\/tunisie\/\"},{\"@type\":\"ListItem\",\"position\":2,\"name\":\"Ka\u00efs Sa\u00efed\u00a0: \u00abLe FMI n\u2019est pas cit\u00e9 dans le Coran\u00bb \u00a0\"}]},{\"@type\":\"WebSite\",\"@id\":\"https:\/\/kapitalis.com\/tunisie\/#website\",\"url\":\"https:\/\/kapitalis.com\/tunisie\/\",\"name\":\"Kapitalis\",\"description\":\"L&#039;actualit\u00e9 en Tunisie et dans le monde\",\"publisher\":{\"@id\":\"https:\/\/kapitalis.com\/tunisie\/#organization\"},\"potentialAction\":[{\"@type\":\"SearchAction\",\"target\":{\"@type\":\"EntryPoint\",\"urlTemplate\":\"https:\/\/kapitalis.com\/tunisie\/?s={search_term_string}\"},\"query-input\":{\"@type\":\"PropertyValueSpecification\",\"valueRequired\":true,\"valueName\":\"search_term_string\"}}],\"inLanguage\":\"fr-FR\"},{\"@type\":\"Organization\",\"@id\":\"https:\/\/kapitalis.com\/tunisie\/#organization\",\"name\":\"Kapitalis\",\"url\":\"https:\/\/kapitalis.com\/tunisie\/\",\"logo\":{\"@type\":\"ImageObject\",\"inLanguage\":\"fr-FR\",\"@id\":\"https:\/\/kapitalis.com\/tunisie\/#\/schema\/logo\/image\/\",\"url\":\"https:\/\/kapitalis.com\/tunisie\/wp-content\/uploads\/2022\/05\/Kapitalis-big-size.png\",\"contentUrl\":\"https:\/\/kapitalis.com\/tunisie\/wp-content\/uploads\/2022\/05\/Kapitalis-big-size.png\",\"width\":5000,\"height\":1500,\"caption\":\"Kapitalis\"},\"image\":{\"@id\":\"https:\/\/kapitalis.com\/tunisie\/#\/schema\/logo\/image\/\"},\"sameAs\":[\"https:\/\/www.facebook.com\/KapitalisInfo\/\",\"https:\/\/x.com\/KapitalisInfo\",\"https:\/\/www.youtube.com\/channel\/UC-yDYrHyfFBWWZaOw3FPg9Q\"]},{\"@type\":\"Person\",\"@id\":\"https:\/\/kapitalis.com\/tunisie\/#\/schema\/person\/d71f33a9ca44f7bad4698210b480c8e9\",\"name\":\"webmaster kapitalis\",\"url\":\"https:\/\/kapitalis.com\/tunisie\/author\/webmaster-kapitalis\/\"}]}<\/script>\n<!-- \/ Yoast SEO plugin. -->","yoast_head_json":{"title":"Ka\u00efs Sa\u00efed\u00a0: \u00abLe FMI n\u2019est pas cit\u00e9 dans le Coran\u00bb \u00a0 - Kapitalis","robots":{"index":"index","follow":"follow","max-snippet":"max-snippet:-1","max-image-preview":"max-image-preview:large","max-video-preview":"max-video-preview:-1"},"canonical":"https:\/\/kapitalis.com\/tunisie\/2023\/06\/14\/kais-saied-le-fmi-nest-pas-cite-dans-le-coran\/","og_locale":"fr_FR","og_type":"article","og_title":"Ka\u00efs Sa\u00efed\u00a0: \u00abLe FMI n\u2019est pas cit\u00e9 dans le Coran\u00bb \u00a0 - Kapitalis","og_description":"\u00abIl n\u2019y a pas dans le Coran une sourate qui porte le nom du Fonds mon\u00e9taire international\u00bb, d\u00e9clare Ka\u00efs Sa\u00efed.","og_url":"https:\/\/kapitalis.com\/tunisie\/2023\/06\/14\/kais-saied-le-fmi-nest-pas-cite-dans-le-coran\/","og_site_name":"Kapitalis","article_publisher":"https:\/\/www.facebook.com\/KapitalisInfo\/","article_published_time":"2023-06-14T11:03:22+00:00","article_modified_time":"2023-06-14T11:03:23+00:00","og_image":[{"width":1200,"height":630,"url":"https:\/\/kapitalis.com\/tunisie\/wp-content\/uploads\/2023\/06\/Kais-Saied-Redeyef-1.gif","type":"image\/gif"}],"author":"webmaster kapitalis","twitter_card":"summary_large_image","twitter_creator":"@KapitalisInfo","twitter_site":"@KapitalisInfo","twitter_misc":{"\u00c9crit par":"webmaster kapitalis","Dur\u00e9e de lecture estim\u00e9e":"3 minutes"},"schema":{"@context":"https:\/\/schema.org","@graph":[{"@type":"Article","@id":"https:\/\/kapitalis.com\/tunisie\/2023\/06\/14\/kais-saied-le-fmi-nest-pas-cite-dans-le-coran\/#article","isPartOf":{"@id":"https:\/\/kapitalis.com\/tunisie\/2023\/06\/14\/kais-saied-le-fmi-nest-pas-cite-dans-le-coran\/"},"author":{"name":"webmaster kapitalis","@id":"https:\/\/kapitalis.com\/tunisie\/#\/schema\/person\/d71f33a9ca44f7bad4698210b480c8e9"},"headline":"Ka\u00efs Sa\u00efed\u00a0: \u00abLe FMI n\u2019est pas cit\u00e9 dans le Coran\u00bb \u00a0","datePublished":"2023-06-14T11:03:22+00:00","dateModified":"2023-06-14T11:03:23+00:00","mainEntityOfPage":{"@id":"https:\/\/kapitalis.com\/tunisie\/2023\/06\/14\/kais-saied-le-fmi-nest-pas-cite-dans-le-coran\/"},"wordCount":536,"commentCount":21,"publisher":{"@id":"https:\/\/kapitalis.com\/tunisie\/#organization"},"image":{"@id":"https:\/\/kapitalis.com\/tunisie\/2023\/06\/14\/kais-saied-le-fmi-nest-pas-cite-dans-le-coran\/#primaryimage"},"thumbnailUrl":"https:\/\/kapitalis.com\/tunisie\/wp-content\/uploads\/2023\/06\/Kais-Saied-Redeyef-1.gif","keywords":["entreprises communautaires","FMI","Ka\u00efs Sa\u00efed","phosphate","Redeyef","Tunisie"],"articleSection":["ECONOMIE","POLITIQUE","Tunisie"],"inLanguage":"fr-FR","potentialAction":[{"@type":"CommentAction","name":"Comment","target":["https:\/\/kapitalis.com\/tunisie\/2023\/06\/14\/kais-saied-le-fmi-nest-pas-cite-dans-le-coran\/#respond"]}]},{"@type":"WebPage","@id":"https:\/\/kapitalis.com\/tunisie\/2023\/06\/14\/kais-saied-le-fmi-nest-pas-cite-dans-le-coran\/","url":"https:\/\/kapitalis.com\/tunisie\/2023\/06\/14\/kais-saied-le-fmi-nest-pas-cite-dans-le-coran\/","name":"Ka\u00efs Sa\u00efed\u00a0: \u00abLe FMI n\u2019est pas cit\u00e9 dans le Coran\u00bb \u00a0 - Kapitalis","isPartOf":{"@id":"https:\/\/kapitalis.com\/tunisie\/#website"},"primaryImageOfPage":{"@id":"https:\/\/kapitalis.com\/tunisie\/2023\/06\/14\/kais-saied-le-fmi-nest-pas-cite-dans-le-coran\/#primaryimage"},"image":{"@id":"https:\/\/kapitalis.com\/tunisie\/2023\/06\/14\/kais-saied-le-fmi-nest-pas-cite-dans-le-coran\/#primaryimage"},"thumbnailUrl":"https:\/\/kapitalis.com\/tunisie\/wp-content\/uploads\/2023\/06\/Kais-Saied-Redeyef-1.gif","datePublished":"2023-06-14T11:03:22+00:00","dateModified":"2023-06-14T11:03:23+00:00","breadcrumb":{"@id":"https:\/\/kapitalis.com\/tunisie\/2023\/06\/14\/kais-saied-le-fmi-nest-pas-cite-dans-le-coran\/#breadcrumb"},"inLanguage":"fr-FR","potentialAction":[{"@type":"ReadAction","target":["https:\/\/kapitalis.com\/tunisie\/2023\/06\/14\/kais-saied-le-fmi-nest-pas-cite-dans-le-coran\/"]}]},{"@type":"ImageObject","inLanguage":"fr-FR","@id":"https:\/\/kapitalis.com\/tunisie\/2023\/06\/14\/kais-saied-le-fmi-nest-pas-cite-dans-le-coran\/#primaryimage","url":"https:\/\/kapitalis.com\/tunisie\/wp-content\/uploads\/2023\/06\/Kais-Saied-Redeyef-1.gif","contentUrl":"https:\/\/kapitalis.com\/tunisie\/wp-content\/uploads\/2023\/06\/Kais-Saied-Redeyef-1.gif","width":1200,"height":630},{"@type":"BreadcrumbList","@id":"https:\/\/kapitalis.com\/tunisie\/2023\/06\/14\/kais-saied-le-fmi-nest-pas-cite-dans-le-coran\/#breadcrumb","itemListElement":[{"@type":"ListItem","position":1,"name":"Accueil","item":"https:\/\/kapitalis.com\/tunisie\/"},{"@type":"ListItem","position":2,"name":"Ka\u00efs Sa\u00efed\u00a0: \u00abLe FMI n\u2019est pas cit\u00e9 dans le Coran\u00bb \u00a0"}]},{"@type":"WebSite","@id":"https:\/\/kapitalis.com\/tunisie\/#website","url":"https:\/\/kapitalis.com\/tunisie\/","name":"Kapitalis","description":"L&#039;actualit\u00e9 en Tunisie et dans le monde","publisher":{"@id":"https:\/\/kapitalis.com\/tunisie\/#organization"},"potentialAction":[{"@type":"SearchAction","target":{"@type":"EntryPoint","urlTemplate":"https:\/\/kapitalis.com\/tunisie\/?s={search_term_string}"},"query-input":{"@type":"PropertyValueSpecification","valueRequired":true,"valueName":"search_term_string"}}],"inLanguage":"fr-FR"},{"@type":"Organization","@id":"https:\/\/kapitalis.com\/tunisie\/#organization","name":"Kapitalis","url":"https:\/\/kapitalis.com\/tunisie\/","logo":{"@type":"ImageObject","inLanguage":"fr-FR","@id":"https:\/\/kapitalis.com\/tunisie\/#\/schema\/logo\/image\/","url":"https:\/\/kapitalis.com\/tunisie\/wp-content\/uploads\/2022\/05\/Kapitalis-big-size.png","contentUrl":"https:\/\/kapitalis.com\/tunisie\/wp-content\/uploads\/2022\/05\/Kapitalis-big-size.png","width":5000,"height":1500,"caption":"Kapitalis"},"image":{"@id":"https:\/\/kapitalis.com\/tunisie\/#\/schema\/logo\/image\/"},"sameAs":["https:\/\/www.facebook.com\/KapitalisInfo\/","https:\/\/x.com\/KapitalisInfo","https:\/\/www.youtube.com\/channel\/UC-yDYrHyfFBWWZaOw3FPg9Q"]},{"@type":"Person","@id":"https:\/\/kapitalis.com\/tunisie\/#\/schema\/person\/d71f33a9ca44f7bad4698210b480c8e9","name":"webmaster kapitalis","url":"https:\/\/kapitalis.com\/tunisie\/author\/webmaster-kapitalis\/"}]}},"_links":{"self":[{"href":"https:\/\/kapitalis.com\/tunisie\/wp-json\/wp\/v2\/posts\/8352439","targetHints":{"allow":["GET"]}}],"collection":[{"href":"https:\/\/kapitalis.com\/tunisie\/wp-json\/wp\/v2\/posts"}],"about":[{"href":"https:\/\/kapitalis.com\/tunisie\/wp-json\/wp\/v2\/types\/post"}],"author":[{"embeddable":true,"href":"https:\/\/kapitalis.com\/tunisie\/wp-json\/wp\/v2\/users\/8"}],"replies":[{"embeddable":true,"href":"https:\/\/kapitalis.com\/tunisie\/wp-json\/wp\/v2\/comments?post=8352439"}],"version-history":[{"count":1,"href":"https:\/\/kapitalis.com\/tunisie\/wp-json\/wp\/v2\/posts\/8352439\/revisions"}],"predecessor-version":[{"id":8352523,"href":"https:\/\/kapitalis.com\/tunisie\/wp-json\/wp\/v2\/posts\/8352439\/revisions\/8352523"}],"wp:featuredmedia":[{"embeddable":true,"href":"https:\/\/kapitalis.com\/tunisie\/wp-json\/wp\/v2\/media\/8352512"}],"wp:attachment":[{"href":"https:\/\/kapitalis.com\/tunisie\/wp-json\/wp\/v2\/media?parent=8352439"}],"wp:term":[{"taxonomy":"category","embeddable":true,"href":"https:\/\/kapitalis.com\/tunisie\/wp-json\/wp\/v2\/categories?post=8352439"},{"taxonomy":"post_tag","embeddable":true,"href":"https:\/\/kapitalis.com\/tunisie\/wp-json\/wp\/v2\/tags?post=8352439"}],"curies":[{"name":"wp","href":"https:\/\/api.w.org\/{rel}","templated":true}]}}