{"id":83605,"date":"2017-02-18T11:34:36","date_gmt":"2017-02-18T10:34:36","guid":{"rendered":"http:\/\/kapitalis.com\/tunisie\/?p=83605"},"modified":"2017-02-19T01:11:04","modified_gmt":"2017-02-19T00:11:04","slug":"selection-tunisie-adel-chedli-critique-ses-anciens-coequipiers","status":"publish","type":"post","link":"https:\/\/kapitalis.com\/tunisie\/2017\/02\/18\/selection-tunisie-adel-chedli-critique-ses-anciens-coequipiers\/","title":{"rendered":"S\u00e9lection Tunisie : Adel Chedli critique ses anciens co\u00e9quipiers"},"content":{"rendered":"<p style=\"text-align: center;\"><img loading=\"lazy\" decoding=\"async\" class=\"alignnone size-full wp-image-83607\" src=\"http:\/\/kapitalis.com\/tunisie\/wp-content\/uploads\/2017\/02\/Adel-Chedli-Can-2012.jpg\" alt=\"\" width=\"626\" height=\"380\" \/><\/p>\n<p><em><strong>Alcool, chicha, mauvaise hygi\u00e8ne de vie:\u00a0voil\u00e0 ce qu\u2019a retenu Adel Chedli de la CAN 2012, \u00e0 laquelle il avait particip\u00e9, reprochant \u00e0 ses co\u00e9quipiers tunisiens d\u2019avoir manqu\u00e9 de professionnalisme.<\/strong><\/em><\/p>\n<p><!--more--><\/p>\n<p>Invit\u00e9 de l&rsquo;\u00e9mission <em>\u00ab\u00a0Le Vestiaire\u00a0\u00bb,<\/em> diffus\u00e9e vendredi 17 f\u00e9vrier 2017, sur SFR Sport 1, l&rsquo;ancien Aigle de Carthage\u00a0a d\u00e9clar\u00e9 que la pr\u00e9paration de l&rsquo;\u00e9quipe tunisienne \u00e0\u00a0la Coupe d&rsquo;Afrique des nations 2012 a \u00e9t\u00e9 un fiasco, notamment \u00e0 cause du comportement des joueurs qui allaient en bo\u00eete, se saoulaient et n\u2019avaient aucune hygi\u00e8ne de vie.<\/p>\n<p>Le milieu d\u00e9fensif franco-tunisien, aujourd&rsquo;hui \u00e2g\u00e9 de 40 ans, garde un tr\u00e8s mauvais souvenir du comportement de ses anciens co\u00e9quipiers\u00a0et ne s\u2019explique pas que l\u2019on puisse avoir un tel comportement \u00e0 15 jours d\u2019une grande comp\u00e9tition africaine. Aussi a-t-il fini par quitter la s\u00e9lection et n\u2019a pas particip\u00e9 \u00e0 la CAN 2012, comme il l&rsquo;a expliqu\u00e9.<\/p>\n<div class=\"embed\">\n<div class=\"video\">\n<iframe loading=\"lazy\" src=\"https:\/\/web.facebook.com\/plugins\/video.php?href=https%3A%2F%2Fweb.facebook.com%2FSFRSport%2Fvideos%2F972266319575340%2F&#038;show_text=0&#038;width=560\" width=\"560\" height=\"315\" style=\"border:none;overflow:hidden\" scrolling=\"no\" frameborder=\"0\" allowTransparency=\"true\" allowFullScreen=\"true\"><\/iframe>\n<\/div>\n<\/div>\n<p>&nbsp;<br \/>\nA l\u2019\u00e9poque, souvenons-nous, la sortie d\u2019Adel Chedli a \u00e9t\u00e9 pr\u00e9sent\u00e9e comme une mesure d\u2019\u00e9loignement du joueur pour mauvaise entente avec le s\u00e9lectionneur Sami Trabelsi. Ce qu&rsquo;Adel Chedli avait alors d\u00e9menti, ajoutant qu&rsquo;il ne s&rsquo;expliquait pas son \u00e9loignement. Le joueur n\u2019avait pas, \u00e0 l&rsquo;\u00e9poque, parl\u00e9 de d\u00e9part volontaire ni fait des r\u00e9v\u00e9lations sur l&rsquo;indiscipline de ses co\u00e9quipiers. Aussi ses d\u00e9clarations d&rsquo;hier soir sur SFR Sport1 sont-elles venues un peu tard. Elles n&rsquo;en jettent pas moins un\u00a0pav\u00e9 dans la mare du football tunisien&#8230;<\/p>\n<p>Ces d\u00e9clarations rappellent celles d&rsquo;un autre ancien international, l&rsquo;attaquant Hamdi Harbaoui, qui avait quitt\u00e9 lui aussi le stage de la s\u00e9lection Tunisie aux Emirats arabes unis, en 2013, pour les m\u00eames raisons. Cela lui a valu d&rsquo;\u00eatre mis sur le ban de la s\u00e9lection&#8230;<\/p>\n<p style=\"text-align: right;\"><strong>Y. N.<\/strong><\/p>\n","protected":false},"excerpt":{"rendered":"<p>Alcool, chicha, mauvaise hygi\u00e8ne de vie:\u00a0voil\u00e0 ce qu\u2019a retenu Adel Chedli de la CAN 2012, \u00e0 laquelle il avait particip\u00e9, reprochant \u00e0 ses co\u00e9quipiers tunisiens d\u2019avoir manqu\u00e9 de professionnalisme.<\/p>\n","protected":false},"author":6,"featured_media":83607,"comment_status":"open","ping_status":"open","sticky":false,"template":"","format":"standard","meta":{"footnotes":""},"categories":[999,2433],"tags":[13366,3223],"class_list":["post-83605","post","type-post","status-publish","format-standard","has-post-thumbnail","hentry","category-sport","category-tunisie","tag-sami-trabelsi","tag-selection-nationale"],"yoast_head":"<!-- This site is optimized with the Yoast SEO plugin v26.6 - https:\/\/yoast.com\/wordpress\/plugins\/seo\/ -->\n<title>S\u00e9lection Tunisie : Adel Chedli critique ses anciens co\u00e9quipiers - Kapitalis<\/title>\n<meta name=\"robots\" content=\"index, follow, max-snippet:-1, max-image-preview:large, max-video-preview:-1\" \/>\n<link rel=\"canonical\" href=\"https:\/\/kapitalis.com\/tunisie\/2017\/02\/18\/selection-tunisie-adel-chedli-critique-ses-anciens-coequipiers\/\" \/>\n<meta property=\"og:locale\" content=\"fr_FR\" \/>\n<meta property=\"og:type\" content=\"article\" \/>\n<meta property=\"og:title\" content=\"S\u00e9lection Tunisie : Adel Chedli critique ses anciens co\u00e9quipiers - Kapitalis\" \/>\n<meta property=\"og:description\" content=\"Alcool, chicha, mauvaise hygi\u00e8ne de vie:\u00a0voil\u00e0 ce qu\u2019a retenu Adel Chedli de la CAN 2012, \u00e0 laquelle il avait particip\u00e9, reprochant \u00e0 ses co\u00e9quipiers tunisiens d\u2019avoir manqu\u00e9 de professionnalisme.\" \/>\n<meta property=\"og:url\" content=\"https:\/\/kapitalis.com\/tunisie\/2017\/02\/18\/selection-tunisie-adel-chedli-critique-ses-anciens-coequipiers\/\" \/>\n<meta property=\"og:site_name\" content=\"Kapitalis\" \/>\n<meta property=\"article:publisher\" content=\"https:\/\/www.facebook.com\/KapitalisInfo\/\" \/>\n<meta property=\"article:published_time\" content=\"2017-02-18T10:34:36+00:00\" \/>\n<meta property=\"article:modified_time\" content=\"2017-02-19T00:11:04+00:00\" \/>\n<meta property=\"og:image\" content=\"https:\/\/kapitalis.com\/tunisie\/wp-content\/uploads\/2022\/05\/kapitalis-logo-fb.png\" \/>\n\t<meta property=\"og:image:width\" content=\"1200\" \/>\n\t<meta property=\"og:image:height\" content=\"630\" \/>\n\t<meta property=\"og:image:type\" content=\"image\/png\" \/>\n<meta name=\"author\" content=\"Yusra NY\" \/>\n<meta name=\"twitter:card\" content=\"summary_large_image\" \/>\n<meta name=\"twitter:creator\" content=\"@KapitalisInfo\" \/>\n<meta name=\"twitter:site\" content=\"@KapitalisInfo\" \/>\n<meta name=\"twitter:label1\" content=\"\u00c9crit par\" \/>\n\t<meta name=\"twitter:data1\" content=\"Yusra NY\" \/>\n\t<meta name=\"twitter:label2\" content=\"Dur\u00e9e de lecture estim\u00e9e\" \/>\n\t<meta name=\"twitter:data2\" content=\"1 minute\" \/>\n<script type=\"application\/ld+json\" class=\"yoast-schema-graph\">{\"@context\":\"https:\/\/schema.org\",\"@graph\":[{\"@type\":\"Article\",\"@id\":\"https:\/\/kapitalis.com\/tunisie\/2017\/02\/18\/selection-tunisie-adel-chedli-critique-ses-anciens-coequipiers\/#article\",\"isPartOf\":{\"@id\":\"https:\/\/kapitalis.com\/tunisie\/2017\/02\/18\/selection-tunisie-adel-chedli-critique-ses-anciens-coequipiers\/\"},\"author\":{\"name\":\"Yusra NY\",\"@id\":\"https:\/\/kapitalis.com\/tunisie\/#\/schema\/person\/74bbde0154d49d790a92aaeac5bc01d5\"},\"headline\":\"S\u00e9lection Tunisie : Adel Chedli critique ses anciens co\u00e9quipiers\",\"datePublished\":\"2017-02-18T10:34:36+00:00\",\"dateModified\":\"2017-02-19T00:11:04+00:00\",\"mainEntityOfPage\":{\"@id\":\"https:\/\/kapitalis.com\/tunisie\/2017\/02\/18\/selection-tunisie-adel-chedli-critique-ses-anciens-coequipiers\/\"},\"wordCount\":307,\"commentCount\":0,\"publisher\":{\"@id\":\"https:\/\/kapitalis.com\/tunisie\/#organization\"},\"image\":{\"@id\":\"https:\/\/kapitalis.com\/tunisie\/2017\/02\/18\/selection-tunisie-adel-chedli-critique-ses-anciens-coequipiers\/#primaryimage\"},\"thumbnailUrl\":\"\",\"keywords\":[\"Sami Trabelsi\",\"s\u00e9lection nationale\"],\"articleSection\":[\"SPORT\",\"Tunisie\"],\"inLanguage\":\"fr-FR\",\"potentialAction\":[{\"@type\":\"CommentAction\",\"name\":\"Comment\",\"target\":[\"https:\/\/kapitalis.com\/tunisie\/2017\/02\/18\/selection-tunisie-adel-chedli-critique-ses-anciens-coequipiers\/#respond\"]}]},{\"@type\":\"WebPage\",\"@id\":\"https:\/\/kapitalis.com\/tunisie\/2017\/02\/18\/selection-tunisie-adel-chedli-critique-ses-anciens-coequipiers\/\",\"url\":\"https:\/\/kapitalis.com\/tunisie\/2017\/02\/18\/selection-tunisie-adel-chedli-critique-ses-anciens-coequipiers\/\",\"name\":\"S\u00e9lection Tunisie : Adel Chedli critique ses anciens co\u00e9quipiers - Kapitalis\",\"isPartOf\":{\"@id\":\"https:\/\/kapitalis.com\/tunisie\/#website\"},\"primaryImageOfPage\":{\"@id\":\"https:\/\/kapitalis.com\/tunisie\/2017\/02\/18\/selection-tunisie-adel-chedli-critique-ses-anciens-coequipiers\/#primaryimage\"},\"image\":{\"@id\":\"https:\/\/kapitalis.com\/tunisie\/2017\/02\/18\/selection-tunisie-adel-chedli-critique-ses-anciens-coequipiers\/#primaryimage\"},\"thumbnailUrl\":\"\",\"datePublished\":\"2017-02-18T10:34:36+00:00\",\"dateModified\":\"2017-02-19T00:11:04+00:00\",\"breadcrumb\":{\"@id\":\"https:\/\/kapitalis.com\/tunisie\/2017\/02\/18\/selection-tunisie-adel-chedli-critique-ses-anciens-coequipiers\/#breadcrumb\"},\"inLanguage\":\"fr-FR\",\"potentialAction\":[{\"@type\":\"ReadAction\",\"target\":[\"https:\/\/kapitalis.com\/tunisie\/2017\/02\/18\/selection-tunisie-adel-chedli-critique-ses-anciens-coequipiers\/\"]}]},{\"@type\":\"ImageObject\",\"inLanguage\":\"fr-FR\",\"@id\":\"https:\/\/kapitalis.com\/tunisie\/2017\/02\/18\/selection-tunisie-adel-chedli-critique-ses-anciens-coequipiers\/#primaryimage\",\"url\":\"\",\"contentUrl\":\"\"},{\"@type\":\"BreadcrumbList\",\"@id\":\"https:\/\/kapitalis.com\/tunisie\/2017\/02\/18\/selection-tunisie-adel-chedli-critique-ses-anciens-coequipiers\/#breadcrumb\",\"itemListElement\":[{\"@type\":\"ListItem\",\"position\":1,\"name\":\"Accueil\",\"item\":\"https:\/\/kapitalis.com\/tunisie\/\"},{\"@type\":\"ListItem\",\"position\":2,\"name\":\"S\u00e9lection Tunisie : Adel Chedli critique ses anciens co\u00e9quipiers\"}]},{\"@type\":\"WebSite\",\"@id\":\"https:\/\/kapitalis.com\/tunisie\/#website\",\"url\":\"https:\/\/kapitalis.com\/tunisie\/\",\"name\":\"Kapitalis\",\"description\":\"L&#039;actualit\u00e9 en Tunisie et dans le monde\",\"publisher\":{\"@id\":\"https:\/\/kapitalis.com\/tunisie\/#organization\"},\"potentialAction\":[{\"@type\":\"SearchAction\",\"target\":{\"@type\":\"EntryPoint\",\"urlTemplate\":\"https:\/\/kapitalis.com\/tunisie\/?s={search_term_string}\"},\"query-input\":{\"@type\":\"PropertyValueSpecification\",\"valueRequired\":true,\"valueName\":\"search_term_string\"}}],\"inLanguage\":\"fr-FR\"},{\"@type\":\"Organization\",\"@id\":\"https:\/\/kapitalis.com\/tunisie\/#organization\",\"name\":\"Kapitalis\",\"url\":\"https:\/\/kapitalis.com\/tunisie\/\",\"logo\":{\"@type\":\"ImageObject\",\"inLanguage\":\"fr-FR\",\"@id\":\"https:\/\/kapitalis.com\/tunisie\/#\/schema\/logo\/image\/\",\"url\":\"https:\/\/kapitalis.com\/tunisie\/wp-content\/uploads\/2022\/05\/Kapitalis-big-size.png\",\"contentUrl\":\"https:\/\/kapitalis.com\/tunisie\/wp-content\/uploads\/2022\/05\/Kapitalis-big-size.png\",\"width\":5000,\"height\":1500,\"caption\":\"Kapitalis\"},\"image\":{\"@id\":\"https:\/\/kapitalis.com\/tunisie\/#\/schema\/logo\/image\/\"},\"sameAs\":[\"https:\/\/www.facebook.com\/KapitalisInfo\/\",\"https:\/\/x.com\/KapitalisInfo\",\"https:\/\/www.youtube.com\/channel\/UC-yDYrHyfFBWWZaOw3FPg9Q\"]},{\"@type\":\"Person\",\"@id\":\"https:\/\/kapitalis.com\/tunisie\/#\/schema\/person\/74bbde0154d49d790a92aaeac5bc01d5\",\"name\":\"Yusra NY\",\"url\":\"https:\/\/kapitalis.com\/tunisie\/author\/yuza_adam\/\"}]}<\/script>\n<!-- \/ Yoast SEO plugin. -->","yoast_head_json":{"title":"S\u00e9lection Tunisie : Adel Chedli critique ses anciens co\u00e9quipiers - Kapitalis","robots":{"index":"index","follow":"follow","max-snippet":"max-snippet:-1","max-image-preview":"max-image-preview:large","max-video-preview":"max-video-preview:-1"},"canonical":"https:\/\/kapitalis.com\/tunisie\/2017\/02\/18\/selection-tunisie-adel-chedli-critique-ses-anciens-coequipiers\/","og_locale":"fr_FR","og_type":"article","og_title":"S\u00e9lection Tunisie : Adel Chedli critique ses anciens co\u00e9quipiers - Kapitalis","og_description":"Alcool, chicha, mauvaise hygi\u00e8ne de vie:\u00a0voil\u00e0 ce qu\u2019a retenu Adel Chedli de la CAN 2012, \u00e0 laquelle il avait particip\u00e9, reprochant \u00e0 ses co\u00e9quipiers tunisiens d\u2019avoir manqu\u00e9 de professionnalisme.","og_url":"https:\/\/kapitalis.com\/tunisie\/2017\/02\/18\/selection-tunisie-adel-chedli-critique-ses-anciens-coequipiers\/","og_site_name":"Kapitalis","article_publisher":"https:\/\/www.facebook.com\/KapitalisInfo\/","article_published_time":"2017-02-18T10:34:36+00:00","article_modified_time":"2017-02-19T00:11:04+00:00","og_image":[{"width":1200,"height":630,"url":"https:\/\/kapitalis.com\/tunisie\/wp-content\/uploads\/2022\/05\/kapitalis-logo-fb.png","type":"image\/png"}],"author":"Yusra NY","twitter_card":"summary_large_image","twitter_creator":"@KapitalisInfo","twitter_site":"@KapitalisInfo","twitter_misc":{"\u00c9crit par":"Yusra NY","Dur\u00e9e de lecture estim\u00e9e":"1 minute"},"schema":{"@context":"https:\/\/schema.org","@graph":[{"@type":"Article","@id":"https:\/\/kapitalis.com\/tunisie\/2017\/02\/18\/selection-tunisie-adel-chedli-critique-ses-anciens-coequipiers\/#article","isPartOf":{"@id":"https:\/\/kapitalis.com\/tunisie\/2017\/02\/18\/selection-tunisie-adel-chedli-critique-ses-anciens-coequipiers\/"},"author":{"name":"Yusra NY","@id":"https:\/\/kapitalis.com\/tunisie\/#\/schema\/person\/74bbde0154d49d790a92aaeac5bc01d5"},"headline":"S\u00e9lection Tunisie : Adel Chedli critique ses anciens co\u00e9quipiers","datePublished":"2017-02-18T10:34:36+00:00","dateModified":"2017-02-19T00:11:04+00:00","mainEntityOfPage":{"@id":"https:\/\/kapitalis.com\/tunisie\/2017\/02\/18\/selection-tunisie-adel-chedli-critique-ses-anciens-coequipiers\/"},"wordCount":307,"commentCount":0,"publisher":{"@id":"https:\/\/kapitalis.com\/tunisie\/#organization"},"image":{"@id":"https:\/\/kapitalis.com\/tunisie\/2017\/02\/18\/selection-tunisie-adel-chedli-critique-ses-anciens-coequipiers\/#primaryimage"},"thumbnailUrl":"","keywords":["Sami Trabelsi","s\u00e9lection nationale"],"articleSection":["SPORT","Tunisie"],"inLanguage":"fr-FR","potentialAction":[{"@type":"CommentAction","name":"Comment","target":["https:\/\/kapitalis.com\/tunisie\/2017\/02\/18\/selection-tunisie-adel-chedli-critique-ses-anciens-coequipiers\/#respond"]}]},{"@type":"WebPage","@id":"https:\/\/kapitalis.com\/tunisie\/2017\/02\/18\/selection-tunisie-adel-chedli-critique-ses-anciens-coequipiers\/","url":"https:\/\/kapitalis.com\/tunisie\/2017\/02\/18\/selection-tunisie-adel-chedli-critique-ses-anciens-coequipiers\/","name":"S\u00e9lection Tunisie : Adel Chedli critique ses anciens co\u00e9quipiers - Kapitalis","isPartOf":{"@id":"https:\/\/kapitalis.com\/tunisie\/#website"},"primaryImageOfPage":{"@id":"https:\/\/kapitalis.com\/tunisie\/2017\/02\/18\/selection-tunisie-adel-chedli-critique-ses-anciens-coequipiers\/#primaryimage"},"image":{"@id":"https:\/\/kapitalis.com\/tunisie\/2017\/02\/18\/selection-tunisie-adel-chedli-critique-ses-anciens-coequipiers\/#primaryimage"},"thumbnailUrl":"","datePublished":"2017-02-18T10:34:36+00:00","dateModified":"2017-02-19T00:11:04+00:00","breadcrumb":{"@id":"https:\/\/kapitalis.com\/tunisie\/2017\/02\/18\/selection-tunisie-adel-chedli-critique-ses-anciens-coequipiers\/#breadcrumb"},"inLanguage":"fr-FR","potentialAction":[{"@type":"ReadAction","target":["https:\/\/kapitalis.com\/tunisie\/2017\/02\/18\/selection-tunisie-adel-chedli-critique-ses-anciens-coequipiers\/"]}]},{"@type":"ImageObject","inLanguage":"fr-FR","@id":"https:\/\/kapitalis.com\/tunisie\/2017\/02\/18\/selection-tunisie-adel-chedli-critique-ses-anciens-coequipiers\/#primaryimage","url":"","contentUrl":""},{"@type":"BreadcrumbList","@id":"https:\/\/kapitalis.com\/tunisie\/2017\/02\/18\/selection-tunisie-adel-chedli-critique-ses-anciens-coequipiers\/#breadcrumb","itemListElement":[{"@type":"ListItem","position":1,"name":"Accueil","item":"https:\/\/kapitalis.com\/tunisie\/"},{"@type":"ListItem","position":2,"name":"S\u00e9lection Tunisie : Adel Chedli critique ses anciens co\u00e9quipiers"}]},{"@type":"WebSite","@id":"https:\/\/kapitalis.com\/tunisie\/#website","url":"https:\/\/kapitalis.com\/tunisie\/","name":"Kapitalis","description":"L&#039;actualit\u00e9 en Tunisie et dans le monde","publisher":{"@id":"https:\/\/kapitalis.com\/tunisie\/#organization"},"potentialAction":[{"@type":"SearchAction","target":{"@type":"EntryPoint","urlTemplate":"https:\/\/kapitalis.com\/tunisie\/?s={search_term_string}"},"query-input":{"@type":"PropertyValueSpecification","valueRequired":true,"valueName":"search_term_string"}}],"inLanguage":"fr-FR"},{"@type":"Organization","@id":"https:\/\/kapitalis.com\/tunisie\/#organization","name":"Kapitalis","url":"https:\/\/kapitalis.com\/tunisie\/","logo":{"@type":"ImageObject","inLanguage":"fr-FR","@id":"https:\/\/kapitalis.com\/tunisie\/#\/schema\/logo\/image\/","url":"https:\/\/kapitalis.com\/tunisie\/wp-content\/uploads\/2022\/05\/Kapitalis-big-size.png","contentUrl":"https:\/\/kapitalis.com\/tunisie\/wp-content\/uploads\/2022\/05\/Kapitalis-big-size.png","width":5000,"height":1500,"caption":"Kapitalis"},"image":{"@id":"https:\/\/kapitalis.com\/tunisie\/#\/schema\/logo\/image\/"},"sameAs":["https:\/\/www.facebook.com\/KapitalisInfo\/","https:\/\/x.com\/KapitalisInfo","https:\/\/www.youtube.com\/channel\/UC-yDYrHyfFBWWZaOw3FPg9Q"]},{"@type":"Person","@id":"https:\/\/kapitalis.com\/tunisie\/#\/schema\/person\/74bbde0154d49d790a92aaeac5bc01d5","name":"Yusra NY","url":"https:\/\/kapitalis.com\/tunisie\/author\/yuza_adam\/"}]}},"_links":{"self":[{"href":"https:\/\/kapitalis.com\/tunisie\/wp-json\/wp\/v2\/posts\/83605","targetHints":{"allow":["GET"]}}],"collection":[{"href":"https:\/\/kapitalis.com\/tunisie\/wp-json\/wp\/v2\/posts"}],"about":[{"href":"https:\/\/kapitalis.com\/tunisie\/wp-json\/wp\/v2\/types\/post"}],"author":[{"embeddable":true,"href":"https:\/\/kapitalis.com\/tunisie\/wp-json\/wp\/v2\/users\/6"}],"replies":[{"embeddable":true,"href":"https:\/\/kapitalis.com\/tunisie\/wp-json\/wp\/v2\/comments?post=83605"}],"version-history":[{"count":0,"href":"https:\/\/kapitalis.com\/tunisie\/wp-json\/wp\/v2\/posts\/83605\/revisions"}],"wp:featuredmedia":[{"embeddable":true,"href":"https:\/\/kapitalis.com\/tunisie\/wp-json\/wp\/v2\/media\/83607"}],"wp:attachment":[{"href":"https:\/\/kapitalis.com\/tunisie\/wp-json\/wp\/v2\/media?parent=83605"}],"wp:term":[{"taxonomy":"category","embeddable":true,"href":"https:\/\/kapitalis.com\/tunisie\/wp-json\/wp\/v2\/categories?post=83605"},{"taxonomy":"post_tag","embeddable":true,"href":"https:\/\/kapitalis.com\/tunisie\/wp-json\/wp\/v2\/tags?post=83605"}],"curies":[{"name":"wp","href":"https:\/\/api.w.org\/{rel}","templated":true}]}}