{"id":8366502,"date":"2023-06-15T09:47:06","date_gmt":"2023-06-15T08:47:06","guid":{"rendered":"https:\/\/kapitalis.com\/tunisie\/?p=8366502"},"modified":"2023-06-15T09:47:08","modified_gmt":"2023-06-15T08:47:08","slug":"la-tunisie-sendette-pour-proteger-leurope-des-flux-migratoires","status":"publish","type":"post","link":"https:\/\/kapitalis.com\/tunisie\/2023\/06\/15\/la-tunisie-sendette-pour-proteger-leurope-des-flux-migratoires\/","title":{"rendered":"La Tunisie s\u2019endette pour\u2026 prot\u00e9ger l&rsquo;Europe des flux migratoires\u00a0! \u00a0"},"content":{"rendered":"\n<p><strong><em>L\u2019endettement n\u2019est pas la solution \u00e0 l\u2019\u00e9migration, ni en Tunisie ni ailleurs. C\u2019est plut\u00f4t le contraire, plus les pays pauvres sont surendett\u00e9s, plus ils d\u00e9gradent leurs capacit\u00e9s \u00e0 livrer les services publics, et \u00e0 cr\u00e9er de la prosp\u00e9rit\u00e9. R\u00e9sultat, les conditions de vie se d\u00e9gradent et les jeunes choisissent l\u2019exode\u2026<\/em><\/strong><\/p>\n\n\n\n<p>Par <strong>Moktar Lamari<\/strong> *<\/p>\n\n\n\n<!--more-->\n\n\n<div class=\"wp-block-image\">\n<figure class=\"alignleft size-full is-resized\"><img decoding=\"async\" src=\"http:\/\/kapitalis.com\/tunisie\/wp-content\/uploads\/2019\/10\/Moktar-Lamari.jpg\" alt=\"\" class=\"wp-image-246439\" width=\"200\"\/><\/figure>\n<\/div>\n\n\n<p>L\u2019Union europ\u00e9enne (UE) a offert \u00e0 la Tunisie 900 millions d\u2019euros (environ 971 millions de dollars) de pr\u00eats \u00e0 long terme et 150 millions d\u2019euros de soutien imm\u00e9diat \u00e0 l\u2019\u00e9conomie afin d\u2019endiguer le flux de migrants \u00e0 travers la M\u00e9diterran\u00e9e vers l\u2019Italie.<\/p>\n\n\n\n<p>Cependant, la crise migratoire a des racines plus profondes et ne sera pas r\u00e9solue par un financement suppl\u00e9mentaire.<\/p>\n\n\n\n<p>L\u2019offre de pr\u00eats intervient apr\u00e8s que le Premier ministre italien Giorgia Meloni s\u2019est rendue en Tunisie le 6 juin pour rencontrer les dirigeants tunisiens et chercher des moyens de renforcer l\u2019\u00e9conomie du pays. Elle a d\u00e9clar\u00e9 que sans stabilit\u00e9 financi\u00e8re en Tunisie, l\u2019Europe pourrait faire face \u00e0 une nouvelle vague de r\u00e9fugi\u00e9s et de migrants d\u2019Afrique du Nord. Elle a \u00e9galement demand\u00e9 au Fonds mon\u00e9taire international (FMI) d\u2019assouplir ses normes de pr\u00eat pour notre pays.<\/p>\n\n\n\n<p>Le pr\u00e9sident Ka\u00efs Sa\u00efed et le Premier ministre Najla Bouden ont rencontr\u00e9 la pr\u00e9sidente de la Commission europ\u00e9enne Ursula von der Leyen, le Premier ministre italien Giorgia Meloni et le Premier ministre n\u00e9erlandais Mark Rutte.<\/p>\n\n\n\n<figure class=\"wp-block-embed is-type-wp-embed is-provider-kapitalis wp-block-embed-kapitalis\"><div class=\"wp-block-embed__wrapper\">\n<blockquote class=\"wp-embedded-content\" data-secret=\"s4dQvatClS\"><a href=\"https:\/\/kapitalis.com\/tunisie\/2023\/06\/14\/le-cadeau-empoisonne-de-leurope-a-la-tunisie\/\">Le cadeau empoisonn\u00e9 de l\u2019Europe \u00e0 la Tunisie<\/a><\/blockquote><iframe loading=\"lazy\" class=\"wp-embedded-content\" sandbox=\"allow-scripts\" security=\"restricted\" style=\"position: absolute; clip: rect(1px, 1px, 1px, 1px);\" title=\"\u00ab\u00a0Le cadeau empoisonn\u00e9 de l\u2019Europe \u00e0 la Tunisie\u00a0\u00bb &#8212; Kapitalis\" src=\"https:\/\/kapitalis.com\/tunisie\/2023\/06\/14\/le-cadeau-empoisonne-de-leurope-a-la-tunisie\/embed\/#?secret=olYg46WVie#?secret=s4dQvatClS\" data-secret=\"s4dQvatClS\" width=\"600\" height=\"338\" frameborder=\"0\" marginwidth=\"0\" marginheight=\"0\" scrolling=\"no\"><\/iframe>\n<\/div><\/figure>\n\n\n\n<p>En plus de l\u2019aide budg\u00e9taire, ils ont discut\u00e9 des investissements possibles dans l\u2019Internet haut d\u00e9bit, des projets d\u2019hydrog\u00e8ne et d\u2019autres \u00e9nergies renouvelables, des infrastructures num\u00e9riques pour aider l\u2019\u00e9conomie tunisienne. Ils ont \u00e9galement parl\u00e9 de fonds distincts pour les op\u00e9rations de recherche et de sauvetage des migrants et les op\u00e9rations de lutte contre la contrebande.<\/p>\n\n\n\n<p>Selon un rapport de l\u2019Onu, au cours des quatre premiers mois de cette ann\u00e9e, 42 201 r\u00e9fugi\u00e9s et migrants sont arriv\u00e9s en Italie par mer, contre 10 761 \u00e0 la m\u00eame p\u00e9riode l\u2019ann\u00e9e derni\u00e8re. Parmi eux, 58% ont quitt\u00e9 la Tunisie.<\/p>\n\n\n\n<p>Les probl\u00e8mes de migration sont de <em>\u00abplus un probl\u00e8me de l\u2019\u00e9conomie\u00bb<\/em> qui ont \u00e9t\u00e9 cr\u00e9\u00e9s par les pays occidentaux qui ont colonis\u00e9 l\u2019Afrique. Cependant, il estime qu\u2019il s\u2019agit d\u2019un probl\u00e8me que l\u2019argent suppl\u00e9mentaire <em>\u00abne peut pas r\u00e9soudre\u00bb<\/em>. <em>\u00abLa migration est l\u2019un des effets de la colonisation\u00bb<\/em>, a-t-il ajout\u00e9.<\/p>\n\n\n\n<p>Les Occidentaux se soucient de <em>\u00ableurs int\u00e9r\u00eats &#8230; de leurs pays, ils ne se soucient ni de l\u2019Afrique ni de l&rsquo;Afrique du Nord\u00bb<\/em>, a-t-il conclu, et encore moins de la Tunisie au chevet de laquelle ils ont accouru cette semaine.<\/p>\n\n\n\n<p>* <em>Economiste universitaire.<\/em><\/p>\n\n\n\n<p><strong><em>Source\u00a0<\/em><\/strong>: <a href=\"https:\/\/www.facebook.com\/groups\/375846620757494\/?__cft__%5b0%5d=AZX4i3SH-Nhk9UdcsaS4hYVjEf6UoHAV3sz21IOY_m91RkGPlINo1Dvc6jc-nRQAjd_MAxvWfRU27oytWKm4CWFYn8_CyCAx398_xN3ARwB6rmhZQY5yAB1c8Ulx0lxm9tqWyS2_57WAq-XZ7HJhMQTqgnKLXoG_dgK--PNL0b9R7AzSemrf6ZzDtOTecHF911s&amp;__tn__=-UK-R\">Economics for Tunisia, E4T<\/a>.<\/p>\n\n\n\n<figure class=\"wp-block-embed is-type-wp-embed is-provider-kapitalis wp-block-embed-kapitalis\"><div class=\"wp-block-embed__wrapper\">\n<blockquote class=\"wp-embedded-content\" data-secret=\"Ti24hG4RXo\"><a href=\"https:\/\/kapitalis.com\/tunisie\/2023\/06\/12\/tunisie-labeur-larmes-et-sueur\/\">Tunisie : labeur, larmes et sueur!<\/a><\/blockquote><iframe loading=\"lazy\" class=\"wp-embedded-content\" sandbox=\"allow-scripts\" security=\"restricted\" style=\"position: absolute; clip: rect(1px, 1px, 1px, 1px);\" title=\"\u00ab\u00a0Tunisie : labeur, larmes et sueur!\u00a0\u00bb &#8212; Kapitalis\" src=\"https:\/\/kapitalis.com\/tunisie\/2023\/06\/12\/tunisie-labeur-larmes-et-sueur\/embed\/#?secret=L2xrfF7MBe#?secret=Ti24hG4RXo\" data-secret=\"Ti24hG4RXo\" width=\"600\" height=\"338\" frameborder=\"0\" marginwidth=\"0\" marginheight=\"0\" scrolling=\"no\"><\/iframe>\n<\/div><\/figure>\n","protected":false},"excerpt":{"rendered":"<p>L\u2019endettement n\u2019est pas la solution \u00e0 l\u2019\u00e9migration, ni en Tunisie ni ailleurs.<\/p>\n","protected":false},"author":8,"featured_media":8366614,"comment_status":"open","ping_status":"open","sticky":false,"template":"","format":"standard","meta":{"footnotes":""},"categories":[992,995,1000,2433],"tags":[103508,505,76012,109234,88210,68595,62643,937,90832],"class_list":["post-8366502","post","type-post","status-publish","format-standard","has-post-thumbnail","hentry","category-a-la-une","category-economie","category-tribune","category-tunisie","tag-giorgia-meloni","tag-italie","tag-kais-saied-2","tag-mark-rutte","tag-migrants-irreguliers","tag-moktar-lamari","tag-tunisie","tag-union-europeenne","tag-ursula-von-der-leyen"],"yoast_head":"<!-- This site is optimized with the Yoast SEO plugin v26.6 - https:\/\/yoast.com\/wordpress\/plugins\/seo\/ -->\n<title>La Tunisie s\u2019endette pour\u2026 prot\u00e9ger l&#039;Europe des flux migratoires\u00a0! \u00a0 - Kapitalis<\/title>\n<meta name=\"robots\" content=\"index, follow, max-snippet:-1, max-image-preview:large, max-video-preview:-1\" \/>\n<link rel=\"canonical\" href=\"https:\/\/kapitalis.com\/tunisie\/2023\/06\/15\/la-tunisie-sendette-pour-proteger-leurope-des-flux-migratoires\/\" \/>\n<meta property=\"og:locale\" content=\"fr_FR\" \/>\n<meta property=\"og:type\" content=\"article\" \/>\n<meta property=\"og:title\" content=\"La Tunisie s\u2019endette pour\u2026 prot\u00e9ger l&#039;Europe des flux migratoires\u00a0! \u00a0 - Kapitalis\" \/>\n<meta property=\"og:description\" content=\"L\u2019endettement n\u2019est pas la solution \u00e0 l\u2019\u00e9migration, ni en Tunisie ni ailleurs.\" \/>\n<meta property=\"og:url\" content=\"https:\/\/kapitalis.com\/tunisie\/2023\/06\/15\/la-tunisie-sendette-pour-proteger-leurope-des-flux-migratoires\/\" \/>\n<meta property=\"og:site_name\" content=\"Kapitalis\" \/>\n<meta property=\"article:publisher\" content=\"https:\/\/www.facebook.com\/KapitalisInfo\/\" \/>\n<meta property=\"article:published_time\" content=\"2023-06-15T08:47:06+00:00\" \/>\n<meta property=\"article:modified_time\" content=\"2023-06-15T08:47:08+00:00\" \/>\n<meta property=\"og:image\" content=\"https:\/\/kapitalis.com\/tunisie\/wp-content\/uploads\/2023\/06\/Migrants-irreguliers.gif\" \/>\n\t<meta property=\"og:image:width\" content=\"1200\" \/>\n\t<meta property=\"og:image:height\" content=\"630\" \/>\n\t<meta property=\"og:image:type\" content=\"image\/gif\" \/>\n<meta name=\"author\" content=\"webmaster kapitalis\" \/>\n<meta name=\"twitter:card\" content=\"summary_large_image\" \/>\n<meta name=\"twitter:creator\" content=\"@KapitalisInfo\" \/>\n<meta name=\"twitter:site\" content=\"@KapitalisInfo\" \/>\n<meta name=\"twitter:label1\" content=\"\u00c9crit par\" \/>\n\t<meta name=\"twitter:data1\" content=\"webmaster kapitalis\" \/>\n\t<meta name=\"twitter:label2\" content=\"Dur\u00e9e de lecture estim\u00e9e\" \/>\n\t<meta name=\"twitter:data2\" content=\"3 minutes\" \/>\n<script type=\"application\/ld+json\" class=\"yoast-schema-graph\">{\"@context\":\"https:\/\/schema.org\",\"@graph\":[{\"@type\":\"Article\",\"@id\":\"https:\/\/kapitalis.com\/tunisie\/2023\/06\/15\/la-tunisie-sendette-pour-proteger-leurope-des-flux-migratoires\/#article\",\"isPartOf\":{\"@id\":\"https:\/\/kapitalis.com\/tunisie\/2023\/06\/15\/la-tunisie-sendette-pour-proteger-leurope-des-flux-migratoires\/\"},\"author\":{\"name\":\"webmaster kapitalis\",\"@id\":\"https:\/\/kapitalis.com\/tunisie\/#\/schema\/person\/d71f33a9ca44f7bad4698210b480c8e9\"},\"headline\":\"La Tunisie s\u2019endette pour\u2026 prot\u00e9ger l&rsquo;Europe des flux migratoires\u00a0! \u00a0\",\"datePublished\":\"2023-06-15T08:47:06+00:00\",\"dateModified\":\"2023-06-15T08:47:08+00:00\",\"mainEntityOfPage\":{\"@id\":\"https:\/\/kapitalis.com\/tunisie\/2023\/06\/15\/la-tunisie-sendette-pour-proteger-leurope-des-flux-migratoires\/\"},\"wordCount\":499,\"commentCount\":3,\"publisher\":{\"@id\":\"https:\/\/kapitalis.com\/tunisie\/#organization\"},\"image\":{\"@id\":\"https:\/\/kapitalis.com\/tunisie\/2023\/06\/15\/la-tunisie-sendette-pour-proteger-leurope-des-flux-migratoires\/#primaryimage\"},\"thumbnailUrl\":\"https:\/\/kapitalis.com\/tunisie\/wp-content\/uploads\/2023\/06\/Migrants-irreguliers.gif\",\"keywords\":[\"Giorgia Meloni\",\"Italie\",\"Ka\u00efs Sa\u00efed\",\"Mark Rutte\",\"migrants irr\u00e9guliers\",\"Moktar Lamari\",\"Tunisie\",\"Union europ\u00e9enne\",\"Ursula von der Leyen\"],\"articleSection\":[\"A LA UNE\",\"ECONOMIE\",\"TRIBUNE\",\"Tunisie\"],\"inLanguage\":\"fr-FR\",\"potentialAction\":[{\"@type\":\"CommentAction\",\"name\":\"Comment\",\"target\":[\"https:\/\/kapitalis.com\/tunisie\/2023\/06\/15\/la-tunisie-sendette-pour-proteger-leurope-des-flux-migratoires\/#respond\"]}]},{\"@type\":\"WebPage\",\"@id\":\"https:\/\/kapitalis.com\/tunisie\/2023\/06\/15\/la-tunisie-sendette-pour-proteger-leurope-des-flux-migratoires\/\",\"url\":\"https:\/\/kapitalis.com\/tunisie\/2023\/06\/15\/la-tunisie-sendette-pour-proteger-leurope-des-flux-migratoires\/\",\"name\":\"La Tunisie s\u2019endette pour\u2026 prot\u00e9ger l'Europe des flux migratoires\u00a0! \u00a0 - Kapitalis\",\"isPartOf\":{\"@id\":\"https:\/\/kapitalis.com\/tunisie\/#website\"},\"primaryImageOfPage\":{\"@id\":\"https:\/\/kapitalis.com\/tunisie\/2023\/06\/15\/la-tunisie-sendette-pour-proteger-leurope-des-flux-migratoires\/#primaryimage\"},\"image\":{\"@id\":\"https:\/\/kapitalis.com\/tunisie\/2023\/06\/15\/la-tunisie-sendette-pour-proteger-leurope-des-flux-migratoires\/#primaryimage\"},\"thumbnailUrl\":\"https:\/\/kapitalis.com\/tunisie\/wp-content\/uploads\/2023\/06\/Migrants-irreguliers.gif\",\"datePublished\":\"2023-06-15T08:47:06+00:00\",\"dateModified\":\"2023-06-15T08:47:08+00:00\",\"breadcrumb\":{\"@id\":\"https:\/\/kapitalis.com\/tunisie\/2023\/06\/15\/la-tunisie-sendette-pour-proteger-leurope-des-flux-migratoires\/#breadcrumb\"},\"inLanguage\":\"fr-FR\",\"potentialAction\":[{\"@type\":\"ReadAction\",\"target\":[\"https:\/\/kapitalis.com\/tunisie\/2023\/06\/15\/la-tunisie-sendette-pour-proteger-leurope-des-flux-migratoires\/\"]}]},{\"@type\":\"ImageObject\",\"inLanguage\":\"fr-FR\",\"@id\":\"https:\/\/kapitalis.com\/tunisie\/2023\/06\/15\/la-tunisie-sendette-pour-proteger-leurope-des-flux-migratoires\/#primaryimage\",\"url\":\"https:\/\/kapitalis.com\/tunisie\/wp-content\/uploads\/2023\/06\/Migrants-irreguliers.gif\",\"contentUrl\":\"https:\/\/kapitalis.com\/tunisie\/wp-content\/uploads\/2023\/06\/Migrants-irreguliers.gif\",\"width\":1200,\"height\":630},{\"@type\":\"BreadcrumbList\",\"@id\":\"https:\/\/kapitalis.com\/tunisie\/2023\/06\/15\/la-tunisie-sendette-pour-proteger-leurope-des-flux-migratoires\/#breadcrumb\",\"itemListElement\":[{\"@type\":\"ListItem\",\"position\":1,\"name\":\"Accueil\",\"item\":\"https:\/\/kapitalis.com\/tunisie\/\"},{\"@type\":\"ListItem\",\"position\":2,\"name\":\"La Tunisie s\u2019endette pour\u2026 prot\u00e9ger l&rsquo;Europe des flux migratoires\u00a0! \u00a0\"}]},{\"@type\":\"WebSite\",\"@id\":\"https:\/\/kapitalis.com\/tunisie\/#website\",\"url\":\"https:\/\/kapitalis.com\/tunisie\/\",\"name\":\"Kapitalis\",\"description\":\"L&#039;actualit\u00e9 en Tunisie et dans le monde\",\"publisher\":{\"@id\":\"https:\/\/kapitalis.com\/tunisie\/#organization\"},\"potentialAction\":[{\"@type\":\"SearchAction\",\"target\":{\"@type\":\"EntryPoint\",\"urlTemplate\":\"https:\/\/kapitalis.com\/tunisie\/?s={search_term_string}\"},\"query-input\":{\"@type\":\"PropertyValueSpecification\",\"valueRequired\":true,\"valueName\":\"search_term_string\"}}],\"inLanguage\":\"fr-FR\"},{\"@type\":\"Organization\",\"@id\":\"https:\/\/kapitalis.com\/tunisie\/#organization\",\"name\":\"Kapitalis\",\"url\":\"https:\/\/kapitalis.com\/tunisie\/\",\"logo\":{\"@type\":\"ImageObject\",\"inLanguage\":\"fr-FR\",\"@id\":\"https:\/\/kapitalis.com\/tunisie\/#\/schema\/logo\/image\/\",\"url\":\"https:\/\/kapitalis.com\/tunisie\/wp-content\/uploads\/2022\/05\/Kapitalis-big-size.png\",\"contentUrl\":\"https:\/\/kapitalis.com\/tunisie\/wp-content\/uploads\/2022\/05\/Kapitalis-big-size.png\",\"width\":5000,\"height\":1500,\"caption\":\"Kapitalis\"},\"image\":{\"@id\":\"https:\/\/kapitalis.com\/tunisie\/#\/schema\/logo\/image\/\"},\"sameAs\":[\"https:\/\/www.facebook.com\/KapitalisInfo\/\",\"https:\/\/x.com\/KapitalisInfo\",\"https:\/\/www.youtube.com\/channel\/UC-yDYrHyfFBWWZaOw3FPg9Q\"]},{\"@type\":\"Person\",\"@id\":\"https:\/\/kapitalis.com\/tunisie\/#\/schema\/person\/d71f33a9ca44f7bad4698210b480c8e9\",\"name\":\"webmaster kapitalis\",\"url\":\"https:\/\/kapitalis.com\/tunisie\/author\/webmaster-kapitalis\/\"}]}<\/script>\n<!-- \/ Yoast SEO plugin. -->","yoast_head_json":{"title":"La Tunisie s\u2019endette pour\u2026 prot\u00e9ger l'Europe des flux migratoires\u00a0! \u00a0 - Kapitalis","robots":{"index":"index","follow":"follow","max-snippet":"max-snippet:-1","max-image-preview":"max-image-preview:large","max-video-preview":"max-video-preview:-1"},"canonical":"https:\/\/kapitalis.com\/tunisie\/2023\/06\/15\/la-tunisie-sendette-pour-proteger-leurope-des-flux-migratoires\/","og_locale":"fr_FR","og_type":"article","og_title":"La Tunisie s\u2019endette pour\u2026 prot\u00e9ger l'Europe des flux migratoires\u00a0! \u00a0 - Kapitalis","og_description":"L\u2019endettement n\u2019est pas la solution \u00e0 l\u2019\u00e9migration, ni en Tunisie ni ailleurs.","og_url":"https:\/\/kapitalis.com\/tunisie\/2023\/06\/15\/la-tunisie-sendette-pour-proteger-leurope-des-flux-migratoires\/","og_site_name":"Kapitalis","article_publisher":"https:\/\/www.facebook.com\/KapitalisInfo\/","article_published_time":"2023-06-15T08:47:06+00:00","article_modified_time":"2023-06-15T08:47:08+00:00","og_image":[{"width":1200,"height":630,"url":"https:\/\/kapitalis.com\/tunisie\/wp-content\/uploads\/2023\/06\/Migrants-irreguliers.gif","type":"image\/gif"}],"author":"webmaster kapitalis","twitter_card":"summary_large_image","twitter_creator":"@KapitalisInfo","twitter_site":"@KapitalisInfo","twitter_misc":{"\u00c9crit par":"webmaster kapitalis","Dur\u00e9e de lecture estim\u00e9e":"3 minutes"},"schema":{"@context":"https:\/\/schema.org","@graph":[{"@type":"Article","@id":"https:\/\/kapitalis.com\/tunisie\/2023\/06\/15\/la-tunisie-sendette-pour-proteger-leurope-des-flux-migratoires\/#article","isPartOf":{"@id":"https:\/\/kapitalis.com\/tunisie\/2023\/06\/15\/la-tunisie-sendette-pour-proteger-leurope-des-flux-migratoires\/"},"author":{"name":"webmaster kapitalis","@id":"https:\/\/kapitalis.com\/tunisie\/#\/schema\/person\/d71f33a9ca44f7bad4698210b480c8e9"},"headline":"La Tunisie s\u2019endette pour\u2026 prot\u00e9ger l&rsquo;Europe des flux migratoires\u00a0! \u00a0","datePublished":"2023-06-15T08:47:06+00:00","dateModified":"2023-06-15T08:47:08+00:00","mainEntityOfPage":{"@id":"https:\/\/kapitalis.com\/tunisie\/2023\/06\/15\/la-tunisie-sendette-pour-proteger-leurope-des-flux-migratoires\/"},"wordCount":499,"commentCount":3,"publisher":{"@id":"https:\/\/kapitalis.com\/tunisie\/#organization"},"image":{"@id":"https:\/\/kapitalis.com\/tunisie\/2023\/06\/15\/la-tunisie-sendette-pour-proteger-leurope-des-flux-migratoires\/#primaryimage"},"thumbnailUrl":"https:\/\/kapitalis.com\/tunisie\/wp-content\/uploads\/2023\/06\/Migrants-irreguliers.gif","keywords":["Giorgia Meloni","Italie","Ka\u00efs Sa\u00efed","Mark Rutte","migrants irr\u00e9guliers","Moktar Lamari","Tunisie","Union europ\u00e9enne","Ursula von der Leyen"],"articleSection":["A LA UNE","ECONOMIE","TRIBUNE","Tunisie"],"inLanguage":"fr-FR","potentialAction":[{"@type":"CommentAction","name":"Comment","target":["https:\/\/kapitalis.com\/tunisie\/2023\/06\/15\/la-tunisie-sendette-pour-proteger-leurope-des-flux-migratoires\/#respond"]}]},{"@type":"WebPage","@id":"https:\/\/kapitalis.com\/tunisie\/2023\/06\/15\/la-tunisie-sendette-pour-proteger-leurope-des-flux-migratoires\/","url":"https:\/\/kapitalis.com\/tunisie\/2023\/06\/15\/la-tunisie-sendette-pour-proteger-leurope-des-flux-migratoires\/","name":"La Tunisie s\u2019endette pour\u2026 prot\u00e9ger l'Europe des flux migratoires\u00a0! \u00a0 - Kapitalis","isPartOf":{"@id":"https:\/\/kapitalis.com\/tunisie\/#website"},"primaryImageOfPage":{"@id":"https:\/\/kapitalis.com\/tunisie\/2023\/06\/15\/la-tunisie-sendette-pour-proteger-leurope-des-flux-migratoires\/#primaryimage"},"image":{"@id":"https:\/\/kapitalis.com\/tunisie\/2023\/06\/15\/la-tunisie-sendette-pour-proteger-leurope-des-flux-migratoires\/#primaryimage"},"thumbnailUrl":"https:\/\/kapitalis.com\/tunisie\/wp-content\/uploads\/2023\/06\/Migrants-irreguliers.gif","datePublished":"2023-06-15T08:47:06+00:00","dateModified":"2023-06-15T08:47:08+00:00","breadcrumb":{"@id":"https:\/\/kapitalis.com\/tunisie\/2023\/06\/15\/la-tunisie-sendette-pour-proteger-leurope-des-flux-migratoires\/#breadcrumb"},"inLanguage":"fr-FR","potentialAction":[{"@type":"ReadAction","target":["https:\/\/kapitalis.com\/tunisie\/2023\/06\/15\/la-tunisie-sendette-pour-proteger-leurope-des-flux-migratoires\/"]}]},{"@type":"ImageObject","inLanguage":"fr-FR","@id":"https:\/\/kapitalis.com\/tunisie\/2023\/06\/15\/la-tunisie-sendette-pour-proteger-leurope-des-flux-migratoires\/#primaryimage","url":"https:\/\/kapitalis.com\/tunisie\/wp-content\/uploads\/2023\/06\/Migrants-irreguliers.gif","contentUrl":"https:\/\/kapitalis.com\/tunisie\/wp-content\/uploads\/2023\/06\/Migrants-irreguliers.gif","width":1200,"height":630},{"@type":"BreadcrumbList","@id":"https:\/\/kapitalis.com\/tunisie\/2023\/06\/15\/la-tunisie-sendette-pour-proteger-leurope-des-flux-migratoires\/#breadcrumb","itemListElement":[{"@type":"ListItem","position":1,"name":"Accueil","item":"https:\/\/kapitalis.com\/tunisie\/"},{"@type":"ListItem","position":2,"name":"La Tunisie s\u2019endette pour\u2026 prot\u00e9ger l&rsquo;Europe des flux migratoires\u00a0! \u00a0"}]},{"@type":"WebSite","@id":"https:\/\/kapitalis.com\/tunisie\/#website","url":"https:\/\/kapitalis.com\/tunisie\/","name":"Kapitalis","description":"L&#039;actualit\u00e9 en Tunisie et dans le monde","publisher":{"@id":"https:\/\/kapitalis.com\/tunisie\/#organization"},"potentialAction":[{"@type":"SearchAction","target":{"@type":"EntryPoint","urlTemplate":"https:\/\/kapitalis.com\/tunisie\/?s={search_term_string}"},"query-input":{"@type":"PropertyValueSpecification","valueRequired":true,"valueName":"search_term_string"}}],"inLanguage":"fr-FR"},{"@type":"Organization","@id":"https:\/\/kapitalis.com\/tunisie\/#organization","name":"Kapitalis","url":"https:\/\/kapitalis.com\/tunisie\/","logo":{"@type":"ImageObject","inLanguage":"fr-FR","@id":"https:\/\/kapitalis.com\/tunisie\/#\/schema\/logo\/image\/","url":"https:\/\/kapitalis.com\/tunisie\/wp-content\/uploads\/2022\/05\/Kapitalis-big-size.png","contentUrl":"https:\/\/kapitalis.com\/tunisie\/wp-content\/uploads\/2022\/05\/Kapitalis-big-size.png","width":5000,"height":1500,"caption":"Kapitalis"},"image":{"@id":"https:\/\/kapitalis.com\/tunisie\/#\/schema\/logo\/image\/"},"sameAs":["https:\/\/www.facebook.com\/KapitalisInfo\/","https:\/\/x.com\/KapitalisInfo","https:\/\/www.youtube.com\/channel\/UC-yDYrHyfFBWWZaOw3FPg9Q"]},{"@type":"Person","@id":"https:\/\/kapitalis.com\/tunisie\/#\/schema\/person\/d71f33a9ca44f7bad4698210b480c8e9","name":"webmaster kapitalis","url":"https:\/\/kapitalis.com\/tunisie\/author\/webmaster-kapitalis\/"}]}},"_links":{"self":[{"href":"https:\/\/kapitalis.com\/tunisie\/wp-json\/wp\/v2\/posts\/8366502","targetHints":{"allow":["GET"]}}],"collection":[{"href":"https:\/\/kapitalis.com\/tunisie\/wp-json\/wp\/v2\/posts"}],"about":[{"href":"https:\/\/kapitalis.com\/tunisie\/wp-json\/wp\/v2\/types\/post"}],"author":[{"embeddable":true,"href":"https:\/\/kapitalis.com\/tunisie\/wp-json\/wp\/v2\/users\/8"}],"replies":[{"embeddable":true,"href":"https:\/\/kapitalis.com\/tunisie\/wp-json\/wp\/v2\/comments?post=8366502"}],"version-history":[{"count":1,"href":"https:\/\/kapitalis.com\/tunisie\/wp-json\/wp\/v2\/posts\/8366502\/revisions"}],"predecessor-version":[{"id":8366659,"href":"https:\/\/kapitalis.com\/tunisie\/wp-json\/wp\/v2\/posts\/8366502\/revisions\/8366659"}],"wp:featuredmedia":[{"embeddable":true,"href":"https:\/\/kapitalis.com\/tunisie\/wp-json\/wp\/v2\/media\/8366614"}],"wp:attachment":[{"href":"https:\/\/kapitalis.com\/tunisie\/wp-json\/wp\/v2\/media?parent=8366502"}],"wp:term":[{"taxonomy":"category","embeddable":true,"href":"https:\/\/kapitalis.com\/tunisie\/wp-json\/wp\/v2\/categories?post=8366502"},{"taxonomy":"post_tag","embeddable":true,"href":"https:\/\/kapitalis.com\/tunisie\/wp-json\/wp\/v2\/tags?post=8366502"}],"curies":[{"name":"wp","href":"https:\/\/api.w.org\/{rel}","templated":true}]}}