{"id":8377557,"date":"2023-06-16T07:56:13","date_gmt":"2023-06-16T06:56:13","guid":{"rendered":"https:\/\/kapitalis.com\/tunisie\/?p=8377557"},"modified":"2023-06-16T07:56:15","modified_gmt":"2023-06-16T06:56:15","slug":"tunisie-union-europeenne-le-pdl-denonce-un-accord-passe-en-catimini","status":"publish","type":"post","link":"https:\/\/kapitalis.com\/tunisie\/2023\/06\/16\/tunisie-union-europeenne-le-pdl-denonce-un-accord-passe-en-catimini\/","title":{"rendered":"Tunisie &#8211; Union europ\u00e9enne\u00a0: le PDL d\u00e9nonce un \u00abaccord pass\u00e9 en catimini\u00bb"},"content":{"rendered":"\n<p><strong><em>Des partisans du Parti libre destourien (PDL) d\u2019Abir Moussi ont manifest\u00e9 jeudi 15 juin 2023 pr\u00e8s du si\u00e8ge de l\u2019ambassade d\u2019Italie en Tunisie contre un \u00abaccord pass\u00e9 en catimini\u00bb\u00a0entre la Tunisie et l\u2019Europe sur la question des migrations.<\/em><\/strong><\/p>\n\n\n\n<!--more-->\n\n\n\n<p>Nous sommes ici, r\u00e9unis devant le si\u00e8ge de l\u2019ambassade d\u2019Italie \u00e0 Tunis pour d\u00e9noncer, interpeller et d\u00e9noncer <em>\u00abun accord sur la migration irr\u00e9guli\u00e8re conclu dans les chambres noires\u00bb<\/em>, a d\u00e9clar\u00e9 la pr\u00e9sidente du PDL.<\/p>\n\n\n\n<p>L\u2019accord, qui, selon Abir Moussi, a \u00e9t\u00e9 <em>\u00abpass\u00e9 en catimini et \u00e0 l\u2019insu de l\u2019opinion publique\u00bb<\/em>, intervient suite au voyage effectu\u00e9 \u00e0 Tunis, dimanche dernier, par la pr\u00e9sidente de la Commission europ\u00e9enne Ursula von der Leyen, le Premier ministre n\u00e9erlandais Mark Rutte et le Premier ministre italien Georgia Meloni pour annoncer un projet d\u2019accord entre Bruxelles et Tunis portant essentiellement sur la lutte contre la migration irr\u00e9guli\u00e8re.<\/p>\n\n\n<div class=\"wp-block-image\">\n<figure class=\"aligncenter size-large is-resized\"><img decoding=\"async\" src=\"https:\/\/kapitalis.com\/tunisie\/wp-content\/uploads\/2023\/06\/PDL-Ambassade-Italie-2-1024x538.gif\" alt=\"\" class=\"wp-image-8377591\" width=\"800\" srcset=\"https:\/\/kapitalis.com\/tunisie\/wp-content\/uploads\/2023\/06\/PDL-Ambassade-Italie-2-1024x538.gif 1024w, https:\/\/kapitalis.com\/tunisie\/wp-content\/uploads\/2023\/06\/PDL-Ambassade-Italie-2-300x158.gif 300w, https:\/\/kapitalis.com\/tunisie\/wp-content\/uploads\/2023\/06\/PDL-Ambassade-Italie-2-768x403.gif 768w, https:\/\/kapitalis.com\/tunisie\/wp-content\/uploads\/2023\/06\/PDL-Ambassade-Italie-2-580x305.gif 580w, https:\/\/kapitalis.com\/tunisie\/wp-content\/uploads\/2023\/06\/PDL-Ambassade-Italie-2-860x452.gif 860w, https:\/\/kapitalis.com\/tunisie\/wp-content\/uploads\/2023\/06\/PDL-Ambassade-Italie-2-1160x609.gif 1160w\" sizes=\"(max-width: 1024px) 100vw, 1024px\" \/><\/figure>\n<\/div>\n\n\n<p>Moussi, qui se positionne comme la principale force d\u2019opposition \u00e0 Ka\u00efs Sa\u00efed, s\u2019est prononc\u00e9e franchement contre tout accord sur la migration irr\u00e9guli\u00e8re conclu par l\u2019Etat tunisien et dont le contenu et les clauses n\u2019ont pas \u00e9t\u00e9 rendus publics.<\/p>\n\n\n\n<p>Elle a \u00e9galement soulign\u00e9 que son parti n\u2019accepterait plus que la Tunisie soit \u00e9rig\u00e9e en <em>\u00abhot spot<\/em> <em>de tri des demandeurs d\u2019asile en Europe\u00bb<\/em>, rappelant que cette mesure \u00e9tait un point cl\u00e9 du manifeste \u00e9lectoral de Meloni.<\/p>\n\n\n\n<p>Moussi a \u00e9galement critiqu\u00e9 la forte pr\u00e9sence des forces de s\u00e9curit\u00e9 autour de l\u2019ambassade d\u2019Italie \u00e0 Tunis, affirmant qu\u2019il s&rsquo;agissait d\u2019une tentative d\u2019emp\u00eacher son parti de manifester malgr\u00e9 le fait que les autorit\u00e9s comp\u00e9tentes avaient \u00e9t\u00e9 d\u00fbment averties comme le requi\u00e8rent les r\u00e8glements.<\/p>\n\n\n\n<p>Les responsables de la s\u00e9curit\u00e9 avaient demand\u00e9 aux dirigeants du PDL et \u00e0 leurs partisans de partir sous pr\u00e9texte que leur rassemblement n\u2019\u00e9tait pas autoris\u00e9. <\/p>\n\n\n\n<p><strong><em>Avec Tap. \u00a0<\/em><\/strong><\/p>\n\n\n\n<figure class=\"wp-block-embed is-type-wp-embed is-provider-kapitalis wp-block-embed-kapitalis\"><div class=\"wp-block-embed__wrapper\">\n<blockquote class=\"wp-embedded-content\" data-secret=\"6Db5fp0Guh\"><a href=\"https:\/\/kapitalis.com\/tunisie\/2023\/06\/15\/la-tunisie-sendette-pour-proteger-leurope-des-flux-migratoires\/\">La Tunisie s\u2019endette pour\u2026 prot\u00e9ger l&rsquo;Europe des flux migratoires\u00a0! \u00a0<\/a><\/blockquote><iframe loading=\"lazy\" class=\"wp-embedded-content\" sandbox=\"allow-scripts\" security=\"restricted\" style=\"position: absolute; clip: rect(1px, 1px, 1px, 1px);\" title=\"\u00ab\u00a0La Tunisie s\u2019endette pour\u2026 prot\u00e9ger l&rsquo;Europe des flux migratoires\u00a0! \u00a0\u00a0\u00bb &#8212; Kapitalis\" src=\"https:\/\/kapitalis.com\/tunisie\/2023\/06\/15\/la-tunisie-sendette-pour-proteger-leurope-des-flux-migratoires\/embed\/#?secret=K7K5qaDX3L#?secret=6Db5fp0Guh\" data-secret=\"6Db5fp0Guh\" width=\"600\" height=\"338\" frameborder=\"0\" marginwidth=\"0\" marginheight=\"0\" scrolling=\"no\"><\/iframe>\n<\/div><\/figure>\n","protected":false},"excerpt":{"rendered":"<p>Abir Moussi d\u00e9nonce un accord pass\u00e9 en catimini par la Tunisie avec l&rsquo;Union europ\u00e9enne.   <\/p>\n","protected":false},"author":8,"featured_media":8377585,"comment_status":"open","ping_status":"open","sticky":false,"template":"","format":"standard","meta":{"footnotes":""},"categories":[997,2433],"tags":[15144,103508,76012,109234,23927,62643,937,90832],"class_list":["post-8377557","post","type-post","status-publish","format-standard","has-post-thumbnail","hentry","category-politique","category-tunisie","tag-abir-moussi","tag-giorgia-meloni","tag-kais-saied-2","tag-mark-rutte","tag-parti-destourien-libre","tag-tunisie","tag-union-europeenne","tag-ursula-von-der-leyen"],"yoast_head":"<!-- This site is optimized with the Yoast SEO plugin v26.6 - https:\/\/yoast.com\/wordpress\/plugins\/seo\/ -->\n<title>Tunisie - Union europ\u00e9enne\u00a0: le PDL d\u00e9nonce un \u00abaccord pass\u00e9 en catimini\u00bb - Kapitalis<\/title>\n<meta name=\"robots\" content=\"index, follow, max-snippet:-1, max-image-preview:large, max-video-preview:-1\" \/>\n<link rel=\"canonical\" href=\"https:\/\/kapitalis.com\/tunisie\/2023\/06\/16\/tunisie-union-europeenne-le-pdl-denonce-un-accord-passe-en-catimini\/\" \/>\n<meta property=\"og:locale\" content=\"fr_FR\" \/>\n<meta property=\"og:type\" content=\"article\" \/>\n<meta property=\"og:title\" content=\"Tunisie - Union europ\u00e9enne\u00a0: le PDL d\u00e9nonce un \u00abaccord pass\u00e9 en catimini\u00bb - Kapitalis\" \/>\n<meta property=\"og:description\" content=\"Abir Moussi d\u00e9nonce un accord pass\u00e9 en catimini par la Tunisie avec l&#039;Union europ\u00e9enne.\" \/>\n<meta property=\"og:url\" content=\"https:\/\/kapitalis.com\/tunisie\/2023\/06\/16\/tunisie-union-europeenne-le-pdl-denonce-un-accord-passe-en-catimini\/\" \/>\n<meta property=\"og:site_name\" content=\"Kapitalis\" \/>\n<meta property=\"article:publisher\" content=\"https:\/\/www.facebook.com\/KapitalisInfo\/\" \/>\n<meta property=\"article:published_time\" content=\"2023-06-16T06:56:13+00:00\" \/>\n<meta property=\"article:modified_time\" content=\"2023-06-16T06:56:15+00:00\" \/>\n<meta property=\"og:image\" content=\"https:\/\/kapitalis.com\/tunisie\/wp-content\/uploads\/2023\/06\/PDL-Ambassade-Italie.gif\" \/>\n\t<meta property=\"og:image:width\" content=\"1200\" \/>\n\t<meta property=\"og:image:height\" content=\"630\" \/>\n\t<meta property=\"og:image:type\" content=\"image\/gif\" \/>\n<meta name=\"author\" content=\"webmaster kapitalis\" \/>\n<meta name=\"twitter:card\" content=\"summary_large_image\" \/>\n<meta name=\"twitter:creator\" content=\"@KapitalisInfo\" \/>\n<meta name=\"twitter:site\" content=\"@KapitalisInfo\" \/>\n<meta name=\"twitter:label1\" content=\"\u00c9crit par\" \/>\n\t<meta name=\"twitter:data1\" content=\"webmaster kapitalis\" \/>\n\t<meta name=\"twitter:label2\" content=\"Dur\u00e9e de lecture estim\u00e9e\" \/>\n\t<meta name=\"twitter:data2\" content=\"2 minutes\" \/>\n<script type=\"application\/ld+json\" class=\"yoast-schema-graph\">{\"@context\":\"https:\/\/schema.org\",\"@graph\":[{\"@type\":\"Article\",\"@id\":\"https:\/\/kapitalis.com\/tunisie\/2023\/06\/16\/tunisie-union-europeenne-le-pdl-denonce-un-accord-passe-en-catimini\/#article\",\"isPartOf\":{\"@id\":\"https:\/\/kapitalis.com\/tunisie\/2023\/06\/16\/tunisie-union-europeenne-le-pdl-denonce-un-accord-passe-en-catimini\/\"},\"author\":{\"name\":\"webmaster kapitalis\",\"@id\":\"https:\/\/kapitalis.com\/tunisie\/#\/schema\/person\/d71f33a9ca44f7bad4698210b480c8e9\"},\"headline\":\"Tunisie &#8211; Union europ\u00e9enne\u00a0: le PDL d\u00e9nonce un \u00abaccord pass\u00e9 en catimini\u00bb\",\"datePublished\":\"2023-06-16T06:56:13+00:00\",\"dateModified\":\"2023-06-16T06:56:15+00:00\",\"mainEntityOfPage\":{\"@id\":\"https:\/\/kapitalis.com\/tunisie\/2023\/06\/16\/tunisie-union-europeenne-le-pdl-denonce-un-accord-passe-en-catimini\/\"},\"wordCount\":349,\"commentCount\":3,\"publisher\":{\"@id\":\"https:\/\/kapitalis.com\/tunisie\/#organization\"},\"image\":{\"@id\":\"https:\/\/kapitalis.com\/tunisie\/2023\/06\/16\/tunisie-union-europeenne-le-pdl-denonce-un-accord-passe-en-catimini\/#primaryimage\"},\"thumbnailUrl\":\"https:\/\/kapitalis.com\/tunisie\/wp-content\/uploads\/2023\/06\/PDL-Ambassade-Italie.gif\",\"keywords\":[\"Abir Moussi\",\"Giorgia Meloni\",\"Ka\u00efs Sa\u00efed\",\"Mark Rutte\",\"Parti destourien libre\",\"Tunisie\",\"Union europ\u00e9enne\",\"Ursula von der Leyen\"],\"articleSection\":[\"POLITIQUE\",\"Tunisie\"],\"inLanguage\":\"fr-FR\",\"potentialAction\":[{\"@type\":\"CommentAction\",\"name\":\"Comment\",\"target\":[\"https:\/\/kapitalis.com\/tunisie\/2023\/06\/16\/tunisie-union-europeenne-le-pdl-denonce-un-accord-passe-en-catimini\/#respond\"]}]},{\"@type\":\"WebPage\",\"@id\":\"https:\/\/kapitalis.com\/tunisie\/2023\/06\/16\/tunisie-union-europeenne-le-pdl-denonce-un-accord-passe-en-catimini\/\",\"url\":\"https:\/\/kapitalis.com\/tunisie\/2023\/06\/16\/tunisie-union-europeenne-le-pdl-denonce-un-accord-passe-en-catimini\/\",\"name\":\"Tunisie - Union europ\u00e9enne\u00a0: le PDL d\u00e9nonce un \u00abaccord pass\u00e9 en catimini\u00bb - Kapitalis\",\"isPartOf\":{\"@id\":\"https:\/\/kapitalis.com\/tunisie\/#website\"},\"primaryImageOfPage\":{\"@id\":\"https:\/\/kapitalis.com\/tunisie\/2023\/06\/16\/tunisie-union-europeenne-le-pdl-denonce-un-accord-passe-en-catimini\/#primaryimage\"},\"image\":{\"@id\":\"https:\/\/kapitalis.com\/tunisie\/2023\/06\/16\/tunisie-union-europeenne-le-pdl-denonce-un-accord-passe-en-catimini\/#primaryimage\"},\"thumbnailUrl\":\"https:\/\/kapitalis.com\/tunisie\/wp-content\/uploads\/2023\/06\/PDL-Ambassade-Italie.gif\",\"datePublished\":\"2023-06-16T06:56:13+00:00\",\"dateModified\":\"2023-06-16T06:56:15+00:00\",\"breadcrumb\":{\"@id\":\"https:\/\/kapitalis.com\/tunisie\/2023\/06\/16\/tunisie-union-europeenne-le-pdl-denonce-un-accord-passe-en-catimini\/#breadcrumb\"},\"inLanguage\":\"fr-FR\",\"potentialAction\":[{\"@type\":\"ReadAction\",\"target\":[\"https:\/\/kapitalis.com\/tunisie\/2023\/06\/16\/tunisie-union-europeenne-le-pdl-denonce-un-accord-passe-en-catimini\/\"]}]},{\"@type\":\"ImageObject\",\"inLanguage\":\"fr-FR\",\"@id\":\"https:\/\/kapitalis.com\/tunisie\/2023\/06\/16\/tunisie-union-europeenne-le-pdl-denonce-un-accord-passe-en-catimini\/#primaryimage\",\"url\":\"https:\/\/kapitalis.com\/tunisie\/wp-content\/uploads\/2023\/06\/PDL-Ambassade-Italie.gif\",\"contentUrl\":\"https:\/\/kapitalis.com\/tunisie\/wp-content\/uploads\/2023\/06\/PDL-Ambassade-Italie.gif\",\"width\":1200,\"height\":630},{\"@type\":\"BreadcrumbList\",\"@id\":\"https:\/\/kapitalis.com\/tunisie\/2023\/06\/16\/tunisie-union-europeenne-le-pdl-denonce-un-accord-passe-en-catimini\/#breadcrumb\",\"itemListElement\":[{\"@type\":\"ListItem\",\"position\":1,\"name\":\"Accueil\",\"item\":\"https:\/\/kapitalis.com\/tunisie\/\"},{\"@type\":\"ListItem\",\"position\":2,\"name\":\"Tunisie &#8211; Union europ\u00e9enne\u00a0: le PDL d\u00e9nonce un \u00abaccord pass\u00e9 en catimini\u00bb\"}]},{\"@type\":\"WebSite\",\"@id\":\"https:\/\/kapitalis.com\/tunisie\/#website\",\"url\":\"https:\/\/kapitalis.com\/tunisie\/\",\"name\":\"Kapitalis\",\"description\":\"L&#039;actualit\u00e9 en Tunisie et dans le monde\",\"publisher\":{\"@id\":\"https:\/\/kapitalis.com\/tunisie\/#organization\"},\"potentialAction\":[{\"@type\":\"SearchAction\",\"target\":{\"@type\":\"EntryPoint\",\"urlTemplate\":\"https:\/\/kapitalis.com\/tunisie\/?s={search_term_string}\"},\"query-input\":{\"@type\":\"PropertyValueSpecification\",\"valueRequired\":true,\"valueName\":\"search_term_string\"}}],\"inLanguage\":\"fr-FR\"},{\"@type\":\"Organization\",\"@id\":\"https:\/\/kapitalis.com\/tunisie\/#organization\",\"name\":\"Kapitalis\",\"url\":\"https:\/\/kapitalis.com\/tunisie\/\",\"logo\":{\"@type\":\"ImageObject\",\"inLanguage\":\"fr-FR\",\"@id\":\"https:\/\/kapitalis.com\/tunisie\/#\/schema\/logo\/image\/\",\"url\":\"https:\/\/kapitalis.com\/tunisie\/wp-content\/uploads\/2022\/05\/Kapitalis-big-size.png\",\"contentUrl\":\"https:\/\/kapitalis.com\/tunisie\/wp-content\/uploads\/2022\/05\/Kapitalis-big-size.png\",\"width\":5000,\"height\":1500,\"caption\":\"Kapitalis\"},\"image\":{\"@id\":\"https:\/\/kapitalis.com\/tunisie\/#\/schema\/logo\/image\/\"},\"sameAs\":[\"https:\/\/www.facebook.com\/KapitalisInfo\/\",\"https:\/\/x.com\/KapitalisInfo\",\"https:\/\/www.youtube.com\/channel\/UC-yDYrHyfFBWWZaOw3FPg9Q\"]},{\"@type\":\"Person\",\"@id\":\"https:\/\/kapitalis.com\/tunisie\/#\/schema\/person\/d71f33a9ca44f7bad4698210b480c8e9\",\"name\":\"webmaster kapitalis\",\"url\":\"https:\/\/kapitalis.com\/tunisie\/author\/webmaster-kapitalis\/\"}]}<\/script>\n<!-- \/ Yoast SEO plugin. -->","yoast_head_json":{"title":"Tunisie - Union europ\u00e9enne\u00a0: le PDL d\u00e9nonce un \u00abaccord pass\u00e9 en catimini\u00bb - Kapitalis","robots":{"index":"index","follow":"follow","max-snippet":"max-snippet:-1","max-image-preview":"max-image-preview:large","max-video-preview":"max-video-preview:-1"},"canonical":"https:\/\/kapitalis.com\/tunisie\/2023\/06\/16\/tunisie-union-europeenne-le-pdl-denonce-un-accord-passe-en-catimini\/","og_locale":"fr_FR","og_type":"article","og_title":"Tunisie - Union europ\u00e9enne\u00a0: le PDL d\u00e9nonce un \u00abaccord pass\u00e9 en catimini\u00bb - Kapitalis","og_description":"Abir Moussi d\u00e9nonce un accord pass\u00e9 en catimini par la Tunisie avec l'Union europ\u00e9enne.","og_url":"https:\/\/kapitalis.com\/tunisie\/2023\/06\/16\/tunisie-union-europeenne-le-pdl-denonce-un-accord-passe-en-catimini\/","og_site_name":"Kapitalis","article_publisher":"https:\/\/www.facebook.com\/KapitalisInfo\/","article_published_time":"2023-06-16T06:56:13+00:00","article_modified_time":"2023-06-16T06:56:15+00:00","og_image":[{"width":1200,"height":630,"url":"https:\/\/kapitalis.com\/tunisie\/wp-content\/uploads\/2023\/06\/PDL-Ambassade-Italie.gif","type":"image\/gif"}],"author":"webmaster kapitalis","twitter_card":"summary_large_image","twitter_creator":"@KapitalisInfo","twitter_site":"@KapitalisInfo","twitter_misc":{"\u00c9crit par":"webmaster kapitalis","Dur\u00e9e de lecture estim\u00e9e":"2 minutes"},"schema":{"@context":"https:\/\/schema.org","@graph":[{"@type":"Article","@id":"https:\/\/kapitalis.com\/tunisie\/2023\/06\/16\/tunisie-union-europeenne-le-pdl-denonce-un-accord-passe-en-catimini\/#article","isPartOf":{"@id":"https:\/\/kapitalis.com\/tunisie\/2023\/06\/16\/tunisie-union-europeenne-le-pdl-denonce-un-accord-passe-en-catimini\/"},"author":{"name":"webmaster kapitalis","@id":"https:\/\/kapitalis.com\/tunisie\/#\/schema\/person\/d71f33a9ca44f7bad4698210b480c8e9"},"headline":"Tunisie &#8211; Union europ\u00e9enne\u00a0: le PDL d\u00e9nonce un \u00abaccord pass\u00e9 en catimini\u00bb","datePublished":"2023-06-16T06:56:13+00:00","dateModified":"2023-06-16T06:56:15+00:00","mainEntityOfPage":{"@id":"https:\/\/kapitalis.com\/tunisie\/2023\/06\/16\/tunisie-union-europeenne-le-pdl-denonce-un-accord-passe-en-catimini\/"},"wordCount":349,"commentCount":3,"publisher":{"@id":"https:\/\/kapitalis.com\/tunisie\/#organization"},"image":{"@id":"https:\/\/kapitalis.com\/tunisie\/2023\/06\/16\/tunisie-union-europeenne-le-pdl-denonce-un-accord-passe-en-catimini\/#primaryimage"},"thumbnailUrl":"https:\/\/kapitalis.com\/tunisie\/wp-content\/uploads\/2023\/06\/PDL-Ambassade-Italie.gif","keywords":["Abir Moussi","Giorgia Meloni","Ka\u00efs Sa\u00efed","Mark Rutte","Parti destourien libre","Tunisie","Union europ\u00e9enne","Ursula von der Leyen"],"articleSection":["POLITIQUE","Tunisie"],"inLanguage":"fr-FR","potentialAction":[{"@type":"CommentAction","name":"Comment","target":["https:\/\/kapitalis.com\/tunisie\/2023\/06\/16\/tunisie-union-europeenne-le-pdl-denonce-un-accord-passe-en-catimini\/#respond"]}]},{"@type":"WebPage","@id":"https:\/\/kapitalis.com\/tunisie\/2023\/06\/16\/tunisie-union-europeenne-le-pdl-denonce-un-accord-passe-en-catimini\/","url":"https:\/\/kapitalis.com\/tunisie\/2023\/06\/16\/tunisie-union-europeenne-le-pdl-denonce-un-accord-passe-en-catimini\/","name":"Tunisie - Union europ\u00e9enne\u00a0: le PDL d\u00e9nonce un \u00abaccord pass\u00e9 en catimini\u00bb - Kapitalis","isPartOf":{"@id":"https:\/\/kapitalis.com\/tunisie\/#website"},"primaryImageOfPage":{"@id":"https:\/\/kapitalis.com\/tunisie\/2023\/06\/16\/tunisie-union-europeenne-le-pdl-denonce-un-accord-passe-en-catimini\/#primaryimage"},"image":{"@id":"https:\/\/kapitalis.com\/tunisie\/2023\/06\/16\/tunisie-union-europeenne-le-pdl-denonce-un-accord-passe-en-catimini\/#primaryimage"},"thumbnailUrl":"https:\/\/kapitalis.com\/tunisie\/wp-content\/uploads\/2023\/06\/PDL-Ambassade-Italie.gif","datePublished":"2023-06-16T06:56:13+00:00","dateModified":"2023-06-16T06:56:15+00:00","breadcrumb":{"@id":"https:\/\/kapitalis.com\/tunisie\/2023\/06\/16\/tunisie-union-europeenne-le-pdl-denonce-un-accord-passe-en-catimini\/#breadcrumb"},"inLanguage":"fr-FR","potentialAction":[{"@type":"ReadAction","target":["https:\/\/kapitalis.com\/tunisie\/2023\/06\/16\/tunisie-union-europeenne-le-pdl-denonce-un-accord-passe-en-catimini\/"]}]},{"@type":"ImageObject","inLanguage":"fr-FR","@id":"https:\/\/kapitalis.com\/tunisie\/2023\/06\/16\/tunisie-union-europeenne-le-pdl-denonce-un-accord-passe-en-catimini\/#primaryimage","url":"https:\/\/kapitalis.com\/tunisie\/wp-content\/uploads\/2023\/06\/PDL-Ambassade-Italie.gif","contentUrl":"https:\/\/kapitalis.com\/tunisie\/wp-content\/uploads\/2023\/06\/PDL-Ambassade-Italie.gif","width":1200,"height":630},{"@type":"BreadcrumbList","@id":"https:\/\/kapitalis.com\/tunisie\/2023\/06\/16\/tunisie-union-europeenne-le-pdl-denonce-un-accord-passe-en-catimini\/#breadcrumb","itemListElement":[{"@type":"ListItem","position":1,"name":"Accueil","item":"https:\/\/kapitalis.com\/tunisie\/"},{"@type":"ListItem","position":2,"name":"Tunisie &#8211; Union europ\u00e9enne\u00a0: le PDL d\u00e9nonce un \u00abaccord pass\u00e9 en catimini\u00bb"}]},{"@type":"WebSite","@id":"https:\/\/kapitalis.com\/tunisie\/#website","url":"https:\/\/kapitalis.com\/tunisie\/","name":"Kapitalis","description":"L&#039;actualit\u00e9 en Tunisie et dans le monde","publisher":{"@id":"https:\/\/kapitalis.com\/tunisie\/#organization"},"potentialAction":[{"@type":"SearchAction","target":{"@type":"EntryPoint","urlTemplate":"https:\/\/kapitalis.com\/tunisie\/?s={search_term_string}"},"query-input":{"@type":"PropertyValueSpecification","valueRequired":true,"valueName":"search_term_string"}}],"inLanguage":"fr-FR"},{"@type":"Organization","@id":"https:\/\/kapitalis.com\/tunisie\/#organization","name":"Kapitalis","url":"https:\/\/kapitalis.com\/tunisie\/","logo":{"@type":"ImageObject","inLanguage":"fr-FR","@id":"https:\/\/kapitalis.com\/tunisie\/#\/schema\/logo\/image\/","url":"https:\/\/kapitalis.com\/tunisie\/wp-content\/uploads\/2022\/05\/Kapitalis-big-size.png","contentUrl":"https:\/\/kapitalis.com\/tunisie\/wp-content\/uploads\/2022\/05\/Kapitalis-big-size.png","width":5000,"height":1500,"caption":"Kapitalis"},"image":{"@id":"https:\/\/kapitalis.com\/tunisie\/#\/schema\/logo\/image\/"},"sameAs":["https:\/\/www.facebook.com\/KapitalisInfo\/","https:\/\/x.com\/KapitalisInfo","https:\/\/www.youtube.com\/channel\/UC-yDYrHyfFBWWZaOw3FPg9Q"]},{"@type":"Person","@id":"https:\/\/kapitalis.com\/tunisie\/#\/schema\/person\/d71f33a9ca44f7bad4698210b480c8e9","name":"webmaster kapitalis","url":"https:\/\/kapitalis.com\/tunisie\/author\/webmaster-kapitalis\/"}]}},"_links":{"self":[{"href":"https:\/\/kapitalis.com\/tunisie\/wp-json\/wp\/v2\/posts\/8377557","targetHints":{"allow":["GET"]}}],"collection":[{"href":"https:\/\/kapitalis.com\/tunisie\/wp-json\/wp\/v2\/posts"}],"about":[{"href":"https:\/\/kapitalis.com\/tunisie\/wp-json\/wp\/v2\/types\/post"}],"author":[{"embeddable":true,"href":"https:\/\/kapitalis.com\/tunisie\/wp-json\/wp\/v2\/users\/8"}],"replies":[{"embeddable":true,"href":"https:\/\/kapitalis.com\/tunisie\/wp-json\/wp\/v2\/comments?post=8377557"}],"version-history":[{"count":1,"href":"https:\/\/kapitalis.com\/tunisie\/wp-json\/wp\/v2\/posts\/8377557\/revisions"}],"predecessor-version":[{"id":8377616,"href":"https:\/\/kapitalis.com\/tunisie\/wp-json\/wp\/v2\/posts\/8377557\/revisions\/8377616"}],"wp:featuredmedia":[{"embeddable":true,"href":"https:\/\/kapitalis.com\/tunisie\/wp-json\/wp\/v2\/media\/8377585"}],"wp:attachment":[{"href":"https:\/\/kapitalis.com\/tunisie\/wp-json\/wp\/v2\/media?parent=8377557"}],"wp:term":[{"taxonomy":"category","embeddable":true,"href":"https:\/\/kapitalis.com\/tunisie\/wp-json\/wp\/v2\/categories?post=8377557"},{"taxonomy":"post_tag","embeddable":true,"href":"https:\/\/kapitalis.com\/tunisie\/wp-json\/wp\/v2\/tags?post=8377557"}],"curies":[{"name":"wp","href":"https:\/\/api.w.org\/{rel}","templated":true}]}}