{"id":8378527,"date":"2023-06-16T10:05:08","date_gmt":"2023-06-16T09:05:08","guid":{"rendered":"https:\/\/kapitalis.com\/tunisie\/?p=8378527"},"modified":"2023-06-16T10:05:10","modified_gmt":"2023-06-16T09:05:10","slug":"sonia-chamkhi-membre-du-jury-du-festival-du-film-arabe-de-bruxelles","status":"publish","type":"post","link":"https:\/\/kapitalis.com\/tunisie\/2023\/06\/16\/sonia-chamkhi-membre-du-jury-du-festival-du-film-arabe-de-bruxelles\/","title":{"rendered":"Sonia Chamkhi membre du jury du Festival du Film arabe de Bruxelles"},"content":{"rendered":"\n<p><em><strong>La cin\u00e9aste, \u00e9crivaine et universitaire tunisienne Sonia Chamkhi fera partie du jury de la prochaine \u00e9dition du Festival du Film arabe de Bruxelles (Aflam du Sud).<\/strong><\/em><\/p>\n\n\n\n<!--more-->\n\n\n\n<p>La 12<sup>e<\/sup> \u00e9dition du Festival du Film arabe de Bruxelles aura lieu du 10 au 13 octobre 2023 sous la direction artistique de Rachida Chbani. Il s\u2019agit d\u2019une manifestation cin\u00e9matographique comp\u00e9titive qui met en avant les derni\u00e8res productions du cin\u00e9ma d\u2019auteur arabe.<\/p>\n\n\n\n<p>Le festival comptera cette ann\u00e9e parmi son jury l\u2019universitaire, cin\u00e9aste, \u00e9crivaine et ancienne directrice des Journ\u00e9es cin\u00e9matographiques de Carthage Sonia Chamkhi. Le jury d\u00e9cernera les prix des meilleurs courts-m\u00e9trages, tandis que le public votera pour les meilleurs longs-m\u00e9trages.<\/p>\n\n\n\n<p class=\"has-text-align-right\"><strong>F.B<\/strong><\/p>\n","protected":false},"excerpt":{"rendered":"<p>La cin\u00e9aste, \u00e9crivaine et universitaire tunisienne Sonia Chamkhi fera partie du jury de la prochaine \u00e9dition du Festival du Film arabe de Bruxelles (Aflam du Sud).<\/p>\n","protected":false},"author":26,"featured_media":8378709,"comment_status":"open","ping_status":"open","sticky":false,"template":"","format":"standard","meta":{"footnotes":""},"categories":[994,2433],"tags":[109353,170,100759,14506,62643],"class_list":["post-8378527","post","type-post","status-publish","format-standard","has-post-thumbnail","hentry","category-culture","category-tunisie","tag-aflam-du-sud","tag-bruxelles","tag-festival-du-film-arabe","tag-sonia-chamkhi","tag-tunisie"],"yoast_head":"<!-- This site is optimized with the Yoast SEO plugin v26.6 - https:\/\/yoast.com\/wordpress\/plugins\/seo\/ -->\n<title>Sonia Chamkhi membre du jury du Festival du Film arabe de Bruxelles - Kapitalis<\/title>\n<meta name=\"robots\" content=\"index, follow, max-snippet:-1, max-image-preview:large, max-video-preview:-1\" \/>\n<link rel=\"canonical\" href=\"https:\/\/kapitalis.com\/tunisie\/2023\/06\/16\/sonia-chamkhi-membre-du-jury-du-festival-du-film-arabe-de-bruxelles\/\" \/>\n<meta property=\"og:locale\" content=\"fr_FR\" \/>\n<meta property=\"og:type\" content=\"article\" \/>\n<meta property=\"og:title\" content=\"Sonia Chamkhi membre du jury du Festival du Film arabe de Bruxelles - Kapitalis\" \/>\n<meta property=\"og:description\" content=\"La cin\u00e9aste, \u00e9crivaine et universitaire tunisienne Sonia Chamkhi fera partie du jury de la prochaine \u00e9dition du Festival du Film arabe de Bruxelles (Aflam du Sud).\" \/>\n<meta property=\"og:url\" content=\"https:\/\/kapitalis.com\/tunisie\/2023\/06\/16\/sonia-chamkhi-membre-du-jury-du-festival-du-film-arabe-de-bruxelles\/\" \/>\n<meta property=\"og:site_name\" content=\"Kapitalis\" \/>\n<meta property=\"article:publisher\" content=\"https:\/\/www.facebook.com\/KapitalisInfo\/\" \/>\n<meta property=\"article:published_time\" content=\"2023-06-16T09:05:08+00:00\" \/>\n<meta property=\"article:modified_time\" content=\"2023-06-16T09:05:10+00:00\" \/>\n<meta property=\"og:image\" content=\"https:\/\/kapitalis.com\/tunisie\/wp-content\/uploads\/2023\/06\/Festival-du-Cinema-arabe-_-Sonia-Chamkhi.jpg\" \/>\n\t<meta property=\"og:image:width\" content=\"1200\" \/>\n\t<meta property=\"og:image:height\" content=\"630\" \/>\n\t<meta property=\"og:image:type\" content=\"image\/jpeg\" \/>\n<meta name=\"author\" content=\"Fawz BenAli\" \/>\n<meta name=\"twitter:card\" content=\"summary_large_image\" \/>\n<meta name=\"twitter:creator\" content=\"@KapitalisInfo\" \/>\n<meta name=\"twitter:site\" content=\"@KapitalisInfo\" \/>\n<meta name=\"twitter:label1\" content=\"\u00c9crit par\" \/>\n\t<meta name=\"twitter:data1\" content=\"Fawz BenAli\" \/>\n\t<meta name=\"twitter:label2\" content=\"Dur\u00e9e de lecture estim\u00e9e\" \/>\n\t<meta name=\"twitter:data2\" content=\"1 minute\" \/>\n<script type=\"application\/ld+json\" class=\"yoast-schema-graph\">{\"@context\":\"https:\/\/schema.org\",\"@graph\":[{\"@type\":\"Article\",\"@id\":\"https:\/\/kapitalis.com\/tunisie\/2023\/06\/16\/sonia-chamkhi-membre-du-jury-du-festival-du-film-arabe-de-bruxelles\/#article\",\"isPartOf\":{\"@id\":\"https:\/\/kapitalis.com\/tunisie\/2023\/06\/16\/sonia-chamkhi-membre-du-jury-du-festival-du-film-arabe-de-bruxelles\/\"},\"author\":{\"name\":\"Fawz BenAli\",\"@id\":\"https:\/\/kapitalis.com\/tunisie\/#\/schema\/person\/73a5ecc1f6ae540c6ed91342eadca948\"},\"headline\":\"Sonia Chamkhi membre du jury du Festival du Film arabe de Bruxelles\",\"datePublished\":\"2023-06-16T09:05:08+00:00\",\"dateModified\":\"2023-06-16T09:05:10+00:00\",\"mainEntityOfPage\":{\"@id\":\"https:\/\/kapitalis.com\/tunisie\/2023\/06\/16\/sonia-chamkhi-membre-du-jury-du-festival-du-film-arabe-de-bruxelles\/\"},\"wordCount\":133,\"commentCount\":0,\"publisher\":{\"@id\":\"https:\/\/kapitalis.com\/tunisie\/#organization\"},\"image\":{\"@id\":\"https:\/\/kapitalis.com\/tunisie\/2023\/06\/16\/sonia-chamkhi-membre-du-jury-du-festival-du-film-arabe-de-bruxelles\/#primaryimage\"},\"thumbnailUrl\":\"https:\/\/kapitalis.com\/tunisie\/wp-content\/uploads\/2023\/06\/Festival-du-Cinema-arabe-_-Sonia-Chamkhi.jpg\",\"keywords\":[\"Aflam du Sud\",\"Bruxelles\",\"Festival du film arabe\",\"Sonia Chamkhi\",\"Tunisie\"],\"articleSection\":[\"CULTURE\",\"Tunisie\"],\"inLanguage\":\"fr-FR\",\"potentialAction\":[{\"@type\":\"CommentAction\",\"name\":\"Comment\",\"target\":[\"https:\/\/kapitalis.com\/tunisie\/2023\/06\/16\/sonia-chamkhi-membre-du-jury-du-festival-du-film-arabe-de-bruxelles\/#respond\"]}]},{\"@type\":\"WebPage\",\"@id\":\"https:\/\/kapitalis.com\/tunisie\/2023\/06\/16\/sonia-chamkhi-membre-du-jury-du-festival-du-film-arabe-de-bruxelles\/\",\"url\":\"https:\/\/kapitalis.com\/tunisie\/2023\/06\/16\/sonia-chamkhi-membre-du-jury-du-festival-du-film-arabe-de-bruxelles\/\",\"name\":\"Sonia Chamkhi membre du jury du Festival du Film arabe de Bruxelles - Kapitalis\",\"isPartOf\":{\"@id\":\"https:\/\/kapitalis.com\/tunisie\/#website\"},\"primaryImageOfPage\":{\"@id\":\"https:\/\/kapitalis.com\/tunisie\/2023\/06\/16\/sonia-chamkhi-membre-du-jury-du-festival-du-film-arabe-de-bruxelles\/#primaryimage\"},\"image\":{\"@id\":\"https:\/\/kapitalis.com\/tunisie\/2023\/06\/16\/sonia-chamkhi-membre-du-jury-du-festival-du-film-arabe-de-bruxelles\/#primaryimage\"},\"thumbnailUrl\":\"https:\/\/kapitalis.com\/tunisie\/wp-content\/uploads\/2023\/06\/Festival-du-Cinema-arabe-_-Sonia-Chamkhi.jpg\",\"datePublished\":\"2023-06-16T09:05:08+00:00\",\"dateModified\":\"2023-06-16T09:05:10+00:00\",\"breadcrumb\":{\"@id\":\"https:\/\/kapitalis.com\/tunisie\/2023\/06\/16\/sonia-chamkhi-membre-du-jury-du-festival-du-film-arabe-de-bruxelles\/#breadcrumb\"},\"inLanguage\":\"fr-FR\",\"potentialAction\":[{\"@type\":\"ReadAction\",\"target\":[\"https:\/\/kapitalis.com\/tunisie\/2023\/06\/16\/sonia-chamkhi-membre-du-jury-du-festival-du-film-arabe-de-bruxelles\/\"]}]},{\"@type\":\"ImageObject\",\"inLanguage\":\"fr-FR\",\"@id\":\"https:\/\/kapitalis.com\/tunisie\/2023\/06\/16\/sonia-chamkhi-membre-du-jury-du-festival-du-film-arabe-de-bruxelles\/#primaryimage\",\"url\":\"https:\/\/kapitalis.com\/tunisie\/wp-content\/uploads\/2023\/06\/Festival-du-Cinema-arabe-_-Sonia-Chamkhi.jpg\",\"contentUrl\":\"https:\/\/kapitalis.com\/tunisie\/wp-content\/uploads\/2023\/06\/Festival-du-Cinema-arabe-_-Sonia-Chamkhi.jpg\",\"width\":1200,\"height\":630},{\"@type\":\"BreadcrumbList\",\"@id\":\"https:\/\/kapitalis.com\/tunisie\/2023\/06\/16\/sonia-chamkhi-membre-du-jury-du-festival-du-film-arabe-de-bruxelles\/#breadcrumb\",\"itemListElement\":[{\"@type\":\"ListItem\",\"position\":1,\"name\":\"Accueil\",\"item\":\"https:\/\/kapitalis.com\/tunisie\/\"},{\"@type\":\"ListItem\",\"position\":2,\"name\":\"Sonia Chamkhi membre du jury du Festival du Film arabe de Bruxelles\"}]},{\"@type\":\"WebSite\",\"@id\":\"https:\/\/kapitalis.com\/tunisie\/#website\",\"url\":\"https:\/\/kapitalis.com\/tunisie\/\",\"name\":\"Kapitalis\",\"description\":\"L&#039;actualit\u00e9 en Tunisie et dans le monde\",\"publisher\":{\"@id\":\"https:\/\/kapitalis.com\/tunisie\/#organization\"},\"potentialAction\":[{\"@type\":\"SearchAction\",\"target\":{\"@type\":\"EntryPoint\",\"urlTemplate\":\"https:\/\/kapitalis.com\/tunisie\/?s={search_term_string}\"},\"query-input\":{\"@type\":\"PropertyValueSpecification\",\"valueRequired\":true,\"valueName\":\"search_term_string\"}}],\"inLanguage\":\"fr-FR\"},{\"@type\":\"Organization\",\"@id\":\"https:\/\/kapitalis.com\/tunisie\/#organization\",\"name\":\"Kapitalis\",\"url\":\"https:\/\/kapitalis.com\/tunisie\/\",\"logo\":{\"@type\":\"ImageObject\",\"inLanguage\":\"fr-FR\",\"@id\":\"https:\/\/kapitalis.com\/tunisie\/#\/schema\/logo\/image\/\",\"url\":\"https:\/\/kapitalis.com\/tunisie\/wp-content\/uploads\/2022\/05\/Kapitalis-big-size.png\",\"contentUrl\":\"https:\/\/kapitalis.com\/tunisie\/wp-content\/uploads\/2022\/05\/Kapitalis-big-size.png\",\"width\":5000,\"height\":1500,\"caption\":\"Kapitalis\"},\"image\":{\"@id\":\"https:\/\/kapitalis.com\/tunisie\/#\/schema\/logo\/image\/\"},\"sameAs\":[\"https:\/\/www.facebook.com\/KapitalisInfo\/\",\"https:\/\/x.com\/KapitalisInfo\",\"https:\/\/www.youtube.com\/channel\/UC-yDYrHyfFBWWZaOw3FPg9Q\"]},{\"@type\":\"Person\",\"@id\":\"https:\/\/kapitalis.com\/tunisie\/#\/schema\/person\/73a5ecc1f6ae540c6ed91342eadca948\",\"name\":\"Fawz BenAli\",\"url\":\"https:\/\/kapitalis.com\/tunisie\/author\/fawz\/\"}]}<\/script>\n<!-- \/ Yoast SEO plugin. -->","yoast_head_json":{"title":"Sonia Chamkhi membre du jury du Festival du Film arabe de Bruxelles - Kapitalis","robots":{"index":"index","follow":"follow","max-snippet":"max-snippet:-1","max-image-preview":"max-image-preview:large","max-video-preview":"max-video-preview:-1"},"canonical":"https:\/\/kapitalis.com\/tunisie\/2023\/06\/16\/sonia-chamkhi-membre-du-jury-du-festival-du-film-arabe-de-bruxelles\/","og_locale":"fr_FR","og_type":"article","og_title":"Sonia Chamkhi membre du jury du Festival du Film arabe de Bruxelles - Kapitalis","og_description":"La cin\u00e9aste, \u00e9crivaine et universitaire tunisienne Sonia Chamkhi fera partie du jury de la prochaine \u00e9dition du Festival du Film arabe de Bruxelles (Aflam du Sud).","og_url":"https:\/\/kapitalis.com\/tunisie\/2023\/06\/16\/sonia-chamkhi-membre-du-jury-du-festival-du-film-arabe-de-bruxelles\/","og_site_name":"Kapitalis","article_publisher":"https:\/\/www.facebook.com\/KapitalisInfo\/","article_published_time":"2023-06-16T09:05:08+00:00","article_modified_time":"2023-06-16T09:05:10+00:00","og_image":[{"width":1200,"height":630,"url":"https:\/\/kapitalis.com\/tunisie\/wp-content\/uploads\/2023\/06\/Festival-du-Cinema-arabe-_-Sonia-Chamkhi.jpg","type":"image\/jpeg"}],"author":"Fawz BenAli","twitter_card":"summary_large_image","twitter_creator":"@KapitalisInfo","twitter_site":"@KapitalisInfo","twitter_misc":{"\u00c9crit par":"Fawz BenAli","Dur\u00e9e de lecture estim\u00e9e":"1 minute"},"schema":{"@context":"https:\/\/schema.org","@graph":[{"@type":"Article","@id":"https:\/\/kapitalis.com\/tunisie\/2023\/06\/16\/sonia-chamkhi-membre-du-jury-du-festival-du-film-arabe-de-bruxelles\/#article","isPartOf":{"@id":"https:\/\/kapitalis.com\/tunisie\/2023\/06\/16\/sonia-chamkhi-membre-du-jury-du-festival-du-film-arabe-de-bruxelles\/"},"author":{"name":"Fawz BenAli","@id":"https:\/\/kapitalis.com\/tunisie\/#\/schema\/person\/73a5ecc1f6ae540c6ed91342eadca948"},"headline":"Sonia Chamkhi membre du jury du Festival du Film arabe de Bruxelles","datePublished":"2023-06-16T09:05:08+00:00","dateModified":"2023-06-16T09:05:10+00:00","mainEntityOfPage":{"@id":"https:\/\/kapitalis.com\/tunisie\/2023\/06\/16\/sonia-chamkhi-membre-du-jury-du-festival-du-film-arabe-de-bruxelles\/"},"wordCount":133,"commentCount":0,"publisher":{"@id":"https:\/\/kapitalis.com\/tunisie\/#organization"},"image":{"@id":"https:\/\/kapitalis.com\/tunisie\/2023\/06\/16\/sonia-chamkhi-membre-du-jury-du-festival-du-film-arabe-de-bruxelles\/#primaryimage"},"thumbnailUrl":"https:\/\/kapitalis.com\/tunisie\/wp-content\/uploads\/2023\/06\/Festival-du-Cinema-arabe-_-Sonia-Chamkhi.jpg","keywords":["Aflam du Sud","Bruxelles","Festival du film arabe","Sonia Chamkhi","Tunisie"],"articleSection":["CULTURE","Tunisie"],"inLanguage":"fr-FR","potentialAction":[{"@type":"CommentAction","name":"Comment","target":["https:\/\/kapitalis.com\/tunisie\/2023\/06\/16\/sonia-chamkhi-membre-du-jury-du-festival-du-film-arabe-de-bruxelles\/#respond"]}]},{"@type":"WebPage","@id":"https:\/\/kapitalis.com\/tunisie\/2023\/06\/16\/sonia-chamkhi-membre-du-jury-du-festival-du-film-arabe-de-bruxelles\/","url":"https:\/\/kapitalis.com\/tunisie\/2023\/06\/16\/sonia-chamkhi-membre-du-jury-du-festival-du-film-arabe-de-bruxelles\/","name":"Sonia Chamkhi membre du jury du Festival du Film arabe de Bruxelles - Kapitalis","isPartOf":{"@id":"https:\/\/kapitalis.com\/tunisie\/#website"},"primaryImageOfPage":{"@id":"https:\/\/kapitalis.com\/tunisie\/2023\/06\/16\/sonia-chamkhi-membre-du-jury-du-festival-du-film-arabe-de-bruxelles\/#primaryimage"},"image":{"@id":"https:\/\/kapitalis.com\/tunisie\/2023\/06\/16\/sonia-chamkhi-membre-du-jury-du-festival-du-film-arabe-de-bruxelles\/#primaryimage"},"thumbnailUrl":"https:\/\/kapitalis.com\/tunisie\/wp-content\/uploads\/2023\/06\/Festival-du-Cinema-arabe-_-Sonia-Chamkhi.jpg","datePublished":"2023-06-16T09:05:08+00:00","dateModified":"2023-06-16T09:05:10+00:00","breadcrumb":{"@id":"https:\/\/kapitalis.com\/tunisie\/2023\/06\/16\/sonia-chamkhi-membre-du-jury-du-festival-du-film-arabe-de-bruxelles\/#breadcrumb"},"inLanguage":"fr-FR","potentialAction":[{"@type":"ReadAction","target":["https:\/\/kapitalis.com\/tunisie\/2023\/06\/16\/sonia-chamkhi-membre-du-jury-du-festival-du-film-arabe-de-bruxelles\/"]}]},{"@type":"ImageObject","inLanguage":"fr-FR","@id":"https:\/\/kapitalis.com\/tunisie\/2023\/06\/16\/sonia-chamkhi-membre-du-jury-du-festival-du-film-arabe-de-bruxelles\/#primaryimage","url":"https:\/\/kapitalis.com\/tunisie\/wp-content\/uploads\/2023\/06\/Festival-du-Cinema-arabe-_-Sonia-Chamkhi.jpg","contentUrl":"https:\/\/kapitalis.com\/tunisie\/wp-content\/uploads\/2023\/06\/Festival-du-Cinema-arabe-_-Sonia-Chamkhi.jpg","width":1200,"height":630},{"@type":"BreadcrumbList","@id":"https:\/\/kapitalis.com\/tunisie\/2023\/06\/16\/sonia-chamkhi-membre-du-jury-du-festival-du-film-arabe-de-bruxelles\/#breadcrumb","itemListElement":[{"@type":"ListItem","position":1,"name":"Accueil","item":"https:\/\/kapitalis.com\/tunisie\/"},{"@type":"ListItem","position":2,"name":"Sonia Chamkhi membre du jury du Festival du Film arabe de Bruxelles"}]},{"@type":"WebSite","@id":"https:\/\/kapitalis.com\/tunisie\/#website","url":"https:\/\/kapitalis.com\/tunisie\/","name":"Kapitalis","description":"L&#039;actualit\u00e9 en Tunisie et dans le monde","publisher":{"@id":"https:\/\/kapitalis.com\/tunisie\/#organization"},"potentialAction":[{"@type":"SearchAction","target":{"@type":"EntryPoint","urlTemplate":"https:\/\/kapitalis.com\/tunisie\/?s={search_term_string}"},"query-input":{"@type":"PropertyValueSpecification","valueRequired":true,"valueName":"search_term_string"}}],"inLanguage":"fr-FR"},{"@type":"Organization","@id":"https:\/\/kapitalis.com\/tunisie\/#organization","name":"Kapitalis","url":"https:\/\/kapitalis.com\/tunisie\/","logo":{"@type":"ImageObject","inLanguage":"fr-FR","@id":"https:\/\/kapitalis.com\/tunisie\/#\/schema\/logo\/image\/","url":"https:\/\/kapitalis.com\/tunisie\/wp-content\/uploads\/2022\/05\/Kapitalis-big-size.png","contentUrl":"https:\/\/kapitalis.com\/tunisie\/wp-content\/uploads\/2022\/05\/Kapitalis-big-size.png","width":5000,"height":1500,"caption":"Kapitalis"},"image":{"@id":"https:\/\/kapitalis.com\/tunisie\/#\/schema\/logo\/image\/"},"sameAs":["https:\/\/www.facebook.com\/KapitalisInfo\/","https:\/\/x.com\/KapitalisInfo","https:\/\/www.youtube.com\/channel\/UC-yDYrHyfFBWWZaOw3FPg9Q"]},{"@type":"Person","@id":"https:\/\/kapitalis.com\/tunisie\/#\/schema\/person\/73a5ecc1f6ae540c6ed91342eadca948","name":"Fawz BenAli","url":"https:\/\/kapitalis.com\/tunisie\/author\/fawz\/"}]}},"_links":{"self":[{"href":"https:\/\/kapitalis.com\/tunisie\/wp-json\/wp\/v2\/posts\/8378527","targetHints":{"allow":["GET"]}}],"collection":[{"href":"https:\/\/kapitalis.com\/tunisie\/wp-json\/wp\/v2\/posts"}],"about":[{"href":"https:\/\/kapitalis.com\/tunisie\/wp-json\/wp\/v2\/types\/post"}],"author":[{"embeddable":true,"href":"https:\/\/kapitalis.com\/tunisie\/wp-json\/wp\/v2\/users\/26"}],"replies":[{"embeddable":true,"href":"https:\/\/kapitalis.com\/tunisie\/wp-json\/wp\/v2\/comments?post=8378527"}],"version-history":[{"count":1,"href":"https:\/\/kapitalis.com\/tunisie\/wp-json\/wp\/v2\/posts\/8378527\/revisions"}],"predecessor-version":[{"id":8378716,"href":"https:\/\/kapitalis.com\/tunisie\/wp-json\/wp\/v2\/posts\/8378527\/revisions\/8378716"}],"wp:featuredmedia":[{"embeddable":true,"href":"https:\/\/kapitalis.com\/tunisie\/wp-json\/wp\/v2\/media\/8378709"}],"wp:attachment":[{"href":"https:\/\/kapitalis.com\/tunisie\/wp-json\/wp\/v2\/media?parent=8378527"}],"wp:term":[{"taxonomy":"category","embeddable":true,"href":"https:\/\/kapitalis.com\/tunisie\/wp-json\/wp\/v2\/categories?post=8378527"},{"taxonomy":"post_tag","embeddable":true,"href":"https:\/\/kapitalis.com\/tunisie\/wp-json\/wp\/v2\/tags?post=8378527"}],"curies":[{"name":"wp","href":"https:\/\/api.w.org\/{rel}","templated":true}]}}