{"id":8386,"date":"2015-07-31T16:27:39","date_gmt":"2015-07-31T15:27:39","guid":{"rendered":"http:\/\/kapitalis.com\/tunisie\/?p=8386"},"modified":"2015-07-31T16:27:39","modified_gmt":"2015-07-31T15:27:39","slug":"chez-economic-auto-la-nouvelle-mazda-2-a-partir-de-37-400-dt","status":"publish","type":"post","link":"https:\/\/kapitalis.com\/tunisie\/2015\/07\/31\/chez-economic-auto-la-nouvelle-mazda-2-a-partir-de-37-400-dt\/","title":{"rendered":"Chez Economic Auto, la nouvelle Mazda 2 \u00e0 partir de 37.400 DT"},"content":{"rendered":"<p><img loading=\"lazy\" decoding=\"async\" class=\"aligncenter size-full wp-image-8387\" src=\"http:\/\/kapitalis.com\/tunisie\/wp-content\/uploads\/2015\/07\/Mazda-2.jpg\" alt=\"Mazda-2\" width=\"626\" height=\"380\" \/><\/p>\n<p><em><strong>Economic Auto, distributeur de la marque japonaise Mazda en Tunisie, vient de mettre en vente la nouvelle Mazda 2 \u00e0 partir de 37.400 dinars (DT).<\/strong> <\/em><\/p>\n<p><!--more--><\/p>\n<p>Citadine \u00e9nergique, pleine de caract\u00e8re et tr\u00e8s s\u00e9duisante, la nouvelle Mazda 2 sort du lot pour sa r\u00e9activit\u00e9 et la facilit\u00e9 de sa conduite, aussi bien en ville que sur autoroute.<\/p>\n<p>Allie performance et faible consommation, elle se caract\u00e9rise par sa technologie de pointe et sa connectivit\u00e9 avanc\u00e9e.<\/p>\n<p><strong>L\u2019\u00e2me du mouvement<\/strong><\/p>\n<p>Le design de la nouvelle Mazda 2 lui permet de se d\u00e9marquer et d\u2019attirer les regards. Son style accrocheur se fonde sur la philosophie de design Kodo ou \u00ab\u00e2me du mouvement\u00bb : les lignes fluides et muscl\u00e9es de sa carrosserie laissent transpara\u00eetre une voiture robuste et de caract\u00e8re.<\/p>\n<p>A l&rsquo;avant, elle se distingue par ses projecteurs surbaiss\u00e9s au regard per\u00e7ant et sa calandre embl\u00e9matique des mod\u00e8les de la marque. Adoptant un concept d\u2019\u00e9clairage \u00e0 quatre lampes LED, associ\u00e9 \u00e0 une signature visuelle de forme arrondie, ses projecteurs contribuent \u00e0 rehausser le caract\u00e8re dynamique de sa face avant. A l\u2019arri\u00e8re, ses blocs-feux arri\u00e8re horizontaux se fondent parfaitement dans le hayon, affichant une signature visuelle imm\u00e9diatement reconnaissable.<\/p>\n<p>A l&rsquo;int\u00e9rieur, la nouvelle Mazda 2 se r\u00e9v\u00e8le \u00e9tonnamment spacieuse. Elle a r\u00e9ussi \u00e0 gagner de la place, en optimisant la forme de la planche de bord, en amincissant les dossiers de si\u00e8ge et en affinant les appui-t\u00eates. Les designers ont \u00e9galement r\u00e9ussi \u00e0 rehausser la qualit\u00e9 de finition du design int\u00e9rieur, \u00e0 la fois sportif et sophistiqu\u00e9.<\/p>\n<p><strong>Connectivit\u00e9 embarqu\u00e9e : MZD Connect<\/strong><\/p>\n<p>Le MZD Connect d\u00e9velopp\u00e9 par Mazda permet d\u2019interagir avec son smartphone et on peut acc\u00e9der facilement et en toute s\u00e9curit\u00e9 \u00e0 sa musique et \u00e0 ses messages via les t\u00e9l\u00e9phones mobiles compatibles, dans le confort d\u2019un habitacle haut de gamme.<\/p>\n<p>Le large \u00e9cran tactile couleur de 7\u2019\u2019 combin\u00e9 au \u00ab\u00a0Multimedia Commander\u00a0\u00bb sont con\u00e7us pour assurer une ma\u00eetrise avec un effort minimal, afin de laisser le conducteur concentr\u00e9 sur la route.<\/p>\n<p>La nouvelle Mazda 2 int\u00e8gre toutes les technologies Skyactiv refusant ainsi tout compromis en termes de performances et de consommation.<\/p>\n<p>Son ch\u00e2ssis Skyactiv se distingue par son excellente tenue de route et sa stabilit\u00e9, et garantit une maniabilit\u00e9 optimale ainsi que des sensations de puissance et de fluidit\u00e9.<\/p>\n<p>La motorisation 1.5 Skyactiv offre une combinaison \u00e9quilibr\u00e9e de performances et de sobri\u00e9t\u00e9, id\u00e9ale pour la conduite en ville comme sur autoroute.<\/p>\n<p>Et gr\u00e2ce \u00e0 ses liaisons au sol et \u00e0 sa structure de caisse Skyactiv, la nouvelle Mazda 2 est parmi les premiers mod\u00e8les de sa cat\u00e9gorie \u00e0 offrir une r\u00e9activit\u00e9 et une s\u00e9curit\u00e9 passive d\u2019un tel niveau. Compl\u00e9ment id\u00e9al des motorisations Skyactiv, ces organes structurels conf\u00e8rent \u00e0 la toute nouvelle Mazda 2 un niveau de confort de conduite in\u00e9gal\u00e9 sur son segment auquel viennent s&rsquo;ajouter une remarquable man\u0153uvrabilit\u00e9 \u00e0 faible vitesse et une excellente stabilit\u00e9 \u00e0 vitesse \u00e9lev\u00e9e.<\/p>\n<p><strong>Trois finitions d\u00e8s le lancement<\/strong><\/p>\n<p>Pour le lancement de la nouvelle Mazda 2, le concessionnaire Economic Auto propose sa citadine en deux carrosseries Sedan et Hatchback, toutes deux \u00e9quip\u00e9es de la motorisation 1.5 Skyactiv 107 chevaux.<\/p>\n<p>La version Sedan ou berline est propos\u00e9e en bo\u00eete manuelle \u00e0 6 rapports \u00e0 37.700 DT. Elle dispose en outre de l\u2019allumage automatique des feux, d\u2019une cam\u00e9ra de recul, de jantes en alliage de 16 pouces, d\u2019un r\u00e9gulateur de vitesse, du climatronic, ou encore d\u2019un \u00e9cran tactile en couleur 7 pouces avec molette de commande.<\/p>\n<p>La version Hatchback ou compacte est propos\u00e9e en 2 versions avec bo\u00eete de vitesse manuelle ou automatique. La version \u00e9quip\u00e9e de la bo\u00eete manuelle est commercialis\u00e9e \u00e0 37.400 DT, et propose les m\u00eames \u00e9quipements que la version Sedan.<\/p>\n<p>La version Hatchback \u00e9quip\u00e9e de la bo\u00eete automatique \u00e0 6 rapports et commercialis\u00e9e \u00e0 42.500 DT, propose des phares \u00e0 LED en plus des feux de jour automatiques, une sellerie Cuir &amp;Tissu, ainsi qu\u2019\u00a0\u00bbun Kit Colour Package\u00a0\u00bb, sans oublier \u00ab\u00a0le s\u00e9lecteur du mode sport\u00a0\u00bb pour une conduite plus dynamique.<\/p>\n<p>Economic Auto est une filiale d\u2019UADH, la holding automobile du Groupe Loukil.<\/p>\n<p style=\"text-align: right;\"><strong>I. B.<\/strong> (avec communiqu\u00e9).<\/p>\n","protected":false},"excerpt":{"rendered":"<p>Economic Auto, distributeur de la marque japonaise Mazda en Tunisie, vient de mettre en vente la nouvelle Mazda 2 \u00e0 partir de 37.400 dinars (DT).<\/p>\n","protected":false},"author":5,"featured_media":8387,"comment_status":"open","ping_status":"open","sticky":false,"template":"","format":"standard","meta":{"footnotes":""},"categories":[993,2433],"tags":[1375,300,933],"class_list":["post-8386","post","type-post","status-publish","format-standard","has-post-thumbnail","hentry","category-conso","category-tunisie","tag-citadine","tag-economic-auto","tag-uadh"],"yoast_head":"<!-- This site is optimized with the Yoast SEO plugin v26.6 - https:\/\/yoast.com\/wordpress\/plugins\/seo\/ -->\n<title>Chez Economic Auto, la nouvelle Mazda 2 \u00e0 partir de 37.400 DT - Kapitalis<\/title>\n<meta name=\"robots\" content=\"index, follow, max-snippet:-1, max-image-preview:large, max-video-preview:-1\" \/>\n<link rel=\"canonical\" href=\"https:\/\/kapitalis.com\/tunisie\/2015\/07\/31\/chez-economic-auto-la-nouvelle-mazda-2-a-partir-de-37-400-dt\/\" \/>\n<meta property=\"og:locale\" content=\"fr_FR\" \/>\n<meta property=\"og:type\" content=\"article\" \/>\n<meta property=\"og:title\" content=\"Chez Economic Auto, la nouvelle Mazda 2 \u00e0 partir de 37.400 DT - Kapitalis\" \/>\n<meta property=\"og:description\" content=\"Economic Auto, distributeur de la marque japonaise Mazda en Tunisie, vient de mettre en vente la nouvelle Mazda 2 \u00e0 partir de 37.400 dinars (DT).\" \/>\n<meta property=\"og:url\" content=\"https:\/\/kapitalis.com\/tunisie\/2015\/07\/31\/chez-economic-auto-la-nouvelle-mazda-2-a-partir-de-37-400-dt\/\" \/>\n<meta property=\"og:site_name\" content=\"Kapitalis\" \/>\n<meta property=\"article:publisher\" content=\"https:\/\/www.facebook.com\/KapitalisInfo\/\" \/>\n<meta property=\"article:published_time\" content=\"2015-07-31T15:27:39+00:00\" \/>\n<meta property=\"og:image\" content=\"https:\/\/kapitalis.com\/tunisie\/wp-content\/uploads\/2022\/05\/kapitalis-logo-fb.png\" \/>\n\t<meta property=\"og:image:width\" content=\"1200\" \/>\n\t<meta property=\"og:image:height\" content=\"630\" \/>\n\t<meta property=\"og:image:type\" content=\"image\/png\" \/>\n<meta name=\"author\" content=\"Ridha Elkefi\" \/>\n<meta name=\"twitter:card\" content=\"summary_large_image\" \/>\n<meta name=\"twitter:creator\" content=\"@KapitalisInfo\" \/>\n<meta name=\"twitter:site\" content=\"@KapitalisInfo\" \/>\n<meta name=\"twitter:label1\" content=\"\u00c9crit par\" \/>\n\t<meta name=\"twitter:data1\" content=\"Ridha Elkefi\" \/>\n\t<meta name=\"twitter:label2\" content=\"Dur\u00e9e de lecture estim\u00e9e\" \/>\n\t<meta name=\"twitter:data2\" content=\"4 minutes\" \/>\n<script type=\"application\/ld+json\" class=\"yoast-schema-graph\">{\"@context\":\"https:\/\/schema.org\",\"@graph\":[{\"@type\":\"Article\",\"@id\":\"https:\/\/kapitalis.com\/tunisie\/2015\/07\/31\/chez-economic-auto-la-nouvelle-mazda-2-a-partir-de-37-400-dt\/#article\",\"isPartOf\":{\"@id\":\"https:\/\/kapitalis.com\/tunisie\/2015\/07\/31\/chez-economic-auto-la-nouvelle-mazda-2-a-partir-de-37-400-dt\/\"},\"author\":{\"name\":\"Ridha Elkefi\",\"@id\":\"https:\/\/kapitalis.com\/tunisie\/#\/schema\/person\/16627fc9b2fc0116230e88af071eebab\"},\"headline\":\"Chez Economic Auto, la nouvelle Mazda 2 \u00e0 partir de 37.400 DT\",\"datePublished\":\"2015-07-31T15:27:39+00:00\",\"mainEntityOfPage\":{\"@id\":\"https:\/\/kapitalis.com\/tunisie\/2015\/07\/31\/chez-economic-auto-la-nouvelle-mazda-2-a-partir-de-37-400-dt\/\"},\"wordCount\":711,\"commentCount\":0,\"publisher\":{\"@id\":\"https:\/\/kapitalis.com\/tunisie\/#organization\"},\"image\":{\"@id\":\"https:\/\/kapitalis.com\/tunisie\/2015\/07\/31\/chez-economic-auto-la-nouvelle-mazda-2-a-partir-de-37-400-dt\/#primaryimage\"},\"thumbnailUrl\":\"\",\"keywords\":[\"citadine\",\"Economic Auto\",\"UADH\"],\"articleSection\":[\"CONSO\",\"Tunisie\"],\"inLanguage\":\"fr-FR\",\"potentialAction\":[{\"@type\":\"CommentAction\",\"name\":\"Comment\",\"target\":[\"https:\/\/kapitalis.com\/tunisie\/2015\/07\/31\/chez-economic-auto-la-nouvelle-mazda-2-a-partir-de-37-400-dt\/#respond\"]}]},{\"@type\":\"WebPage\",\"@id\":\"https:\/\/kapitalis.com\/tunisie\/2015\/07\/31\/chez-economic-auto-la-nouvelle-mazda-2-a-partir-de-37-400-dt\/\",\"url\":\"https:\/\/kapitalis.com\/tunisie\/2015\/07\/31\/chez-economic-auto-la-nouvelle-mazda-2-a-partir-de-37-400-dt\/\",\"name\":\"Chez Economic Auto, la nouvelle Mazda 2 \u00e0 partir de 37.400 DT - Kapitalis\",\"isPartOf\":{\"@id\":\"https:\/\/kapitalis.com\/tunisie\/#website\"},\"primaryImageOfPage\":{\"@id\":\"https:\/\/kapitalis.com\/tunisie\/2015\/07\/31\/chez-economic-auto-la-nouvelle-mazda-2-a-partir-de-37-400-dt\/#primaryimage\"},\"image\":{\"@id\":\"https:\/\/kapitalis.com\/tunisie\/2015\/07\/31\/chez-economic-auto-la-nouvelle-mazda-2-a-partir-de-37-400-dt\/#primaryimage\"},\"thumbnailUrl\":\"\",\"datePublished\":\"2015-07-31T15:27:39+00:00\",\"breadcrumb\":{\"@id\":\"https:\/\/kapitalis.com\/tunisie\/2015\/07\/31\/chez-economic-auto-la-nouvelle-mazda-2-a-partir-de-37-400-dt\/#breadcrumb\"},\"inLanguage\":\"fr-FR\",\"potentialAction\":[{\"@type\":\"ReadAction\",\"target\":[\"https:\/\/kapitalis.com\/tunisie\/2015\/07\/31\/chez-economic-auto-la-nouvelle-mazda-2-a-partir-de-37-400-dt\/\"]}]},{\"@type\":\"ImageObject\",\"inLanguage\":\"fr-FR\",\"@id\":\"https:\/\/kapitalis.com\/tunisie\/2015\/07\/31\/chez-economic-auto-la-nouvelle-mazda-2-a-partir-de-37-400-dt\/#primaryimage\",\"url\":\"\",\"contentUrl\":\"\"},{\"@type\":\"BreadcrumbList\",\"@id\":\"https:\/\/kapitalis.com\/tunisie\/2015\/07\/31\/chez-economic-auto-la-nouvelle-mazda-2-a-partir-de-37-400-dt\/#breadcrumb\",\"itemListElement\":[{\"@type\":\"ListItem\",\"position\":1,\"name\":\"Accueil\",\"item\":\"https:\/\/kapitalis.com\/tunisie\/\"},{\"@type\":\"ListItem\",\"position\":2,\"name\":\"Chez Economic Auto, la nouvelle Mazda 2 \u00e0 partir de 37.400 DT\"}]},{\"@type\":\"WebSite\",\"@id\":\"https:\/\/kapitalis.com\/tunisie\/#website\",\"url\":\"https:\/\/kapitalis.com\/tunisie\/\",\"name\":\"Kapitalis\",\"description\":\"L&#039;actualit\u00e9 en Tunisie et dans le monde\",\"publisher\":{\"@id\":\"https:\/\/kapitalis.com\/tunisie\/#organization\"},\"potentialAction\":[{\"@type\":\"SearchAction\",\"target\":{\"@type\":\"EntryPoint\",\"urlTemplate\":\"https:\/\/kapitalis.com\/tunisie\/?s={search_term_string}\"},\"query-input\":{\"@type\":\"PropertyValueSpecification\",\"valueRequired\":true,\"valueName\":\"search_term_string\"}}],\"inLanguage\":\"fr-FR\"},{\"@type\":\"Organization\",\"@id\":\"https:\/\/kapitalis.com\/tunisie\/#organization\",\"name\":\"Kapitalis\",\"url\":\"https:\/\/kapitalis.com\/tunisie\/\",\"logo\":{\"@type\":\"ImageObject\",\"inLanguage\":\"fr-FR\",\"@id\":\"https:\/\/kapitalis.com\/tunisie\/#\/schema\/logo\/image\/\",\"url\":\"https:\/\/kapitalis.com\/tunisie\/wp-content\/uploads\/2022\/05\/Kapitalis-big-size.png\",\"contentUrl\":\"https:\/\/kapitalis.com\/tunisie\/wp-content\/uploads\/2022\/05\/Kapitalis-big-size.png\",\"width\":5000,\"height\":1500,\"caption\":\"Kapitalis\"},\"image\":{\"@id\":\"https:\/\/kapitalis.com\/tunisie\/#\/schema\/logo\/image\/\"},\"sameAs\":[\"https:\/\/www.facebook.com\/KapitalisInfo\/\",\"https:\/\/x.com\/KapitalisInfo\",\"https:\/\/www.youtube.com\/channel\/UC-yDYrHyfFBWWZaOw3FPg9Q\"]},{\"@type\":\"Person\",\"@id\":\"https:\/\/kapitalis.com\/tunisie\/#\/schema\/person\/16627fc9b2fc0116230e88af071eebab\",\"name\":\"Ridha Elkefi\",\"url\":\"https:\/\/kapitalis.com\/tunisie\/author\/ridha-kefi\/\"}]}<\/script>\n<!-- \/ Yoast SEO plugin. -->","yoast_head_json":{"title":"Chez Economic Auto, la nouvelle Mazda 2 \u00e0 partir de 37.400 DT - Kapitalis","robots":{"index":"index","follow":"follow","max-snippet":"max-snippet:-1","max-image-preview":"max-image-preview:large","max-video-preview":"max-video-preview:-1"},"canonical":"https:\/\/kapitalis.com\/tunisie\/2015\/07\/31\/chez-economic-auto-la-nouvelle-mazda-2-a-partir-de-37-400-dt\/","og_locale":"fr_FR","og_type":"article","og_title":"Chez Economic Auto, la nouvelle Mazda 2 \u00e0 partir de 37.400 DT - Kapitalis","og_description":"Economic Auto, distributeur de la marque japonaise Mazda en Tunisie, vient de mettre en vente la nouvelle Mazda 2 \u00e0 partir de 37.400 dinars (DT).","og_url":"https:\/\/kapitalis.com\/tunisie\/2015\/07\/31\/chez-economic-auto-la-nouvelle-mazda-2-a-partir-de-37-400-dt\/","og_site_name":"Kapitalis","article_publisher":"https:\/\/www.facebook.com\/KapitalisInfo\/","article_published_time":"2015-07-31T15:27:39+00:00","og_image":[{"width":1200,"height":630,"url":"https:\/\/kapitalis.com\/tunisie\/wp-content\/uploads\/2022\/05\/kapitalis-logo-fb.png","type":"image\/png"}],"author":"Ridha Elkefi","twitter_card":"summary_large_image","twitter_creator":"@KapitalisInfo","twitter_site":"@KapitalisInfo","twitter_misc":{"\u00c9crit par":"Ridha Elkefi","Dur\u00e9e de lecture estim\u00e9e":"4 minutes"},"schema":{"@context":"https:\/\/schema.org","@graph":[{"@type":"Article","@id":"https:\/\/kapitalis.com\/tunisie\/2015\/07\/31\/chez-economic-auto-la-nouvelle-mazda-2-a-partir-de-37-400-dt\/#article","isPartOf":{"@id":"https:\/\/kapitalis.com\/tunisie\/2015\/07\/31\/chez-economic-auto-la-nouvelle-mazda-2-a-partir-de-37-400-dt\/"},"author":{"name":"Ridha Elkefi","@id":"https:\/\/kapitalis.com\/tunisie\/#\/schema\/person\/16627fc9b2fc0116230e88af071eebab"},"headline":"Chez Economic Auto, la nouvelle Mazda 2 \u00e0 partir de 37.400 DT","datePublished":"2015-07-31T15:27:39+00:00","mainEntityOfPage":{"@id":"https:\/\/kapitalis.com\/tunisie\/2015\/07\/31\/chez-economic-auto-la-nouvelle-mazda-2-a-partir-de-37-400-dt\/"},"wordCount":711,"commentCount":0,"publisher":{"@id":"https:\/\/kapitalis.com\/tunisie\/#organization"},"image":{"@id":"https:\/\/kapitalis.com\/tunisie\/2015\/07\/31\/chez-economic-auto-la-nouvelle-mazda-2-a-partir-de-37-400-dt\/#primaryimage"},"thumbnailUrl":"","keywords":["citadine","Economic Auto","UADH"],"articleSection":["CONSO","Tunisie"],"inLanguage":"fr-FR","potentialAction":[{"@type":"CommentAction","name":"Comment","target":["https:\/\/kapitalis.com\/tunisie\/2015\/07\/31\/chez-economic-auto-la-nouvelle-mazda-2-a-partir-de-37-400-dt\/#respond"]}]},{"@type":"WebPage","@id":"https:\/\/kapitalis.com\/tunisie\/2015\/07\/31\/chez-economic-auto-la-nouvelle-mazda-2-a-partir-de-37-400-dt\/","url":"https:\/\/kapitalis.com\/tunisie\/2015\/07\/31\/chez-economic-auto-la-nouvelle-mazda-2-a-partir-de-37-400-dt\/","name":"Chez Economic Auto, la nouvelle Mazda 2 \u00e0 partir de 37.400 DT - Kapitalis","isPartOf":{"@id":"https:\/\/kapitalis.com\/tunisie\/#website"},"primaryImageOfPage":{"@id":"https:\/\/kapitalis.com\/tunisie\/2015\/07\/31\/chez-economic-auto-la-nouvelle-mazda-2-a-partir-de-37-400-dt\/#primaryimage"},"image":{"@id":"https:\/\/kapitalis.com\/tunisie\/2015\/07\/31\/chez-economic-auto-la-nouvelle-mazda-2-a-partir-de-37-400-dt\/#primaryimage"},"thumbnailUrl":"","datePublished":"2015-07-31T15:27:39+00:00","breadcrumb":{"@id":"https:\/\/kapitalis.com\/tunisie\/2015\/07\/31\/chez-economic-auto-la-nouvelle-mazda-2-a-partir-de-37-400-dt\/#breadcrumb"},"inLanguage":"fr-FR","potentialAction":[{"@type":"ReadAction","target":["https:\/\/kapitalis.com\/tunisie\/2015\/07\/31\/chez-economic-auto-la-nouvelle-mazda-2-a-partir-de-37-400-dt\/"]}]},{"@type":"ImageObject","inLanguage":"fr-FR","@id":"https:\/\/kapitalis.com\/tunisie\/2015\/07\/31\/chez-economic-auto-la-nouvelle-mazda-2-a-partir-de-37-400-dt\/#primaryimage","url":"","contentUrl":""},{"@type":"BreadcrumbList","@id":"https:\/\/kapitalis.com\/tunisie\/2015\/07\/31\/chez-economic-auto-la-nouvelle-mazda-2-a-partir-de-37-400-dt\/#breadcrumb","itemListElement":[{"@type":"ListItem","position":1,"name":"Accueil","item":"https:\/\/kapitalis.com\/tunisie\/"},{"@type":"ListItem","position":2,"name":"Chez Economic Auto, la nouvelle Mazda 2 \u00e0 partir de 37.400 DT"}]},{"@type":"WebSite","@id":"https:\/\/kapitalis.com\/tunisie\/#website","url":"https:\/\/kapitalis.com\/tunisie\/","name":"Kapitalis","description":"L&#039;actualit\u00e9 en Tunisie et dans le monde","publisher":{"@id":"https:\/\/kapitalis.com\/tunisie\/#organization"},"potentialAction":[{"@type":"SearchAction","target":{"@type":"EntryPoint","urlTemplate":"https:\/\/kapitalis.com\/tunisie\/?s={search_term_string}"},"query-input":{"@type":"PropertyValueSpecification","valueRequired":true,"valueName":"search_term_string"}}],"inLanguage":"fr-FR"},{"@type":"Organization","@id":"https:\/\/kapitalis.com\/tunisie\/#organization","name":"Kapitalis","url":"https:\/\/kapitalis.com\/tunisie\/","logo":{"@type":"ImageObject","inLanguage":"fr-FR","@id":"https:\/\/kapitalis.com\/tunisie\/#\/schema\/logo\/image\/","url":"https:\/\/kapitalis.com\/tunisie\/wp-content\/uploads\/2022\/05\/Kapitalis-big-size.png","contentUrl":"https:\/\/kapitalis.com\/tunisie\/wp-content\/uploads\/2022\/05\/Kapitalis-big-size.png","width":5000,"height":1500,"caption":"Kapitalis"},"image":{"@id":"https:\/\/kapitalis.com\/tunisie\/#\/schema\/logo\/image\/"},"sameAs":["https:\/\/www.facebook.com\/KapitalisInfo\/","https:\/\/x.com\/KapitalisInfo","https:\/\/www.youtube.com\/channel\/UC-yDYrHyfFBWWZaOw3FPg9Q"]},{"@type":"Person","@id":"https:\/\/kapitalis.com\/tunisie\/#\/schema\/person\/16627fc9b2fc0116230e88af071eebab","name":"Ridha Elkefi","url":"https:\/\/kapitalis.com\/tunisie\/author\/ridha-kefi\/"}]}},"_links":{"self":[{"href":"https:\/\/kapitalis.com\/tunisie\/wp-json\/wp\/v2\/posts\/8386","targetHints":{"allow":["GET"]}}],"collection":[{"href":"https:\/\/kapitalis.com\/tunisie\/wp-json\/wp\/v2\/posts"}],"about":[{"href":"https:\/\/kapitalis.com\/tunisie\/wp-json\/wp\/v2\/types\/post"}],"author":[{"embeddable":true,"href":"https:\/\/kapitalis.com\/tunisie\/wp-json\/wp\/v2\/users\/5"}],"replies":[{"embeddable":true,"href":"https:\/\/kapitalis.com\/tunisie\/wp-json\/wp\/v2\/comments?post=8386"}],"version-history":[{"count":0,"href":"https:\/\/kapitalis.com\/tunisie\/wp-json\/wp\/v2\/posts\/8386\/revisions"}],"wp:featuredmedia":[{"embeddable":true,"href":"https:\/\/kapitalis.com\/tunisie\/wp-json\/wp\/v2\/media\/8387"}],"wp:attachment":[{"href":"https:\/\/kapitalis.com\/tunisie\/wp-json\/wp\/v2\/media?parent=8386"}],"wp:term":[{"taxonomy":"category","embeddable":true,"href":"https:\/\/kapitalis.com\/tunisie\/wp-json\/wp\/v2\/categories?post=8386"},{"taxonomy":"post_tag","embeddable":true,"href":"https:\/\/kapitalis.com\/tunisie\/wp-json\/wp\/v2\/tags?post=8386"}],"curies":[{"name":"wp","href":"https:\/\/api.w.org\/{rel}","templated":true}]}}