{"id":8393849,"date":"2023-06-17T12:24:26","date_gmt":"2023-06-17T11:24:26","guid":{"rendered":"https:\/\/kapitalis.com\/tunisie\/?p=8393849"},"modified":"2023-06-17T12:24:28","modified_gmt":"2023-06-17T11:24:28","slug":"tunis-la-nuit-des-idees-se-tient-aujourdhui-autour-du-theme-de-lalimentation","status":"publish","type":"post","link":"https:\/\/kapitalis.com\/tunisie\/2023\/06\/17\/tunis-la-nuit-des-idees-se-tient-aujourdhui-autour-du-theme-de-lalimentation\/","title":{"rendered":"Tunis : La Nuit des Id\u00e9es se tient aujourd&rsquo;hui autour du th\u00e8me de l&rsquo;alimentation"},"content":{"rendered":"\n<p><strong><em>La Nuit des id\u00e9es aura lieu aujourd\u2019hui, samedi 17 juin, \u00e0 l\u2019Institut Fran\u00e7ais de Tunisie (IFT). Un march\u00e9 fermier, des stands, des conf\u00e9rences et des d\u00e9bats autour de l\u2019alimentation, de l\u2019agriculture durable et de la gestion de l\u2019eau sont au programme de cette journ\u00e9e.<\/em><\/strong><\/p>\n\n\n\n<!--more-->\n\n\n\n<p>La nuit des id\u00e9es aurait d\u00fb avoir lieu au mois de mai dernier, mais a \u00e9t\u00e9 report\u00e9 \u00e0 cause de la pluie. Le rendez-vous phare organis\u00e9 par l\u2019Institut Fran\u00e7ais et ses diff\u00e9rents relais \u00e0 travers le monde, est de retour ce samedi pour une journ\u00e9e enti\u00e8re o\u00f9 un nouveaux th\u00e8me sera propos\u00e9 au public pour en d\u00e9battre entre artistes, intellectuels et acteurs de la soci\u00e9t\u00e9 civile.<\/p>\n\n\n\n<p>Le th\u00e8me de cette nouvelle \u00e9dition sera l\u2019alimentation et son impact sur la plan\u00e8te, tout en soulevant des questions li\u00e9es \u00e0 l\u2019agriculture durable, la gestion de l\u2019eau et la s\u00e9curit\u00e9 alimentaire.<\/p>\n\n\n\n<p>\u00c0 cette occasion, un march\u00e9 fermier sera install\u00e9 \u00e0 la grande cour de l\u2019IFT ainsi que des stands de diff\u00e9rentes associations et organisations. Le public pourra \u00e9galement assister \u00e0 une s\u00e9rie de panels et de conf\u00e9rences autour de ces th\u00e9matiques \u00e0 l\u2019auditorium.<\/p>\n\n\n\n<p class=\"has-text-align-right\"><strong>F.B<\/strong><\/p>\n","protected":false},"excerpt":{"rendered":"<p>La Nuit des id\u00e9es aura lieu aujourd\u2019hui, samedi 17 juin, \u00e0 l\u2019Institut Fran\u00e7ais de Tunisie (IFT). Un march\u00e9 fermier, des stands, des conf\u00e9rences et des d\u00e9bats autour de l\u2019alimentation, de l\u2019agriculture durable et de la gestion de l\u2019eau sont au programme de cette journ\u00e9e.<\/p>\n","protected":false},"author":26,"featured_media":8394371,"comment_status":"open","ping_status":"open","sticky":false,"template":"","format":"standard","meta":{"footnotes":""},"categories":[993,994,2433],"tags":[5105,335,462,109376,107348,62643],"class_list":["post-8393849","post","type-post","status-publish","format-standard","has-post-thumbnail","hentry","category-conso","category-culture","category-tunisie","tag-alimentation","tag-environnement","tag-ift","tag-nuit-des-idees-2023","tag-nutrition","tag-tunisie"],"yoast_head":"<!-- This site is optimized with the Yoast SEO plugin v26.6 - https:\/\/yoast.com\/wordpress\/plugins\/seo\/ -->\n<title>Tunis : La Nuit des Id\u00e9es se tient aujourd&#039;hui autour du th\u00e8me de l&#039;alimentation - Kapitalis<\/title>\n<meta name=\"robots\" content=\"index, follow, max-snippet:-1, max-image-preview:large, max-video-preview:-1\" \/>\n<link rel=\"canonical\" href=\"https:\/\/kapitalis.com\/tunisie\/2023\/06\/17\/tunis-la-nuit-des-idees-se-tient-aujourdhui-autour-du-theme-de-lalimentation\/\" \/>\n<meta property=\"og:locale\" content=\"fr_FR\" \/>\n<meta property=\"og:type\" content=\"article\" \/>\n<meta property=\"og:title\" content=\"Tunis : La Nuit des Id\u00e9es se tient aujourd&#039;hui autour du th\u00e8me de l&#039;alimentation - Kapitalis\" \/>\n<meta property=\"og:description\" content=\"La Nuit des id\u00e9es aura lieu aujourd\u2019hui, samedi 17 juin, \u00e0 l\u2019Institut Fran\u00e7ais de Tunisie (IFT). Un march\u00e9 fermier, des stands, des conf\u00e9rences et des d\u00e9bats autour de l\u2019alimentation, de l\u2019agriculture durable et de la gestion de l\u2019eau sont au programme de cette journ\u00e9e.\" \/>\n<meta property=\"og:url\" content=\"https:\/\/kapitalis.com\/tunisie\/2023\/06\/17\/tunis-la-nuit-des-idees-se-tient-aujourdhui-autour-du-theme-de-lalimentation\/\" \/>\n<meta property=\"og:site_name\" content=\"Kapitalis\" \/>\n<meta property=\"article:publisher\" content=\"https:\/\/www.facebook.com\/KapitalisInfo\/\" \/>\n<meta property=\"article:published_time\" content=\"2023-06-17T11:24:26+00:00\" \/>\n<meta property=\"article:modified_time\" content=\"2023-06-17T11:24:28+00:00\" \/>\n<meta property=\"og:image\" content=\"https:\/\/kapitalis.com\/tunisie\/wp-content\/uploads\/2023\/06\/La-nuit-des-idees-2023-IFT.jpg\" \/>\n\t<meta property=\"og:image:width\" content=\"1200\" \/>\n\t<meta property=\"og:image:height\" content=\"630\" \/>\n\t<meta property=\"og:image:type\" content=\"image\/jpeg\" \/>\n<meta name=\"author\" content=\"Fawz BenAli\" \/>\n<meta name=\"twitter:card\" content=\"summary_large_image\" \/>\n<meta name=\"twitter:creator\" content=\"@KapitalisInfo\" \/>\n<meta name=\"twitter:site\" content=\"@KapitalisInfo\" \/>\n<meta name=\"twitter:label1\" content=\"\u00c9crit par\" \/>\n\t<meta name=\"twitter:data1\" content=\"Fawz BenAli\" \/>\n\t<meta name=\"twitter:label2\" content=\"Dur\u00e9e de lecture estim\u00e9e\" \/>\n\t<meta name=\"twitter:data2\" content=\"1 minute\" \/>\n<script type=\"application\/ld+json\" class=\"yoast-schema-graph\">{\"@context\":\"https:\/\/schema.org\",\"@graph\":[{\"@type\":\"Article\",\"@id\":\"https:\/\/kapitalis.com\/tunisie\/2023\/06\/17\/tunis-la-nuit-des-idees-se-tient-aujourdhui-autour-du-theme-de-lalimentation\/#article\",\"isPartOf\":{\"@id\":\"https:\/\/kapitalis.com\/tunisie\/2023\/06\/17\/tunis-la-nuit-des-idees-se-tient-aujourdhui-autour-du-theme-de-lalimentation\/\"},\"author\":{\"name\":\"Fawz BenAli\",\"@id\":\"https:\/\/kapitalis.com\/tunisie\/#\/schema\/person\/73a5ecc1f6ae540c6ed91342eadca948\"},\"headline\":\"Tunis : La Nuit des Id\u00e9es se tient aujourd&rsquo;hui autour du th\u00e8me de l&rsquo;alimentation\",\"datePublished\":\"2023-06-17T11:24:26+00:00\",\"dateModified\":\"2023-06-17T11:24:28+00:00\",\"mainEntityOfPage\":{\"@id\":\"https:\/\/kapitalis.com\/tunisie\/2023\/06\/17\/tunis-la-nuit-des-idees-se-tient-aujourdhui-autour-du-theme-de-lalimentation\/\"},\"wordCount\":223,\"commentCount\":0,\"publisher\":{\"@id\":\"https:\/\/kapitalis.com\/tunisie\/#organization\"},\"image\":{\"@id\":\"https:\/\/kapitalis.com\/tunisie\/2023\/06\/17\/tunis-la-nuit-des-idees-se-tient-aujourdhui-autour-du-theme-de-lalimentation\/#primaryimage\"},\"thumbnailUrl\":\"https:\/\/kapitalis.com\/tunisie\/wp-content\/uploads\/2023\/06\/La-nuit-des-idees-2023-IFT.jpg\",\"keywords\":[\"alimentation\",\"environnement\",\"IFT\",\"Nuit des id\u00e9es 2023\",\"nutrition\",\"Tunisie\"],\"articleSection\":[\"CONSO\",\"CULTURE\",\"Tunisie\"],\"inLanguage\":\"fr-FR\",\"potentialAction\":[{\"@type\":\"CommentAction\",\"name\":\"Comment\",\"target\":[\"https:\/\/kapitalis.com\/tunisie\/2023\/06\/17\/tunis-la-nuit-des-idees-se-tient-aujourdhui-autour-du-theme-de-lalimentation\/#respond\"]}]},{\"@type\":\"WebPage\",\"@id\":\"https:\/\/kapitalis.com\/tunisie\/2023\/06\/17\/tunis-la-nuit-des-idees-se-tient-aujourdhui-autour-du-theme-de-lalimentation\/\",\"url\":\"https:\/\/kapitalis.com\/tunisie\/2023\/06\/17\/tunis-la-nuit-des-idees-se-tient-aujourdhui-autour-du-theme-de-lalimentation\/\",\"name\":\"Tunis : La Nuit des Id\u00e9es se tient aujourd'hui autour du th\u00e8me de l'alimentation - Kapitalis\",\"isPartOf\":{\"@id\":\"https:\/\/kapitalis.com\/tunisie\/#website\"},\"primaryImageOfPage\":{\"@id\":\"https:\/\/kapitalis.com\/tunisie\/2023\/06\/17\/tunis-la-nuit-des-idees-se-tient-aujourdhui-autour-du-theme-de-lalimentation\/#primaryimage\"},\"image\":{\"@id\":\"https:\/\/kapitalis.com\/tunisie\/2023\/06\/17\/tunis-la-nuit-des-idees-se-tient-aujourdhui-autour-du-theme-de-lalimentation\/#primaryimage\"},\"thumbnailUrl\":\"https:\/\/kapitalis.com\/tunisie\/wp-content\/uploads\/2023\/06\/La-nuit-des-idees-2023-IFT.jpg\",\"datePublished\":\"2023-06-17T11:24:26+00:00\",\"dateModified\":\"2023-06-17T11:24:28+00:00\",\"breadcrumb\":{\"@id\":\"https:\/\/kapitalis.com\/tunisie\/2023\/06\/17\/tunis-la-nuit-des-idees-se-tient-aujourdhui-autour-du-theme-de-lalimentation\/#breadcrumb\"},\"inLanguage\":\"fr-FR\",\"potentialAction\":[{\"@type\":\"ReadAction\",\"target\":[\"https:\/\/kapitalis.com\/tunisie\/2023\/06\/17\/tunis-la-nuit-des-idees-se-tient-aujourdhui-autour-du-theme-de-lalimentation\/\"]}]},{\"@type\":\"ImageObject\",\"inLanguage\":\"fr-FR\",\"@id\":\"https:\/\/kapitalis.com\/tunisie\/2023\/06\/17\/tunis-la-nuit-des-idees-se-tient-aujourdhui-autour-du-theme-de-lalimentation\/#primaryimage\",\"url\":\"https:\/\/kapitalis.com\/tunisie\/wp-content\/uploads\/2023\/06\/La-nuit-des-idees-2023-IFT.jpg\",\"contentUrl\":\"https:\/\/kapitalis.com\/tunisie\/wp-content\/uploads\/2023\/06\/La-nuit-des-idees-2023-IFT.jpg\",\"width\":1200,\"height\":630},{\"@type\":\"BreadcrumbList\",\"@id\":\"https:\/\/kapitalis.com\/tunisie\/2023\/06\/17\/tunis-la-nuit-des-idees-se-tient-aujourdhui-autour-du-theme-de-lalimentation\/#breadcrumb\",\"itemListElement\":[{\"@type\":\"ListItem\",\"position\":1,\"name\":\"Accueil\",\"item\":\"https:\/\/kapitalis.com\/tunisie\/\"},{\"@type\":\"ListItem\",\"position\":2,\"name\":\"Tunis : La Nuit des Id\u00e9es se tient aujourd&rsquo;hui autour du th\u00e8me de l&rsquo;alimentation\"}]},{\"@type\":\"WebSite\",\"@id\":\"https:\/\/kapitalis.com\/tunisie\/#website\",\"url\":\"https:\/\/kapitalis.com\/tunisie\/\",\"name\":\"Kapitalis\",\"description\":\"L&#039;actualit\u00e9 en Tunisie et dans le monde\",\"publisher\":{\"@id\":\"https:\/\/kapitalis.com\/tunisie\/#organization\"},\"potentialAction\":[{\"@type\":\"SearchAction\",\"target\":{\"@type\":\"EntryPoint\",\"urlTemplate\":\"https:\/\/kapitalis.com\/tunisie\/?s={search_term_string}\"},\"query-input\":{\"@type\":\"PropertyValueSpecification\",\"valueRequired\":true,\"valueName\":\"search_term_string\"}}],\"inLanguage\":\"fr-FR\"},{\"@type\":\"Organization\",\"@id\":\"https:\/\/kapitalis.com\/tunisie\/#organization\",\"name\":\"Kapitalis\",\"url\":\"https:\/\/kapitalis.com\/tunisie\/\",\"logo\":{\"@type\":\"ImageObject\",\"inLanguage\":\"fr-FR\",\"@id\":\"https:\/\/kapitalis.com\/tunisie\/#\/schema\/logo\/image\/\",\"url\":\"https:\/\/kapitalis.com\/tunisie\/wp-content\/uploads\/2022\/05\/Kapitalis-big-size.png\",\"contentUrl\":\"https:\/\/kapitalis.com\/tunisie\/wp-content\/uploads\/2022\/05\/Kapitalis-big-size.png\",\"width\":5000,\"height\":1500,\"caption\":\"Kapitalis\"},\"image\":{\"@id\":\"https:\/\/kapitalis.com\/tunisie\/#\/schema\/logo\/image\/\"},\"sameAs\":[\"https:\/\/www.facebook.com\/KapitalisInfo\/\",\"https:\/\/x.com\/KapitalisInfo\",\"https:\/\/www.youtube.com\/channel\/UC-yDYrHyfFBWWZaOw3FPg9Q\"]},{\"@type\":\"Person\",\"@id\":\"https:\/\/kapitalis.com\/tunisie\/#\/schema\/person\/73a5ecc1f6ae540c6ed91342eadca948\",\"name\":\"Fawz BenAli\",\"url\":\"https:\/\/kapitalis.com\/tunisie\/author\/fawz\/\"}]}<\/script>\n<!-- \/ Yoast SEO plugin. -->","yoast_head_json":{"title":"Tunis : La Nuit des Id\u00e9es se tient aujourd'hui autour du th\u00e8me de l'alimentation - Kapitalis","robots":{"index":"index","follow":"follow","max-snippet":"max-snippet:-1","max-image-preview":"max-image-preview:large","max-video-preview":"max-video-preview:-1"},"canonical":"https:\/\/kapitalis.com\/tunisie\/2023\/06\/17\/tunis-la-nuit-des-idees-se-tient-aujourdhui-autour-du-theme-de-lalimentation\/","og_locale":"fr_FR","og_type":"article","og_title":"Tunis : La Nuit des Id\u00e9es se tient aujourd'hui autour du th\u00e8me de l'alimentation - Kapitalis","og_description":"La Nuit des id\u00e9es aura lieu aujourd\u2019hui, samedi 17 juin, \u00e0 l\u2019Institut Fran\u00e7ais de Tunisie (IFT). Un march\u00e9 fermier, des stands, des conf\u00e9rences et des d\u00e9bats autour de l\u2019alimentation, de l\u2019agriculture durable et de la gestion de l\u2019eau sont au programme de cette journ\u00e9e.","og_url":"https:\/\/kapitalis.com\/tunisie\/2023\/06\/17\/tunis-la-nuit-des-idees-se-tient-aujourdhui-autour-du-theme-de-lalimentation\/","og_site_name":"Kapitalis","article_publisher":"https:\/\/www.facebook.com\/KapitalisInfo\/","article_published_time":"2023-06-17T11:24:26+00:00","article_modified_time":"2023-06-17T11:24:28+00:00","og_image":[{"width":1200,"height":630,"url":"https:\/\/kapitalis.com\/tunisie\/wp-content\/uploads\/2023\/06\/La-nuit-des-idees-2023-IFT.jpg","type":"image\/jpeg"}],"author":"Fawz BenAli","twitter_card":"summary_large_image","twitter_creator":"@KapitalisInfo","twitter_site":"@KapitalisInfo","twitter_misc":{"\u00c9crit par":"Fawz BenAli","Dur\u00e9e de lecture estim\u00e9e":"1 minute"},"schema":{"@context":"https:\/\/schema.org","@graph":[{"@type":"Article","@id":"https:\/\/kapitalis.com\/tunisie\/2023\/06\/17\/tunis-la-nuit-des-idees-se-tient-aujourdhui-autour-du-theme-de-lalimentation\/#article","isPartOf":{"@id":"https:\/\/kapitalis.com\/tunisie\/2023\/06\/17\/tunis-la-nuit-des-idees-se-tient-aujourdhui-autour-du-theme-de-lalimentation\/"},"author":{"name":"Fawz BenAli","@id":"https:\/\/kapitalis.com\/tunisie\/#\/schema\/person\/73a5ecc1f6ae540c6ed91342eadca948"},"headline":"Tunis : La Nuit des Id\u00e9es se tient aujourd&rsquo;hui autour du th\u00e8me de l&rsquo;alimentation","datePublished":"2023-06-17T11:24:26+00:00","dateModified":"2023-06-17T11:24:28+00:00","mainEntityOfPage":{"@id":"https:\/\/kapitalis.com\/tunisie\/2023\/06\/17\/tunis-la-nuit-des-idees-se-tient-aujourdhui-autour-du-theme-de-lalimentation\/"},"wordCount":223,"commentCount":0,"publisher":{"@id":"https:\/\/kapitalis.com\/tunisie\/#organization"},"image":{"@id":"https:\/\/kapitalis.com\/tunisie\/2023\/06\/17\/tunis-la-nuit-des-idees-se-tient-aujourdhui-autour-du-theme-de-lalimentation\/#primaryimage"},"thumbnailUrl":"https:\/\/kapitalis.com\/tunisie\/wp-content\/uploads\/2023\/06\/La-nuit-des-idees-2023-IFT.jpg","keywords":["alimentation","environnement","IFT","Nuit des id\u00e9es 2023","nutrition","Tunisie"],"articleSection":["CONSO","CULTURE","Tunisie"],"inLanguage":"fr-FR","potentialAction":[{"@type":"CommentAction","name":"Comment","target":["https:\/\/kapitalis.com\/tunisie\/2023\/06\/17\/tunis-la-nuit-des-idees-se-tient-aujourdhui-autour-du-theme-de-lalimentation\/#respond"]}]},{"@type":"WebPage","@id":"https:\/\/kapitalis.com\/tunisie\/2023\/06\/17\/tunis-la-nuit-des-idees-se-tient-aujourdhui-autour-du-theme-de-lalimentation\/","url":"https:\/\/kapitalis.com\/tunisie\/2023\/06\/17\/tunis-la-nuit-des-idees-se-tient-aujourdhui-autour-du-theme-de-lalimentation\/","name":"Tunis : La Nuit des Id\u00e9es se tient aujourd'hui autour du th\u00e8me de l'alimentation - Kapitalis","isPartOf":{"@id":"https:\/\/kapitalis.com\/tunisie\/#website"},"primaryImageOfPage":{"@id":"https:\/\/kapitalis.com\/tunisie\/2023\/06\/17\/tunis-la-nuit-des-idees-se-tient-aujourdhui-autour-du-theme-de-lalimentation\/#primaryimage"},"image":{"@id":"https:\/\/kapitalis.com\/tunisie\/2023\/06\/17\/tunis-la-nuit-des-idees-se-tient-aujourdhui-autour-du-theme-de-lalimentation\/#primaryimage"},"thumbnailUrl":"https:\/\/kapitalis.com\/tunisie\/wp-content\/uploads\/2023\/06\/La-nuit-des-idees-2023-IFT.jpg","datePublished":"2023-06-17T11:24:26+00:00","dateModified":"2023-06-17T11:24:28+00:00","breadcrumb":{"@id":"https:\/\/kapitalis.com\/tunisie\/2023\/06\/17\/tunis-la-nuit-des-idees-se-tient-aujourdhui-autour-du-theme-de-lalimentation\/#breadcrumb"},"inLanguage":"fr-FR","potentialAction":[{"@type":"ReadAction","target":["https:\/\/kapitalis.com\/tunisie\/2023\/06\/17\/tunis-la-nuit-des-idees-se-tient-aujourdhui-autour-du-theme-de-lalimentation\/"]}]},{"@type":"ImageObject","inLanguage":"fr-FR","@id":"https:\/\/kapitalis.com\/tunisie\/2023\/06\/17\/tunis-la-nuit-des-idees-se-tient-aujourdhui-autour-du-theme-de-lalimentation\/#primaryimage","url":"https:\/\/kapitalis.com\/tunisie\/wp-content\/uploads\/2023\/06\/La-nuit-des-idees-2023-IFT.jpg","contentUrl":"https:\/\/kapitalis.com\/tunisie\/wp-content\/uploads\/2023\/06\/La-nuit-des-idees-2023-IFT.jpg","width":1200,"height":630},{"@type":"BreadcrumbList","@id":"https:\/\/kapitalis.com\/tunisie\/2023\/06\/17\/tunis-la-nuit-des-idees-se-tient-aujourdhui-autour-du-theme-de-lalimentation\/#breadcrumb","itemListElement":[{"@type":"ListItem","position":1,"name":"Accueil","item":"https:\/\/kapitalis.com\/tunisie\/"},{"@type":"ListItem","position":2,"name":"Tunis : La Nuit des Id\u00e9es se tient aujourd&rsquo;hui autour du th\u00e8me de l&rsquo;alimentation"}]},{"@type":"WebSite","@id":"https:\/\/kapitalis.com\/tunisie\/#website","url":"https:\/\/kapitalis.com\/tunisie\/","name":"Kapitalis","description":"L&#039;actualit\u00e9 en Tunisie et dans le monde","publisher":{"@id":"https:\/\/kapitalis.com\/tunisie\/#organization"},"potentialAction":[{"@type":"SearchAction","target":{"@type":"EntryPoint","urlTemplate":"https:\/\/kapitalis.com\/tunisie\/?s={search_term_string}"},"query-input":{"@type":"PropertyValueSpecification","valueRequired":true,"valueName":"search_term_string"}}],"inLanguage":"fr-FR"},{"@type":"Organization","@id":"https:\/\/kapitalis.com\/tunisie\/#organization","name":"Kapitalis","url":"https:\/\/kapitalis.com\/tunisie\/","logo":{"@type":"ImageObject","inLanguage":"fr-FR","@id":"https:\/\/kapitalis.com\/tunisie\/#\/schema\/logo\/image\/","url":"https:\/\/kapitalis.com\/tunisie\/wp-content\/uploads\/2022\/05\/Kapitalis-big-size.png","contentUrl":"https:\/\/kapitalis.com\/tunisie\/wp-content\/uploads\/2022\/05\/Kapitalis-big-size.png","width":5000,"height":1500,"caption":"Kapitalis"},"image":{"@id":"https:\/\/kapitalis.com\/tunisie\/#\/schema\/logo\/image\/"},"sameAs":["https:\/\/www.facebook.com\/KapitalisInfo\/","https:\/\/x.com\/KapitalisInfo","https:\/\/www.youtube.com\/channel\/UC-yDYrHyfFBWWZaOw3FPg9Q"]},{"@type":"Person","@id":"https:\/\/kapitalis.com\/tunisie\/#\/schema\/person\/73a5ecc1f6ae540c6ed91342eadca948","name":"Fawz BenAli","url":"https:\/\/kapitalis.com\/tunisie\/author\/fawz\/"}]}},"_links":{"self":[{"href":"https:\/\/kapitalis.com\/tunisie\/wp-json\/wp\/v2\/posts\/8393849","targetHints":{"allow":["GET"]}}],"collection":[{"href":"https:\/\/kapitalis.com\/tunisie\/wp-json\/wp\/v2\/posts"}],"about":[{"href":"https:\/\/kapitalis.com\/tunisie\/wp-json\/wp\/v2\/types\/post"}],"author":[{"embeddable":true,"href":"https:\/\/kapitalis.com\/tunisie\/wp-json\/wp\/v2\/users\/26"}],"replies":[{"embeddable":true,"href":"https:\/\/kapitalis.com\/tunisie\/wp-json\/wp\/v2\/comments?post=8393849"}],"version-history":[{"count":1,"href":"https:\/\/kapitalis.com\/tunisie\/wp-json\/wp\/v2\/posts\/8393849\/revisions"}],"predecessor-version":[{"id":8394374,"href":"https:\/\/kapitalis.com\/tunisie\/wp-json\/wp\/v2\/posts\/8393849\/revisions\/8394374"}],"wp:featuredmedia":[{"embeddable":true,"href":"https:\/\/kapitalis.com\/tunisie\/wp-json\/wp\/v2\/media\/8394371"}],"wp:attachment":[{"href":"https:\/\/kapitalis.com\/tunisie\/wp-json\/wp\/v2\/media?parent=8393849"}],"wp:term":[{"taxonomy":"category","embeddable":true,"href":"https:\/\/kapitalis.com\/tunisie\/wp-json\/wp\/v2\/categories?post=8393849"},{"taxonomy":"post_tag","embeddable":true,"href":"https:\/\/kapitalis.com\/tunisie\/wp-json\/wp\/v2\/tags?post=8393849"}],"curies":[{"name":"wp","href":"https:\/\/api.w.org\/{rel}","templated":true}]}}