{"id":83939,"date":"2017-02-21T16:53:31","date_gmt":"2017-02-21T15:53:31","guid":{"rendered":"http:\/\/kapitalis.com\/tunisie\/?p=83939"},"modified":"2017-02-21T16:53:31","modified_gmt":"2017-02-21T15:53:31","slug":"tasdir-lancement-du-2e-appel-a-candidatures-2","status":"publish","type":"post","link":"https:\/\/kapitalis.com\/tunisie\/2017\/02\/21\/tasdir-lancement-du-2e-appel-a-candidatures-2\/","title":{"rendered":"Tasdir+ : Lancement du 2e appel \u00e0 candidatures"},"content":{"rendered":"<p><img loading=\"lazy\" decoding=\"async\" class=\"alignnone size-full wp-image-83940 aligncenter\" src=\"http:\/\/kapitalis.com\/tunisie\/wp-content\/uploads\/2017\/02\/Tasdir-Cepex.jpg\" alt=\"\" width=\"626\" height=\"380\" \/><\/p>\n<p><em><strong>Une journ\u00e9e d\u2019information a \u00e9t\u00e9 organis\u00e9e, mardi 21 f\u00e9vrier 2017, sur le Fonds d\u2019appui \u00e0 la comp\u00e9titivit\u00e9 et au d\u00e9veloppement des exportations (Tasdir+).<\/strong><\/em><\/p>\n<p><!--more--><\/p>\n<p>Cette journ\u00e9e a \u00e9t\u00e9 organis\u00e9e par le Centre de promotion des exportations (Cepex), \u00e0 l\u2019occasion du lancement, le 16 janvier dernier, du 2e appel \u00e0 candidatures, qui sera cl\u00f4tur\u00e9 le 28 f\u00e9vrier courant.<\/p>\n<p>La rencontre, qui vise \u00e0 permettre aux entreprises de prendre connaissance des nouveaut\u00e9s du programme Tasdir+ et les inciter \u00e0 participer \u00e0 ce second appel \u00e0 candidatures, a \u00e9t\u00e9 pr\u00e9sid\u00e9e par Aziza Htira, pr\u00e9sidente du comit\u00e9 de pilotage du programme Tasdir+ et Pdg du Cepex, et s\u2019est d\u00e9roul\u00e9e en pr\u00e9sence d\u2019Abderrazak Sanhaji, secr\u00e9taire g\u00e9n\u00e9ral de la Chambre de commerce et de l\u2019industrie de Tunis (CCIT), Skander Bousnina, repr\u00e9sentant de l\u2019Ordre des experts-comptables de Tunisie (OECT), et Oussama Kheriji, pr\u00e9sident de l\u2019Ordre des ing\u00e9nieurs de Tunisie (OIT).<\/p>\n<p>Les discussions ont permis aux repr\u00e9sentants des entreprises d\u2019affiner leurs business plans avant d\u00e9p\u00f4t de leurs dossiers de candidature. Elles ont \u00e9galement \u00e9t\u00e9 l\u2019occasion d\u2019informer ces derniers sur les diff\u00e9rentes initiatives r\u00e9centes en mati\u00e8re de facilitation des exportations (Tunisia Trading, syst\u00e8me d\u2019information de la douane, cr\u00e9ation de nouvelles repr\u00e9sentations du Cepex\u2026) et des op\u00e9rations de changes, avec une intervention sp\u00e9cifique de Brahim Binous, directeur-inspecteur aupr\u00e8s de la Banque centrale de Tunisie (BCT). Ce fut aussi une opportunit\u00e9 pour les professionnels de faire part des diff\u00e9rents obstacles qu\u2019ils rencontrent dans leurs activit\u00e9s \u00e0 l\u2019export.<\/p>\n<p style=\"text-align: center;\"><img loading=\"lazy\" decoding=\"async\" class=\"alignnone wp-image-83942\" src=\"http:\/\/kapitalis.com\/tunisie\/wp-content\/uploads\/2017\/02\/Cepex.jpg\" alt=\"Cepex Tasdir+\" width=\"500\" height=\"375\" \/><\/p>\n<p>La question du r\u00e9gime fiscal et juridique des groupements \u00e0 l\u2019export a fait l\u2019objet de plusieurs interventions qui feront l\u2019objet d\u2019approfondissements ult\u00e9rieurs avec les services du programme Tasdir+, qui \u00e9tait repr\u00e9sent\u00e9 par sa directrice coordinatrice, Cheffia Chelbia, et du Projet PDE III, repr\u00e9sent\u00e9 par son directeur coordinateur, Samir Abid.<\/p>\n<p>A noter que le gouvernement tunisien a lanc\u00e9 le PDE3 sur une p\u00e9riode de 5 ans. Il s\u2019agit d\u2019un programme, financ\u00e9 en partie par la Banque europ\u00e9enne pour la reconstruction et le d\u00e9veloppement (Berd) et le Fonds d\u2019appui \u00e0 la comp\u00e9titivit\u00e9 et au d\u00e9veloppement des exportations (Tasdir+), est dot\u00e9 d\u2019un budget de 23,5 millions de dollars US, montant destin\u00e9 \u00e0 am\u00e9liorer la comp\u00e9titivit\u00e9 et le d\u00e9veloppement et la diversification des exportations des entreprises tunisiennes.<\/p>\n<p>Un premier appel, lanc\u00e9 le 22 d\u00e9cembre 2016, a permis de recueillir 344 candidatures, dont on a retenu 137 dossiers (103 entreprises, 17 consortia et 17 start-ups) pour un investissement total de 20 millions DT qui ont b\u00e9n\u00e9fici\u00e9 d\u2019une prime globale de plus de 10 millions DT.<\/p>\n<p style=\"text-align: right;\"><strong>I. B.<\/strong> (avec communiqu\u00e9).<\/p>\n","protected":false},"excerpt":{"rendered":"<p>Une journ\u00e9e d\u2019information a \u00e9t\u00e9 organis\u00e9e, mardi 21 f\u00e9vrier 2017, sur le Fonds d\u2019appui \u00e0 la comp\u00e9titivit\u00e9 et au d\u00e9veloppement des exportations (Tasdir+).<\/p>\n","protected":false},"author":8,"featured_media":83940,"comment_status":"open","ping_status":"open","sticky":false,"template":"","format":"standard","meta":{"footnotes":""},"categories":[995,2433],"tags":[1952,1575,365,27285,11727],"class_list":["post-83939","post","type-post","status-publish","format-standard","has-post-thumbnail","hentry","category-economie","category-tunisie","tag-berd","tag-cepex","tag-exportations","tag-start-ups","tag-tasdir"],"yoast_head":"<!-- This site is optimized with the Yoast SEO plugin v26.6 - https:\/\/yoast.com\/wordpress\/plugins\/seo\/ -->\n<title>Tasdir+ : Lancement du 2e appel \u00e0 candidatures - Kapitalis<\/title>\n<meta name=\"robots\" content=\"index, follow, max-snippet:-1, max-image-preview:large, max-video-preview:-1\" \/>\n<link rel=\"canonical\" href=\"https:\/\/kapitalis.com\/tunisie\/2017\/02\/21\/tasdir-lancement-du-2e-appel-a-candidatures-2\/\" \/>\n<meta property=\"og:locale\" content=\"fr_FR\" \/>\n<meta property=\"og:type\" content=\"article\" \/>\n<meta property=\"og:title\" content=\"Tasdir+ : Lancement du 2e appel \u00e0 candidatures - Kapitalis\" \/>\n<meta property=\"og:description\" content=\"Une journ\u00e9e d\u2019information a \u00e9t\u00e9 organis\u00e9e, mardi 21 f\u00e9vrier 2017, sur le Fonds d\u2019appui \u00e0 la comp\u00e9titivit\u00e9 et au d\u00e9veloppement des exportations (Tasdir+).\" \/>\n<meta property=\"og:url\" content=\"https:\/\/kapitalis.com\/tunisie\/2017\/02\/21\/tasdir-lancement-du-2e-appel-a-candidatures-2\/\" \/>\n<meta property=\"og:site_name\" content=\"Kapitalis\" \/>\n<meta property=\"article:publisher\" content=\"https:\/\/www.facebook.com\/KapitalisInfo\/\" \/>\n<meta property=\"article:published_time\" content=\"2017-02-21T15:53:31+00:00\" \/>\n<meta property=\"og:image\" content=\"https:\/\/kapitalis.com\/tunisie\/wp-content\/uploads\/2022\/05\/kapitalis-logo-fb.png\" \/>\n\t<meta property=\"og:image:width\" content=\"1200\" \/>\n\t<meta property=\"og:image:height\" content=\"630\" \/>\n\t<meta property=\"og:image:type\" content=\"image\/png\" \/>\n<meta name=\"author\" content=\"webmaster kapitalis\" \/>\n<meta name=\"twitter:card\" content=\"summary_large_image\" \/>\n<meta name=\"twitter:creator\" content=\"@KapitalisInfo\" \/>\n<meta name=\"twitter:site\" content=\"@KapitalisInfo\" \/>\n<meta name=\"twitter:label1\" content=\"\u00c9crit par\" \/>\n\t<meta name=\"twitter:data1\" content=\"webmaster kapitalis\" \/>\n\t<meta name=\"twitter:label2\" content=\"Dur\u00e9e de lecture estim\u00e9e\" \/>\n\t<meta name=\"twitter:data2\" content=\"2 minutes\" \/>\n<script type=\"application\/ld+json\" class=\"yoast-schema-graph\">{\"@context\":\"https:\/\/schema.org\",\"@graph\":[{\"@type\":\"Article\",\"@id\":\"https:\/\/kapitalis.com\/tunisie\/2017\/02\/21\/tasdir-lancement-du-2e-appel-a-candidatures-2\/#article\",\"isPartOf\":{\"@id\":\"https:\/\/kapitalis.com\/tunisie\/2017\/02\/21\/tasdir-lancement-du-2e-appel-a-candidatures-2\/\"},\"author\":{\"name\":\"webmaster kapitalis\",\"@id\":\"https:\/\/kapitalis.com\/tunisie\/#\/schema\/person\/d71f33a9ca44f7bad4698210b480c8e9\"},\"headline\":\"Tasdir+ : Lancement du 2e appel \u00e0 candidatures\",\"datePublished\":\"2017-02-21T15:53:31+00:00\",\"mainEntityOfPage\":{\"@id\":\"https:\/\/kapitalis.com\/tunisie\/2017\/02\/21\/tasdir-lancement-du-2e-appel-a-candidatures-2\/\"},\"wordCount\":463,\"commentCount\":0,\"publisher\":{\"@id\":\"https:\/\/kapitalis.com\/tunisie\/#organization\"},\"image\":{\"@id\":\"https:\/\/kapitalis.com\/tunisie\/2017\/02\/21\/tasdir-lancement-du-2e-appel-a-candidatures-2\/#primaryimage\"},\"thumbnailUrl\":\"\",\"keywords\":[\"Berd\",\"Cepex\",\"exportations\",\"start-ups\",\"Tasdir+\"],\"articleSection\":[\"ECONOMIE\",\"Tunisie\"],\"inLanguage\":\"fr-FR\",\"potentialAction\":[{\"@type\":\"CommentAction\",\"name\":\"Comment\",\"target\":[\"https:\/\/kapitalis.com\/tunisie\/2017\/02\/21\/tasdir-lancement-du-2e-appel-a-candidatures-2\/#respond\"]}]},{\"@type\":\"WebPage\",\"@id\":\"https:\/\/kapitalis.com\/tunisie\/2017\/02\/21\/tasdir-lancement-du-2e-appel-a-candidatures-2\/\",\"url\":\"https:\/\/kapitalis.com\/tunisie\/2017\/02\/21\/tasdir-lancement-du-2e-appel-a-candidatures-2\/\",\"name\":\"Tasdir+ : Lancement du 2e appel \u00e0 candidatures - Kapitalis\",\"isPartOf\":{\"@id\":\"https:\/\/kapitalis.com\/tunisie\/#website\"},\"primaryImageOfPage\":{\"@id\":\"https:\/\/kapitalis.com\/tunisie\/2017\/02\/21\/tasdir-lancement-du-2e-appel-a-candidatures-2\/#primaryimage\"},\"image\":{\"@id\":\"https:\/\/kapitalis.com\/tunisie\/2017\/02\/21\/tasdir-lancement-du-2e-appel-a-candidatures-2\/#primaryimage\"},\"thumbnailUrl\":\"\",\"datePublished\":\"2017-02-21T15:53:31+00:00\",\"breadcrumb\":{\"@id\":\"https:\/\/kapitalis.com\/tunisie\/2017\/02\/21\/tasdir-lancement-du-2e-appel-a-candidatures-2\/#breadcrumb\"},\"inLanguage\":\"fr-FR\",\"potentialAction\":[{\"@type\":\"ReadAction\",\"target\":[\"https:\/\/kapitalis.com\/tunisie\/2017\/02\/21\/tasdir-lancement-du-2e-appel-a-candidatures-2\/\"]}]},{\"@type\":\"ImageObject\",\"inLanguage\":\"fr-FR\",\"@id\":\"https:\/\/kapitalis.com\/tunisie\/2017\/02\/21\/tasdir-lancement-du-2e-appel-a-candidatures-2\/#primaryimage\",\"url\":\"\",\"contentUrl\":\"\"},{\"@type\":\"BreadcrumbList\",\"@id\":\"https:\/\/kapitalis.com\/tunisie\/2017\/02\/21\/tasdir-lancement-du-2e-appel-a-candidatures-2\/#breadcrumb\",\"itemListElement\":[{\"@type\":\"ListItem\",\"position\":1,\"name\":\"Accueil\",\"item\":\"https:\/\/kapitalis.com\/tunisie\/\"},{\"@type\":\"ListItem\",\"position\":2,\"name\":\"Tasdir+ : Lancement du 2e appel \u00e0 candidatures\"}]},{\"@type\":\"WebSite\",\"@id\":\"https:\/\/kapitalis.com\/tunisie\/#website\",\"url\":\"https:\/\/kapitalis.com\/tunisie\/\",\"name\":\"Kapitalis\",\"description\":\"L&#039;actualit\u00e9 en Tunisie et dans le monde\",\"publisher\":{\"@id\":\"https:\/\/kapitalis.com\/tunisie\/#organization\"},\"potentialAction\":[{\"@type\":\"SearchAction\",\"target\":{\"@type\":\"EntryPoint\",\"urlTemplate\":\"https:\/\/kapitalis.com\/tunisie\/?s={search_term_string}\"},\"query-input\":{\"@type\":\"PropertyValueSpecification\",\"valueRequired\":true,\"valueName\":\"search_term_string\"}}],\"inLanguage\":\"fr-FR\"},{\"@type\":\"Organization\",\"@id\":\"https:\/\/kapitalis.com\/tunisie\/#organization\",\"name\":\"Kapitalis\",\"url\":\"https:\/\/kapitalis.com\/tunisie\/\",\"logo\":{\"@type\":\"ImageObject\",\"inLanguage\":\"fr-FR\",\"@id\":\"https:\/\/kapitalis.com\/tunisie\/#\/schema\/logo\/image\/\",\"url\":\"https:\/\/kapitalis.com\/tunisie\/wp-content\/uploads\/2022\/05\/Kapitalis-big-size.png\",\"contentUrl\":\"https:\/\/kapitalis.com\/tunisie\/wp-content\/uploads\/2022\/05\/Kapitalis-big-size.png\",\"width\":5000,\"height\":1500,\"caption\":\"Kapitalis\"},\"image\":{\"@id\":\"https:\/\/kapitalis.com\/tunisie\/#\/schema\/logo\/image\/\"},\"sameAs\":[\"https:\/\/www.facebook.com\/KapitalisInfo\/\",\"https:\/\/x.com\/KapitalisInfo\",\"https:\/\/www.youtube.com\/channel\/UC-yDYrHyfFBWWZaOw3FPg9Q\"]},{\"@type\":\"Person\",\"@id\":\"https:\/\/kapitalis.com\/tunisie\/#\/schema\/person\/d71f33a9ca44f7bad4698210b480c8e9\",\"name\":\"webmaster kapitalis\",\"url\":\"https:\/\/kapitalis.com\/tunisie\/author\/webmaster-kapitalis\/\"}]}<\/script>\n<!-- \/ Yoast SEO plugin. -->","yoast_head_json":{"title":"Tasdir+ : Lancement du 2e appel \u00e0 candidatures - Kapitalis","robots":{"index":"index","follow":"follow","max-snippet":"max-snippet:-1","max-image-preview":"max-image-preview:large","max-video-preview":"max-video-preview:-1"},"canonical":"https:\/\/kapitalis.com\/tunisie\/2017\/02\/21\/tasdir-lancement-du-2e-appel-a-candidatures-2\/","og_locale":"fr_FR","og_type":"article","og_title":"Tasdir+ : Lancement du 2e appel \u00e0 candidatures - Kapitalis","og_description":"Une journ\u00e9e d\u2019information a \u00e9t\u00e9 organis\u00e9e, mardi 21 f\u00e9vrier 2017, sur le Fonds d\u2019appui \u00e0 la comp\u00e9titivit\u00e9 et au d\u00e9veloppement des exportations (Tasdir+).","og_url":"https:\/\/kapitalis.com\/tunisie\/2017\/02\/21\/tasdir-lancement-du-2e-appel-a-candidatures-2\/","og_site_name":"Kapitalis","article_publisher":"https:\/\/www.facebook.com\/KapitalisInfo\/","article_published_time":"2017-02-21T15:53:31+00:00","og_image":[{"width":1200,"height":630,"url":"https:\/\/kapitalis.com\/tunisie\/wp-content\/uploads\/2022\/05\/kapitalis-logo-fb.png","type":"image\/png"}],"author":"webmaster kapitalis","twitter_card":"summary_large_image","twitter_creator":"@KapitalisInfo","twitter_site":"@KapitalisInfo","twitter_misc":{"\u00c9crit par":"webmaster kapitalis","Dur\u00e9e de lecture estim\u00e9e":"2 minutes"},"schema":{"@context":"https:\/\/schema.org","@graph":[{"@type":"Article","@id":"https:\/\/kapitalis.com\/tunisie\/2017\/02\/21\/tasdir-lancement-du-2e-appel-a-candidatures-2\/#article","isPartOf":{"@id":"https:\/\/kapitalis.com\/tunisie\/2017\/02\/21\/tasdir-lancement-du-2e-appel-a-candidatures-2\/"},"author":{"name":"webmaster kapitalis","@id":"https:\/\/kapitalis.com\/tunisie\/#\/schema\/person\/d71f33a9ca44f7bad4698210b480c8e9"},"headline":"Tasdir+ : Lancement du 2e appel \u00e0 candidatures","datePublished":"2017-02-21T15:53:31+00:00","mainEntityOfPage":{"@id":"https:\/\/kapitalis.com\/tunisie\/2017\/02\/21\/tasdir-lancement-du-2e-appel-a-candidatures-2\/"},"wordCount":463,"commentCount":0,"publisher":{"@id":"https:\/\/kapitalis.com\/tunisie\/#organization"},"image":{"@id":"https:\/\/kapitalis.com\/tunisie\/2017\/02\/21\/tasdir-lancement-du-2e-appel-a-candidatures-2\/#primaryimage"},"thumbnailUrl":"","keywords":["Berd","Cepex","exportations","start-ups","Tasdir+"],"articleSection":["ECONOMIE","Tunisie"],"inLanguage":"fr-FR","potentialAction":[{"@type":"CommentAction","name":"Comment","target":["https:\/\/kapitalis.com\/tunisie\/2017\/02\/21\/tasdir-lancement-du-2e-appel-a-candidatures-2\/#respond"]}]},{"@type":"WebPage","@id":"https:\/\/kapitalis.com\/tunisie\/2017\/02\/21\/tasdir-lancement-du-2e-appel-a-candidatures-2\/","url":"https:\/\/kapitalis.com\/tunisie\/2017\/02\/21\/tasdir-lancement-du-2e-appel-a-candidatures-2\/","name":"Tasdir+ : Lancement du 2e appel \u00e0 candidatures - Kapitalis","isPartOf":{"@id":"https:\/\/kapitalis.com\/tunisie\/#website"},"primaryImageOfPage":{"@id":"https:\/\/kapitalis.com\/tunisie\/2017\/02\/21\/tasdir-lancement-du-2e-appel-a-candidatures-2\/#primaryimage"},"image":{"@id":"https:\/\/kapitalis.com\/tunisie\/2017\/02\/21\/tasdir-lancement-du-2e-appel-a-candidatures-2\/#primaryimage"},"thumbnailUrl":"","datePublished":"2017-02-21T15:53:31+00:00","breadcrumb":{"@id":"https:\/\/kapitalis.com\/tunisie\/2017\/02\/21\/tasdir-lancement-du-2e-appel-a-candidatures-2\/#breadcrumb"},"inLanguage":"fr-FR","potentialAction":[{"@type":"ReadAction","target":["https:\/\/kapitalis.com\/tunisie\/2017\/02\/21\/tasdir-lancement-du-2e-appel-a-candidatures-2\/"]}]},{"@type":"ImageObject","inLanguage":"fr-FR","@id":"https:\/\/kapitalis.com\/tunisie\/2017\/02\/21\/tasdir-lancement-du-2e-appel-a-candidatures-2\/#primaryimage","url":"","contentUrl":""},{"@type":"BreadcrumbList","@id":"https:\/\/kapitalis.com\/tunisie\/2017\/02\/21\/tasdir-lancement-du-2e-appel-a-candidatures-2\/#breadcrumb","itemListElement":[{"@type":"ListItem","position":1,"name":"Accueil","item":"https:\/\/kapitalis.com\/tunisie\/"},{"@type":"ListItem","position":2,"name":"Tasdir+ : Lancement du 2e appel \u00e0 candidatures"}]},{"@type":"WebSite","@id":"https:\/\/kapitalis.com\/tunisie\/#website","url":"https:\/\/kapitalis.com\/tunisie\/","name":"Kapitalis","description":"L&#039;actualit\u00e9 en Tunisie et dans le monde","publisher":{"@id":"https:\/\/kapitalis.com\/tunisie\/#organization"},"potentialAction":[{"@type":"SearchAction","target":{"@type":"EntryPoint","urlTemplate":"https:\/\/kapitalis.com\/tunisie\/?s={search_term_string}"},"query-input":{"@type":"PropertyValueSpecification","valueRequired":true,"valueName":"search_term_string"}}],"inLanguage":"fr-FR"},{"@type":"Organization","@id":"https:\/\/kapitalis.com\/tunisie\/#organization","name":"Kapitalis","url":"https:\/\/kapitalis.com\/tunisie\/","logo":{"@type":"ImageObject","inLanguage":"fr-FR","@id":"https:\/\/kapitalis.com\/tunisie\/#\/schema\/logo\/image\/","url":"https:\/\/kapitalis.com\/tunisie\/wp-content\/uploads\/2022\/05\/Kapitalis-big-size.png","contentUrl":"https:\/\/kapitalis.com\/tunisie\/wp-content\/uploads\/2022\/05\/Kapitalis-big-size.png","width":5000,"height":1500,"caption":"Kapitalis"},"image":{"@id":"https:\/\/kapitalis.com\/tunisie\/#\/schema\/logo\/image\/"},"sameAs":["https:\/\/www.facebook.com\/KapitalisInfo\/","https:\/\/x.com\/KapitalisInfo","https:\/\/www.youtube.com\/channel\/UC-yDYrHyfFBWWZaOw3FPg9Q"]},{"@type":"Person","@id":"https:\/\/kapitalis.com\/tunisie\/#\/schema\/person\/d71f33a9ca44f7bad4698210b480c8e9","name":"webmaster kapitalis","url":"https:\/\/kapitalis.com\/tunisie\/author\/webmaster-kapitalis\/"}]}},"_links":{"self":[{"href":"https:\/\/kapitalis.com\/tunisie\/wp-json\/wp\/v2\/posts\/83939","targetHints":{"allow":["GET"]}}],"collection":[{"href":"https:\/\/kapitalis.com\/tunisie\/wp-json\/wp\/v2\/posts"}],"about":[{"href":"https:\/\/kapitalis.com\/tunisie\/wp-json\/wp\/v2\/types\/post"}],"author":[{"embeddable":true,"href":"https:\/\/kapitalis.com\/tunisie\/wp-json\/wp\/v2\/users\/8"}],"replies":[{"embeddable":true,"href":"https:\/\/kapitalis.com\/tunisie\/wp-json\/wp\/v2\/comments?post=83939"}],"version-history":[{"count":0,"href":"https:\/\/kapitalis.com\/tunisie\/wp-json\/wp\/v2\/posts\/83939\/revisions"}],"wp:featuredmedia":[{"embeddable":true,"href":"https:\/\/kapitalis.com\/tunisie\/wp-json\/wp\/v2\/media\/83940"}],"wp:attachment":[{"href":"https:\/\/kapitalis.com\/tunisie\/wp-json\/wp\/v2\/media?parent=83939"}],"wp:term":[{"taxonomy":"category","embeddable":true,"href":"https:\/\/kapitalis.com\/tunisie\/wp-json\/wp\/v2\/categories?post=83939"},{"taxonomy":"post_tag","embeddable":true,"href":"https:\/\/kapitalis.com\/tunisie\/wp-json\/wp\/v2\/tags?post=83939"}],"curies":[{"name":"wp","href":"https:\/\/api.w.org\/{rel}","templated":true}]}}