{"id":83949,"date":"2017-02-22T15:06:30","date_gmt":"2017-02-22T14:06:30","guid":{"rendered":"http:\/\/kapitalis.com\/tunisie\/?p=83949"},"modified":"2017-02-22T18:00:47","modified_gmt":"2017-02-22T17:00:47","slug":"grande-distribution-plus-de-sacs-en-plastique-a-partir-le-1er-mars","status":"publish","type":"post","link":"https:\/\/kapitalis.com\/tunisie\/2017\/02\/22\/grande-distribution-plus-de-sacs-en-plastique-a-partir-le-1er-mars\/","title":{"rendered":"Grande distribution\u00a0: Plus de sacs en plastique \u00e0 partir le 1er mars"},"content":{"rendered":"<p style=\"text-align: center;\"><img loading=\"lazy\" decoding=\"async\" class=\"alignnone size-full wp-image-84064\" src=\"http:\/\/kapitalis.com\/tunisie\/wp-content\/uploads\/2017\/02\/Riadh-Mouakhar.jpg\" alt=\"\" width=\"626\" height=\"380\" \/><\/p>\n<p><em><strong>Les sacs en plastique jetables d\u2019une \u00e9paisseur moins de 40 microns ne seront plus distribu\u00e9s dans les grandes surfaces \u00e0 partir du 1<sup>er<\/sup> mars 2017. Il \u00e9tait temps.<\/strong><\/em><\/p>\n<p>Par <strong>Zohra Abid<\/strong><\/p>\n<p><!--more--><\/p>\n<p>Pour faire ses emplettes, il faudra d\u00e9sormais se munir des sacs r\u00e9utilisables ou payer \u00e0 la caisse un sac de 40 ou 50 microm\u00e8tres pour 80 ou 90 millimes. Cette mesure, qui entrera en vigueur dans moins de 10 jours, vise \u00e0 contribuer \u00e0 la pr\u00e9servation de l\u2019environnement.<\/p>\n<p>Elle a \u00e9t\u00e9 prise, le 11 octobre 2016, en commun accord entre, d\u2019un c\u00f4t\u00e9, le minist\u00e8re des Affaires locales et de l\u2019Environnement et de l\u2019autre,\u00a0les grandes surfaces dont G\u00e9ant, Carrefour, Monoprix\u00a0et Magasin g\u00e9n\u00e9ral.<\/p>\n<p><strong>Un\u00a0comportement citoyen <\/strong><\/p>\n<p>Pour garantir le succ\u00e8s de cette initiative, il faut d&rsquo;abord sensibiliser le consommateur aux probl\u00e8mes de la protection de l\u2019environnement et l&rsquo;inciter\u00a0\u00e0 s\u2019adapter au changement de ses habitudes. Il faut aussi aider les industriels \u00e0 adopter d\u2019autres alternatives.<\/p>\n<p>\u00ab<em>Nous sommes d\u00e9cid\u00e9s \u00e0 interdire la fabrication, l\u2019importation et la distribution des sacs en plastique. Nous devons suivre la tendance universelle qui r\u00e9ussit dans les pays d\u00e9velopp\u00e9s et dans d\u2019autres qui le sont moins, comme le Maroc, le Cameroun et le Rwanda<\/em>\u00bb, a martel\u00e9 Riadh Mouakhar, ministre des Affaires locales et de l\u2019Environnement, lors d\u2019un petit-d\u00e9jeuner de presse, le mardi 21 f\u00e9vrier 2017, dans un restaurant aux Berges du Lac de Tunis.<\/p>\n<p>M.\u00a0Mouakhar, qui s&rsquo;\u00e9tait entour\u00e9 de plusieurs d\u00e9put\u00e9s, militants syndicalistes\u00a0et repr\u00e9sentants d\u2019associations environnementales, a tenu \u00e0 rappeler que ce projet avait \u00e9t\u00e9 discut\u00e9 et valid\u00e9 par les d\u00e9put\u00e9s et d\u00e9marr\u00e9 par son pr\u00e9d\u00e9cesseur. \u00ab<em>Ce projet n&rsquo;est qu&rsquo;un premier chantier que nous venons d&rsquo;ouvrir dans le domaine de l&rsquo;environnement. D&rsquo;autres suivront<\/em>\u00bb, a-t-il encha\u00een\u00e9.<\/p>\n<p style=\"text-align: center;\"><img loading=\"lazy\" decoding=\"async\" class=\"alignnone wp-image-46807\" src=\"http:\/\/kapitalis.com\/tunisie\/wp-content\/uploads\/2016\/04\/Sacs-en-plastique.jpg\" alt=\"Sacs en plastique\" width=\"500\" height=\"304\" \/><\/p>\n<p style=\"text-align: center;\"><em>Mettre fin \u00e0 une catastrophe environnementale.\u00a0<\/em><\/p>\n<p><strong>Pour de\u00a0nouvelles alternatives<\/strong><\/p>\n<p>Le ministre a rappel\u00e9 qu&rsquo;il s&rsquo;est attel\u00e9 \u00e0 la mise en oeuvre de\u00a0ce projet d\u00e8s la 2<sup>e<\/sup> semaine de sa nomination.\u00a0Pour en mettre\u00a0les premiers jalons, il a commenc\u00e9\u00a0par\u00a0en discuter avec des responsables \u00e0 l\u2019Utica, afin de trouver une solution avec les sachetiers, les industriels des sachets en plastique, qui y \u00e9taient oppos\u00e9s car il mena\u00e7ait leur fili\u00e8re.<\/p>\n<p>M. Mouakhar a aussi rappel\u00e9 que les Tunisiens utilisent plus d\u2019un milliard de sacs en plastique par an et ce\u00a0march\u00e9 ne repr\u00e9sente que\u00a020 millions de dinars tunisiens (MDT). \u00ab<em>Le ratio d\u2019employabilit\u00e9 de ce secteur est tr\u00e8s faible, car il n&#8217;emploie que\u00a0quelques centaines de personnes<\/em>\u00bb, a-t-il tenu aussi \u00e0 souligner.<\/p>\n<p>Cependant, une \u00e9tude a \u00e9t\u00e9 r\u00e9alis\u00e9e pour identifier les moyens d&rsquo;accompagner les industriels afin qu&rsquo;ils adoptent des solutions\u00a0alternatives. \u00ab<em>C&rsquo;est ainsi qu&rsquo;on a d\u00e9cid\u00e9 de maintenir en usage les sachets \u00e0 partir de 40 microns et de mettre fin \u00e0 la fabrication de ceux de 10 \u00e0\u00a020 microns<\/em>\u00bb, a-t-il pr\u00e9cis\u00e9.\u00a0Les industriels n\u2019ont, en r\u00e9alit\u00e9, rien \u00e0 perdre puisqu\u2019il n\u2019y aura pas de changement dans la cha\u00eene, \u00ab<em>ni au niveau des machines ni dans le syst\u00e8me de coupure ou de soudure<\/em>\u00bb, a\u00a0ajout\u00e9 le ministre.<\/p>\n<p>Il y aura n\u00e9anmoins des difficult\u00e9s pour amener le\u00a0citoyen \u00e0\u00a0changer\u00a0son\u00a0comportement. \u00ab<em>Nous comptons sur les m\u00e9dias pour nous aider \u00e0 sensibiliser le\u00a0Tunisien sur la n\u00e9cessit\u00e9 de ne plus utiliser les sacs en plastique qui polluent durablement l&rsquo;environnement<\/em>\u00bb, a insist\u00e9 Riadh Mouakhar. D&rsquo;autant que des solutions existent, comme\u00a0le retour aux emballages en papier kraft, en tissu\u00a0ou\u00a0en\u00a0halfa, comme les couffins jadis utilis\u00e9s par nos anc\u00eatres avant l&rsquo;av\u00e8nement\u00a0des sacs en plastique, \u00ab<em>dont la d\u00e9gradation n\u00e9cessite\u00a04 si\u00e8cles alors que leur temps de fabrication\u00a0ne d\u00e9passe gu\u00e8re une seconde et leur utilisation un petit quart d\u2019heure<\/em>\u00bb, a expliqu\u00e9 le ministre.<\/p>\n<p>Il existe, en effet, dans les pays respectueux\u00a0de l&rsquo;environnement, plusieurs alternatives, dont des sacs faits \u00e0 base d\u2019une mati\u00e8re biod\u00e9gradable comme la f\u00e9cule de pomme de terre, de l\u2019amidon, des mat\u00e9riaux qui se d\u00e9gradent, tout au plus, en un mois. C&rsquo;est une orientation possible et les industriels tunisiens seraient bien inspir\u00e9s de s&rsquo;y engager d\u00e8s aujourd&rsquo;hui,\u00a0mais nous n&rsquo;en sommes pas l\u00e0. Il y a encore du chemin \u00e0 faire.<\/p>\n<p>D\u2019autres d\u00e9cisions seront prises et le gouvernement proc\u00e9dera progressivement et par \u00e9tapes pour obliger les citoyens \u00e0 respecter l&rsquo;environnement. Parmi ces d\u00e9cisions, la mise en place, avant la fin de 2017, d&rsquo;une police environnementale, dont la mission est de surveiller et de sanctionner les abus dans ce domaine.<\/p>\n<p><strong>Pour un \u00a0environnement sain<\/strong><\/p>\n<p>Mais qu&rsquo;en pensent les responsables des grandes surfaces? H\u00e9di Baccour, DGA du Groupe Magasin g\u00e9n\u00e9ral, a indiqu\u00e9 \u00e0 Kapitalis que le secteur de la grande distribution fait des efforts en faveur de\u00a0l\u2019environnement. \u00ab<em>Nous respectons, aujourd\u2019hui, le\u00a0recyclage des huiles, le repos biologique dans la p\u00eache (notamment du thon rouge, du poulpe), la propret\u00e9 dans nos magasins.\u00a0Nous avons ainsi r\u00e9serv\u00e9 un local pour les poubelles afin de\u00a0les mettre hors de port\u00e9e des \u00ab\u00a0barbacha\u00a0\u00bb <\/em>(fouilleurs de poubelles, Ndlr)\u00bb, a-t-il expliqu\u00e9.<\/p>\n<p>Les grandes surfaces participent souvent \u00e0 des actions \u00e9cologiques, notamment en faveur de\u00a0la propret\u00e9 des plages. <em>\u00abLe fait de r\u00e9duire l&rsquo;usage des sachets en plastique va nous aider \u00e0 faire face au probl\u00e8me de la prolif\u00e9ration des m\u00e9duses dans nos plages<\/em>\u00bb, a-t-il ajout\u00e9.<\/p>\n<p>A-t-on trouv\u00e9 des solutions pour l\u2019emballage des fruits, l\u00e9gumes, poissons et viandes? R\u00e9ponse de M. Baccour\u00a0: \u00ab<em>Ce sera des sachets ultra l\u00e9gers et sans bretelles que le client ne pourra pas r\u00e9utiliser. Ce genre de sachet est fait juste pour permettre d&rsquo;acheminer le contenu du magasin jusqu\u2019\u00e0 la maison. Pour les grandes emplettes, nous proposons des sacs \u00e0 vie, dont le prix de l&rsquo;unit\u00e9 est \u00e0 1,5 DT. Une fois us\u00e9s, on r\u00e9cup\u00e8re ces sacs recyclables aupr\u00e8s des clients et on les leur remplace par d&rsquo;autres<\/em>\u00bb, a-t-il conclu.<\/p>\n","protected":false},"excerpt":{"rendered":"<p>Les sacs en plastique jetables d\u2019une \u00e9paisseur moins de 40 microns ne seront plus distribu\u00e9s dans les grandes surfaces \u00e0 partir du 1er mars 2017. Il \u00e9tait temps. Par Zohra Abid<\/p>\n","protected":false},"author":7,"featured_media":84064,"comment_status":"open","ping_status":"open","sticky":false,"template":"","format":"standard","meta":{"footnotes":""},"categories":[992,993,2433],"tags":[335,21845],"class_list":["post-83949","post","type-post","status-publish","format-standard","has-post-thumbnail","hentry","category-a-la-une","category-conso","category-tunisie","tag-environnement","tag-riadh-mouakhar"],"yoast_head":"<!-- This site is optimized with the Yoast SEO plugin v26.6 - https:\/\/yoast.com\/wordpress\/plugins\/seo\/ -->\n<title>Grande distribution\u00a0: Plus de sacs en plastique \u00e0 partir le 1er mars - Kapitalis<\/title>\n<meta name=\"robots\" content=\"index, follow, max-snippet:-1, max-image-preview:large, max-video-preview:-1\" \/>\n<link rel=\"canonical\" href=\"https:\/\/kapitalis.com\/tunisie\/2017\/02\/22\/grande-distribution-plus-de-sacs-en-plastique-a-partir-le-1er-mars\/\" \/>\n<meta property=\"og:locale\" content=\"fr_FR\" \/>\n<meta property=\"og:type\" content=\"article\" \/>\n<meta property=\"og:title\" content=\"Grande distribution\u00a0: Plus de sacs en plastique \u00e0 partir le 1er mars - Kapitalis\" \/>\n<meta property=\"og:description\" content=\"Les sacs en plastique jetables d\u2019une \u00e9paisseur moins de 40 microns ne seront plus distribu\u00e9s dans les grandes surfaces \u00e0 partir du 1er mars 2017. Il \u00e9tait temps. Par Zohra Abid\" \/>\n<meta property=\"og:url\" content=\"https:\/\/kapitalis.com\/tunisie\/2017\/02\/22\/grande-distribution-plus-de-sacs-en-plastique-a-partir-le-1er-mars\/\" \/>\n<meta property=\"og:site_name\" content=\"Kapitalis\" \/>\n<meta property=\"article:publisher\" content=\"https:\/\/www.facebook.com\/KapitalisInfo\/\" \/>\n<meta property=\"article:published_time\" content=\"2017-02-22T14:06:30+00:00\" \/>\n<meta property=\"article:modified_time\" content=\"2017-02-22T17:00:47+00:00\" \/>\n<meta property=\"og:image\" content=\"https:\/\/kapitalis.com\/tunisie\/wp-content\/uploads\/2022\/05\/kapitalis-logo-fb.png\" \/>\n\t<meta property=\"og:image:width\" content=\"1200\" \/>\n\t<meta property=\"og:image:height\" content=\"630\" \/>\n\t<meta property=\"og:image:type\" content=\"image\/png\" \/>\n<meta name=\"author\" content=\"zohra abid\" \/>\n<meta name=\"twitter:card\" content=\"summary_large_image\" \/>\n<meta name=\"twitter:creator\" content=\"@KapitalisInfo\" \/>\n<meta name=\"twitter:site\" content=\"@KapitalisInfo\" \/>\n<meta name=\"twitter:label1\" content=\"\u00c9crit par\" \/>\n\t<meta name=\"twitter:data1\" content=\"zohra abid\" \/>\n\t<meta name=\"twitter:label2\" content=\"Dur\u00e9e de lecture estim\u00e9e\" \/>\n\t<meta name=\"twitter:data2\" content=\"5 minutes\" \/>\n<script type=\"application\/ld+json\" class=\"yoast-schema-graph\">{\"@context\":\"https:\/\/schema.org\",\"@graph\":[{\"@type\":\"Article\",\"@id\":\"https:\/\/kapitalis.com\/tunisie\/2017\/02\/22\/grande-distribution-plus-de-sacs-en-plastique-a-partir-le-1er-mars\/#article\",\"isPartOf\":{\"@id\":\"https:\/\/kapitalis.com\/tunisie\/2017\/02\/22\/grande-distribution-plus-de-sacs-en-plastique-a-partir-le-1er-mars\/\"},\"author\":{\"name\":\"zohra abid\",\"@id\":\"https:\/\/kapitalis.com\/tunisie\/#\/schema\/person\/6fc2988ceb6eacf6836db1d8360b4912\"},\"headline\":\"Grande distribution\u00a0: Plus de sacs en plastique \u00e0 partir le 1er mars\",\"datePublished\":\"2017-02-22T14:06:30+00:00\",\"dateModified\":\"2017-02-22T17:00:47+00:00\",\"mainEntityOfPage\":{\"@id\":\"https:\/\/kapitalis.com\/tunisie\/2017\/02\/22\/grande-distribution-plus-de-sacs-en-plastique-a-partir-le-1er-mars\/\"},\"wordCount\":1007,\"commentCount\":3,\"publisher\":{\"@id\":\"https:\/\/kapitalis.com\/tunisie\/#organization\"},\"image\":{\"@id\":\"https:\/\/kapitalis.com\/tunisie\/2017\/02\/22\/grande-distribution-plus-de-sacs-en-plastique-a-partir-le-1er-mars\/#primaryimage\"},\"thumbnailUrl\":\"\",\"keywords\":[\"environnement\",\"Riadh Mouakhar\"],\"articleSection\":[\"A LA UNE\",\"CONSO\",\"Tunisie\"],\"inLanguage\":\"fr-FR\",\"potentialAction\":[{\"@type\":\"CommentAction\",\"name\":\"Comment\",\"target\":[\"https:\/\/kapitalis.com\/tunisie\/2017\/02\/22\/grande-distribution-plus-de-sacs-en-plastique-a-partir-le-1er-mars\/#respond\"]}]},{\"@type\":\"WebPage\",\"@id\":\"https:\/\/kapitalis.com\/tunisie\/2017\/02\/22\/grande-distribution-plus-de-sacs-en-plastique-a-partir-le-1er-mars\/\",\"url\":\"https:\/\/kapitalis.com\/tunisie\/2017\/02\/22\/grande-distribution-plus-de-sacs-en-plastique-a-partir-le-1er-mars\/\",\"name\":\"Grande distribution\u00a0: Plus de sacs en plastique \u00e0 partir le 1er mars - Kapitalis\",\"isPartOf\":{\"@id\":\"https:\/\/kapitalis.com\/tunisie\/#website\"},\"primaryImageOfPage\":{\"@id\":\"https:\/\/kapitalis.com\/tunisie\/2017\/02\/22\/grande-distribution-plus-de-sacs-en-plastique-a-partir-le-1er-mars\/#primaryimage\"},\"image\":{\"@id\":\"https:\/\/kapitalis.com\/tunisie\/2017\/02\/22\/grande-distribution-plus-de-sacs-en-plastique-a-partir-le-1er-mars\/#primaryimage\"},\"thumbnailUrl\":\"\",\"datePublished\":\"2017-02-22T14:06:30+00:00\",\"dateModified\":\"2017-02-22T17:00:47+00:00\",\"breadcrumb\":{\"@id\":\"https:\/\/kapitalis.com\/tunisie\/2017\/02\/22\/grande-distribution-plus-de-sacs-en-plastique-a-partir-le-1er-mars\/#breadcrumb\"},\"inLanguage\":\"fr-FR\",\"potentialAction\":[{\"@type\":\"ReadAction\",\"target\":[\"https:\/\/kapitalis.com\/tunisie\/2017\/02\/22\/grande-distribution-plus-de-sacs-en-plastique-a-partir-le-1er-mars\/\"]}]},{\"@type\":\"ImageObject\",\"inLanguage\":\"fr-FR\",\"@id\":\"https:\/\/kapitalis.com\/tunisie\/2017\/02\/22\/grande-distribution-plus-de-sacs-en-plastique-a-partir-le-1er-mars\/#primaryimage\",\"url\":\"\",\"contentUrl\":\"\"},{\"@type\":\"BreadcrumbList\",\"@id\":\"https:\/\/kapitalis.com\/tunisie\/2017\/02\/22\/grande-distribution-plus-de-sacs-en-plastique-a-partir-le-1er-mars\/#breadcrumb\",\"itemListElement\":[{\"@type\":\"ListItem\",\"position\":1,\"name\":\"Accueil\",\"item\":\"https:\/\/kapitalis.com\/tunisie\/\"},{\"@type\":\"ListItem\",\"position\":2,\"name\":\"Grande distribution\u00a0: Plus de sacs en plastique \u00e0 partir le 1er mars\"}]},{\"@type\":\"WebSite\",\"@id\":\"https:\/\/kapitalis.com\/tunisie\/#website\",\"url\":\"https:\/\/kapitalis.com\/tunisie\/\",\"name\":\"Kapitalis\",\"description\":\"L&#039;actualit\u00e9 en Tunisie et dans le monde\",\"publisher\":{\"@id\":\"https:\/\/kapitalis.com\/tunisie\/#organization\"},\"potentialAction\":[{\"@type\":\"SearchAction\",\"target\":{\"@type\":\"EntryPoint\",\"urlTemplate\":\"https:\/\/kapitalis.com\/tunisie\/?s={search_term_string}\"},\"query-input\":{\"@type\":\"PropertyValueSpecification\",\"valueRequired\":true,\"valueName\":\"search_term_string\"}}],\"inLanguage\":\"fr-FR\"},{\"@type\":\"Organization\",\"@id\":\"https:\/\/kapitalis.com\/tunisie\/#organization\",\"name\":\"Kapitalis\",\"url\":\"https:\/\/kapitalis.com\/tunisie\/\",\"logo\":{\"@type\":\"ImageObject\",\"inLanguage\":\"fr-FR\",\"@id\":\"https:\/\/kapitalis.com\/tunisie\/#\/schema\/logo\/image\/\",\"url\":\"https:\/\/kapitalis.com\/tunisie\/wp-content\/uploads\/2022\/05\/Kapitalis-big-size.png\",\"contentUrl\":\"https:\/\/kapitalis.com\/tunisie\/wp-content\/uploads\/2022\/05\/Kapitalis-big-size.png\",\"width\":5000,\"height\":1500,\"caption\":\"Kapitalis\"},\"image\":{\"@id\":\"https:\/\/kapitalis.com\/tunisie\/#\/schema\/logo\/image\/\"},\"sameAs\":[\"https:\/\/www.facebook.com\/KapitalisInfo\/\",\"https:\/\/x.com\/KapitalisInfo\",\"https:\/\/www.youtube.com\/channel\/UC-yDYrHyfFBWWZaOw3FPg9Q\"]},{\"@type\":\"Person\",\"@id\":\"https:\/\/kapitalis.com\/tunisie\/#\/schema\/person\/6fc2988ceb6eacf6836db1d8360b4912\",\"name\":\"zohra abid\",\"url\":\"https:\/\/kapitalis.com\/tunisie\/author\/zohra-abid-2015\/\"}]}<\/script>\n<!-- \/ Yoast SEO plugin. -->","yoast_head_json":{"title":"Grande distribution\u00a0: Plus de sacs en plastique \u00e0 partir le 1er mars - Kapitalis","robots":{"index":"index","follow":"follow","max-snippet":"max-snippet:-1","max-image-preview":"max-image-preview:large","max-video-preview":"max-video-preview:-1"},"canonical":"https:\/\/kapitalis.com\/tunisie\/2017\/02\/22\/grande-distribution-plus-de-sacs-en-plastique-a-partir-le-1er-mars\/","og_locale":"fr_FR","og_type":"article","og_title":"Grande distribution\u00a0: Plus de sacs en plastique \u00e0 partir le 1er mars - Kapitalis","og_description":"Les sacs en plastique jetables d\u2019une \u00e9paisseur moins de 40 microns ne seront plus distribu\u00e9s dans les grandes surfaces \u00e0 partir du 1er mars 2017. Il \u00e9tait temps. Par Zohra Abid","og_url":"https:\/\/kapitalis.com\/tunisie\/2017\/02\/22\/grande-distribution-plus-de-sacs-en-plastique-a-partir-le-1er-mars\/","og_site_name":"Kapitalis","article_publisher":"https:\/\/www.facebook.com\/KapitalisInfo\/","article_published_time":"2017-02-22T14:06:30+00:00","article_modified_time":"2017-02-22T17:00:47+00:00","og_image":[{"width":1200,"height":630,"url":"https:\/\/kapitalis.com\/tunisie\/wp-content\/uploads\/2022\/05\/kapitalis-logo-fb.png","type":"image\/png"}],"author":"zohra abid","twitter_card":"summary_large_image","twitter_creator":"@KapitalisInfo","twitter_site":"@KapitalisInfo","twitter_misc":{"\u00c9crit par":"zohra abid","Dur\u00e9e de lecture estim\u00e9e":"5 minutes"},"schema":{"@context":"https:\/\/schema.org","@graph":[{"@type":"Article","@id":"https:\/\/kapitalis.com\/tunisie\/2017\/02\/22\/grande-distribution-plus-de-sacs-en-plastique-a-partir-le-1er-mars\/#article","isPartOf":{"@id":"https:\/\/kapitalis.com\/tunisie\/2017\/02\/22\/grande-distribution-plus-de-sacs-en-plastique-a-partir-le-1er-mars\/"},"author":{"name":"zohra abid","@id":"https:\/\/kapitalis.com\/tunisie\/#\/schema\/person\/6fc2988ceb6eacf6836db1d8360b4912"},"headline":"Grande distribution\u00a0: Plus de sacs en plastique \u00e0 partir le 1er mars","datePublished":"2017-02-22T14:06:30+00:00","dateModified":"2017-02-22T17:00:47+00:00","mainEntityOfPage":{"@id":"https:\/\/kapitalis.com\/tunisie\/2017\/02\/22\/grande-distribution-plus-de-sacs-en-plastique-a-partir-le-1er-mars\/"},"wordCount":1007,"commentCount":3,"publisher":{"@id":"https:\/\/kapitalis.com\/tunisie\/#organization"},"image":{"@id":"https:\/\/kapitalis.com\/tunisie\/2017\/02\/22\/grande-distribution-plus-de-sacs-en-plastique-a-partir-le-1er-mars\/#primaryimage"},"thumbnailUrl":"","keywords":["environnement","Riadh Mouakhar"],"articleSection":["A LA UNE","CONSO","Tunisie"],"inLanguage":"fr-FR","potentialAction":[{"@type":"CommentAction","name":"Comment","target":["https:\/\/kapitalis.com\/tunisie\/2017\/02\/22\/grande-distribution-plus-de-sacs-en-plastique-a-partir-le-1er-mars\/#respond"]}]},{"@type":"WebPage","@id":"https:\/\/kapitalis.com\/tunisie\/2017\/02\/22\/grande-distribution-plus-de-sacs-en-plastique-a-partir-le-1er-mars\/","url":"https:\/\/kapitalis.com\/tunisie\/2017\/02\/22\/grande-distribution-plus-de-sacs-en-plastique-a-partir-le-1er-mars\/","name":"Grande distribution\u00a0: Plus de sacs en plastique \u00e0 partir le 1er mars - Kapitalis","isPartOf":{"@id":"https:\/\/kapitalis.com\/tunisie\/#website"},"primaryImageOfPage":{"@id":"https:\/\/kapitalis.com\/tunisie\/2017\/02\/22\/grande-distribution-plus-de-sacs-en-plastique-a-partir-le-1er-mars\/#primaryimage"},"image":{"@id":"https:\/\/kapitalis.com\/tunisie\/2017\/02\/22\/grande-distribution-plus-de-sacs-en-plastique-a-partir-le-1er-mars\/#primaryimage"},"thumbnailUrl":"","datePublished":"2017-02-22T14:06:30+00:00","dateModified":"2017-02-22T17:00:47+00:00","breadcrumb":{"@id":"https:\/\/kapitalis.com\/tunisie\/2017\/02\/22\/grande-distribution-plus-de-sacs-en-plastique-a-partir-le-1er-mars\/#breadcrumb"},"inLanguage":"fr-FR","potentialAction":[{"@type":"ReadAction","target":["https:\/\/kapitalis.com\/tunisie\/2017\/02\/22\/grande-distribution-plus-de-sacs-en-plastique-a-partir-le-1er-mars\/"]}]},{"@type":"ImageObject","inLanguage":"fr-FR","@id":"https:\/\/kapitalis.com\/tunisie\/2017\/02\/22\/grande-distribution-plus-de-sacs-en-plastique-a-partir-le-1er-mars\/#primaryimage","url":"","contentUrl":""},{"@type":"BreadcrumbList","@id":"https:\/\/kapitalis.com\/tunisie\/2017\/02\/22\/grande-distribution-plus-de-sacs-en-plastique-a-partir-le-1er-mars\/#breadcrumb","itemListElement":[{"@type":"ListItem","position":1,"name":"Accueil","item":"https:\/\/kapitalis.com\/tunisie\/"},{"@type":"ListItem","position":2,"name":"Grande distribution\u00a0: Plus de sacs en plastique \u00e0 partir le 1er mars"}]},{"@type":"WebSite","@id":"https:\/\/kapitalis.com\/tunisie\/#website","url":"https:\/\/kapitalis.com\/tunisie\/","name":"Kapitalis","description":"L&#039;actualit\u00e9 en Tunisie et dans le monde","publisher":{"@id":"https:\/\/kapitalis.com\/tunisie\/#organization"},"potentialAction":[{"@type":"SearchAction","target":{"@type":"EntryPoint","urlTemplate":"https:\/\/kapitalis.com\/tunisie\/?s={search_term_string}"},"query-input":{"@type":"PropertyValueSpecification","valueRequired":true,"valueName":"search_term_string"}}],"inLanguage":"fr-FR"},{"@type":"Organization","@id":"https:\/\/kapitalis.com\/tunisie\/#organization","name":"Kapitalis","url":"https:\/\/kapitalis.com\/tunisie\/","logo":{"@type":"ImageObject","inLanguage":"fr-FR","@id":"https:\/\/kapitalis.com\/tunisie\/#\/schema\/logo\/image\/","url":"https:\/\/kapitalis.com\/tunisie\/wp-content\/uploads\/2022\/05\/Kapitalis-big-size.png","contentUrl":"https:\/\/kapitalis.com\/tunisie\/wp-content\/uploads\/2022\/05\/Kapitalis-big-size.png","width":5000,"height":1500,"caption":"Kapitalis"},"image":{"@id":"https:\/\/kapitalis.com\/tunisie\/#\/schema\/logo\/image\/"},"sameAs":["https:\/\/www.facebook.com\/KapitalisInfo\/","https:\/\/x.com\/KapitalisInfo","https:\/\/www.youtube.com\/channel\/UC-yDYrHyfFBWWZaOw3FPg9Q"]},{"@type":"Person","@id":"https:\/\/kapitalis.com\/tunisie\/#\/schema\/person\/6fc2988ceb6eacf6836db1d8360b4912","name":"zohra abid","url":"https:\/\/kapitalis.com\/tunisie\/author\/zohra-abid-2015\/"}]}},"_links":{"self":[{"href":"https:\/\/kapitalis.com\/tunisie\/wp-json\/wp\/v2\/posts\/83949","targetHints":{"allow":["GET"]}}],"collection":[{"href":"https:\/\/kapitalis.com\/tunisie\/wp-json\/wp\/v2\/posts"}],"about":[{"href":"https:\/\/kapitalis.com\/tunisie\/wp-json\/wp\/v2\/types\/post"}],"author":[{"embeddable":true,"href":"https:\/\/kapitalis.com\/tunisie\/wp-json\/wp\/v2\/users\/7"}],"replies":[{"embeddable":true,"href":"https:\/\/kapitalis.com\/tunisie\/wp-json\/wp\/v2\/comments?post=83949"}],"version-history":[{"count":0,"href":"https:\/\/kapitalis.com\/tunisie\/wp-json\/wp\/v2\/posts\/83949\/revisions"}],"wp:featuredmedia":[{"embeddable":true,"href":"https:\/\/kapitalis.com\/tunisie\/wp-json\/wp\/v2\/media\/84064"}],"wp:attachment":[{"href":"https:\/\/kapitalis.com\/tunisie\/wp-json\/wp\/v2\/media?parent=83949"}],"wp:term":[{"taxonomy":"category","embeddable":true,"href":"https:\/\/kapitalis.com\/tunisie\/wp-json\/wp\/v2\/categories?post=83949"},{"taxonomy":"post_tag","embeddable":true,"href":"https:\/\/kapitalis.com\/tunisie\/wp-json\/wp\/v2\/tags?post=83949"}],"curies":[{"name":"wp","href":"https:\/\/api.w.org\/{rel}","templated":true}]}}