{"id":83987,"date":"2017-02-22T12:04:33","date_gmt":"2017-02-22T11:04:33","guid":{"rendered":"http:\/\/kapitalis.com\/tunisie\/?p=83987"},"modified":"2017-02-22T12:07:14","modified_gmt":"2017-02-22T11:07:14","slug":"le-front-du-salut-sera-lance-officiellement-le-19-mars","status":"publish","type":"post","link":"https:\/\/kapitalis.com\/tunisie\/2017\/02\/22\/le-front-du-salut-sera-lance-officiellement-le-19-mars\/","title":{"rendered":"Le Front du Salut sera lanc\u00e9 officiellement le 19 mars"},"content":{"rendered":"<p style=\"text-align: center;\"><img loading=\"lazy\" decoding=\"async\" class=\"alignnone size-full wp-image-84018\" src=\"http:\/\/kapitalis.com\/tunisie\/wp-content\/uploads\/2017\/02\/Front-du-salut.jpg\" alt=\"\" width=\"626\" height=\"380\" \/><\/p>\n<p><em><strong>Le\u00a0Front du Salut entrera en activit\u00e9 officiellement \u00e0 partir du 19 mars 2017, la veille de la F\u00eate de l&rsquo;Ind\u00e9pendance.<\/strong><\/em><\/p>\n<p><!--more--><\/p>\n<p>R\u00e9unis mardi 21 f\u00e9vrier 2017, au si\u00e8ge du mouvement\u00a0Machrou Tounes (Projet Tunisie), les composantes du Front du salut ont, \u00e9galement, annonc\u00e9, dans un communiqu\u00e9 conjoint, qu\u2019une journ\u00e9e d\u2019\u00e9tude aura lieu prochainement pour discuter des nouvelles dispositions relatives aux \u00e9lections municipales qu\u2019elles m\u00e8neront sur des listes communes.<\/p>\n<p>Le Front du Salut, qui se situe au centre l&rsquo;\u00e9chiquier politique, est constitu\u00e9 de Machrou Tounes, de l\u2019Union patriotique libre (UPL), du\u00a0Parti du travail patriotique et d\u00e9mocratique (PTPD), du Parti socialiste, du\u00a0Parti Thaouabet, ainsi que\u00a0de plusieurs membres de l\u2019instance dirigeante de Nidaa Tounes en rupture avec Hafedh Ca\u00efd Essebsi, qui a pris le contr\u00f4le de ce parti, et des personnalit\u00e9s ind\u00e9pendantes.<\/p>\n<p>La premi\u00e8re activit\u00e9 du Front du Salut sera la c\u00e9l\u00e9bration du 61e anniversaire de l&rsquo;Ind\u00e9pendance.<\/p>\n<p style=\"text-align: right;\"><strong>Z. A.\u00a0<\/strong><\/p>\n","protected":false},"excerpt":{"rendered":"<p>Le\u00a0Front du Salut entrera en activit\u00e9 officiellement \u00e0 partir du 19 mars 2017, la veille de la F\u00eate de l&rsquo;Ind\u00e9pendance.<\/p>\n","protected":false},"author":7,"featured_media":84018,"comment_status":"open","ping_status":"open","sticky":false,"template":"","format":"standard","meta":{"footnotes":""},"categories":[997,2433],"tags":[16728,4205,3316],"class_list":["post-83987","post","type-post","status-publish","format-standard","has-post-thumbnail","hentry","category-politique","category-tunisie","tag-machrou-tounes","tag-union-patriotique-libre","tag-upl"],"yoast_head":"<!-- This site is optimized with the Yoast SEO plugin v26.6 - https:\/\/yoast.com\/wordpress\/plugins\/seo\/ -->\n<title>Le Front du Salut sera lanc\u00e9 officiellement le 19 mars - Kapitalis<\/title>\n<meta name=\"robots\" content=\"index, follow, max-snippet:-1, max-image-preview:large, max-video-preview:-1\" \/>\n<link rel=\"canonical\" href=\"https:\/\/kapitalis.com\/tunisie\/2017\/02\/22\/le-front-du-salut-sera-lance-officiellement-le-19-mars\/\" \/>\n<meta property=\"og:locale\" content=\"fr_FR\" \/>\n<meta property=\"og:type\" content=\"article\" \/>\n<meta property=\"og:title\" content=\"Le Front du Salut sera lanc\u00e9 officiellement le 19 mars - Kapitalis\" \/>\n<meta property=\"og:description\" content=\"Le\u00a0Front du Salut entrera en activit\u00e9 officiellement \u00e0 partir du 19 mars 2017, la veille de la F\u00eate de l&rsquo;Ind\u00e9pendance.\" \/>\n<meta property=\"og:url\" content=\"https:\/\/kapitalis.com\/tunisie\/2017\/02\/22\/le-front-du-salut-sera-lance-officiellement-le-19-mars\/\" \/>\n<meta property=\"og:site_name\" content=\"Kapitalis\" \/>\n<meta property=\"article:publisher\" content=\"https:\/\/www.facebook.com\/KapitalisInfo\/\" \/>\n<meta property=\"article:published_time\" content=\"2017-02-22T11:04:33+00:00\" \/>\n<meta property=\"article:modified_time\" content=\"2017-02-22T11:07:14+00:00\" \/>\n<meta property=\"og:image\" content=\"https:\/\/kapitalis.com\/tunisie\/wp-content\/uploads\/2022\/05\/kapitalis-logo-fb.png\" \/>\n\t<meta property=\"og:image:width\" content=\"1200\" \/>\n\t<meta property=\"og:image:height\" content=\"630\" \/>\n\t<meta property=\"og:image:type\" content=\"image\/png\" \/>\n<meta name=\"author\" content=\"zohra abid\" \/>\n<meta name=\"twitter:card\" content=\"summary_large_image\" \/>\n<meta name=\"twitter:creator\" content=\"@KapitalisInfo\" \/>\n<meta name=\"twitter:site\" content=\"@KapitalisInfo\" \/>\n<meta name=\"twitter:label1\" content=\"\u00c9crit par\" \/>\n\t<meta name=\"twitter:data1\" content=\"zohra abid\" \/>\n\t<meta name=\"twitter:label2\" content=\"Dur\u00e9e de lecture estim\u00e9e\" \/>\n\t<meta name=\"twitter:data2\" content=\"1 minute\" \/>\n<script type=\"application\/ld+json\" class=\"yoast-schema-graph\">{\"@context\":\"https:\/\/schema.org\",\"@graph\":[{\"@type\":\"Article\",\"@id\":\"https:\/\/kapitalis.com\/tunisie\/2017\/02\/22\/le-front-du-salut-sera-lance-officiellement-le-19-mars\/#article\",\"isPartOf\":{\"@id\":\"https:\/\/kapitalis.com\/tunisie\/2017\/02\/22\/le-front-du-salut-sera-lance-officiellement-le-19-mars\/\"},\"author\":{\"name\":\"zohra abid\",\"@id\":\"https:\/\/kapitalis.com\/tunisie\/#\/schema\/person\/6fc2988ceb6eacf6836db1d8360b4912\"},\"headline\":\"Le Front du Salut sera lanc\u00e9 officiellement le 19 mars\",\"datePublished\":\"2017-02-22T11:04:33+00:00\",\"dateModified\":\"2017-02-22T11:07:14+00:00\",\"mainEntityOfPage\":{\"@id\":\"https:\/\/kapitalis.com\/tunisie\/2017\/02\/22\/le-front-du-salut-sera-lance-officiellement-le-19-mars\/\"},\"wordCount\":175,\"commentCount\":2,\"publisher\":{\"@id\":\"https:\/\/kapitalis.com\/tunisie\/#organization\"},\"image\":{\"@id\":\"https:\/\/kapitalis.com\/tunisie\/2017\/02\/22\/le-front-du-salut-sera-lance-officiellement-le-19-mars\/#primaryimage\"},\"thumbnailUrl\":\"\",\"keywords\":[\"Machrou Tounes\",\"Union patriotique libre\",\"UPL\"],\"articleSection\":[\"POLITIQUE\",\"Tunisie\"],\"inLanguage\":\"fr-FR\",\"potentialAction\":[{\"@type\":\"CommentAction\",\"name\":\"Comment\",\"target\":[\"https:\/\/kapitalis.com\/tunisie\/2017\/02\/22\/le-front-du-salut-sera-lance-officiellement-le-19-mars\/#respond\"]}]},{\"@type\":\"WebPage\",\"@id\":\"https:\/\/kapitalis.com\/tunisie\/2017\/02\/22\/le-front-du-salut-sera-lance-officiellement-le-19-mars\/\",\"url\":\"https:\/\/kapitalis.com\/tunisie\/2017\/02\/22\/le-front-du-salut-sera-lance-officiellement-le-19-mars\/\",\"name\":\"Le Front du Salut sera lanc\u00e9 officiellement le 19 mars - Kapitalis\",\"isPartOf\":{\"@id\":\"https:\/\/kapitalis.com\/tunisie\/#website\"},\"primaryImageOfPage\":{\"@id\":\"https:\/\/kapitalis.com\/tunisie\/2017\/02\/22\/le-front-du-salut-sera-lance-officiellement-le-19-mars\/#primaryimage\"},\"image\":{\"@id\":\"https:\/\/kapitalis.com\/tunisie\/2017\/02\/22\/le-front-du-salut-sera-lance-officiellement-le-19-mars\/#primaryimage\"},\"thumbnailUrl\":\"\",\"datePublished\":\"2017-02-22T11:04:33+00:00\",\"dateModified\":\"2017-02-22T11:07:14+00:00\",\"breadcrumb\":{\"@id\":\"https:\/\/kapitalis.com\/tunisie\/2017\/02\/22\/le-front-du-salut-sera-lance-officiellement-le-19-mars\/#breadcrumb\"},\"inLanguage\":\"fr-FR\",\"potentialAction\":[{\"@type\":\"ReadAction\",\"target\":[\"https:\/\/kapitalis.com\/tunisie\/2017\/02\/22\/le-front-du-salut-sera-lance-officiellement-le-19-mars\/\"]}]},{\"@type\":\"ImageObject\",\"inLanguage\":\"fr-FR\",\"@id\":\"https:\/\/kapitalis.com\/tunisie\/2017\/02\/22\/le-front-du-salut-sera-lance-officiellement-le-19-mars\/#primaryimage\",\"url\":\"\",\"contentUrl\":\"\"},{\"@type\":\"BreadcrumbList\",\"@id\":\"https:\/\/kapitalis.com\/tunisie\/2017\/02\/22\/le-front-du-salut-sera-lance-officiellement-le-19-mars\/#breadcrumb\",\"itemListElement\":[{\"@type\":\"ListItem\",\"position\":1,\"name\":\"Accueil\",\"item\":\"https:\/\/kapitalis.com\/tunisie\/\"},{\"@type\":\"ListItem\",\"position\":2,\"name\":\"Le Front du Salut sera lanc\u00e9 officiellement le 19 mars\"}]},{\"@type\":\"WebSite\",\"@id\":\"https:\/\/kapitalis.com\/tunisie\/#website\",\"url\":\"https:\/\/kapitalis.com\/tunisie\/\",\"name\":\"Kapitalis\",\"description\":\"L&#039;actualit\u00e9 en Tunisie et dans le monde\",\"publisher\":{\"@id\":\"https:\/\/kapitalis.com\/tunisie\/#organization\"},\"potentialAction\":[{\"@type\":\"SearchAction\",\"target\":{\"@type\":\"EntryPoint\",\"urlTemplate\":\"https:\/\/kapitalis.com\/tunisie\/?s={search_term_string}\"},\"query-input\":{\"@type\":\"PropertyValueSpecification\",\"valueRequired\":true,\"valueName\":\"search_term_string\"}}],\"inLanguage\":\"fr-FR\"},{\"@type\":\"Organization\",\"@id\":\"https:\/\/kapitalis.com\/tunisie\/#organization\",\"name\":\"Kapitalis\",\"url\":\"https:\/\/kapitalis.com\/tunisie\/\",\"logo\":{\"@type\":\"ImageObject\",\"inLanguage\":\"fr-FR\",\"@id\":\"https:\/\/kapitalis.com\/tunisie\/#\/schema\/logo\/image\/\",\"url\":\"https:\/\/kapitalis.com\/tunisie\/wp-content\/uploads\/2022\/05\/Kapitalis-big-size.png\",\"contentUrl\":\"https:\/\/kapitalis.com\/tunisie\/wp-content\/uploads\/2022\/05\/Kapitalis-big-size.png\",\"width\":5000,\"height\":1500,\"caption\":\"Kapitalis\"},\"image\":{\"@id\":\"https:\/\/kapitalis.com\/tunisie\/#\/schema\/logo\/image\/\"},\"sameAs\":[\"https:\/\/www.facebook.com\/KapitalisInfo\/\",\"https:\/\/x.com\/KapitalisInfo\",\"https:\/\/www.youtube.com\/channel\/UC-yDYrHyfFBWWZaOw3FPg9Q\"]},{\"@type\":\"Person\",\"@id\":\"https:\/\/kapitalis.com\/tunisie\/#\/schema\/person\/6fc2988ceb6eacf6836db1d8360b4912\",\"name\":\"zohra abid\",\"url\":\"https:\/\/kapitalis.com\/tunisie\/author\/zohra-abid-2015\/\"}]}<\/script>\n<!-- \/ Yoast SEO plugin. -->","yoast_head_json":{"title":"Le Front du Salut sera lanc\u00e9 officiellement le 19 mars - Kapitalis","robots":{"index":"index","follow":"follow","max-snippet":"max-snippet:-1","max-image-preview":"max-image-preview:large","max-video-preview":"max-video-preview:-1"},"canonical":"https:\/\/kapitalis.com\/tunisie\/2017\/02\/22\/le-front-du-salut-sera-lance-officiellement-le-19-mars\/","og_locale":"fr_FR","og_type":"article","og_title":"Le Front du Salut sera lanc\u00e9 officiellement le 19 mars - Kapitalis","og_description":"Le\u00a0Front du Salut entrera en activit\u00e9 officiellement \u00e0 partir du 19 mars 2017, la veille de la F\u00eate de l&rsquo;Ind\u00e9pendance.","og_url":"https:\/\/kapitalis.com\/tunisie\/2017\/02\/22\/le-front-du-salut-sera-lance-officiellement-le-19-mars\/","og_site_name":"Kapitalis","article_publisher":"https:\/\/www.facebook.com\/KapitalisInfo\/","article_published_time":"2017-02-22T11:04:33+00:00","article_modified_time":"2017-02-22T11:07:14+00:00","og_image":[{"width":1200,"height":630,"url":"https:\/\/kapitalis.com\/tunisie\/wp-content\/uploads\/2022\/05\/kapitalis-logo-fb.png","type":"image\/png"}],"author":"zohra abid","twitter_card":"summary_large_image","twitter_creator":"@KapitalisInfo","twitter_site":"@KapitalisInfo","twitter_misc":{"\u00c9crit par":"zohra abid","Dur\u00e9e de lecture estim\u00e9e":"1 minute"},"schema":{"@context":"https:\/\/schema.org","@graph":[{"@type":"Article","@id":"https:\/\/kapitalis.com\/tunisie\/2017\/02\/22\/le-front-du-salut-sera-lance-officiellement-le-19-mars\/#article","isPartOf":{"@id":"https:\/\/kapitalis.com\/tunisie\/2017\/02\/22\/le-front-du-salut-sera-lance-officiellement-le-19-mars\/"},"author":{"name":"zohra abid","@id":"https:\/\/kapitalis.com\/tunisie\/#\/schema\/person\/6fc2988ceb6eacf6836db1d8360b4912"},"headline":"Le Front du Salut sera lanc\u00e9 officiellement le 19 mars","datePublished":"2017-02-22T11:04:33+00:00","dateModified":"2017-02-22T11:07:14+00:00","mainEntityOfPage":{"@id":"https:\/\/kapitalis.com\/tunisie\/2017\/02\/22\/le-front-du-salut-sera-lance-officiellement-le-19-mars\/"},"wordCount":175,"commentCount":2,"publisher":{"@id":"https:\/\/kapitalis.com\/tunisie\/#organization"},"image":{"@id":"https:\/\/kapitalis.com\/tunisie\/2017\/02\/22\/le-front-du-salut-sera-lance-officiellement-le-19-mars\/#primaryimage"},"thumbnailUrl":"","keywords":["Machrou Tounes","Union patriotique libre","UPL"],"articleSection":["POLITIQUE","Tunisie"],"inLanguage":"fr-FR","potentialAction":[{"@type":"CommentAction","name":"Comment","target":["https:\/\/kapitalis.com\/tunisie\/2017\/02\/22\/le-front-du-salut-sera-lance-officiellement-le-19-mars\/#respond"]}]},{"@type":"WebPage","@id":"https:\/\/kapitalis.com\/tunisie\/2017\/02\/22\/le-front-du-salut-sera-lance-officiellement-le-19-mars\/","url":"https:\/\/kapitalis.com\/tunisie\/2017\/02\/22\/le-front-du-salut-sera-lance-officiellement-le-19-mars\/","name":"Le Front du Salut sera lanc\u00e9 officiellement le 19 mars - Kapitalis","isPartOf":{"@id":"https:\/\/kapitalis.com\/tunisie\/#website"},"primaryImageOfPage":{"@id":"https:\/\/kapitalis.com\/tunisie\/2017\/02\/22\/le-front-du-salut-sera-lance-officiellement-le-19-mars\/#primaryimage"},"image":{"@id":"https:\/\/kapitalis.com\/tunisie\/2017\/02\/22\/le-front-du-salut-sera-lance-officiellement-le-19-mars\/#primaryimage"},"thumbnailUrl":"","datePublished":"2017-02-22T11:04:33+00:00","dateModified":"2017-02-22T11:07:14+00:00","breadcrumb":{"@id":"https:\/\/kapitalis.com\/tunisie\/2017\/02\/22\/le-front-du-salut-sera-lance-officiellement-le-19-mars\/#breadcrumb"},"inLanguage":"fr-FR","potentialAction":[{"@type":"ReadAction","target":["https:\/\/kapitalis.com\/tunisie\/2017\/02\/22\/le-front-du-salut-sera-lance-officiellement-le-19-mars\/"]}]},{"@type":"ImageObject","inLanguage":"fr-FR","@id":"https:\/\/kapitalis.com\/tunisie\/2017\/02\/22\/le-front-du-salut-sera-lance-officiellement-le-19-mars\/#primaryimage","url":"","contentUrl":""},{"@type":"BreadcrumbList","@id":"https:\/\/kapitalis.com\/tunisie\/2017\/02\/22\/le-front-du-salut-sera-lance-officiellement-le-19-mars\/#breadcrumb","itemListElement":[{"@type":"ListItem","position":1,"name":"Accueil","item":"https:\/\/kapitalis.com\/tunisie\/"},{"@type":"ListItem","position":2,"name":"Le Front du Salut sera lanc\u00e9 officiellement le 19 mars"}]},{"@type":"WebSite","@id":"https:\/\/kapitalis.com\/tunisie\/#website","url":"https:\/\/kapitalis.com\/tunisie\/","name":"Kapitalis","description":"L&#039;actualit\u00e9 en Tunisie et dans le monde","publisher":{"@id":"https:\/\/kapitalis.com\/tunisie\/#organization"},"potentialAction":[{"@type":"SearchAction","target":{"@type":"EntryPoint","urlTemplate":"https:\/\/kapitalis.com\/tunisie\/?s={search_term_string}"},"query-input":{"@type":"PropertyValueSpecification","valueRequired":true,"valueName":"search_term_string"}}],"inLanguage":"fr-FR"},{"@type":"Organization","@id":"https:\/\/kapitalis.com\/tunisie\/#organization","name":"Kapitalis","url":"https:\/\/kapitalis.com\/tunisie\/","logo":{"@type":"ImageObject","inLanguage":"fr-FR","@id":"https:\/\/kapitalis.com\/tunisie\/#\/schema\/logo\/image\/","url":"https:\/\/kapitalis.com\/tunisie\/wp-content\/uploads\/2022\/05\/Kapitalis-big-size.png","contentUrl":"https:\/\/kapitalis.com\/tunisie\/wp-content\/uploads\/2022\/05\/Kapitalis-big-size.png","width":5000,"height":1500,"caption":"Kapitalis"},"image":{"@id":"https:\/\/kapitalis.com\/tunisie\/#\/schema\/logo\/image\/"},"sameAs":["https:\/\/www.facebook.com\/KapitalisInfo\/","https:\/\/x.com\/KapitalisInfo","https:\/\/www.youtube.com\/channel\/UC-yDYrHyfFBWWZaOw3FPg9Q"]},{"@type":"Person","@id":"https:\/\/kapitalis.com\/tunisie\/#\/schema\/person\/6fc2988ceb6eacf6836db1d8360b4912","name":"zohra abid","url":"https:\/\/kapitalis.com\/tunisie\/author\/zohra-abid-2015\/"}]}},"_links":{"self":[{"href":"https:\/\/kapitalis.com\/tunisie\/wp-json\/wp\/v2\/posts\/83987","targetHints":{"allow":["GET"]}}],"collection":[{"href":"https:\/\/kapitalis.com\/tunisie\/wp-json\/wp\/v2\/posts"}],"about":[{"href":"https:\/\/kapitalis.com\/tunisie\/wp-json\/wp\/v2\/types\/post"}],"author":[{"embeddable":true,"href":"https:\/\/kapitalis.com\/tunisie\/wp-json\/wp\/v2\/users\/7"}],"replies":[{"embeddable":true,"href":"https:\/\/kapitalis.com\/tunisie\/wp-json\/wp\/v2\/comments?post=83987"}],"version-history":[{"count":0,"href":"https:\/\/kapitalis.com\/tunisie\/wp-json\/wp\/v2\/posts\/83987\/revisions"}],"wp:featuredmedia":[{"embeddable":true,"href":"https:\/\/kapitalis.com\/tunisie\/wp-json\/wp\/v2\/media\/84018"}],"wp:attachment":[{"href":"https:\/\/kapitalis.com\/tunisie\/wp-json\/wp\/v2\/media?parent=83987"}],"wp:term":[{"taxonomy":"category","embeddable":true,"href":"https:\/\/kapitalis.com\/tunisie\/wp-json\/wp\/v2\/categories?post=83987"},{"taxonomy":"post_tag","embeddable":true,"href":"https:\/\/kapitalis.com\/tunisie\/wp-json\/wp\/v2\/tags?post=83987"}],"curies":[{"name":"wp","href":"https:\/\/api.w.org\/{rel}","templated":true}]}}