{"id":8407031,"date":"2023-06-17T21:21:22","date_gmt":"2023-06-17T20:21:22","guid":{"rendered":"https:\/\/kapitalis.com\/tunisie\/?p=8407031"},"modified":"2023-06-17T21:25:40","modified_gmt":"2023-06-17T20:25:40","slug":"tunisie-ennahdha-solidaire-avec-ahmed-nejib-chebbi","status":"publish","type":"post","link":"https:\/\/kapitalis.com\/tunisie\/2023\/06\/17\/tunisie-ennahdha-solidaire-avec-ahmed-nejib-chebbi\/","title":{"rendered":"Tunisie : Ennahdha solidaire avec Ahmed Nejib Chebbi"},"content":{"rendered":"\n<p><strong><em>\u00abNous poursuivrons notre combat avec Nejib Chebbi pour une Tunisie libre\u00bb, indique le parti islamiste Ennahdha dans un communiqu\u00e9 publi\u00e9 ce samedi 17 juin 2023, en exprimant son soutien avec le fondateur du Front du Salut national<\/em> <em>(FSN).<\/em><\/strong><\/p>\n\n\n\n<!--more-->\n\n\n\n<p>\u00ab <em>Totale solidarit\u00e9 avec le grand militant Ahmed Nejib Chebbi et tous les braves avocats et combattants cibl\u00e9s par l&rsquo;autorit\u00e9 putschiste\u00bb<\/em>, lit-on encore dans le communiqu\u00e9 d&rsquo;Ennahdha, qui a r\u00e9affirm\u00e9 son engagement avec le FSN contre le pouvoir en place.<\/p>\n\n\n\n<p>Le parti de Ghannouchi a ajout\u00e9 qu&rsquo;il poursuivra son combat<em> \u00abpour la d\u00e9mocratie, pour un \u00e9tat de justice, pour une Tunisie libre o\u00f9 le peuple peut jouir de la s\u00e9curit\u00e9 et de la prosp\u00e9rit\u00e9, sans craindre ni l&rsquo;injustice ni la faim&#8230;.\u00bb<\/em>. Et de conclure : <em>\u00abA bas le coup d&rsquo;Etat \u2026 Libert\u00e9 pour les prisonniers politiques\u00bb.<\/em><\/p>\n\n\n\n<p>Rappelons que Nejib Chebbi, qui a initi\u00e9 le FSN soutenu par des partis de l&rsquo;opposition et \u00e0 leur t\u00eate Ennahdha, a \u00e9t\u00e9 auditionn\u00e9 hier dans le cadre de l\u2019affaire dite de complot contre la s\u00fbret\u00e9 de l\u2019Etat et que le juge d\u2019instruction pr\u00e8s le P\u00f4le antiterroriste a d\u00e9cid\u00e9 de laisser en \u00e9tat de libert\u00e9.<\/p>\n\n\n\n<p class=\"has-text-align-right\"><strong>Y. N.<\/strong><\/p>\n\n\n\n<figure class=\"wp-block-embed is-type-wp-embed is-provider-kapitalis wp-block-embed-kapitalis\"><div class=\"wp-block-embed__wrapper\">\n<blockquote class=\"wp-embedded-content\" data-secret=\"B2zLgDmSjN\"><a href=\"https:\/\/kapitalis.com\/tunisie\/2023\/06\/16\/tunisie-ahmed-nejib-chebbi-maintenu-en-liberte\/\">Tunisie\u00a0: Ahmed Nejib Chebbi maintenu en libert\u00e9<\/a><\/blockquote><iframe loading=\"lazy\" class=\"wp-embedded-content\" sandbox=\"allow-scripts\" security=\"restricted\" style=\"position: absolute; clip: rect(1px, 1px, 1px, 1px);\" title=\"\u00ab\u00a0Tunisie\u00a0: Ahmed Nejib Chebbi maintenu en libert\u00e9\u00a0\u00bb &#8212; Kapitalis\" src=\"https:\/\/kapitalis.com\/tunisie\/2023\/06\/16\/tunisie-ahmed-nejib-chebbi-maintenu-en-liberte\/embed\/#?secret=LJQyonS41s#?secret=B2zLgDmSjN\" data-secret=\"B2zLgDmSjN\" width=\"600\" height=\"338\" frameborder=\"0\" marginwidth=\"0\" marginheight=\"0\" scrolling=\"no\"><\/iframe>\n<\/div><\/figure>\n","protected":false},"excerpt":{"rendered":"<p>Tunisie : Ennahdha solidaire avec Ahmed Nejib Chebbi<\/p>\n","protected":false},"author":6,"featured_media":8407128,"comment_status":"open","ping_status":"open","sticky":false,"template":"","format":"standard","meta":{"footnotes":""},"categories":[997,2433],"tags":[6350,49543,102922,758,31711,62643],"class_list":["post-8407031","post","type-post","status-publish","format-standard","has-post-thumbnail","hentry","category-politique","category-tunisie","tag-ahmed-nejib-chebbi","tag-ennahdha","tag-fsn","tag-rached-ghannouchi","tag-surete-de-letat","tag-tunisie"],"yoast_head":"<!-- This site is optimized with the Yoast SEO plugin v26.6 - https:\/\/yoast.com\/wordpress\/plugins\/seo\/ -->\n<title>Tunisie : Ennahdha solidaire avec Ahmed Nejib Chebbi - Kapitalis<\/title>\n<meta name=\"description\" content=\"\u00abNous poursuivrons notre combat avec Nejib Chebbi pour une Tunisie libre\u00bb, indique le parti islamiste Ennahdha dans un communiqu\u00e9 publi\u00e9 ce samedi 17 juin 2023, en exprimant son soutien avec le fondateur du Front du Salut national (FSN).\" \/>\n<meta name=\"robots\" content=\"index, follow, max-snippet:-1, max-image-preview:large, max-video-preview:-1\" \/>\n<link rel=\"canonical\" href=\"https:\/\/kapitalis.com\/tunisie\/2023\/06\/17\/tunisie-ennahdha-solidaire-avec-ahmed-nejib-chebbi\/\" \/>\n<meta property=\"og:locale\" content=\"fr_FR\" \/>\n<meta property=\"og:type\" content=\"article\" \/>\n<meta property=\"og:title\" content=\"Tunisie : Ennahdha solidaire avec Ahmed Nejib Chebbi - Kapitalis\" \/>\n<meta property=\"og:description\" content=\"\u00abNous poursuivrons notre combat avec Nejib Chebbi pour une Tunisie libre\u00bb, indique le parti islamiste Ennahdha dans un communiqu\u00e9 publi\u00e9 ce samedi 17 juin 2023, en exprimant son soutien avec le fondateur du Front du Salut national (FSN).\" \/>\n<meta property=\"og:url\" content=\"https:\/\/kapitalis.com\/tunisie\/2023\/06\/17\/tunisie-ennahdha-solidaire-avec-ahmed-nejib-chebbi\/\" \/>\n<meta property=\"og:site_name\" content=\"Kapitalis\" \/>\n<meta property=\"article:publisher\" content=\"https:\/\/www.facebook.com\/KapitalisInfo\/\" \/>\n<meta property=\"article:published_time\" content=\"2023-06-17T20:21:22+00:00\" \/>\n<meta property=\"article:modified_time\" content=\"2023-06-17T20:25:40+00:00\" \/>\n<meta property=\"og:image\" content=\"https:\/\/kapitalis.com\/tunisie\/wp-content\/uploads\/2023\/06\/Nejib-Chebbi-Ghannouchi.jpg\" \/>\n\t<meta property=\"og:image:width\" content=\"1200\" \/>\n\t<meta property=\"og:image:height\" content=\"630\" \/>\n\t<meta property=\"og:image:type\" content=\"image\/jpeg\" \/>\n<meta name=\"author\" content=\"Yusra NY\" \/>\n<meta name=\"twitter:card\" content=\"summary_large_image\" \/>\n<meta name=\"twitter:creator\" content=\"@KapitalisInfo\" \/>\n<meta name=\"twitter:site\" content=\"@KapitalisInfo\" \/>\n<meta name=\"twitter:label1\" content=\"\u00c9crit par\" \/>\n\t<meta name=\"twitter:data1\" content=\"Yusra NY\" \/>\n\t<meta name=\"twitter:label2\" content=\"Dur\u00e9e de lecture estim\u00e9e\" \/>\n\t<meta name=\"twitter:data2\" content=\"1 minute\" \/>\n<script type=\"application\/ld+json\" class=\"yoast-schema-graph\">{\"@context\":\"https:\/\/schema.org\",\"@graph\":[{\"@type\":\"Article\",\"@id\":\"https:\/\/kapitalis.com\/tunisie\/2023\/06\/17\/tunisie-ennahdha-solidaire-avec-ahmed-nejib-chebbi\/#article\",\"isPartOf\":{\"@id\":\"https:\/\/kapitalis.com\/tunisie\/2023\/06\/17\/tunisie-ennahdha-solidaire-avec-ahmed-nejib-chebbi\/\"},\"author\":{\"name\":\"Yusra NY\",\"@id\":\"https:\/\/kapitalis.com\/tunisie\/#\/schema\/person\/74bbde0154d49d790a92aaeac5bc01d5\"},\"headline\":\"Tunisie : Ennahdha solidaire avec Ahmed Nejib Chebbi\",\"datePublished\":\"2023-06-17T20:21:22+00:00\",\"dateModified\":\"2023-06-17T20:25:40+00:00\",\"mainEntityOfPage\":{\"@id\":\"https:\/\/kapitalis.com\/tunisie\/2023\/06\/17\/tunisie-ennahdha-solidaire-avec-ahmed-nejib-chebbi\/\"},\"wordCount\":209,\"commentCount\":2,\"publisher\":{\"@id\":\"https:\/\/kapitalis.com\/tunisie\/#organization\"},\"image\":{\"@id\":\"https:\/\/kapitalis.com\/tunisie\/2023\/06\/17\/tunisie-ennahdha-solidaire-avec-ahmed-nejib-chebbi\/#primaryimage\"},\"thumbnailUrl\":\"https:\/\/kapitalis.com\/tunisie\/wp-content\/uploads\/2023\/06\/Nejib-Chebbi-Ghannouchi.jpg\",\"keywords\":[\"Ahmed N\u00e9jib Chebbi\",\"Ennahdha\",\"FSN\",\"Rached Ghannouchi\",\"s\u00fbret\u00e9 de l'\u00c9tat\",\"Tunisie\"],\"articleSection\":[\"POLITIQUE\",\"Tunisie\"],\"inLanguage\":\"fr-FR\",\"potentialAction\":[{\"@type\":\"CommentAction\",\"name\":\"Comment\",\"target\":[\"https:\/\/kapitalis.com\/tunisie\/2023\/06\/17\/tunisie-ennahdha-solidaire-avec-ahmed-nejib-chebbi\/#respond\"]}]},{\"@type\":\"WebPage\",\"@id\":\"https:\/\/kapitalis.com\/tunisie\/2023\/06\/17\/tunisie-ennahdha-solidaire-avec-ahmed-nejib-chebbi\/\",\"url\":\"https:\/\/kapitalis.com\/tunisie\/2023\/06\/17\/tunisie-ennahdha-solidaire-avec-ahmed-nejib-chebbi\/\",\"name\":\"Tunisie : Ennahdha solidaire avec Ahmed Nejib Chebbi - Kapitalis\",\"isPartOf\":{\"@id\":\"https:\/\/kapitalis.com\/tunisie\/#website\"},\"primaryImageOfPage\":{\"@id\":\"https:\/\/kapitalis.com\/tunisie\/2023\/06\/17\/tunisie-ennahdha-solidaire-avec-ahmed-nejib-chebbi\/#primaryimage\"},\"image\":{\"@id\":\"https:\/\/kapitalis.com\/tunisie\/2023\/06\/17\/tunisie-ennahdha-solidaire-avec-ahmed-nejib-chebbi\/#primaryimage\"},\"thumbnailUrl\":\"https:\/\/kapitalis.com\/tunisie\/wp-content\/uploads\/2023\/06\/Nejib-Chebbi-Ghannouchi.jpg\",\"datePublished\":\"2023-06-17T20:21:22+00:00\",\"dateModified\":\"2023-06-17T20:25:40+00:00\",\"description\":\"\u00abNous poursuivrons notre combat avec Nejib Chebbi pour une Tunisie libre\u00bb, indique le parti islamiste Ennahdha dans un communiqu\u00e9 publi\u00e9 ce samedi 17 juin 2023, en exprimant son soutien avec le fondateur du Front du Salut national (FSN).\",\"breadcrumb\":{\"@id\":\"https:\/\/kapitalis.com\/tunisie\/2023\/06\/17\/tunisie-ennahdha-solidaire-avec-ahmed-nejib-chebbi\/#breadcrumb\"},\"inLanguage\":\"fr-FR\",\"potentialAction\":[{\"@type\":\"ReadAction\",\"target\":[\"https:\/\/kapitalis.com\/tunisie\/2023\/06\/17\/tunisie-ennahdha-solidaire-avec-ahmed-nejib-chebbi\/\"]}]},{\"@type\":\"ImageObject\",\"inLanguage\":\"fr-FR\",\"@id\":\"https:\/\/kapitalis.com\/tunisie\/2023\/06\/17\/tunisie-ennahdha-solidaire-avec-ahmed-nejib-chebbi\/#primaryimage\",\"url\":\"https:\/\/kapitalis.com\/tunisie\/wp-content\/uploads\/2023\/06\/Nejib-Chebbi-Ghannouchi.jpg\",\"contentUrl\":\"https:\/\/kapitalis.com\/tunisie\/wp-content\/uploads\/2023\/06\/Nejib-Chebbi-Ghannouchi.jpg\",\"width\":1200,\"height\":630},{\"@type\":\"BreadcrumbList\",\"@id\":\"https:\/\/kapitalis.com\/tunisie\/2023\/06\/17\/tunisie-ennahdha-solidaire-avec-ahmed-nejib-chebbi\/#breadcrumb\",\"itemListElement\":[{\"@type\":\"ListItem\",\"position\":1,\"name\":\"Accueil\",\"item\":\"https:\/\/kapitalis.com\/tunisie\/\"},{\"@type\":\"ListItem\",\"position\":2,\"name\":\"Tunisie : Ennahdha solidaire avec Ahmed Nejib Chebbi\"}]},{\"@type\":\"WebSite\",\"@id\":\"https:\/\/kapitalis.com\/tunisie\/#website\",\"url\":\"https:\/\/kapitalis.com\/tunisie\/\",\"name\":\"Kapitalis\",\"description\":\"L&#039;actualit\u00e9 en Tunisie et dans le monde\",\"publisher\":{\"@id\":\"https:\/\/kapitalis.com\/tunisie\/#organization\"},\"potentialAction\":[{\"@type\":\"SearchAction\",\"target\":{\"@type\":\"EntryPoint\",\"urlTemplate\":\"https:\/\/kapitalis.com\/tunisie\/?s={search_term_string}\"},\"query-input\":{\"@type\":\"PropertyValueSpecification\",\"valueRequired\":true,\"valueName\":\"search_term_string\"}}],\"inLanguage\":\"fr-FR\"},{\"@type\":\"Organization\",\"@id\":\"https:\/\/kapitalis.com\/tunisie\/#organization\",\"name\":\"Kapitalis\",\"url\":\"https:\/\/kapitalis.com\/tunisie\/\",\"logo\":{\"@type\":\"ImageObject\",\"inLanguage\":\"fr-FR\",\"@id\":\"https:\/\/kapitalis.com\/tunisie\/#\/schema\/logo\/image\/\",\"url\":\"https:\/\/kapitalis.com\/tunisie\/wp-content\/uploads\/2022\/05\/Kapitalis-big-size.png\",\"contentUrl\":\"https:\/\/kapitalis.com\/tunisie\/wp-content\/uploads\/2022\/05\/Kapitalis-big-size.png\",\"width\":5000,\"height\":1500,\"caption\":\"Kapitalis\"},\"image\":{\"@id\":\"https:\/\/kapitalis.com\/tunisie\/#\/schema\/logo\/image\/\"},\"sameAs\":[\"https:\/\/www.facebook.com\/KapitalisInfo\/\",\"https:\/\/x.com\/KapitalisInfo\",\"https:\/\/www.youtube.com\/channel\/UC-yDYrHyfFBWWZaOw3FPg9Q\"]},{\"@type\":\"Person\",\"@id\":\"https:\/\/kapitalis.com\/tunisie\/#\/schema\/person\/74bbde0154d49d790a92aaeac5bc01d5\",\"name\":\"Yusra NY\",\"url\":\"https:\/\/kapitalis.com\/tunisie\/author\/yuza_adam\/\"}]}<\/script>\n<!-- \/ Yoast SEO plugin. -->","yoast_head_json":{"title":"Tunisie : Ennahdha solidaire avec Ahmed Nejib Chebbi - Kapitalis","description":"\u00abNous poursuivrons notre combat avec Nejib Chebbi pour une Tunisie libre\u00bb, indique le parti islamiste Ennahdha dans un communiqu\u00e9 publi\u00e9 ce samedi 17 juin 2023, en exprimant son soutien avec le fondateur du Front du Salut national (FSN).","robots":{"index":"index","follow":"follow","max-snippet":"max-snippet:-1","max-image-preview":"max-image-preview:large","max-video-preview":"max-video-preview:-1"},"canonical":"https:\/\/kapitalis.com\/tunisie\/2023\/06\/17\/tunisie-ennahdha-solidaire-avec-ahmed-nejib-chebbi\/","og_locale":"fr_FR","og_type":"article","og_title":"Tunisie : Ennahdha solidaire avec Ahmed Nejib Chebbi - Kapitalis","og_description":"\u00abNous poursuivrons notre combat avec Nejib Chebbi pour une Tunisie libre\u00bb, indique le parti islamiste Ennahdha dans un communiqu\u00e9 publi\u00e9 ce samedi 17 juin 2023, en exprimant son soutien avec le fondateur du Front du Salut national (FSN).","og_url":"https:\/\/kapitalis.com\/tunisie\/2023\/06\/17\/tunisie-ennahdha-solidaire-avec-ahmed-nejib-chebbi\/","og_site_name":"Kapitalis","article_publisher":"https:\/\/www.facebook.com\/KapitalisInfo\/","article_published_time":"2023-06-17T20:21:22+00:00","article_modified_time":"2023-06-17T20:25:40+00:00","og_image":[{"width":1200,"height":630,"url":"https:\/\/kapitalis.com\/tunisie\/wp-content\/uploads\/2023\/06\/Nejib-Chebbi-Ghannouchi.jpg","type":"image\/jpeg"}],"author":"Yusra NY","twitter_card":"summary_large_image","twitter_creator":"@KapitalisInfo","twitter_site":"@KapitalisInfo","twitter_misc":{"\u00c9crit par":"Yusra NY","Dur\u00e9e de lecture estim\u00e9e":"1 minute"},"schema":{"@context":"https:\/\/schema.org","@graph":[{"@type":"Article","@id":"https:\/\/kapitalis.com\/tunisie\/2023\/06\/17\/tunisie-ennahdha-solidaire-avec-ahmed-nejib-chebbi\/#article","isPartOf":{"@id":"https:\/\/kapitalis.com\/tunisie\/2023\/06\/17\/tunisie-ennahdha-solidaire-avec-ahmed-nejib-chebbi\/"},"author":{"name":"Yusra NY","@id":"https:\/\/kapitalis.com\/tunisie\/#\/schema\/person\/74bbde0154d49d790a92aaeac5bc01d5"},"headline":"Tunisie : Ennahdha solidaire avec Ahmed Nejib Chebbi","datePublished":"2023-06-17T20:21:22+00:00","dateModified":"2023-06-17T20:25:40+00:00","mainEntityOfPage":{"@id":"https:\/\/kapitalis.com\/tunisie\/2023\/06\/17\/tunisie-ennahdha-solidaire-avec-ahmed-nejib-chebbi\/"},"wordCount":209,"commentCount":2,"publisher":{"@id":"https:\/\/kapitalis.com\/tunisie\/#organization"},"image":{"@id":"https:\/\/kapitalis.com\/tunisie\/2023\/06\/17\/tunisie-ennahdha-solidaire-avec-ahmed-nejib-chebbi\/#primaryimage"},"thumbnailUrl":"https:\/\/kapitalis.com\/tunisie\/wp-content\/uploads\/2023\/06\/Nejib-Chebbi-Ghannouchi.jpg","keywords":["Ahmed N\u00e9jib Chebbi","Ennahdha","FSN","Rached Ghannouchi","s\u00fbret\u00e9 de l'\u00c9tat","Tunisie"],"articleSection":["POLITIQUE","Tunisie"],"inLanguage":"fr-FR","potentialAction":[{"@type":"CommentAction","name":"Comment","target":["https:\/\/kapitalis.com\/tunisie\/2023\/06\/17\/tunisie-ennahdha-solidaire-avec-ahmed-nejib-chebbi\/#respond"]}]},{"@type":"WebPage","@id":"https:\/\/kapitalis.com\/tunisie\/2023\/06\/17\/tunisie-ennahdha-solidaire-avec-ahmed-nejib-chebbi\/","url":"https:\/\/kapitalis.com\/tunisie\/2023\/06\/17\/tunisie-ennahdha-solidaire-avec-ahmed-nejib-chebbi\/","name":"Tunisie : Ennahdha solidaire avec Ahmed Nejib Chebbi - Kapitalis","isPartOf":{"@id":"https:\/\/kapitalis.com\/tunisie\/#website"},"primaryImageOfPage":{"@id":"https:\/\/kapitalis.com\/tunisie\/2023\/06\/17\/tunisie-ennahdha-solidaire-avec-ahmed-nejib-chebbi\/#primaryimage"},"image":{"@id":"https:\/\/kapitalis.com\/tunisie\/2023\/06\/17\/tunisie-ennahdha-solidaire-avec-ahmed-nejib-chebbi\/#primaryimage"},"thumbnailUrl":"https:\/\/kapitalis.com\/tunisie\/wp-content\/uploads\/2023\/06\/Nejib-Chebbi-Ghannouchi.jpg","datePublished":"2023-06-17T20:21:22+00:00","dateModified":"2023-06-17T20:25:40+00:00","description":"\u00abNous poursuivrons notre combat avec Nejib Chebbi pour une Tunisie libre\u00bb, indique le parti islamiste Ennahdha dans un communiqu\u00e9 publi\u00e9 ce samedi 17 juin 2023, en exprimant son soutien avec le fondateur du Front du Salut national (FSN).","breadcrumb":{"@id":"https:\/\/kapitalis.com\/tunisie\/2023\/06\/17\/tunisie-ennahdha-solidaire-avec-ahmed-nejib-chebbi\/#breadcrumb"},"inLanguage":"fr-FR","potentialAction":[{"@type":"ReadAction","target":["https:\/\/kapitalis.com\/tunisie\/2023\/06\/17\/tunisie-ennahdha-solidaire-avec-ahmed-nejib-chebbi\/"]}]},{"@type":"ImageObject","inLanguage":"fr-FR","@id":"https:\/\/kapitalis.com\/tunisie\/2023\/06\/17\/tunisie-ennahdha-solidaire-avec-ahmed-nejib-chebbi\/#primaryimage","url":"https:\/\/kapitalis.com\/tunisie\/wp-content\/uploads\/2023\/06\/Nejib-Chebbi-Ghannouchi.jpg","contentUrl":"https:\/\/kapitalis.com\/tunisie\/wp-content\/uploads\/2023\/06\/Nejib-Chebbi-Ghannouchi.jpg","width":1200,"height":630},{"@type":"BreadcrumbList","@id":"https:\/\/kapitalis.com\/tunisie\/2023\/06\/17\/tunisie-ennahdha-solidaire-avec-ahmed-nejib-chebbi\/#breadcrumb","itemListElement":[{"@type":"ListItem","position":1,"name":"Accueil","item":"https:\/\/kapitalis.com\/tunisie\/"},{"@type":"ListItem","position":2,"name":"Tunisie : Ennahdha solidaire avec Ahmed Nejib Chebbi"}]},{"@type":"WebSite","@id":"https:\/\/kapitalis.com\/tunisie\/#website","url":"https:\/\/kapitalis.com\/tunisie\/","name":"Kapitalis","description":"L&#039;actualit\u00e9 en Tunisie et dans le monde","publisher":{"@id":"https:\/\/kapitalis.com\/tunisie\/#organization"},"potentialAction":[{"@type":"SearchAction","target":{"@type":"EntryPoint","urlTemplate":"https:\/\/kapitalis.com\/tunisie\/?s={search_term_string}"},"query-input":{"@type":"PropertyValueSpecification","valueRequired":true,"valueName":"search_term_string"}}],"inLanguage":"fr-FR"},{"@type":"Organization","@id":"https:\/\/kapitalis.com\/tunisie\/#organization","name":"Kapitalis","url":"https:\/\/kapitalis.com\/tunisie\/","logo":{"@type":"ImageObject","inLanguage":"fr-FR","@id":"https:\/\/kapitalis.com\/tunisie\/#\/schema\/logo\/image\/","url":"https:\/\/kapitalis.com\/tunisie\/wp-content\/uploads\/2022\/05\/Kapitalis-big-size.png","contentUrl":"https:\/\/kapitalis.com\/tunisie\/wp-content\/uploads\/2022\/05\/Kapitalis-big-size.png","width":5000,"height":1500,"caption":"Kapitalis"},"image":{"@id":"https:\/\/kapitalis.com\/tunisie\/#\/schema\/logo\/image\/"},"sameAs":["https:\/\/www.facebook.com\/KapitalisInfo\/","https:\/\/x.com\/KapitalisInfo","https:\/\/www.youtube.com\/channel\/UC-yDYrHyfFBWWZaOw3FPg9Q"]},{"@type":"Person","@id":"https:\/\/kapitalis.com\/tunisie\/#\/schema\/person\/74bbde0154d49d790a92aaeac5bc01d5","name":"Yusra NY","url":"https:\/\/kapitalis.com\/tunisie\/author\/yuza_adam\/"}]}},"_links":{"self":[{"href":"https:\/\/kapitalis.com\/tunisie\/wp-json\/wp\/v2\/posts\/8407031","targetHints":{"allow":["GET"]}}],"collection":[{"href":"https:\/\/kapitalis.com\/tunisie\/wp-json\/wp\/v2\/posts"}],"about":[{"href":"https:\/\/kapitalis.com\/tunisie\/wp-json\/wp\/v2\/types\/post"}],"author":[{"embeddable":true,"href":"https:\/\/kapitalis.com\/tunisie\/wp-json\/wp\/v2\/users\/6"}],"replies":[{"embeddable":true,"href":"https:\/\/kapitalis.com\/tunisie\/wp-json\/wp\/v2\/comments?post=8407031"}],"version-history":[{"count":4,"href":"https:\/\/kapitalis.com\/tunisie\/wp-json\/wp\/v2\/posts\/8407031\/revisions"}],"predecessor-version":[{"id":8407157,"href":"https:\/\/kapitalis.com\/tunisie\/wp-json\/wp\/v2\/posts\/8407031\/revisions\/8407157"}],"wp:featuredmedia":[{"embeddable":true,"href":"https:\/\/kapitalis.com\/tunisie\/wp-json\/wp\/v2\/media\/8407128"}],"wp:attachment":[{"href":"https:\/\/kapitalis.com\/tunisie\/wp-json\/wp\/v2\/media?parent=8407031"}],"wp:term":[{"taxonomy":"category","embeddable":true,"href":"https:\/\/kapitalis.com\/tunisie\/wp-json\/wp\/v2\/categories?post=8407031"},{"taxonomy":"post_tag","embeddable":true,"href":"https:\/\/kapitalis.com\/tunisie\/wp-json\/wp\/v2\/tags?post=8407031"}],"curies":[{"name":"wp","href":"https:\/\/api.w.org\/{rel}","templated":true}]}}