{"id":8412,"date":"2015-08-01T08:44:02","date_gmt":"2015-08-01T07:44:02","guid":{"rendered":"http:\/\/kapitalis.com\/tunisie\/?p=8412"},"modified":"2015-08-01T08:44:02","modified_gmt":"2015-08-01T07:44:02","slug":"les-provocations-de-limam-recalcitrant-houcine-laabidi","status":"publish","type":"post","link":"https:\/\/kapitalis.com\/tunisie\/2015\/08\/01\/les-provocations-de-limam-recalcitrant-houcine-laabidi\/","title":{"rendered":"Les provocations de l\u2019imam r\u00e9calcitrant Houcine Laabidi"},"content":{"rendered":"<p><img loading=\"lazy\" decoding=\"async\" class=\"aligncenter size-full wp-image-8413\" src=\"http:\/\/kapitalis.com\/tunisie\/wp-content\/uploads\/2015\/08\/Houcine-Laabidi.jpg\" alt=\"Houcine-Laabidi\" width=\"626\" height=\"380\" \/><\/p>\n<p><em><strong>L&rsquo;Etat n\u2019en a pas fini avec les provocations de l\u2019ex-imam autoproclam\u00e9 de la mosqu\u00e9e Zitouna, Houcine Laabidi, qui continue de faire parler de lui.<\/strong><\/em><\/p>\n<p><!--more--><\/p>\n<p>Le tribunal administratif vient, en effet, d\u2019ordonner son \u00e9vacuation des anciens locaux de la biblioth\u00e8que nationale, situ\u00e9s dans m\u00e9dina de Tunis.<\/p>\n<p><em>\u00abEn cas de besoin, un recours \u00e0 la force est possible pour ex\u00e9cuter la d\u00e9cision du gouverneur de Tunis d&rsquo;\u00e9vacuer les locaux de l&rsquo;ancienne biblioth\u00e8que nationale squatt\u00e9s par Houcine Laabidi\u00bb,<\/em> a expliqu\u00e9 \u00e0 l\u2019agence Tap le repr\u00e9sentant du contentieux de l&rsquo;Etat, Mohamed Ali Whida, ajoutant que le concern\u00e9 sera inform\u00e9 officiellement de la d\u00e9cision du tribunal administratif et qu\u2019un d\u00e9lai lui sera accord\u00e9 pour s&rsquo;y conformer.<\/p>\n<p>Il est \u00e0 rappeler que Houcine Laabidi a \u00e9t\u00e9 \u00e9vacu\u00e9 de la mosqu\u00e9e Zitouna, qu\u2019il avait occup\u00e9 pendant 4 ans. Peu de temps apr\u00e8s, une d\u00e9cision judiciaire lui a permis de retrouver son poste \u00e0 la t\u00eate du comit\u00e9 scientifique de la mosqu\u00e9e Zitouna. Suite \u00e0 cette d\u00e9cision il a cherch\u00e9 de s&rsquo;approprier les b\u00e2timents de la Khaldounia et de l&rsquo;ancien si\u00e8ge de la biblioth\u00e8que nationale en changeant les serrures et en y organisant des activit\u00e9s non autoris\u00e9es.<\/p>\n<p style=\"text-align: right;\"><strong>I. B.<\/strong> (avec Tap).<\/p>\n","protected":false},"excerpt":{"rendered":"<p>L&rsquo;Etat n\u2019en a pas fini avec les provocations de l\u2019ex-imam autoproclam\u00e9 de la mosqu\u00e9e Zitouna, Houcine Laabidi, qui continue de faire parler de lui.<\/p>\n","protected":false},"author":5,"featured_media":8413,"comment_status":"open","ping_status":"open","sticky":false,"template":"","format":"standard","meta":{"footnotes":""},"categories":[998,2433],"tags":[3965,1772,979],"class_list":["post-8412","post","type-post","status-publish","format-standard","has-post-thumbnail","hentry","category-societe","category-tunisie","tag-bibliotheque-nationale","tag-tribunal-administratif","tag-zitouna"],"yoast_head":"<!-- This site is optimized with the Yoast SEO plugin v26.6 - https:\/\/yoast.com\/wordpress\/plugins\/seo\/ -->\n<title>Les provocations de l\u2019imam r\u00e9calcitrant Houcine Laabidi - Kapitalis<\/title>\n<meta name=\"robots\" content=\"index, follow, max-snippet:-1, max-image-preview:large, max-video-preview:-1\" \/>\n<link rel=\"canonical\" href=\"https:\/\/kapitalis.com\/tunisie\/2015\/08\/01\/les-provocations-de-limam-recalcitrant-houcine-laabidi\/\" \/>\n<meta property=\"og:locale\" content=\"fr_FR\" \/>\n<meta property=\"og:type\" content=\"article\" \/>\n<meta property=\"og:title\" content=\"Les provocations de l\u2019imam r\u00e9calcitrant Houcine Laabidi - Kapitalis\" \/>\n<meta property=\"og:description\" content=\"L&rsquo;Etat n\u2019en a pas fini avec les provocations de l\u2019ex-imam autoproclam\u00e9 de la mosqu\u00e9e Zitouna, Houcine Laabidi, qui continue de faire parler de lui.\" \/>\n<meta property=\"og:url\" content=\"https:\/\/kapitalis.com\/tunisie\/2015\/08\/01\/les-provocations-de-limam-recalcitrant-houcine-laabidi\/\" \/>\n<meta property=\"og:site_name\" content=\"Kapitalis\" \/>\n<meta property=\"article:publisher\" content=\"https:\/\/www.facebook.com\/KapitalisInfo\/\" \/>\n<meta property=\"article:published_time\" content=\"2015-08-01T07:44:02+00:00\" \/>\n<meta property=\"og:image\" content=\"https:\/\/kapitalis.com\/tunisie\/wp-content\/uploads\/2022\/05\/kapitalis-logo-fb.png\" \/>\n\t<meta property=\"og:image:width\" content=\"1200\" \/>\n\t<meta property=\"og:image:height\" content=\"630\" \/>\n\t<meta property=\"og:image:type\" content=\"image\/png\" \/>\n<meta name=\"author\" content=\"Ridha Elkefi\" \/>\n<meta name=\"twitter:card\" content=\"summary_large_image\" \/>\n<meta name=\"twitter:creator\" content=\"@KapitalisInfo\" \/>\n<meta name=\"twitter:site\" content=\"@KapitalisInfo\" \/>\n<meta name=\"twitter:label1\" content=\"\u00c9crit par\" \/>\n\t<meta name=\"twitter:data1\" content=\"Ridha Elkefi\" \/>\n\t<meta name=\"twitter:label2\" content=\"Dur\u00e9e de lecture estim\u00e9e\" \/>\n\t<meta name=\"twitter:data2\" content=\"1 minute\" \/>\n<script type=\"application\/ld+json\" class=\"yoast-schema-graph\">{\"@context\":\"https:\/\/schema.org\",\"@graph\":[{\"@type\":\"Article\",\"@id\":\"https:\/\/kapitalis.com\/tunisie\/2015\/08\/01\/les-provocations-de-limam-recalcitrant-houcine-laabidi\/#article\",\"isPartOf\":{\"@id\":\"https:\/\/kapitalis.com\/tunisie\/2015\/08\/01\/les-provocations-de-limam-recalcitrant-houcine-laabidi\/\"},\"author\":{\"name\":\"Ridha Elkefi\",\"@id\":\"https:\/\/kapitalis.com\/tunisie\/#\/schema\/person\/16627fc9b2fc0116230e88af071eebab\"},\"headline\":\"Les provocations de l\u2019imam r\u00e9calcitrant Houcine Laabidi\",\"datePublished\":\"2015-08-01T07:44:02+00:00\",\"mainEntityOfPage\":{\"@id\":\"https:\/\/kapitalis.com\/tunisie\/2015\/08\/01\/les-provocations-de-limam-recalcitrant-houcine-laabidi\/\"},\"wordCount\":225,\"commentCount\":2,\"publisher\":{\"@id\":\"https:\/\/kapitalis.com\/tunisie\/#organization\"},\"image\":{\"@id\":\"https:\/\/kapitalis.com\/tunisie\/2015\/08\/01\/les-provocations-de-limam-recalcitrant-houcine-laabidi\/#primaryimage\"},\"thumbnailUrl\":\"\",\"keywords\":[\"biblioth\u00e8que nationale\",\"tribunal administratif\",\"Zitouna\"],\"articleSection\":[\"SOCIETE\",\"Tunisie\"],\"inLanguage\":\"fr-FR\",\"potentialAction\":[{\"@type\":\"CommentAction\",\"name\":\"Comment\",\"target\":[\"https:\/\/kapitalis.com\/tunisie\/2015\/08\/01\/les-provocations-de-limam-recalcitrant-houcine-laabidi\/#respond\"]}]},{\"@type\":\"WebPage\",\"@id\":\"https:\/\/kapitalis.com\/tunisie\/2015\/08\/01\/les-provocations-de-limam-recalcitrant-houcine-laabidi\/\",\"url\":\"https:\/\/kapitalis.com\/tunisie\/2015\/08\/01\/les-provocations-de-limam-recalcitrant-houcine-laabidi\/\",\"name\":\"Les provocations de l\u2019imam r\u00e9calcitrant Houcine Laabidi - Kapitalis\",\"isPartOf\":{\"@id\":\"https:\/\/kapitalis.com\/tunisie\/#website\"},\"primaryImageOfPage\":{\"@id\":\"https:\/\/kapitalis.com\/tunisie\/2015\/08\/01\/les-provocations-de-limam-recalcitrant-houcine-laabidi\/#primaryimage\"},\"image\":{\"@id\":\"https:\/\/kapitalis.com\/tunisie\/2015\/08\/01\/les-provocations-de-limam-recalcitrant-houcine-laabidi\/#primaryimage\"},\"thumbnailUrl\":\"\",\"datePublished\":\"2015-08-01T07:44:02+00:00\",\"breadcrumb\":{\"@id\":\"https:\/\/kapitalis.com\/tunisie\/2015\/08\/01\/les-provocations-de-limam-recalcitrant-houcine-laabidi\/#breadcrumb\"},\"inLanguage\":\"fr-FR\",\"potentialAction\":[{\"@type\":\"ReadAction\",\"target\":[\"https:\/\/kapitalis.com\/tunisie\/2015\/08\/01\/les-provocations-de-limam-recalcitrant-houcine-laabidi\/\"]}]},{\"@type\":\"ImageObject\",\"inLanguage\":\"fr-FR\",\"@id\":\"https:\/\/kapitalis.com\/tunisie\/2015\/08\/01\/les-provocations-de-limam-recalcitrant-houcine-laabidi\/#primaryimage\",\"url\":\"\",\"contentUrl\":\"\"},{\"@type\":\"BreadcrumbList\",\"@id\":\"https:\/\/kapitalis.com\/tunisie\/2015\/08\/01\/les-provocations-de-limam-recalcitrant-houcine-laabidi\/#breadcrumb\",\"itemListElement\":[{\"@type\":\"ListItem\",\"position\":1,\"name\":\"Accueil\",\"item\":\"https:\/\/kapitalis.com\/tunisie\/\"},{\"@type\":\"ListItem\",\"position\":2,\"name\":\"Les provocations de l\u2019imam r\u00e9calcitrant Houcine Laabidi\"}]},{\"@type\":\"WebSite\",\"@id\":\"https:\/\/kapitalis.com\/tunisie\/#website\",\"url\":\"https:\/\/kapitalis.com\/tunisie\/\",\"name\":\"Kapitalis\",\"description\":\"L&#039;actualit\u00e9 en Tunisie et dans le monde\",\"publisher\":{\"@id\":\"https:\/\/kapitalis.com\/tunisie\/#organization\"},\"potentialAction\":[{\"@type\":\"SearchAction\",\"target\":{\"@type\":\"EntryPoint\",\"urlTemplate\":\"https:\/\/kapitalis.com\/tunisie\/?s={search_term_string}\"},\"query-input\":{\"@type\":\"PropertyValueSpecification\",\"valueRequired\":true,\"valueName\":\"search_term_string\"}}],\"inLanguage\":\"fr-FR\"},{\"@type\":\"Organization\",\"@id\":\"https:\/\/kapitalis.com\/tunisie\/#organization\",\"name\":\"Kapitalis\",\"url\":\"https:\/\/kapitalis.com\/tunisie\/\",\"logo\":{\"@type\":\"ImageObject\",\"inLanguage\":\"fr-FR\",\"@id\":\"https:\/\/kapitalis.com\/tunisie\/#\/schema\/logo\/image\/\",\"url\":\"https:\/\/kapitalis.com\/tunisie\/wp-content\/uploads\/2022\/05\/Kapitalis-big-size.png\",\"contentUrl\":\"https:\/\/kapitalis.com\/tunisie\/wp-content\/uploads\/2022\/05\/Kapitalis-big-size.png\",\"width\":5000,\"height\":1500,\"caption\":\"Kapitalis\"},\"image\":{\"@id\":\"https:\/\/kapitalis.com\/tunisie\/#\/schema\/logo\/image\/\"},\"sameAs\":[\"https:\/\/www.facebook.com\/KapitalisInfo\/\",\"https:\/\/x.com\/KapitalisInfo\",\"https:\/\/www.youtube.com\/channel\/UC-yDYrHyfFBWWZaOw3FPg9Q\"]},{\"@type\":\"Person\",\"@id\":\"https:\/\/kapitalis.com\/tunisie\/#\/schema\/person\/16627fc9b2fc0116230e88af071eebab\",\"name\":\"Ridha Elkefi\",\"url\":\"https:\/\/kapitalis.com\/tunisie\/author\/ridha-kefi\/\"}]}<\/script>\n<!-- \/ Yoast SEO plugin. -->","yoast_head_json":{"title":"Les provocations de l\u2019imam r\u00e9calcitrant Houcine Laabidi - Kapitalis","robots":{"index":"index","follow":"follow","max-snippet":"max-snippet:-1","max-image-preview":"max-image-preview:large","max-video-preview":"max-video-preview:-1"},"canonical":"https:\/\/kapitalis.com\/tunisie\/2015\/08\/01\/les-provocations-de-limam-recalcitrant-houcine-laabidi\/","og_locale":"fr_FR","og_type":"article","og_title":"Les provocations de l\u2019imam r\u00e9calcitrant Houcine Laabidi - Kapitalis","og_description":"L&rsquo;Etat n\u2019en a pas fini avec les provocations de l\u2019ex-imam autoproclam\u00e9 de la mosqu\u00e9e Zitouna, Houcine Laabidi, qui continue de faire parler de lui.","og_url":"https:\/\/kapitalis.com\/tunisie\/2015\/08\/01\/les-provocations-de-limam-recalcitrant-houcine-laabidi\/","og_site_name":"Kapitalis","article_publisher":"https:\/\/www.facebook.com\/KapitalisInfo\/","article_published_time":"2015-08-01T07:44:02+00:00","og_image":[{"width":1200,"height":630,"url":"https:\/\/kapitalis.com\/tunisie\/wp-content\/uploads\/2022\/05\/kapitalis-logo-fb.png","type":"image\/png"}],"author":"Ridha Elkefi","twitter_card":"summary_large_image","twitter_creator":"@KapitalisInfo","twitter_site":"@KapitalisInfo","twitter_misc":{"\u00c9crit par":"Ridha Elkefi","Dur\u00e9e de lecture estim\u00e9e":"1 minute"},"schema":{"@context":"https:\/\/schema.org","@graph":[{"@type":"Article","@id":"https:\/\/kapitalis.com\/tunisie\/2015\/08\/01\/les-provocations-de-limam-recalcitrant-houcine-laabidi\/#article","isPartOf":{"@id":"https:\/\/kapitalis.com\/tunisie\/2015\/08\/01\/les-provocations-de-limam-recalcitrant-houcine-laabidi\/"},"author":{"name":"Ridha Elkefi","@id":"https:\/\/kapitalis.com\/tunisie\/#\/schema\/person\/16627fc9b2fc0116230e88af071eebab"},"headline":"Les provocations de l\u2019imam r\u00e9calcitrant Houcine Laabidi","datePublished":"2015-08-01T07:44:02+00:00","mainEntityOfPage":{"@id":"https:\/\/kapitalis.com\/tunisie\/2015\/08\/01\/les-provocations-de-limam-recalcitrant-houcine-laabidi\/"},"wordCount":225,"commentCount":2,"publisher":{"@id":"https:\/\/kapitalis.com\/tunisie\/#organization"},"image":{"@id":"https:\/\/kapitalis.com\/tunisie\/2015\/08\/01\/les-provocations-de-limam-recalcitrant-houcine-laabidi\/#primaryimage"},"thumbnailUrl":"","keywords":["biblioth\u00e8que nationale","tribunal administratif","Zitouna"],"articleSection":["SOCIETE","Tunisie"],"inLanguage":"fr-FR","potentialAction":[{"@type":"CommentAction","name":"Comment","target":["https:\/\/kapitalis.com\/tunisie\/2015\/08\/01\/les-provocations-de-limam-recalcitrant-houcine-laabidi\/#respond"]}]},{"@type":"WebPage","@id":"https:\/\/kapitalis.com\/tunisie\/2015\/08\/01\/les-provocations-de-limam-recalcitrant-houcine-laabidi\/","url":"https:\/\/kapitalis.com\/tunisie\/2015\/08\/01\/les-provocations-de-limam-recalcitrant-houcine-laabidi\/","name":"Les provocations de l\u2019imam r\u00e9calcitrant Houcine Laabidi - Kapitalis","isPartOf":{"@id":"https:\/\/kapitalis.com\/tunisie\/#website"},"primaryImageOfPage":{"@id":"https:\/\/kapitalis.com\/tunisie\/2015\/08\/01\/les-provocations-de-limam-recalcitrant-houcine-laabidi\/#primaryimage"},"image":{"@id":"https:\/\/kapitalis.com\/tunisie\/2015\/08\/01\/les-provocations-de-limam-recalcitrant-houcine-laabidi\/#primaryimage"},"thumbnailUrl":"","datePublished":"2015-08-01T07:44:02+00:00","breadcrumb":{"@id":"https:\/\/kapitalis.com\/tunisie\/2015\/08\/01\/les-provocations-de-limam-recalcitrant-houcine-laabidi\/#breadcrumb"},"inLanguage":"fr-FR","potentialAction":[{"@type":"ReadAction","target":["https:\/\/kapitalis.com\/tunisie\/2015\/08\/01\/les-provocations-de-limam-recalcitrant-houcine-laabidi\/"]}]},{"@type":"ImageObject","inLanguage":"fr-FR","@id":"https:\/\/kapitalis.com\/tunisie\/2015\/08\/01\/les-provocations-de-limam-recalcitrant-houcine-laabidi\/#primaryimage","url":"","contentUrl":""},{"@type":"BreadcrumbList","@id":"https:\/\/kapitalis.com\/tunisie\/2015\/08\/01\/les-provocations-de-limam-recalcitrant-houcine-laabidi\/#breadcrumb","itemListElement":[{"@type":"ListItem","position":1,"name":"Accueil","item":"https:\/\/kapitalis.com\/tunisie\/"},{"@type":"ListItem","position":2,"name":"Les provocations de l\u2019imam r\u00e9calcitrant Houcine Laabidi"}]},{"@type":"WebSite","@id":"https:\/\/kapitalis.com\/tunisie\/#website","url":"https:\/\/kapitalis.com\/tunisie\/","name":"Kapitalis","description":"L&#039;actualit\u00e9 en Tunisie et dans le monde","publisher":{"@id":"https:\/\/kapitalis.com\/tunisie\/#organization"},"potentialAction":[{"@type":"SearchAction","target":{"@type":"EntryPoint","urlTemplate":"https:\/\/kapitalis.com\/tunisie\/?s={search_term_string}"},"query-input":{"@type":"PropertyValueSpecification","valueRequired":true,"valueName":"search_term_string"}}],"inLanguage":"fr-FR"},{"@type":"Organization","@id":"https:\/\/kapitalis.com\/tunisie\/#organization","name":"Kapitalis","url":"https:\/\/kapitalis.com\/tunisie\/","logo":{"@type":"ImageObject","inLanguage":"fr-FR","@id":"https:\/\/kapitalis.com\/tunisie\/#\/schema\/logo\/image\/","url":"https:\/\/kapitalis.com\/tunisie\/wp-content\/uploads\/2022\/05\/Kapitalis-big-size.png","contentUrl":"https:\/\/kapitalis.com\/tunisie\/wp-content\/uploads\/2022\/05\/Kapitalis-big-size.png","width":5000,"height":1500,"caption":"Kapitalis"},"image":{"@id":"https:\/\/kapitalis.com\/tunisie\/#\/schema\/logo\/image\/"},"sameAs":["https:\/\/www.facebook.com\/KapitalisInfo\/","https:\/\/x.com\/KapitalisInfo","https:\/\/www.youtube.com\/channel\/UC-yDYrHyfFBWWZaOw3FPg9Q"]},{"@type":"Person","@id":"https:\/\/kapitalis.com\/tunisie\/#\/schema\/person\/16627fc9b2fc0116230e88af071eebab","name":"Ridha Elkefi","url":"https:\/\/kapitalis.com\/tunisie\/author\/ridha-kefi\/"}]}},"_links":{"self":[{"href":"https:\/\/kapitalis.com\/tunisie\/wp-json\/wp\/v2\/posts\/8412","targetHints":{"allow":["GET"]}}],"collection":[{"href":"https:\/\/kapitalis.com\/tunisie\/wp-json\/wp\/v2\/posts"}],"about":[{"href":"https:\/\/kapitalis.com\/tunisie\/wp-json\/wp\/v2\/types\/post"}],"author":[{"embeddable":true,"href":"https:\/\/kapitalis.com\/tunisie\/wp-json\/wp\/v2\/users\/5"}],"replies":[{"embeddable":true,"href":"https:\/\/kapitalis.com\/tunisie\/wp-json\/wp\/v2\/comments?post=8412"}],"version-history":[{"count":0,"href":"https:\/\/kapitalis.com\/tunisie\/wp-json\/wp\/v2\/posts\/8412\/revisions"}],"wp:featuredmedia":[{"embeddable":true,"href":"https:\/\/kapitalis.com\/tunisie\/wp-json\/wp\/v2\/media\/8413"}],"wp:attachment":[{"href":"https:\/\/kapitalis.com\/tunisie\/wp-json\/wp\/v2\/media?parent=8412"}],"wp:term":[{"taxonomy":"category","embeddable":true,"href":"https:\/\/kapitalis.com\/tunisie\/wp-json\/wp\/v2\/categories?post=8412"},{"taxonomy":"post_tag","embeddable":true,"href":"https:\/\/kapitalis.com\/tunisie\/wp-json\/wp\/v2\/tags?post=8412"}],"curies":[{"name":"wp","href":"https:\/\/api.w.org\/{rel}","templated":true}]}}