{"id":841401,"date":"2022-05-19T13:24:55","date_gmt":"2022-05-19T11:24:55","guid":{"rendered":"https:\/\/kapitalis.com\/tunisie\/?p=841401"},"modified":"2022-05-19T13:24:56","modified_gmt":"2022-05-19T11:24:56","slug":"tunisie-envirofest-2022-le-cinema-sonne-lalarme-sur-la-cause-environnementale","status":"publish","type":"post","link":"https:\/\/kapitalis.com\/tunisie\/2022\/05\/19\/tunisie-envirofest-2022-le-cinema-sonne-lalarme-sur-la-cause-environnementale\/","title":{"rendered":"Tunisie &#8211; Envirofest 2022\u00a0: Le cin\u00e9ma sonne l\u2019alarme sur la cause environnementale"},"content":{"rendered":"\n<p><em><strong>La 5<sup>e<\/sup> \u00e9dition du Festival du Film environnemental de Tunisie (Envirofest) aura lieu du 20 au 25 mai \u00e0 la Cit\u00e9 de la Culture de Tunis avec un acc\u00e8s gratuit \u00e0 toutes les projections.<\/strong><\/em><\/p>\n\n\n\n<!--more-->\n\n\n\n<p>Lanc\u00e9 en 2018 par l\u2019Association \u00ab&nbsp;Tunisian Cinema Foundation&nbsp;\u00bb sous la direction de Hichem Ben Khamsa, le festival Envirofest est un \u00e9v\u00e9nement cin\u00e9matographique non comp\u00e9titif d\u00e9di\u00e9 \u00e0 la cause environnementale, une occasion pour sensibiliser le grand public sur l\u2019urgence d\u2019agir pour l\u2019\u00e9quilibre \u00e9cologique \u00e0 travers un outil populaire, \u00e0 savoir le 7<sup>e<\/sup> art.<\/p>\n\n\n\n<p>Le festival revient cette ann\u00e9e avec une cinqui\u00e8me \u00e9dition qui se tiendra comme&nbsp; l\u2019accoutum\u00e9e \u00e0 la Cin\u00e9math\u00e8que tunisienne, en offrant toujours au public un acc\u00e8s libre et gratuit \u00e0 l\u2019ensemble de la programmation.<\/p>\n\n\n\n<p>Le r\u00e9chauffement climatique, la cause animale, l\u2019acc\u00e8s \u00e0 l\u2019eau, la d\u00e9forestation, la pollution ou encore la permaculture sont des th\u00e9matiques parmi d\u2019autres qui seront trait\u00e9es \u00e0 travers une belle s\u00e9lection de films venus du monde entier.<\/p>\n\n\n\n<p>Le film d\u2019ouverture sera \u00ab\u00a0Marcher sur l\u2019eau\u00a0\u00bb (2021) d\u2019A\u00efssa Ma\u00efga et le film de cl\u00f4ture sera \u00ab\u00a0Beans\u00a0\u00bb (2020) de Tracey Deer.<\/p>\n\n\n\n<p class=\"has-text-align-right\"><strong>F.B<\/strong><\/p>\n","protected":false},"excerpt":{"rendered":"<p>La 5e \u00e9dition du Festival du Film environnemental de Tunisie (Envirofest) aura lieu du 20 au 25 mai \u00e0 la Cit\u00e9 de la Culture de Tunis avec un acc\u00e8s gratuit \u00e0 toutes les projections.<\/p>\n","protected":false},"author":26,"featured_media":842538,"comment_status":"open","ping_status":"open","sticky":false,"template":"","format":"standard","meta":{"footnotes":""},"categories":[994,2433],"tags":[80173,34406,99828,335,62643],"class_list":["post-841401","post","type-post","status-publish","format-standard","has-post-thumbnail","hentry","category-culture","category-tunisie","tag-cinema-environnemental","tag-cinematheque-tunisienne","tag-envirofest-2022","tag-environnement","tag-tunisie"],"yoast_head":"<!-- This site is optimized with the Yoast SEO plugin v26.6 - https:\/\/yoast.com\/wordpress\/plugins\/seo\/ -->\n<title>Tunisie - Envirofest 2022\u00a0: Le cin\u00e9ma sonne l\u2019alarme sur la cause environnementale - Kapitalis<\/title>\n<meta name=\"robots\" content=\"index, follow, max-snippet:-1, max-image-preview:large, max-video-preview:-1\" \/>\n<link rel=\"canonical\" href=\"https:\/\/kapitalis.com\/tunisie\/2022\/05\/19\/tunisie-envirofest-2022-le-cinema-sonne-lalarme-sur-la-cause-environnementale\/\" \/>\n<meta property=\"og:locale\" content=\"fr_FR\" \/>\n<meta property=\"og:type\" content=\"article\" \/>\n<meta property=\"og:title\" content=\"Tunisie - Envirofest 2022\u00a0: Le cin\u00e9ma sonne l\u2019alarme sur la cause environnementale - Kapitalis\" \/>\n<meta property=\"og:description\" content=\"La 5e \u00e9dition du Festival du Film environnemental de Tunisie (Envirofest) aura lieu du 20 au 25 mai \u00e0 la Cit\u00e9 de la Culture de Tunis avec un acc\u00e8s gratuit \u00e0 toutes les projections.\" \/>\n<meta property=\"og:url\" content=\"https:\/\/kapitalis.com\/tunisie\/2022\/05\/19\/tunisie-envirofest-2022-le-cinema-sonne-lalarme-sur-la-cause-environnementale\/\" \/>\n<meta property=\"og:site_name\" content=\"Kapitalis\" \/>\n<meta property=\"article:publisher\" content=\"https:\/\/www.facebook.com\/KapitalisInfo\/\" \/>\n<meta property=\"article:published_time\" content=\"2022-05-19T11:24:55+00:00\" \/>\n<meta property=\"article:modified_time\" content=\"2022-05-19T11:24:56+00:00\" \/>\n<meta property=\"og:image\" content=\"https:\/\/kapitalis.com\/tunisie\/wp-content\/uploads\/2022\/05\/Envirofest-2022.jpg\" \/>\n\t<meta property=\"og:image:width\" content=\"1200\" \/>\n\t<meta property=\"og:image:height\" content=\"630\" \/>\n\t<meta property=\"og:image:type\" content=\"image\/jpeg\" \/>\n<meta name=\"author\" content=\"Fawz BenAli\" \/>\n<meta name=\"twitter:card\" content=\"summary_large_image\" \/>\n<meta name=\"twitter:creator\" content=\"@KapitalisInfo\" \/>\n<meta name=\"twitter:site\" content=\"@KapitalisInfo\" \/>\n<meta name=\"twitter:label1\" content=\"\u00c9crit par\" \/>\n\t<meta name=\"twitter:data1\" content=\"Fawz BenAli\" \/>\n\t<meta name=\"twitter:label2\" content=\"Dur\u00e9e de lecture estim\u00e9e\" \/>\n\t<meta name=\"twitter:data2\" content=\"1 minute\" \/>\n<script type=\"application\/ld+json\" class=\"yoast-schema-graph\">{\"@context\":\"https:\/\/schema.org\",\"@graph\":[{\"@type\":\"Article\",\"@id\":\"https:\/\/kapitalis.com\/tunisie\/2022\/05\/19\/tunisie-envirofest-2022-le-cinema-sonne-lalarme-sur-la-cause-environnementale\/#article\",\"isPartOf\":{\"@id\":\"https:\/\/kapitalis.com\/tunisie\/2022\/05\/19\/tunisie-envirofest-2022-le-cinema-sonne-lalarme-sur-la-cause-environnementale\/\"},\"author\":{\"name\":\"Fawz BenAli\",\"@id\":\"https:\/\/kapitalis.com\/tunisie\/#\/schema\/person\/73a5ecc1f6ae540c6ed91342eadca948\"},\"headline\":\"Tunisie &#8211; Envirofest 2022\u00a0: Le cin\u00e9ma sonne l\u2019alarme sur la cause environnementale\",\"datePublished\":\"2022-05-19T11:24:55+00:00\",\"dateModified\":\"2022-05-19T11:24:56+00:00\",\"mainEntityOfPage\":{\"@id\":\"https:\/\/kapitalis.com\/tunisie\/2022\/05\/19\/tunisie-envirofest-2022-le-cinema-sonne-lalarme-sur-la-cause-environnementale\/\"},\"wordCount\":212,\"commentCount\":0,\"publisher\":{\"@id\":\"https:\/\/kapitalis.com\/tunisie\/#organization\"},\"image\":{\"@id\":\"https:\/\/kapitalis.com\/tunisie\/2022\/05\/19\/tunisie-envirofest-2022-le-cinema-sonne-lalarme-sur-la-cause-environnementale\/#primaryimage\"},\"thumbnailUrl\":\"https:\/\/kapitalis.com\/tunisie\/wp-content\/uploads\/2022\/05\/Envirofest-2022.jpg\",\"keywords\":[\"cin\u00e9ma environnemental\",\"Cin\u00e9math\u00e8que tunisienne\",\"Envirofest 2022\",\"environnement\",\"Tunisie\"],\"articleSection\":[\"CULTURE\",\"Tunisie\"],\"inLanguage\":\"fr-FR\",\"potentialAction\":[{\"@type\":\"CommentAction\",\"name\":\"Comment\",\"target\":[\"https:\/\/kapitalis.com\/tunisie\/2022\/05\/19\/tunisie-envirofest-2022-le-cinema-sonne-lalarme-sur-la-cause-environnementale\/#respond\"]}]},{\"@type\":\"WebPage\",\"@id\":\"https:\/\/kapitalis.com\/tunisie\/2022\/05\/19\/tunisie-envirofest-2022-le-cinema-sonne-lalarme-sur-la-cause-environnementale\/\",\"url\":\"https:\/\/kapitalis.com\/tunisie\/2022\/05\/19\/tunisie-envirofest-2022-le-cinema-sonne-lalarme-sur-la-cause-environnementale\/\",\"name\":\"Tunisie - Envirofest 2022\u00a0: Le cin\u00e9ma sonne l\u2019alarme sur la cause environnementale - Kapitalis\",\"isPartOf\":{\"@id\":\"https:\/\/kapitalis.com\/tunisie\/#website\"},\"primaryImageOfPage\":{\"@id\":\"https:\/\/kapitalis.com\/tunisie\/2022\/05\/19\/tunisie-envirofest-2022-le-cinema-sonne-lalarme-sur-la-cause-environnementale\/#primaryimage\"},\"image\":{\"@id\":\"https:\/\/kapitalis.com\/tunisie\/2022\/05\/19\/tunisie-envirofest-2022-le-cinema-sonne-lalarme-sur-la-cause-environnementale\/#primaryimage\"},\"thumbnailUrl\":\"https:\/\/kapitalis.com\/tunisie\/wp-content\/uploads\/2022\/05\/Envirofest-2022.jpg\",\"datePublished\":\"2022-05-19T11:24:55+00:00\",\"dateModified\":\"2022-05-19T11:24:56+00:00\",\"breadcrumb\":{\"@id\":\"https:\/\/kapitalis.com\/tunisie\/2022\/05\/19\/tunisie-envirofest-2022-le-cinema-sonne-lalarme-sur-la-cause-environnementale\/#breadcrumb\"},\"inLanguage\":\"fr-FR\",\"potentialAction\":[{\"@type\":\"ReadAction\",\"target\":[\"https:\/\/kapitalis.com\/tunisie\/2022\/05\/19\/tunisie-envirofest-2022-le-cinema-sonne-lalarme-sur-la-cause-environnementale\/\"]}]},{\"@type\":\"ImageObject\",\"inLanguage\":\"fr-FR\",\"@id\":\"https:\/\/kapitalis.com\/tunisie\/2022\/05\/19\/tunisie-envirofest-2022-le-cinema-sonne-lalarme-sur-la-cause-environnementale\/#primaryimage\",\"url\":\"https:\/\/kapitalis.com\/tunisie\/wp-content\/uploads\/2022\/05\/Envirofest-2022.jpg\",\"contentUrl\":\"https:\/\/kapitalis.com\/tunisie\/wp-content\/uploads\/2022\/05\/Envirofest-2022.jpg\",\"width\":1200,\"height\":630},{\"@type\":\"BreadcrumbList\",\"@id\":\"https:\/\/kapitalis.com\/tunisie\/2022\/05\/19\/tunisie-envirofest-2022-le-cinema-sonne-lalarme-sur-la-cause-environnementale\/#breadcrumb\",\"itemListElement\":[{\"@type\":\"ListItem\",\"position\":1,\"name\":\"Accueil\",\"item\":\"https:\/\/kapitalis.com\/tunisie\/\"},{\"@type\":\"ListItem\",\"position\":2,\"name\":\"Tunisie &#8211; Envirofest 2022\u00a0: Le cin\u00e9ma sonne l\u2019alarme sur la cause environnementale\"}]},{\"@type\":\"WebSite\",\"@id\":\"https:\/\/kapitalis.com\/tunisie\/#website\",\"url\":\"https:\/\/kapitalis.com\/tunisie\/\",\"name\":\"Kapitalis\",\"description\":\"L&#039;actualit\u00e9 en Tunisie et dans le monde\",\"publisher\":{\"@id\":\"https:\/\/kapitalis.com\/tunisie\/#organization\"},\"potentialAction\":[{\"@type\":\"SearchAction\",\"target\":{\"@type\":\"EntryPoint\",\"urlTemplate\":\"https:\/\/kapitalis.com\/tunisie\/?s={search_term_string}\"},\"query-input\":{\"@type\":\"PropertyValueSpecification\",\"valueRequired\":true,\"valueName\":\"search_term_string\"}}],\"inLanguage\":\"fr-FR\"},{\"@type\":\"Organization\",\"@id\":\"https:\/\/kapitalis.com\/tunisie\/#organization\",\"name\":\"Kapitalis\",\"url\":\"https:\/\/kapitalis.com\/tunisie\/\",\"logo\":{\"@type\":\"ImageObject\",\"inLanguage\":\"fr-FR\",\"@id\":\"https:\/\/kapitalis.com\/tunisie\/#\/schema\/logo\/image\/\",\"url\":\"https:\/\/kapitalis.com\/tunisie\/wp-content\/uploads\/2022\/05\/Kapitalis-big-size.png\",\"contentUrl\":\"https:\/\/kapitalis.com\/tunisie\/wp-content\/uploads\/2022\/05\/Kapitalis-big-size.png\",\"width\":5000,\"height\":1500,\"caption\":\"Kapitalis\"},\"image\":{\"@id\":\"https:\/\/kapitalis.com\/tunisie\/#\/schema\/logo\/image\/\"},\"sameAs\":[\"https:\/\/www.facebook.com\/KapitalisInfo\/\",\"https:\/\/x.com\/KapitalisInfo\",\"https:\/\/www.youtube.com\/channel\/UC-yDYrHyfFBWWZaOw3FPg9Q\"]},{\"@type\":\"Person\",\"@id\":\"https:\/\/kapitalis.com\/tunisie\/#\/schema\/person\/73a5ecc1f6ae540c6ed91342eadca948\",\"name\":\"Fawz BenAli\",\"url\":\"https:\/\/kapitalis.com\/tunisie\/author\/fawz\/\"}]}<\/script>\n<!-- \/ Yoast SEO plugin. -->","yoast_head_json":{"title":"Tunisie - Envirofest 2022\u00a0: Le cin\u00e9ma sonne l\u2019alarme sur la cause environnementale - Kapitalis","robots":{"index":"index","follow":"follow","max-snippet":"max-snippet:-1","max-image-preview":"max-image-preview:large","max-video-preview":"max-video-preview:-1"},"canonical":"https:\/\/kapitalis.com\/tunisie\/2022\/05\/19\/tunisie-envirofest-2022-le-cinema-sonne-lalarme-sur-la-cause-environnementale\/","og_locale":"fr_FR","og_type":"article","og_title":"Tunisie - Envirofest 2022\u00a0: Le cin\u00e9ma sonne l\u2019alarme sur la cause environnementale - Kapitalis","og_description":"La 5e \u00e9dition du Festival du Film environnemental de Tunisie (Envirofest) aura lieu du 20 au 25 mai \u00e0 la Cit\u00e9 de la Culture de Tunis avec un acc\u00e8s gratuit \u00e0 toutes les projections.","og_url":"https:\/\/kapitalis.com\/tunisie\/2022\/05\/19\/tunisie-envirofest-2022-le-cinema-sonne-lalarme-sur-la-cause-environnementale\/","og_site_name":"Kapitalis","article_publisher":"https:\/\/www.facebook.com\/KapitalisInfo\/","article_published_time":"2022-05-19T11:24:55+00:00","article_modified_time":"2022-05-19T11:24:56+00:00","og_image":[{"width":1200,"height":630,"url":"https:\/\/kapitalis.com\/tunisie\/wp-content\/uploads\/2022\/05\/Envirofest-2022.jpg","type":"image\/jpeg"}],"author":"Fawz BenAli","twitter_card":"summary_large_image","twitter_creator":"@KapitalisInfo","twitter_site":"@KapitalisInfo","twitter_misc":{"\u00c9crit par":"Fawz BenAli","Dur\u00e9e de lecture estim\u00e9e":"1 minute"},"schema":{"@context":"https:\/\/schema.org","@graph":[{"@type":"Article","@id":"https:\/\/kapitalis.com\/tunisie\/2022\/05\/19\/tunisie-envirofest-2022-le-cinema-sonne-lalarme-sur-la-cause-environnementale\/#article","isPartOf":{"@id":"https:\/\/kapitalis.com\/tunisie\/2022\/05\/19\/tunisie-envirofest-2022-le-cinema-sonne-lalarme-sur-la-cause-environnementale\/"},"author":{"name":"Fawz BenAli","@id":"https:\/\/kapitalis.com\/tunisie\/#\/schema\/person\/73a5ecc1f6ae540c6ed91342eadca948"},"headline":"Tunisie &#8211; Envirofest 2022\u00a0: Le cin\u00e9ma sonne l\u2019alarme sur la cause environnementale","datePublished":"2022-05-19T11:24:55+00:00","dateModified":"2022-05-19T11:24:56+00:00","mainEntityOfPage":{"@id":"https:\/\/kapitalis.com\/tunisie\/2022\/05\/19\/tunisie-envirofest-2022-le-cinema-sonne-lalarme-sur-la-cause-environnementale\/"},"wordCount":212,"commentCount":0,"publisher":{"@id":"https:\/\/kapitalis.com\/tunisie\/#organization"},"image":{"@id":"https:\/\/kapitalis.com\/tunisie\/2022\/05\/19\/tunisie-envirofest-2022-le-cinema-sonne-lalarme-sur-la-cause-environnementale\/#primaryimage"},"thumbnailUrl":"https:\/\/kapitalis.com\/tunisie\/wp-content\/uploads\/2022\/05\/Envirofest-2022.jpg","keywords":["cin\u00e9ma environnemental","Cin\u00e9math\u00e8que tunisienne","Envirofest 2022","environnement","Tunisie"],"articleSection":["CULTURE","Tunisie"],"inLanguage":"fr-FR","potentialAction":[{"@type":"CommentAction","name":"Comment","target":["https:\/\/kapitalis.com\/tunisie\/2022\/05\/19\/tunisie-envirofest-2022-le-cinema-sonne-lalarme-sur-la-cause-environnementale\/#respond"]}]},{"@type":"WebPage","@id":"https:\/\/kapitalis.com\/tunisie\/2022\/05\/19\/tunisie-envirofest-2022-le-cinema-sonne-lalarme-sur-la-cause-environnementale\/","url":"https:\/\/kapitalis.com\/tunisie\/2022\/05\/19\/tunisie-envirofest-2022-le-cinema-sonne-lalarme-sur-la-cause-environnementale\/","name":"Tunisie - Envirofest 2022\u00a0: Le cin\u00e9ma sonne l\u2019alarme sur la cause environnementale - Kapitalis","isPartOf":{"@id":"https:\/\/kapitalis.com\/tunisie\/#website"},"primaryImageOfPage":{"@id":"https:\/\/kapitalis.com\/tunisie\/2022\/05\/19\/tunisie-envirofest-2022-le-cinema-sonne-lalarme-sur-la-cause-environnementale\/#primaryimage"},"image":{"@id":"https:\/\/kapitalis.com\/tunisie\/2022\/05\/19\/tunisie-envirofest-2022-le-cinema-sonne-lalarme-sur-la-cause-environnementale\/#primaryimage"},"thumbnailUrl":"https:\/\/kapitalis.com\/tunisie\/wp-content\/uploads\/2022\/05\/Envirofest-2022.jpg","datePublished":"2022-05-19T11:24:55+00:00","dateModified":"2022-05-19T11:24:56+00:00","breadcrumb":{"@id":"https:\/\/kapitalis.com\/tunisie\/2022\/05\/19\/tunisie-envirofest-2022-le-cinema-sonne-lalarme-sur-la-cause-environnementale\/#breadcrumb"},"inLanguage":"fr-FR","potentialAction":[{"@type":"ReadAction","target":["https:\/\/kapitalis.com\/tunisie\/2022\/05\/19\/tunisie-envirofest-2022-le-cinema-sonne-lalarme-sur-la-cause-environnementale\/"]}]},{"@type":"ImageObject","inLanguage":"fr-FR","@id":"https:\/\/kapitalis.com\/tunisie\/2022\/05\/19\/tunisie-envirofest-2022-le-cinema-sonne-lalarme-sur-la-cause-environnementale\/#primaryimage","url":"https:\/\/kapitalis.com\/tunisie\/wp-content\/uploads\/2022\/05\/Envirofest-2022.jpg","contentUrl":"https:\/\/kapitalis.com\/tunisie\/wp-content\/uploads\/2022\/05\/Envirofest-2022.jpg","width":1200,"height":630},{"@type":"BreadcrumbList","@id":"https:\/\/kapitalis.com\/tunisie\/2022\/05\/19\/tunisie-envirofest-2022-le-cinema-sonne-lalarme-sur-la-cause-environnementale\/#breadcrumb","itemListElement":[{"@type":"ListItem","position":1,"name":"Accueil","item":"https:\/\/kapitalis.com\/tunisie\/"},{"@type":"ListItem","position":2,"name":"Tunisie &#8211; Envirofest 2022\u00a0: Le cin\u00e9ma sonne l\u2019alarme sur la cause environnementale"}]},{"@type":"WebSite","@id":"https:\/\/kapitalis.com\/tunisie\/#website","url":"https:\/\/kapitalis.com\/tunisie\/","name":"Kapitalis","description":"L&#039;actualit\u00e9 en Tunisie et dans le monde","publisher":{"@id":"https:\/\/kapitalis.com\/tunisie\/#organization"},"potentialAction":[{"@type":"SearchAction","target":{"@type":"EntryPoint","urlTemplate":"https:\/\/kapitalis.com\/tunisie\/?s={search_term_string}"},"query-input":{"@type":"PropertyValueSpecification","valueRequired":true,"valueName":"search_term_string"}}],"inLanguage":"fr-FR"},{"@type":"Organization","@id":"https:\/\/kapitalis.com\/tunisie\/#organization","name":"Kapitalis","url":"https:\/\/kapitalis.com\/tunisie\/","logo":{"@type":"ImageObject","inLanguage":"fr-FR","@id":"https:\/\/kapitalis.com\/tunisie\/#\/schema\/logo\/image\/","url":"https:\/\/kapitalis.com\/tunisie\/wp-content\/uploads\/2022\/05\/Kapitalis-big-size.png","contentUrl":"https:\/\/kapitalis.com\/tunisie\/wp-content\/uploads\/2022\/05\/Kapitalis-big-size.png","width":5000,"height":1500,"caption":"Kapitalis"},"image":{"@id":"https:\/\/kapitalis.com\/tunisie\/#\/schema\/logo\/image\/"},"sameAs":["https:\/\/www.facebook.com\/KapitalisInfo\/","https:\/\/x.com\/KapitalisInfo","https:\/\/www.youtube.com\/channel\/UC-yDYrHyfFBWWZaOw3FPg9Q"]},{"@type":"Person","@id":"https:\/\/kapitalis.com\/tunisie\/#\/schema\/person\/73a5ecc1f6ae540c6ed91342eadca948","name":"Fawz BenAli","url":"https:\/\/kapitalis.com\/tunisie\/author\/fawz\/"}]}},"_links":{"self":[{"href":"https:\/\/kapitalis.com\/tunisie\/wp-json\/wp\/v2\/posts\/841401","targetHints":{"allow":["GET"]}}],"collection":[{"href":"https:\/\/kapitalis.com\/tunisie\/wp-json\/wp\/v2\/posts"}],"about":[{"href":"https:\/\/kapitalis.com\/tunisie\/wp-json\/wp\/v2\/types\/post"}],"author":[{"embeddable":true,"href":"https:\/\/kapitalis.com\/tunisie\/wp-json\/wp\/v2\/users\/26"}],"replies":[{"embeddable":true,"href":"https:\/\/kapitalis.com\/tunisie\/wp-json\/wp\/v2\/comments?post=841401"}],"version-history":[{"count":0,"href":"https:\/\/kapitalis.com\/tunisie\/wp-json\/wp\/v2\/posts\/841401\/revisions"}],"wp:featuredmedia":[{"embeddable":true,"href":"https:\/\/kapitalis.com\/tunisie\/wp-json\/wp\/v2\/media\/842538"}],"wp:attachment":[{"href":"https:\/\/kapitalis.com\/tunisie\/wp-json\/wp\/v2\/media?parent=841401"}],"wp:term":[{"taxonomy":"category","embeddable":true,"href":"https:\/\/kapitalis.com\/tunisie\/wp-json\/wp\/v2\/categories?post=841401"},{"taxonomy":"post_tag","embeddable":true,"href":"https:\/\/kapitalis.com\/tunisie\/wp-json\/wp\/v2\/tags?post=841401"}],"curies":[{"name":"wp","href":"https:\/\/api.w.org\/{rel}","templated":true}]}}