{"id":84148,"date":"2017-02-23T08:53:44","date_gmt":"2017-02-23T07:53:44","guid":{"rendered":"http:\/\/kapitalis.com\/tunisie\/?p=84148"},"modified":"2017-02-23T08:53:44","modified_gmt":"2017-02-23T07:53:44","slug":"magistrature-accord-en-vue-pour-resoudre-la-crise-du-csm","status":"publish","type":"post","link":"https:\/\/kapitalis.com\/tunisie\/2017\/02\/23\/magistrature-accord-en-vue-pour-resoudre-la-crise-du-csm\/","title":{"rendered":"Magistrature : Accord en vue pour r\u00e9soudre la crise du CSM"},"content":{"rendered":"<p><img loading=\"lazy\" decoding=\"async\" class=\"alignnone size-full wp-image-69724 aligncenter\" src=\"http:\/\/kapitalis.com\/tunisie\/wp-content\/uploads\/2016\/10\/Magistrats-tunisie.jpg\" alt=\"\" width=\"626\" height=\"380\" \/><\/p>\n<p><em><strong>La crise du Conseil sup\u00e9rieur de la magistrature (CSM) semble trouver le chemin de la r\u00e9solution suite \u00e0 une r\u00e9union, mercredi 22 f\u00e9vrier 2017, au si\u00e8ge de la cour des comptes.<\/strong><\/em><\/p>\n<p><!--more--><\/p>\n<p>29 membres parmi les 41 membres \u00e9lus du CSM sont parvenus \u00e0 un accord sur l\u2019initiative pr\u00e9sent\u00e9e par le pr\u00e9sident de tribunal foncier, le premier pr\u00e9sident du tribunal administratif et l\u2019adjoint du premier pr\u00e9sident de la cour des comptes.<\/p>\n<p>L\u2019initiative porte sur les candidatures concernant le pr\u00e9sident du tribunal foncier, le procureur g\u00e9n\u00e9ral de la r\u00e9publique et la pr\u00e9sidente de la cour de cassation.<\/p>\n<p>Ces candidatures seront transmises, aujourd\u2019hui, au pr\u00e9sident de la r\u00e9publique, en sa qualit\u00e9 de garant du respect de la constitution et de l\u2019ind\u00e9pendance de la magistrature, pour ratification.<\/p>\n<p>Il est \u00e0 rappeler que l\u2019assembl\u00e9e de l\u2019Association tunisienne des magistrats (ATM), tenue dimanche \u00e0 Hammamet, a exprim\u00e9 son intention de recourir \u00e0 la gr\u00e8ve g\u00e9n\u00e9rale, le 27 f\u00e9vrier courant, au cas o\u00f9 la crise du CSM, qui dure depuis plusieurs mois, ne trouve pas une solution respectant les termes de la constitution et de la loi. Tout en faisant part de son soutien \u00e0 l\u2019initiative des trois hauts magistrats cit\u00e9s.<\/p>\n<p>Le pr\u00e9sident de la r\u00e9publique Beji Ca\u00efd Essebsi a d\u00e9clar\u00e9, le m\u00eame jour, dans un entretien t\u00e9l\u00e9vis\u00e9 avec Nessma TV, qu\u2019il ne peut y avoir de solution \u00e0 la crise du CSM que celle provenant des magistrats eux-m\u00eames.<\/p>\n<p>L\u2019\u00e9lection du CSM, le 23 octobre 2016, n\u2019a pas permis le d\u00e9marrage de ses travaux malgr\u00e9 que les membres \u00e9lus aient pr\u00eat\u00e9 serment devant le pr\u00e9sident de la r\u00e9publique depuis le 14 d\u00e9cembre 2016 \u00e0 cause de diff\u00e9rends \u00e0 propos de trois de ses membres qui devaient \u00eatre d\u00e9sign\u00e9s es-qualit\u00e9s.<\/p>\n<p>Il est \u00e0 rappeler aussi, que le tribunal administratif a \u00e9mis, le 2 janvier 2017, une d\u00e9cision de suspension des r\u00e9solutions \u00e9manant de la r\u00e9union du CSM tenue le 29 d\u00e9cembre 2016, dont l\u2019\u00e9lection du juge Mohamed Hedi Zeramdini comme pr\u00e9sident de ce conseil et de l\u2019avocate Asma Ben Arbia comme adjoint.<\/p>\n<p style=\"text-align: right;\"><strong>Abderrazek Krimi <\/strong><\/p>\n","protected":false},"excerpt":{"rendered":"<p>La crise du Conseil sup\u00e9rieur de la magistrature (CSM) semble trouver le chemin de la r\u00e9solution suite \u00e0 une r\u00e9union, mercredi 22 f\u00e9vrier 2017, au si\u00e8ge de la cour des comptes.<\/p>\n","protected":false},"author":8,"featured_media":0,"comment_status":"open","ping_status":"open","sticky":false,"template":"","format":"standard","meta":{"footnotes":""},"categories":[997,2433],"tags":[4650,6186],"class_list":["post-84148","post","type-post","status-publish","format-standard","hentry","category-politique","category-tunisie","tag-magistrats","tag-magistrature"],"yoast_head":"<!-- This site is optimized with the Yoast SEO plugin v26.6 - https:\/\/yoast.com\/wordpress\/plugins\/seo\/ -->\n<title>Magistrature : Accord en vue pour r\u00e9soudre la crise du CSM - Kapitalis<\/title>\n<meta name=\"robots\" content=\"index, follow, max-snippet:-1, max-image-preview:large, max-video-preview:-1\" \/>\n<link rel=\"canonical\" href=\"https:\/\/kapitalis.com\/tunisie\/2017\/02\/23\/magistrature-accord-en-vue-pour-resoudre-la-crise-du-csm\/\" \/>\n<meta property=\"og:locale\" content=\"fr_FR\" \/>\n<meta property=\"og:type\" content=\"article\" \/>\n<meta property=\"og:title\" content=\"Magistrature : Accord en vue pour r\u00e9soudre la crise du CSM - Kapitalis\" \/>\n<meta property=\"og:description\" content=\"La crise du Conseil sup\u00e9rieur de la magistrature (CSM) semble trouver le chemin de la r\u00e9solution suite \u00e0 une r\u00e9union, mercredi 22 f\u00e9vrier 2017, au si\u00e8ge de la cour des comptes.\" \/>\n<meta property=\"og:url\" content=\"https:\/\/kapitalis.com\/tunisie\/2017\/02\/23\/magistrature-accord-en-vue-pour-resoudre-la-crise-du-csm\/\" \/>\n<meta property=\"og:site_name\" content=\"Kapitalis\" \/>\n<meta property=\"article:publisher\" content=\"https:\/\/www.facebook.com\/KapitalisInfo\/\" \/>\n<meta property=\"article:published_time\" content=\"2017-02-23T07:53:44+00:00\" \/>\n<meta property=\"og:image\" content=\"http:\/\/kapitalis.com\/tunisie\/wp-content\/uploads\/2016\/10\/Magistrats-tunisie.jpg\" \/>\n<meta name=\"author\" content=\"webmaster kapitalis\" \/>\n<meta name=\"twitter:card\" content=\"summary_large_image\" \/>\n<meta name=\"twitter:creator\" content=\"@KapitalisInfo\" \/>\n<meta name=\"twitter:site\" content=\"@KapitalisInfo\" \/>\n<meta name=\"twitter:label1\" content=\"\u00c9crit par\" \/>\n\t<meta name=\"twitter:data1\" content=\"webmaster kapitalis\" \/>\n\t<meta name=\"twitter:label2\" content=\"Dur\u00e9e de lecture estim\u00e9e\" \/>\n\t<meta name=\"twitter:data2\" content=\"2 minutes\" \/>\n<script type=\"application\/ld+json\" class=\"yoast-schema-graph\">{\"@context\":\"https:\/\/schema.org\",\"@graph\":[{\"@type\":\"Article\",\"@id\":\"https:\/\/kapitalis.com\/tunisie\/2017\/02\/23\/magistrature-accord-en-vue-pour-resoudre-la-crise-du-csm\/#article\",\"isPartOf\":{\"@id\":\"https:\/\/kapitalis.com\/tunisie\/2017\/02\/23\/magistrature-accord-en-vue-pour-resoudre-la-crise-du-csm\/\"},\"author\":{\"name\":\"webmaster kapitalis\",\"@id\":\"https:\/\/kapitalis.com\/tunisie\/#\/schema\/person\/d71f33a9ca44f7bad4698210b480c8e9\"},\"headline\":\"Magistrature : Accord en vue pour r\u00e9soudre la crise du CSM\",\"datePublished\":\"2017-02-23T07:53:44+00:00\",\"mainEntityOfPage\":{\"@id\":\"https:\/\/kapitalis.com\/tunisie\/2017\/02\/23\/magistrature-accord-en-vue-pour-resoudre-la-crise-du-csm\/\"},\"wordCount\":383,\"commentCount\":0,\"publisher\":{\"@id\":\"https:\/\/kapitalis.com\/tunisie\/#organization\"},\"image\":{\"@id\":\"https:\/\/kapitalis.com\/tunisie\/2017\/02\/23\/magistrature-accord-en-vue-pour-resoudre-la-crise-du-csm\/#primaryimage\"},\"thumbnailUrl\":\"http:\/\/kapitalis.com\/tunisie\/wp-content\/uploads\/2016\/10\/Magistrats-tunisie.jpg\",\"keywords\":[\"magistrats\",\"magistrature\"],\"articleSection\":[\"POLITIQUE\",\"Tunisie\"],\"inLanguage\":\"fr-FR\",\"potentialAction\":[{\"@type\":\"CommentAction\",\"name\":\"Comment\",\"target\":[\"https:\/\/kapitalis.com\/tunisie\/2017\/02\/23\/magistrature-accord-en-vue-pour-resoudre-la-crise-du-csm\/#respond\"]}]},{\"@type\":\"WebPage\",\"@id\":\"https:\/\/kapitalis.com\/tunisie\/2017\/02\/23\/magistrature-accord-en-vue-pour-resoudre-la-crise-du-csm\/\",\"url\":\"https:\/\/kapitalis.com\/tunisie\/2017\/02\/23\/magistrature-accord-en-vue-pour-resoudre-la-crise-du-csm\/\",\"name\":\"Magistrature : Accord en vue pour r\u00e9soudre la crise du CSM - Kapitalis\",\"isPartOf\":{\"@id\":\"https:\/\/kapitalis.com\/tunisie\/#website\"},\"primaryImageOfPage\":{\"@id\":\"https:\/\/kapitalis.com\/tunisie\/2017\/02\/23\/magistrature-accord-en-vue-pour-resoudre-la-crise-du-csm\/#primaryimage\"},\"image\":{\"@id\":\"https:\/\/kapitalis.com\/tunisie\/2017\/02\/23\/magistrature-accord-en-vue-pour-resoudre-la-crise-du-csm\/#primaryimage\"},\"thumbnailUrl\":\"http:\/\/kapitalis.com\/tunisie\/wp-content\/uploads\/2016\/10\/Magistrats-tunisie.jpg\",\"datePublished\":\"2017-02-23T07:53:44+00:00\",\"breadcrumb\":{\"@id\":\"https:\/\/kapitalis.com\/tunisie\/2017\/02\/23\/magistrature-accord-en-vue-pour-resoudre-la-crise-du-csm\/#breadcrumb\"},\"inLanguage\":\"fr-FR\",\"potentialAction\":[{\"@type\":\"ReadAction\",\"target\":[\"https:\/\/kapitalis.com\/tunisie\/2017\/02\/23\/magistrature-accord-en-vue-pour-resoudre-la-crise-du-csm\/\"]}]},{\"@type\":\"ImageObject\",\"inLanguage\":\"fr-FR\",\"@id\":\"https:\/\/kapitalis.com\/tunisie\/2017\/02\/23\/magistrature-accord-en-vue-pour-resoudre-la-crise-du-csm\/#primaryimage\",\"url\":\"http:\/\/kapitalis.com\/tunisie\/wp-content\/uploads\/2016\/10\/Magistrats-tunisie.jpg\",\"contentUrl\":\"http:\/\/kapitalis.com\/tunisie\/wp-content\/uploads\/2016\/10\/Magistrats-tunisie.jpg\"},{\"@type\":\"BreadcrumbList\",\"@id\":\"https:\/\/kapitalis.com\/tunisie\/2017\/02\/23\/magistrature-accord-en-vue-pour-resoudre-la-crise-du-csm\/#breadcrumb\",\"itemListElement\":[{\"@type\":\"ListItem\",\"position\":1,\"name\":\"Accueil\",\"item\":\"https:\/\/kapitalis.com\/tunisie\/\"},{\"@type\":\"ListItem\",\"position\":2,\"name\":\"Magistrature : Accord en vue pour r\u00e9soudre la crise du CSM\"}]},{\"@type\":\"WebSite\",\"@id\":\"https:\/\/kapitalis.com\/tunisie\/#website\",\"url\":\"https:\/\/kapitalis.com\/tunisie\/\",\"name\":\"Kapitalis\",\"description\":\"L&#039;actualit\u00e9 en Tunisie et dans le monde\",\"publisher\":{\"@id\":\"https:\/\/kapitalis.com\/tunisie\/#organization\"},\"potentialAction\":[{\"@type\":\"SearchAction\",\"target\":{\"@type\":\"EntryPoint\",\"urlTemplate\":\"https:\/\/kapitalis.com\/tunisie\/?s={search_term_string}\"},\"query-input\":{\"@type\":\"PropertyValueSpecification\",\"valueRequired\":true,\"valueName\":\"search_term_string\"}}],\"inLanguage\":\"fr-FR\"},{\"@type\":\"Organization\",\"@id\":\"https:\/\/kapitalis.com\/tunisie\/#organization\",\"name\":\"Kapitalis\",\"url\":\"https:\/\/kapitalis.com\/tunisie\/\",\"logo\":{\"@type\":\"ImageObject\",\"inLanguage\":\"fr-FR\",\"@id\":\"https:\/\/kapitalis.com\/tunisie\/#\/schema\/logo\/image\/\",\"url\":\"https:\/\/kapitalis.com\/tunisie\/wp-content\/uploads\/2022\/05\/Kapitalis-big-size.png\",\"contentUrl\":\"https:\/\/kapitalis.com\/tunisie\/wp-content\/uploads\/2022\/05\/Kapitalis-big-size.png\",\"width\":5000,\"height\":1500,\"caption\":\"Kapitalis\"},\"image\":{\"@id\":\"https:\/\/kapitalis.com\/tunisie\/#\/schema\/logo\/image\/\"},\"sameAs\":[\"https:\/\/www.facebook.com\/KapitalisInfo\/\",\"https:\/\/x.com\/KapitalisInfo\",\"https:\/\/www.youtube.com\/channel\/UC-yDYrHyfFBWWZaOw3FPg9Q\"]},{\"@type\":\"Person\",\"@id\":\"https:\/\/kapitalis.com\/tunisie\/#\/schema\/person\/d71f33a9ca44f7bad4698210b480c8e9\",\"name\":\"webmaster kapitalis\",\"url\":\"https:\/\/kapitalis.com\/tunisie\/author\/webmaster-kapitalis\/\"}]}<\/script>\n<!-- \/ Yoast SEO plugin. -->","yoast_head_json":{"title":"Magistrature : Accord en vue pour r\u00e9soudre la crise du CSM - Kapitalis","robots":{"index":"index","follow":"follow","max-snippet":"max-snippet:-1","max-image-preview":"max-image-preview:large","max-video-preview":"max-video-preview:-1"},"canonical":"https:\/\/kapitalis.com\/tunisie\/2017\/02\/23\/magistrature-accord-en-vue-pour-resoudre-la-crise-du-csm\/","og_locale":"fr_FR","og_type":"article","og_title":"Magistrature : Accord en vue pour r\u00e9soudre la crise du CSM - Kapitalis","og_description":"La crise du Conseil sup\u00e9rieur de la magistrature (CSM) semble trouver le chemin de la r\u00e9solution suite \u00e0 une r\u00e9union, mercredi 22 f\u00e9vrier 2017, au si\u00e8ge de la cour des comptes.","og_url":"https:\/\/kapitalis.com\/tunisie\/2017\/02\/23\/magistrature-accord-en-vue-pour-resoudre-la-crise-du-csm\/","og_site_name":"Kapitalis","article_publisher":"https:\/\/www.facebook.com\/KapitalisInfo\/","article_published_time":"2017-02-23T07:53:44+00:00","og_image":[{"url":"http:\/\/kapitalis.com\/tunisie\/wp-content\/uploads\/2016\/10\/Magistrats-tunisie.jpg","type":"","width":"","height":""}],"author":"webmaster kapitalis","twitter_card":"summary_large_image","twitter_creator":"@KapitalisInfo","twitter_site":"@KapitalisInfo","twitter_misc":{"\u00c9crit par":"webmaster kapitalis","Dur\u00e9e de lecture estim\u00e9e":"2 minutes"},"schema":{"@context":"https:\/\/schema.org","@graph":[{"@type":"Article","@id":"https:\/\/kapitalis.com\/tunisie\/2017\/02\/23\/magistrature-accord-en-vue-pour-resoudre-la-crise-du-csm\/#article","isPartOf":{"@id":"https:\/\/kapitalis.com\/tunisie\/2017\/02\/23\/magistrature-accord-en-vue-pour-resoudre-la-crise-du-csm\/"},"author":{"name":"webmaster kapitalis","@id":"https:\/\/kapitalis.com\/tunisie\/#\/schema\/person\/d71f33a9ca44f7bad4698210b480c8e9"},"headline":"Magistrature : Accord en vue pour r\u00e9soudre la crise du CSM","datePublished":"2017-02-23T07:53:44+00:00","mainEntityOfPage":{"@id":"https:\/\/kapitalis.com\/tunisie\/2017\/02\/23\/magistrature-accord-en-vue-pour-resoudre-la-crise-du-csm\/"},"wordCount":383,"commentCount":0,"publisher":{"@id":"https:\/\/kapitalis.com\/tunisie\/#organization"},"image":{"@id":"https:\/\/kapitalis.com\/tunisie\/2017\/02\/23\/magistrature-accord-en-vue-pour-resoudre-la-crise-du-csm\/#primaryimage"},"thumbnailUrl":"http:\/\/kapitalis.com\/tunisie\/wp-content\/uploads\/2016\/10\/Magistrats-tunisie.jpg","keywords":["magistrats","magistrature"],"articleSection":["POLITIQUE","Tunisie"],"inLanguage":"fr-FR","potentialAction":[{"@type":"CommentAction","name":"Comment","target":["https:\/\/kapitalis.com\/tunisie\/2017\/02\/23\/magistrature-accord-en-vue-pour-resoudre-la-crise-du-csm\/#respond"]}]},{"@type":"WebPage","@id":"https:\/\/kapitalis.com\/tunisie\/2017\/02\/23\/magistrature-accord-en-vue-pour-resoudre-la-crise-du-csm\/","url":"https:\/\/kapitalis.com\/tunisie\/2017\/02\/23\/magistrature-accord-en-vue-pour-resoudre-la-crise-du-csm\/","name":"Magistrature : Accord en vue pour r\u00e9soudre la crise du CSM - Kapitalis","isPartOf":{"@id":"https:\/\/kapitalis.com\/tunisie\/#website"},"primaryImageOfPage":{"@id":"https:\/\/kapitalis.com\/tunisie\/2017\/02\/23\/magistrature-accord-en-vue-pour-resoudre-la-crise-du-csm\/#primaryimage"},"image":{"@id":"https:\/\/kapitalis.com\/tunisie\/2017\/02\/23\/magistrature-accord-en-vue-pour-resoudre-la-crise-du-csm\/#primaryimage"},"thumbnailUrl":"http:\/\/kapitalis.com\/tunisie\/wp-content\/uploads\/2016\/10\/Magistrats-tunisie.jpg","datePublished":"2017-02-23T07:53:44+00:00","breadcrumb":{"@id":"https:\/\/kapitalis.com\/tunisie\/2017\/02\/23\/magistrature-accord-en-vue-pour-resoudre-la-crise-du-csm\/#breadcrumb"},"inLanguage":"fr-FR","potentialAction":[{"@type":"ReadAction","target":["https:\/\/kapitalis.com\/tunisie\/2017\/02\/23\/magistrature-accord-en-vue-pour-resoudre-la-crise-du-csm\/"]}]},{"@type":"ImageObject","inLanguage":"fr-FR","@id":"https:\/\/kapitalis.com\/tunisie\/2017\/02\/23\/magistrature-accord-en-vue-pour-resoudre-la-crise-du-csm\/#primaryimage","url":"http:\/\/kapitalis.com\/tunisie\/wp-content\/uploads\/2016\/10\/Magistrats-tunisie.jpg","contentUrl":"http:\/\/kapitalis.com\/tunisie\/wp-content\/uploads\/2016\/10\/Magistrats-tunisie.jpg"},{"@type":"BreadcrumbList","@id":"https:\/\/kapitalis.com\/tunisie\/2017\/02\/23\/magistrature-accord-en-vue-pour-resoudre-la-crise-du-csm\/#breadcrumb","itemListElement":[{"@type":"ListItem","position":1,"name":"Accueil","item":"https:\/\/kapitalis.com\/tunisie\/"},{"@type":"ListItem","position":2,"name":"Magistrature : Accord en vue pour r\u00e9soudre la crise du CSM"}]},{"@type":"WebSite","@id":"https:\/\/kapitalis.com\/tunisie\/#website","url":"https:\/\/kapitalis.com\/tunisie\/","name":"Kapitalis","description":"L&#039;actualit\u00e9 en Tunisie et dans le monde","publisher":{"@id":"https:\/\/kapitalis.com\/tunisie\/#organization"},"potentialAction":[{"@type":"SearchAction","target":{"@type":"EntryPoint","urlTemplate":"https:\/\/kapitalis.com\/tunisie\/?s={search_term_string}"},"query-input":{"@type":"PropertyValueSpecification","valueRequired":true,"valueName":"search_term_string"}}],"inLanguage":"fr-FR"},{"@type":"Organization","@id":"https:\/\/kapitalis.com\/tunisie\/#organization","name":"Kapitalis","url":"https:\/\/kapitalis.com\/tunisie\/","logo":{"@type":"ImageObject","inLanguage":"fr-FR","@id":"https:\/\/kapitalis.com\/tunisie\/#\/schema\/logo\/image\/","url":"https:\/\/kapitalis.com\/tunisie\/wp-content\/uploads\/2022\/05\/Kapitalis-big-size.png","contentUrl":"https:\/\/kapitalis.com\/tunisie\/wp-content\/uploads\/2022\/05\/Kapitalis-big-size.png","width":5000,"height":1500,"caption":"Kapitalis"},"image":{"@id":"https:\/\/kapitalis.com\/tunisie\/#\/schema\/logo\/image\/"},"sameAs":["https:\/\/www.facebook.com\/KapitalisInfo\/","https:\/\/x.com\/KapitalisInfo","https:\/\/www.youtube.com\/channel\/UC-yDYrHyfFBWWZaOw3FPg9Q"]},{"@type":"Person","@id":"https:\/\/kapitalis.com\/tunisie\/#\/schema\/person\/d71f33a9ca44f7bad4698210b480c8e9","name":"webmaster kapitalis","url":"https:\/\/kapitalis.com\/tunisie\/author\/webmaster-kapitalis\/"}]}},"_links":{"self":[{"href":"https:\/\/kapitalis.com\/tunisie\/wp-json\/wp\/v2\/posts\/84148","targetHints":{"allow":["GET"]}}],"collection":[{"href":"https:\/\/kapitalis.com\/tunisie\/wp-json\/wp\/v2\/posts"}],"about":[{"href":"https:\/\/kapitalis.com\/tunisie\/wp-json\/wp\/v2\/types\/post"}],"author":[{"embeddable":true,"href":"https:\/\/kapitalis.com\/tunisie\/wp-json\/wp\/v2\/users\/8"}],"replies":[{"embeddable":true,"href":"https:\/\/kapitalis.com\/tunisie\/wp-json\/wp\/v2\/comments?post=84148"}],"version-history":[{"count":0,"href":"https:\/\/kapitalis.com\/tunisie\/wp-json\/wp\/v2\/posts\/84148\/revisions"}],"wp:attachment":[{"href":"https:\/\/kapitalis.com\/tunisie\/wp-json\/wp\/v2\/media?parent=84148"}],"wp:term":[{"taxonomy":"category","embeddable":true,"href":"https:\/\/kapitalis.com\/tunisie\/wp-json\/wp\/v2\/categories?post=84148"},{"taxonomy":"post_tag","embeddable":true,"href":"https:\/\/kapitalis.com\/tunisie\/wp-json\/wp\/v2\/tags?post=84148"}],"curies":[{"name":"wp","href":"https:\/\/api.w.org\/{rel}","templated":true}]}}