{"id":8432,"date":"2015-08-01T10:57:09","date_gmt":"2015-08-01T09:57:09","guid":{"rendered":"http:\/\/kapitalis.com\/tunisie\/?p=8432"},"modified":"2015-08-01T10:57:09","modified_gmt":"2015-08-01T09:57:09","slug":"basket-salah-mejri-de-jendouba-a-dallas","status":"publish","type":"post","link":"https:\/\/kapitalis.com\/tunisie\/2015\/08\/01\/basket-salah-mejri-de-jendouba-a-dallas\/","title":{"rendered":"Basket : Salah Mejri, de Jendouba \u00e0 Dallas"},"content":{"rendered":"<p><img loading=\"lazy\" decoding=\"async\" class=\"aligncenter size-full wp-image-8433\" src=\"http:\/\/kapitalis.com\/tunisie\/wp-content\/uploads\/2015\/08\/Salah-Mejri.jpg\" alt=\"Salah-Mejri\" width=\"626\" height=\"380\" \/><\/p>\n<p><em><strong>Salah Mejri a sign\u00e9, officiellement, avec les Mavericks de Dallas, devenant le 1er Maghr\u00e9bin \u00e0 jouer en NBA, le championnat nord-am\u00e9ricain de basket-ball.<\/strong> <\/em><\/p>\n<p><!--more--><\/p>\n<p>Selon son agent, l\u2019international tunisien, pivot de 29 ans et 2m17, originaire de Jendouba, a sign\u00e9 un contrat de 3 ans avec son nouveau club.<\/p>\n<p>Il \u00e9tait, durant la saison \u00e9coul\u00e9e, sur les tablettes des Cavs de Cleveland, d\u2019autant qu\u2019il \u00e9tait en fin de contrat avec le Real Madrid apr\u00e8s deux ans pass\u00e9es en Espagne, r\u00e9alisant un tripl\u00e9 en 2015, avec le championnat et la Coupe d&rsquo;Espagne, et l&rsquo;Euroleague.<\/p>\n<p>Salah Mejri avait aussi suscit\u00e9 l&rsquo;int\u00e9r\u00eat du club grec de Panathina\u00efkos. <em>\u00abJe suis vraiment heureux de faire partie d&rsquo;une si grande \u00e9quipe. J&rsquo;ai h\u00e2te d&rsquo;y \u00eatre\u00bb<\/em>, a-t-il comment\u00e9 sur son compte Twitter.<\/p>\n<p>M\u00eame s&rsquo;il n&rsquo;a eu que peu de temps de jeu avec l&rsquo;\u00e9quipe espagnole (9 minutes de moyenne par match), le basketteur tunisien a tourn\u00e9 cette saison \u00e0 4,3 points et 2,1 rebonds de moyenne par match.<\/p>\n<p><em>\u00abL&rsquo;exp\u00e9rience de Mejri \u00e0 Madrid lui sera utile pour r\u00e9ussir en NBA\u00bb,<\/em> ont expliqu\u00e9 les dirigeants des Mavericks de Dallas dans un communiqu\u00e9 publi\u00e9 \u00e0 cette occasion. <em>\u00abM\u00eame si son temps de jeu n&rsquo;a peut-\u00eatre pas \u00e9t\u00e9 \u00e0 la hauteur de ce qu&rsquo;il m\u00e9rite, cela fonctionne de cette mani\u00e8re en Europe. Il est cependant \u00e9vident qu&rsquo;il a le talent pour jouer en NBA, sp\u00e9cialement en ce qui concerne ses qualit\u00e9s offensives\u00bb<\/em>, ont-ils soulign\u00e9.<\/p>\n<p>L&rsquo;\u00e9quipe am\u00e9ricaine rappelle \u00e9galement que le joueur tunisien a particip\u00e9 \u00e0 des comp\u00e9titions internationales, notamment les Jeux Olympiques de Londres en 2012 et le Championnat d&rsquo;Afrique en 2011, remport\u00e9 par la Tunisie, au cours duquel il avait \u00e9t\u00e9 sacr\u00e9 meilleur joueur de la comp\u00e9tition.<\/p>\n<p>Avant de rejoindre les Etats-Unis, Salah Mejri doit participer cet \u00e9t\u00e9 \u00e0 l&rsquo;Afrobasket qui se d\u00e9roulera en Tunisie du 19 au 30 ao\u00fbt.<\/p>\n<p style=\"text-align: right;\"><strong>I. B.<\/strong> (avec Tap).<\/p>\n","protected":false},"excerpt":{"rendered":"<p>Salah Mejri a sign\u00e9, officiellement, avec les Mavericks de Dallas, devenant le 1er Maghr\u00e9bin \u00e0 jouer en NBA, le championnat nord-am\u00e9ricain de basket-ball.<\/p>\n","protected":false},"author":5,"featured_media":8433,"comment_status":"open","ping_status":"open","sticky":false,"template":"","format":"standard","meta":{"footnotes":""},"categories":[999,2433],"tags":[3974,3971,3973,3972,3808,3807],"class_list":["post-8432","post","type-post","status-publish","format-standard","has-post-thumbnail","hentry","category-sport","category-tunisie","tag-afrobasket","tag-basket","tag-dallas","tag-mavericks","tag-real-madrid","tag-salah-mejri"],"yoast_head":"<!-- This site is optimized with the Yoast SEO plugin v26.6 - https:\/\/yoast.com\/wordpress\/plugins\/seo\/ -->\n<title>Basket : Salah Mejri, de Jendouba \u00e0 Dallas - Kapitalis<\/title>\n<meta name=\"robots\" content=\"index, follow, max-snippet:-1, max-image-preview:large, max-video-preview:-1\" \/>\n<link rel=\"canonical\" href=\"https:\/\/kapitalis.com\/tunisie\/2015\/08\/01\/basket-salah-mejri-de-jendouba-a-dallas\/\" \/>\n<meta property=\"og:locale\" content=\"fr_FR\" \/>\n<meta property=\"og:type\" content=\"article\" \/>\n<meta property=\"og:title\" content=\"Basket : Salah Mejri, de Jendouba \u00e0 Dallas - Kapitalis\" \/>\n<meta property=\"og:description\" content=\"Salah Mejri a sign\u00e9, officiellement, avec les Mavericks de Dallas, devenant le 1er Maghr\u00e9bin \u00e0 jouer en NBA, le championnat nord-am\u00e9ricain de basket-ball.\" \/>\n<meta property=\"og:url\" content=\"https:\/\/kapitalis.com\/tunisie\/2015\/08\/01\/basket-salah-mejri-de-jendouba-a-dallas\/\" \/>\n<meta property=\"og:site_name\" content=\"Kapitalis\" \/>\n<meta property=\"article:publisher\" content=\"https:\/\/www.facebook.com\/KapitalisInfo\/\" \/>\n<meta property=\"article:published_time\" content=\"2015-08-01T09:57:09+00:00\" \/>\n<meta property=\"og:image\" content=\"https:\/\/kapitalis.com\/tunisie\/wp-content\/uploads\/2022\/05\/kapitalis-logo-fb.png\" \/>\n\t<meta property=\"og:image:width\" content=\"1200\" \/>\n\t<meta property=\"og:image:height\" content=\"630\" \/>\n\t<meta property=\"og:image:type\" content=\"image\/png\" \/>\n<meta name=\"author\" content=\"Ridha Elkefi\" \/>\n<meta name=\"twitter:card\" content=\"summary_large_image\" \/>\n<meta name=\"twitter:creator\" content=\"@KapitalisInfo\" \/>\n<meta name=\"twitter:site\" content=\"@KapitalisInfo\" \/>\n<meta name=\"twitter:label1\" content=\"\u00c9crit par\" \/>\n\t<meta name=\"twitter:data1\" content=\"Ridha Elkefi\" \/>\n\t<meta name=\"twitter:label2\" content=\"Dur\u00e9e de lecture estim\u00e9e\" \/>\n\t<meta name=\"twitter:data2\" content=\"2 minutes\" \/>\n<script type=\"application\/ld+json\" class=\"yoast-schema-graph\">{\"@context\":\"https:\/\/schema.org\",\"@graph\":[{\"@type\":\"Article\",\"@id\":\"https:\/\/kapitalis.com\/tunisie\/2015\/08\/01\/basket-salah-mejri-de-jendouba-a-dallas\/#article\",\"isPartOf\":{\"@id\":\"https:\/\/kapitalis.com\/tunisie\/2015\/08\/01\/basket-salah-mejri-de-jendouba-a-dallas\/\"},\"author\":{\"name\":\"Ridha Elkefi\",\"@id\":\"https:\/\/kapitalis.com\/tunisie\/#\/schema\/person\/16627fc9b2fc0116230e88af071eebab\"},\"headline\":\"Basket : Salah Mejri, de Jendouba \u00e0 Dallas\",\"datePublished\":\"2015-08-01T09:57:09+00:00\",\"mainEntityOfPage\":{\"@id\":\"https:\/\/kapitalis.com\/tunisie\/2015\/08\/01\/basket-salah-mejri-de-jendouba-a-dallas\/\"},\"wordCount\":322,\"commentCount\":0,\"publisher\":{\"@id\":\"https:\/\/kapitalis.com\/tunisie\/#organization\"},\"image\":{\"@id\":\"https:\/\/kapitalis.com\/tunisie\/2015\/08\/01\/basket-salah-mejri-de-jendouba-a-dallas\/#primaryimage\"},\"thumbnailUrl\":\"\",\"keywords\":[\"Afrobasket\",\"basket\",\"Dallas\",\"Mavericks\",\"Real Madrid\",\"Salah Mejri\"],\"articleSection\":[\"SPORT\",\"Tunisie\"],\"inLanguage\":\"fr-FR\",\"potentialAction\":[{\"@type\":\"CommentAction\",\"name\":\"Comment\",\"target\":[\"https:\/\/kapitalis.com\/tunisie\/2015\/08\/01\/basket-salah-mejri-de-jendouba-a-dallas\/#respond\"]}]},{\"@type\":\"WebPage\",\"@id\":\"https:\/\/kapitalis.com\/tunisie\/2015\/08\/01\/basket-salah-mejri-de-jendouba-a-dallas\/\",\"url\":\"https:\/\/kapitalis.com\/tunisie\/2015\/08\/01\/basket-salah-mejri-de-jendouba-a-dallas\/\",\"name\":\"Basket : Salah Mejri, de Jendouba \u00e0 Dallas - Kapitalis\",\"isPartOf\":{\"@id\":\"https:\/\/kapitalis.com\/tunisie\/#website\"},\"primaryImageOfPage\":{\"@id\":\"https:\/\/kapitalis.com\/tunisie\/2015\/08\/01\/basket-salah-mejri-de-jendouba-a-dallas\/#primaryimage\"},\"image\":{\"@id\":\"https:\/\/kapitalis.com\/tunisie\/2015\/08\/01\/basket-salah-mejri-de-jendouba-a-dallas\/#primaryimage\"},\"thumbnailUrl\":\"\",\"datePublished\":\"2015-08-01T09:57:09+00:00\",\"breadcrumb\":{\"@id\":\"https:\/\/kapitalis.com\/tunisie\/2015\/08\/01\/basket-salah-mejri-de-jendouba-a-dallas\/#breadcrumb\"},\"inLanguage\":\"fr-FR\",\"potentialAction\":[{\"@type\":\"ReadAction\",\"target\":[\"https:\/\/kapitalis.com\/tunisie\/2015\/08\/01\/basket-salah-mejri-de-jendouba-a-dallas\/\"]}]},{\"@type\":\"ImageObject\",\"inLanguage\":\"fr-FR\",\"@id\":\"https:\/\/kapitalis.com\/tunisie\/2015\/08\/01\/basket-salah-mejri-de-jendouba-a-dallas\/#primaryimage\",\"url\":\"\",\"contentUrl\":\"\"},{\"@type\":\"BreadcrumbList\",\"@id\":\"https:\/\/kapitalis.com\/tunisie\/2015\/08\/01\/basket-salah-mejri-de-jendouba-a-dallas\/#breadcrumb\",\"itemListElement\":[{\"@type\":\"ListItem\",\"position\":1,\"name\":\"Accueil\",\"item\":\"https:\/\/kapitalis.com\/tunisie\/\"},{\"@type\":\"ListItem\",\"position\":2,\"name\":\"Basket : Salah Mejri, de Jendouba \u00e0 Dallas\"}]},{\"@type\":\"WebSite\",\"@id\":\"https:\/\/kapitalis.com\/tunisie\/#website\",\"url\":\"https:\/\/kapitalis.com\/tunisie\/\",\"name\":\"Kapitalis\",\"description\":\"L&#039;actualit\u00e9 en Tunisie et dans le monde\",\"publisher\":{\"@id\":\"https:\/\/kapitalis.com\/tunisie\/#organization\"},\"potentialAction\":[{\"@type\":\"SearchAction\",\"target\":{\"@type\":\"EntryPoint\",\"urlTemplate\":\"https:\/\/kapitalis.com\/tunisie\/?s={search_term_string}\"},\"query-input\":{\"@type\":\"PropertyValueSpecification\",\"valueRequired\":true,\"valueName\":\"search_term_string\"}}],\"inLanguage\":\"fr-FR\"},{\"@type\":\"Organization\",\"@id\":\"https:\/\/kapitalis.com\/tunisie\/#organization\",\"name\":\"Kapitalis\",\"url\":\"https:\/\/kapitalis.com\/tunisie\/\",\"logo\":{\"@type\":\"ImageObject\",\"inLanguage\":\"fr-FR\",\"@id\":\"https:\/\/kapitalis.com\/tunisie\/#\/schema\/logo\/image\/\",\"url\":\"https:\/\/kapitalis.com\/tunisie\/wp-content\/uploads\/2022\/05\/Kapitalis-big-size.png\",\"contentUrl\":\"https:\/\/kapitalis.com\/tunisie\/wp-content\/uploads\/2022\/05\/Kapitalis-big-size.png\",\"width\":5000,\"height\":1500,\"caption\":\"Kapitalis\"},\"image\":{\"@id\":\"https:\/\/kapitalis.com\/tunisie\/#\/schema\/logo\/image\/\"},\"sameAs\":[\"https:\/\/www.facebook.com\/KapitalisInfo\/\",\"https:\/\/x.com\/KapitalisInfo\",\"https:\/\/www.youtube.com\/channel\/UC-yDYrHyfFBWWZaOw3FPg9Q\"]},{\"@type\":\"Person\",\"@id\":\"https:\/\/kapitalis.com\/tunisie\/#\/schema\/person\/16627fc9b2fc0116230e88af071eebab\",\"name\":\"Ridha Elkefi\",\"url\":\"https:\/\/kapitalis.com\/tunisie\/author\/ridha-kefi\/\"}]}<\/script>\n<!-- \/ Yoast SEO plugin. -->","yoast_head_json":{"title":"Basket : Salah Mejri, de Jendouba \u00e0 Dallas - Kapitalis","robots":{"index":"index","follow":"follow","max-snippet":"max-snippet:-1","max-image-preview":"max-image-preview:large","max-video-preview":"max-video-preview:-1"},"canonical":"https:\/\/kapitalis.com\/tunisie\/2015\/08\/01\/basket-salah-mejri-de-jendouba-a-dallas\/","og_locale":"fr_FR","og_type":"article","og_title":"Basket : Salah Mejri, de Jendouba \u00e0 Dallas - Kapitalis","og_description":"Salah Mejri a sign\u00e9, officiellement, avec les Mavericks de Dallas, devenant le 1er Maghr\u00e9bin \u00e0 jouer en NBA, le championnat nord-am\u00e9ricain de basket-ball.","og_url":"https:\/\/kapitalis.com\/tunisie\/2015\/08\/01\/basket-salah-mejri-de-jendouba-a-dallas\/","og_site_name":"Kapitalis","article_publisher":"https:\/\/www.facebook.com\/KapitalisInfo\/","article_published_time":"2015-08-01T09:57:09+00:00","og_image":[{"width":1200,"height":630,"url":"https:\/\/kapitalis.com\/tunisie\/wp-content\/uploads\/2022\/05\/kapitalis-logo-fb.png","type":"image\/png"}],"author":"Ridha Elkefi","twitter_card":"summary_large_image","twitter_creator":"@KapitalisInfo","twitter_site":"@KapitalisInfo","twitter_misc":{"\u00c9crit par":"Ridha Elkefi","Dur\u00e9e de lecture estim\u00e9e":"2 minutes"},"schema":{"@context":"https:\/\/schema.org","@graph":[{"@type":"Article","@id":"https:\/\/kapitalis.com\/tunisie\/2015\/08\/01\/basket-salah-mejri-de-jendouba-a-dallas\/#article","isPartOf":{"@id":"https:\/\/kapitalis.com\/tunisie\/2015\/08\/01\/basket-salah-mejri-de-jendouba-a-dallas\/"},"author":{"name":"Ridha Elkefi","@id":"https:\/\/kapitalis.com\/tunisie\/#\/schema\/person\/16627fc9b2fc0116230e88af071eebab"},"headline":"Basket : Salah Mejri, de Jendouba \u00e0 Dallas","datePublished":"2015-08-01T09:57:09+00:00","mainEntityOfPage":{"@id":"https:\/\/kapitalis.com\/tunisie\/2015\/08\/01\/basket-salah-mejri-de-jendouba-a-dallas\/"},"wordCount":322,"commentCount":0,"publisher":{"@id":"https:\/\/kapitalis.com\/tunisie\/#organization"},"image":{"@id":"https:\/\/kapitalis.com\/tunisie\/2015\/08\/01\/basket-salah-mejri-de-jendouba-a-dallas\/#primaryimage"},"thumbnailUrl":"","keywords":["Afrobasket","basket","Dallas","Mavericks","Real Madrid","Salah Mejri"],"articleSection":["SPORT","Tunisie"],"inLanguage":"fr-FR","potentialAction":[{"@type":"CommentAction","name":"Comment","target":["https:\/\/kapitalis.com\/tunisie\/2015\/08\/01\/basket-salah-mejri-de-jendouba-a-dallas\/#respond"]}]},{"@type":"WebPage","@id":"https:\/\/kapitalis.com\/tunisie\/2015\/08\/01\/basket-salah-mejri-de-jendouba-a-dallas\/","url":"https:\/\/kapitalis.com\/tunisie\/2015\/08\/01\/basket-salah-mejri-de-jendouba-a-dallas\/","name":"Basket : Salah Mejri, de Jendouba \u00e0 Dallas - Kapitalis","isPartOf":{"@id":"https:\/\/kapitalis.com\/tunisie\/#website"},"primaryImageOfPage":{"@id":"https:\/\/kapitalis.com\/tunisie\/2015\/08\/01\/basket-salah-mejri-de-jendouba-a-dallas\/#primaryimage"},"image":{"@id":"https:\/\/kapitalis.com\/tunisie\/2015\/08\/01\/basket-salah-mejri-de-jendouba-a-dallas\/#primaryimage"},"thumbnailUrl":"","datePublished":"2015-08-01T09:57:09+00:00","breadcrumb":{"@id":"https:\/\/kapitalis.com\/tunisie\/2015\/08\/01\/basket-salah-mejri-de-jendouba-a-dallas\/#breadcrumb"},"inLanguage":"fr-FR","potentialAction":[{"@type":"ReadAction","target":["https:\/\/kapitalis.com\/tunisie\/2015\/08\/01\/basket-salah-mejri-de-jendouba-a-dallas\/"]}]},{"@type":"ImageObject","inLanguage":"fr-FR","@id":"https:\/\/kapitalis.com\/tunisie\/2015\/08\/01\/basket-salah-mejri-de-jendouba-a-dallas\/#primaryimage","url":"","contentUrl":""},{"@type":"BreadcrumbList","@id":"https:\/\/kapitalis.com\/tunisie\/2015\/08\/01\/basket-salah-mejri-de-jendouba-a-dallas\/#breadcrumb","itemListElement":[{"@type":"ListItem","position":1,"name":"Accueil","item":"https:\/\/kapitalis.com\/tunisie\/"},{"@type":"ListItem","position":2,"name":"Basket : Salah Mejri, de Jendouba \u00e0 Dallas"}]},{"@type":"WebSite","@id":"https:\/\/kapitalis.com\/tunisie\/#website","url":"https:\/\/kapitalis.com\/tunisie\/","name":"Kapitalis","description":"L&#039;actualit\u00e9 en Tunisie et dans le monde","publisher":{"@id":"https:\/\/kapitalis.com\/tunisie\/#organization"},"potentialAction":[{"@type":"SearchAction","target":{"@type":"EntryPoint","urlTemplate":"https:\/\/kapitalis.com\/tunisie\/?s={search_term_string}"},"query-input":{"@type":"PropertyValueSpecification","valueRequired":true,"valueName":"search_term_string"}}],"inLanguage":"fr-FR"},{"@type":"Organization","@id":"https:\/\/kapitalis.com\/tunisie\/#organization","name":"Kapitalis","url":"https:\/\/kapitalis.com\/tunisie\/","logo":{"@type":"ImageObject","inLanguage":"fr-FR","@id":"https:\/\/kapitalis.com\/tunisie\/#\/schema\/logo\/image\/","url":"https:\/\/kapitalis.com\/tunisie\/wp-content\/uploads\/2022\/05\/Kapitalis-big-size.png","contentUrl":"https:\/\/kapitalis.com\/tunisie\/wp-content\/uploads\/2022\/05\/Kapitalis-big-size.png","width":5000,"height":1500,"caption":"Kapitalis"},"image":{"@id":"https:\/\/kapitalis.com\/tunisie\/#\/schema\/logo\/image\/"},"sameAs":["https:\/\/www.facebook.com\/KapitalisInfo\/","https:\/\/x.com\/KapitalisInfo","https:\/\/www.youtube.com\/channel\/UC-yDYrHyfFBWWZaOw3FPg9Q"]},{"@type":"Person","@id":"https:\/\/kapitalis.com\/tunisie\/#\/schema\/person\/16627fc9b2fc0116230e88af071eebab","name":"Ridha Elkefi","url":"https:\/\/kapitalis.com\/tunisie\/author\/ridha-kefi\/"}]}},"_links":{"self":[{"href":"https:\/\/kapitalis.com\/tunisie\/wp-json\/wp\/v2\/posts\/8432","targetHints":{"allow":["GET"]}}],"collection":[{"href":"https:\/\/kapitalis.com\/tunisie\/wp-json\/wp\/v2\/posts"}],"about":[{"href":"https:\/\/kapitalis.com\/tunisie\/wp-json\/wp\/v2\/types\/post"}],"author":[{"embeddable":true,"href":"https:\/\/kapitalis.com\/tunisie\/wp-json\/wp\/v2\/users\/5"}],"replies":[{"embeddable":true,"href":"https:\/\/kapitalis.com\/tunisie\/wp-json\/wp\/v2\/comments?post=8432"}],"version-history":[{"count":0,"href":"https:\/\/kapitalis.com\/tunisie\/wp-json\/wp\/v2\/posts\/8432\/revisions"}],"wp:featuredmedia":[{"embeddable":true,"href":"https:\/\/kapitalis.com\/tunisie\/wp-json\/wp\/v2\/media\/8433"}],"wp:attachment":[{"href":"https:\/\/kapitalis.com\/tunisie\/wp-json\/wp\/v2\/media?parent=8432"}],"wp:term":[{"taxonomy":"category","embeddable":true,"href":"https:\/\/kapitalis.com\/tunisie\/wp-json\/wp\/v2\/categories?post=8432"},{"taxonomy":"post_tag","embeddable":true,"href":"https:\/\/kapitalis.com\/tunisie\/wp-json\/wp\/v2\/tags?post=8432"}],"curies":[{"name":"wp","href":"https:\/\/api.w.org\/{rel}","templated":true}]}}