{"id":84325,"date":"2017-02-24T10:22:59","date_gmt":"2017-02-24T09:22:59","guid":{"rendered":"http:\/\/kapitalis.com\/tunisie\/?p=84325"},"modified":"2017-02-24T10:22:59","modified_gmt":"2017-02-24T09:22:59","slug":"le-ministre-indien-des-m-j-akbar-en-visite-de-trois-jours-en-tunisie","status":"publish","type":"post","link":"https:\/\/kapitalis.com\/tunisie\/2017\/02\/24\/le-ministre-indien-des-m-j-akbar-en-visite-de-trois-jours-en-tunisie\/","title":{"rendered":"Le ministre indien des M. J. Akbar en visite de trois jours en Tunisie"},"content":{"rendered":"<p><img loading=\"lazy\" decoding=\"async\" class=\"alignnone size-full wp-image-84326 aligncenter\" src=\"http:\/\/kapitalis.com\/tunisie\/wp-content\/uploads\/2017\/02\/MJ-Akbar.jpg\" alt=\"\" width=\"626\" height=\"380\" \/><\/p>\n<p><em><strong>Le ministre d\u2019Etat indien aux Affaires ext\u00e9rieures M. J. Akbar sera en Tunisie du 26 au 28 f\u00e9vrier 2017 pour y examiner les possibilit\u00e9s d\u2019affaires.<\/strong> <\/em><\/p>\n<p><!--more--><\/p>\n<p>Le communiqu\u00e9 officiel du minist\u00e8re indien des AE annon\u00e7ant, jeudi 23 f\u00e9vrier 2017, ce d\u00e9placement de M. Akbar dans notre pays indique que <em>\u00abdurant cette visite, le ministre d\u2019Etat discutera d\u2019un large \u00e9ventail de questions bilat\u00e9rales, r\u00e9gionales et internationales d\u2019int\u00e9r\u00eat commun, et notamment la consolidation de la coop\u00e9ration des deux pays dans le secteur des engrais. L\u2019Inde entretient avec la Tunisie des rapports cordiaux.\u00bb<\/em><\/p>\n<p>Cette annonce ajoute aussi que <em>\u00abla coop\u00e9ration \u00e9conomique entre les deux pays s\u2019est renforc\u00e9e gr\u00e2ce aux investissements indiens dans le secteur des engrais. Cette visite<\/em> [de M. Akbar] <em>se d\u00e9roule dans un contexte d\u2019une plus grande consolidation des relations bilat\u00e9rales entre l\u2019Inde et la Tunisie.\u00bb<\/em><\/p>\n<p>Durant son s\u00e9jour tunisien, M. J. Akbar aura l\u2019occasion de rencontrer le pr\u00e9sident de la r\u00e9publique B\u00e9ji Ca\u00efd Essebsi, son homologue Khema\u00efs Jhinaoui, la ministre de l\u2019Energie, des Mines et des Energies renouvelables Hela Cheikhrouhou et le secr\u00e9taire d\u2019Etat aux AE Sabri Bachtobji.<\/p>\n<p>Le menu de cette visite de M. Akbar comprend \u00e9galement une rencontre avec l\u2019Union tunisienne de l\u2019industrie, du commerce et de l\u2019artisanat, o\u00f9 seront identifi\u00e9es les possibilit\u00e9s de coop\u00e9ration commerciale et dans le domaine de l\u2019investissement, et une allocution liminaire \u00e0 l\u2019Institut tunisien des \u00e9tudes strat\u00e9giques o\u00f9 il pr\u00e9sentera \u00e0 son auditoire les grandes lignes de la politique \u00e9trang\u00e8re indienne.<\/p>\n<p>Pour rappel, le vice-pr\u00e9sident indien Mohamed Hamid Ansari, accompagn\u00e9 par le ministre d\u2019Etat indien des Industries chimiques et des engrais Hansraj Gangaram Ahir et quatre membres du parlement indien, a effectu\u00e9 une visite officielle en Tunisie, les 2 et 3 juin dernier.<\/p>\n<p style=\"text-align: right;\"><strong>Marwan Chahla<\/strong><\/p>\n","protected":false},"excerpt":{"rendered":"<p>Le ministre d\u2019Etat indien aux Affaires ext\u00e9rieures M. J. Akbar sera en Tunisie du 26 au 28 f\u00e9vrier 2017 pour y examiner les possibilit\u00e9s d\u2019affaires.<\/p>\n","protected":false},"author":8,"featured_media":84326,"comment_status":"open","ping_status":"open","sticky":false,"template":"","format":"standard","meta":{"footnotes":""},"categories":[997,2433],"tags":[23316,3017,12690,24690],"class_list":["post-84325","post","type-post","status-publish","format-standard","has-post-thumbnail","hentry","category-politique","category-tunisie","tag-hela-cheikhrouhou","tag-inde","tag-khemais-jhinaoui","tag-sabri-bachtobji"],"yoast_head":"<!-- This site is optimized with the Yoast SEO plugin v26.6 - https:\/\/yoast.com\/wordpress\/plugins\/seo\/ -->\n<title>Le ministre indien des M. J. Akbar en visite de trois jours en Tunisie - Kapitalis<\/title>\n<meta name=\"robots\" content=\"index, follow, max-snippet:-1, max-image-preview:large, max-video-preview:-1\" \/>\n<link rel=\"canonical\" href=\"https:\/\/kapitalis.com\/tunisie\/2017\/02\/24\/le-ministre-indien-des-m-j-akbar-en-visite-de-trois-jours-en-tunisie\/\" \/>\n<meta property=\"og:locale\" content=\"fr_FR\" \/>\n<meta property=\"og:type\" content=\"article\" \/>\n<meta property=\"og:title\" content=\"Le ministre indien des M. J. Akbar en visite de trois jours en Tunisie - Kapitalis\" \/>\n<meta property=\"og:description\" content=\"Le ministre d\u2019Etat indien aux Affaires ext\u00e9rieures M. J. Akbar sera en Tunisie du 26 au 28 f\u00e9vrier 2017 pour y examiner les possibilit\u00e9s d\u2019affaires.\" \/>\n<meta property=\"og:url\" content=\"https:\/\/kapitalis.com\/tunisie\/2017\/02\/24\/le-ministre-indien-des-m-j-akbar-en-visite-de-trois-jours-en-tunisie\/\" \/>\n<meta property=\"og:site_name\" content=\"Kapitalis\" \/>\n<meta property=\"article:publisher\" content=\"https:\/\/www.facebook.com\/KapitalisInfo\/\" \/>\n<meta property=\"article:published_time\" content=\"2017-02-24T09:22:59+00:00\" \/>\n<meta property=\"og:image\" content=\"https:\/\/kapitalis.com\/tunisie\/wp-content\/uploads\/2022\/05\/kapitalis-logo-fb.png\" \/>\n\t<meta property=\"og:image:width\" content=\"1200\" \/>\n\t<meta property=\"og:image:height\" content=\"630\" \/>\n\t<meta property=\"og:image:type\" content=\"image\/png\" \/>\n<meta name=\"author\" content=\"webmaster kapitalis\" \/>\n<meta name=\"twitter:card\" content=\"summary_large_image\" \/>\n<meta name=\"twitter:creator\" content=\"@KapitalisInfo\" \/>\n<meta name=\"twitter:site\" content=\"@KapitalisInfo\" \/>\n<meta name=\"twitter:label1\" content=\"\u00c9crit par\" \/>\n\t<meta name=\"twitter:data1\" content=\"webmaster kapitalis\" \/>\n\t<meta name=\"twitter:label2\" content=\"Dur\u00e9e de lecture estim\u00e9e\" \/>\n\t<meta name=\"twitter:data2\" content=\"2 minutes\" \/>\n<script type=\"application\/ld+json\" class=\"yoast-schema-graph\">{\"@context\":\"https:\/\/schema.org\",\"@graph\":[{\"@type\":\"Article\",\"@id\":\"https:\/\/kapitalis.com\/tunisie\/2017\/02\/24\/le-ministre-indien-des-m-j-akbar-en-visite-de-trois-jours-en-tunisie\/#article\",\"isPartOf\":{\"@id\":\"https:\/\/kapitalis.com\/tunisie\/2017\/02\/24\/le-ministre-indien-des-m-j-akbar-en-visite-de-trois-jours-en-tunisie\/\"},\"author\":{\"name\":\"webmaster kapitalis\",\"@id\":\"https:\/\/kapitalis.com\/tunisie\/#\/schema\/person\/d71f33a9ca44f7bad4698210b480c8e9\"},\"headline\":\"Le ministre indien des M. J. Akbar en visite de trois jours en Tunisie\",\"datePublished\":\"2017-02-24T09:22:59+00:00\",\"mainEntityOfPage\":{\"@id\":\"https:\/\/kapitalis.com\/tunisie\/2017\/02\/24\/le-ministre-indien-des-m-j-akbar-en-visite-de-trois-jours-en-tunisie\/\"},\"wordCount\":335,\"commentCount\":0,\"publisher\":{\"@id\":\"https:\/\/kapitalis.com\/tunisie\/#organization\"},\"image\":{\"@id\":\"https:\/\/kapitalis.com\/tunisie\/2017\/02\/24\/le-ministre-indien-des-m-j-akbar-en-visite-de-trois-jours-en-tunisie\/#primaryimage\"},\"thumbnailUrl\":\"\",\"keywords\":[\"H\u00e9la Cheikhrouhou\",\"Inde\",\"Khema\u00efs Jhinaoui\",\"Sabri Bachtobji\"],\"articleSection\":[\"POLITIQUE\",\"Tunisie\"],\"inLanguage\":\"fr-FR\",\"potentialAction\":[{\"@type\":\"CommentAction\",\"name\":\"Comment\",\"target\":[\"https:\/\/kapitalis.com\/tunisie\/2017\/02\/24\/le-ministre-indien-des-m-j-akbar-en-visite-de-trois-jours-en-tunisie\/#respond\"]}]},{\"@type\":\"WebPage\",\"@id\":\"https:\/\/kapitalis.com\/tunisie\/2017\/02\/24\/le-ministre-indien-des-m-j-akbar-en-visite-de-trois-jours-en-tunisie\/\",\"url\":\"https:\/\/kapitalis.com\/tunisie\/2017\/02\/24\/le-ministre-indien-des-m-j-akbar-en-visite-de-trois-jours-en-tunisie\/\",\"name\":\"Le ministre indien des M. J. Akbar en visite de trois jours en Tunisie - Kapitalis\",\"isPartOf\":{\"@id\":\"https:\/\/kapitalis.com\/tunisie\/#website\"},\"primaryImageOfPage\":{\"@id\":\"https:\/\/kapitalis.com\/tunisie\/2017\/02\/24\/le-ministre-indien-des-m-j-akbar-en-visite-de-trois-jours-en-tunisie\/#primaryimage\"},\"image\":{\"@id\":\"https:\/\/kapitalis.com\/tunisie\/2017\/02\/24\/le-ministre-indien-des-m-j-akbar-en-visite-de-trois-jours-en-tunisie\/#primaryimage\"},\"thumbnailUrl\":\"\",\"datePublished\":\"2017-02-24T09:22:59+00:00\",\"breadcrumb\":{\"@id\":\"https:\/\/kapitalis.com\/tunisie\/2017\/02\/24\/le-ministre-indien-des-m-j-akbar-en-visite-de-trois-jours-en-tunisie\/#breadcrumb\"},\"inLanguage\":\"fr-FR\",\"potentialAction\":[{\"@type\":\"ReadAction\",\"target\":[\"https:\/\/kapitalis.com\/tunisie\/2017\/02\/24\/le-ministre-indien-des-m-j-akbar-en-visite-de-trois-jours-en-tunisie\/\"]}]},{\"@type\":\"ImageObject\",\"inLanguage\":\"fr-FR\",\"@id\":\"https:\/\/kapitalis.com\/tunisie\/2017\/02\/24\/le-ministre-indien-des-m-j-akbar-en-visite-de-trois-jours-en-tunisie\/#primaryimage\",\"url\":\"\",\"contentUrl\":\"\"},{\"@type\":\"BreadcrumbList\",\"@id\":\"https:\/\/kapitalis.com\/tunisie\/2017\/02\/24\/le-ministre-indien-des-m-j-akbar-en-visite-de-trois-jours-en-tunisie\/#breadcrumb\",\"itemListElement\":[{\"@type\":\"ListItem\",\"position\":1,\"name\":\"Accueil\",\"item\":\"https:\/\/kapitalis.com\/tunisie\/\"},{\"@type\":\"ListItem\",\"position\":2,\"name\":\"Le ministre indien des M. J. Akbar en visite de trois jours en Tunisie\"}]},{\"@type\":\"WebSite\",\"@id\":\"https:\/\/kapitalis.com\/tunisie\/#website\",\"url\":\"https:\/\/kapitalis.com\/tunisie\/\",\"name\":\"Kapitalis\",\"description\":\"L&#039;actualit\u00e9 en Tunisie et dans le monde\",\"publisher\":{\"@id\":\"https:\/\/kapitalis.com\/tunisie\/#organization\"},\"potentialAction\":[{\"@type\":\"SearchAction\",\"target\":{\"@type\":\"EntryPoint\",\"urlTemplate\":\"https:\/\/kapitalis.com\/tunisie\/?s={search_term_string}\"},\"query-input\":{\"@type\":\"PropertyValueSpecification\",\"valueRequired\":true,\"valueName\":\"search_term_string\"}}],\"inLanguage\":\"fr-FR\"},{\"@type\":\"Organization\",\"@id\":\"https:\/\/kapitalis.com\/tunisie\/#organization\",\"name\":\"Kapitalis\",\"url\":\"https:\/\/kapitalis.com\/tunisie\/\",\"logo\":{\"@type\":\"ImageObject\",\"inLanguage\":\"fr-FR\",\"@id\":\"https:\/\/kapitalis.com\/tunisie\/#\/schema\/logo\/image\/\",\"url\":\"https:\/\/kapitalis.com\/tunisie\/wp-content\/uploads\/2022\/05\/Kapitalis-big-size.png\",\"contentUrl\":\"https:\/\/kapitalis.com\/tunisie\/wp-content\/uploads\/2022\/05\/Kapitalis-big-size.png\",\"width\":5000,\"height\":1500,\"caption\":\"Kapitalis\"},\"image\":{\"@id\":\"https:\/\/kapitalis.com\/tunisie\/#\/schema\/logo\/image\/\"},\"sameAs\":[\"https:\/\/www.facebook.com\/KapitalisInfo\/\",\"https:\/\/x.com\/KapitalisInfo\",\"https:\/\/www.youtube.com\/channel\/UC-yDYrHyfFBWWZaOw3FPg9Q\"]},{\"@type\":\"Person\",\"@id\":\"https:\/\/kapitalis.com\/tunisie\/#\/schema\/person\/d71f33a9ca44f7bad4698210b480c8e9\",\"name\":\"webmaster kapitalis\",\"url\":\"https:\/\/kapitalis.com\/tunisie\/author\/webmaster-kapitalis\/\"}]}<\/script>\n<!-- \/ Yoast SEO plugin. -->","yoast_head_json":{"title":"Le ministre indien des M. J. Akbar en visite de trois jours en Tunisie - Kapitalis","robots":{"index":"index","follow":"follow","max-snippet":"max-snippet:-1","max-image-preview":"max-image-preview:large","max-video-preview":"max-video-preview:-1"},"canonical":"https:\/\/kapitalis.com\/tunisie\/2017\/02\/24\/le-ministre-indien-des-m-j-akbar-en-visite-de-trois-jours-en-tunisie\/","og_locale":"fr_FR","og_type":"article","og_title":"Le ministre indien des M. J. Akbar en visite de trois jours en Tunisie - Kapitalis","og_description":"Le ministre d\u2019Etat indien aux Affaires ext\u00e9rieures M. J. Akbar sera en Tunisie du 26 au 28 f\u00e9vrier 2017 pour y examiner les possibilit\u00e9s d\u2019affaires.","og_url":"https:\/\/kapitalis.com\/tunisie\/2017\/02\/24\/le-ministre-indien-des-m-j-akbar-en-visite-de-trois-jours-en-tunisie\/","og_site_name":"Kapitalis","article_publisher":"https:\/\/www.facebook.com\/KapitalisInfo\/","article_published_time":"2017-02-24T09:22:59+00:00","og_image":[{"width":1200,"height":630,"url":"https:\/\/kapitalis.com\/tunisie\/wp-content\/uploads\/2022\/05\/kapitalis-logo-fb.png","type":"image\/png"}],"author":"webmaster kapitalis","twitter_card":"summary_large_image","twitter_creator":"@KapitalisInfo","twitter_site":"@KapitalisInfo","twitter_misc":{"\u00c9crit par":"webmaster kapitalis","Dur\u00e9e de lecture estim\u00e9e":"2 minutes"},"schema":{"@context":"https:\/\/schema.org","@graph":[{"@type":"Article","@id":"https:\/\/kapitalis.com\/tunisie\/2017\/02\/24\/le-ministre-indien-des-m-j-akbar-en-visite-de-trois-jours-en-tunisie\/#article","isPartOf":{"@id":"https:\/\/kapitalis.com\/tunisie\/2017\/02\/24\/le-ministre-indien-des-m-j-akbar-en-visite-de-trois-jours-en-tunisie\/"},"author":{"name":"webmaster kapitalis","@id":"https:\/\/kapitalis.com\/tunisie\/#\/schema\/person\/d71f33a9ca44f7bad4698210b480c8e9"},"headline":"Le ministre indien des M. J. Akbar en visite de trois jours en Tunisie","datePublished":"2017-02-24T09:22:59+00:00","mainEntityOfPage":{"@id":"https:\/\/kapitalis.com\/tunisie\/2017\/02\/24\/le-ministre-indien-des-m-j-akbar-en-visite-de-trois-jours-en-tunisie\/"},"wordCount":335,"commentCount":0,"publisher":{"@id":"https:\/\/kapitalis.com\/tunisie\/#organization"},"image":{"@id":"https:\/\/kapitalis.com\/tunisie\/2017\/02\/24\/le-ministre-indien-des-m-j-akbar-en-visite-de-trois-jours-en-tunisie\/#primaryimage"},"thumbnailUrl":"","keywords":["H\u00e9la Cheikhrouhou","Inde","Khema\u00efs Jhinaoui","Sabri Bachtobji"],"articleSection":["POLITIQUE","Tunisie"],"inLanguage":"fr-FR","potentialAction":[{"@type":"CommentAction","name":"Comment","target":["https:\/\/kapitalis.com\/tunisie\/2017\/02\/24\/le-ministre-indien-des-m-j-akbar-en-visite-de-trois-jours-en-tunisie\/#respond"]}]},{"@type":"WebPage","@id":"https:\/\/kapitalis.com\/tunisie\/2017\/02\/24\/le-ministre-indien-des-m-j-akbar-en-visite-de-trois-jours-en-tunisie\/","url":"https:\/\/kapitalis.com\/tunisie\/2017\/02\/24\/le-ministre-indien-des-m-j-akbar-en-visite-de-trois-jours-en-tunisie\/","name":"Le ministre indien des M. J. Akbar en visite de trois jours en Tunisie - Kapitalis","isPartOf":{"@id":"https:\/\/kapitalis.com\/tunisie\/#website"},"primaryImageOfPage":{"@id":"https:\/\/kapitalis.com\/tunisie\/2017\/02\/24\/le-ministre-indien-des-m-j-akbar-en-visite-de-trois-jours-en-tunisie\/#primaryimage"},"image":{"@id":"https:\/\/kapitalis.com\/tunisie\/2017\/02\/24\/le-ministre-indien-des-m-j-akbar-en-visite-de-trois-jours-en-tunisie\/#primaryimage"},"thumbnailUrl":"","datePublished":"2017-02-24T09:22:59+00:00","breadcrumb":{"@id":"https:\/\/kapitalis.com\/tunisie\/2017\/02\/24\/le-ministre-indien-des-m-j-akbar-en-visite-de-trois-jours-en-tunisie\/#breadcrumb"},"inLanguage":"fr-FR","potentialAction":[{"@type":"ReadAction","target":["https:\/\/kapitalis.com\/tunisie\/2017\/02\/24\/le-ministre-indien-des-m-j-akbar-en-visite-de-trois-jours-en-tunisie\/"]}]},{"@type":"ImageObject","inLanguage":"fr-FR","@id":"https:\/\/kapitalis.com\/tunisie\/2017\/02\/24\/le-ministre-indien-des-m-j-akbar-en-visite-de-trois-jours-en-tunisie\/#primaryimage","url":"","contentUrl":""},{"@type":"BreadcrumbList","@id":"https:\/\/kapitalis.com\/tunisie\/2017\/02\/24\/le-ministre-indien-des-m-j-akbar-en-visite-de-trois-jours-en-tunisie\/#breadcrumb","itemListElement":[{"@type":"ListItem","position":1,"name":"Accueil","item":"https:\/\/kapitalis.com\/tunisie\/"},{"@type":"ListItem","position":2,"name":"Le ministre indien des M. J. Akbar en visite de trois jours en Tunisie"}]},{"@type":"WebSite","@id":"https:\/\/kapitalis.com\/tunisie\/#website","url":"https:\/\/kapitalis.com\/tunisie\/","name":"Kapitalis","description":"L&#039;actualit\u00e9 en Tunisie et dans le monde","publisher":{"@id":"https:\/\/kapitalis.com\/tunisie\/#organization"},"potentialAction":[{"@type":"SearchAction","target":{"@type":"EntryPoint","urlTemplate":"https:\/\/kapitalis.com\/tunisie\/?s={search_term_string}"},"query-input":{"@type":"PropertyValueSpecification","valueRequired":true,"valueName":"search_term_string"}}],"inLanguage":"fr-FR"},{"@type":"Organization","@id":"https:\/\/kapitalis.com\/tunisie\/#organization","name":"Kapitalis","url":"https:\/\/kapitalis.com\/tunisie\/","logo":{"@type":"ImageObject","inLanguage":"fr-FR","@id":"https:\/\/kapitalis.com\/tunisie\/#\/schema\/logo\/image\/","url":"https:\/\/kapitalis.com\/tunisie\/wp-content\/uploads\/2022\/05\/Kapitalis-big-size.png","contentUrl":"https:\/\/kapitalis.com\/tunisie\/wp-content\/uploads\/2022\/05\/Kapitalis-big-size.png","width":5000,"height":1500,"caption":"Kapitalis"},"image":{"@id":"https:\/\/kapitalis.com\/tunisie\/#\/schema\/logo\/image\/"},"sameAs":["https:\/\/www.facebook.com\/KapitalisInfo\/","https:\/\/x.com\/KapitalisInfo","https:\/\/www.youtube.com\/channel\/UC-yDYrHyfFBWWZaOw3FPg9Q"]},{"@type":"Person","@id":"https:\/\/kapitalis.com\/tunisie\/#\/schema\/person\/d71f33a9ca44f7bad4698210b480c8e9","name":"webmaster kapitalis","url":"https:\/\/kapitalis.com\/tunisie\/author\/webmaster-kapitalis\/"}]}},"_links":{"self":[{"href":"https:\/\/kapitalis.com\/tunisie\/wp-json\/wp\/v2\/posts\/84325","targetHints":{"allow":["GET"]}}],"collection":[{"href":"https:\/\/kapitalis.com\/tunisie\/wp-json\/wp\/v2\/posts"}],"about":[{"href":"https:\/\/kapitalis.com\/tunisie\/wp-json\/wp\/v2\/types\/post"}],"author":[{"embeddable":true,"href":"https:\/\/kapitalis.com\/tunisie\/wp-json\/wp\/v2\/users\/8"}],"replies":[{"embeddable":true,"href":"https:\/\/kapitalis.com\/tunisie\/wp-json\/wp\/v2\/comments?post=84325"}],"version-history":[{"count":0,"href":"https:\/\/kapitalis.com\/tunisie\/wp-json\/wp\/v2\/posts\/84325\/revisions"}],"wp:featuredmedia":[{"embeddable":true,"href":"https:\/\/kapitalis.com\/tunisie\/wp-json\/wp\/v2\/media\/84326"}],"wp:attachment":[{"href":"https:\/\/kapitalis.com\/tunisie\/wp-json\/wp\/v2\/media?parent=84325"}],"wp:term":[{"taxonomy":"category","embeddable":true,"href":"https:\/\/kapitalis.com\/tunisie\/wp-json\/wp\/v2\/categories?post=84325"},{"taxonomy":"post_tag","embeddable":true,"href":"https:\/\/kapitalis.com\/tunisie\/wp-json\/wp\/v2\/tags?post=84325"}],"curies":[{"name":"wp","href":"https:\/\/api.w.org\/{rel}","templated":true}]}}