{"id":84453,"date":"2017-02-25T07:57:28","date_gmt":"2017-02-25T06:57:28","guid":{"rendered":"http:\/\/kapitalis.com\/tunisie\/?p=84453"},"modified":"2017-02-25T07:57:28","modified_gmt":"2017-02-25T06:57:28","slug":"gouvernement-abid-briki-pense-serieusement-a-demissionner","status":"publish","type":"post","link":"https:\/\/kapitalis.com\/tunisie\/2017\/02\/25\/gouvernement-abid-briki-pense-serieusement-a-demissionner\/","title":{"rendered":"Gouvernement : Abid Briki pense s\u00e9rieusement \u00e0 d\u00e9missionner"},"content":{"rendered":"<p><img loading=\"lazy\" decoding=\"async\" class=\"alignnone size-full wp-image-73543 aligncenter\" src=\"http:\/\/kapitalis.com\/tunisie\/wp-content\/uploads\/2016\/11\/Abid-Briki.jpg\" alt=\"\" width=\"626\" height=\"380\" \/><\/p>\n<p><em><strong>Abid Briki, ministre de la Fonction publique et de la Gouvernance, a confirm\u00e9, vendredi 24 f\u00e9vrier 2017, \u00e0 plusieurs m\u00e9dias, son intention de d\u00e9missionner.<\/strong><\/em><\/p>\n<p><!--more--><\/p>\n<p>M. Briki a annonc\u00e9 qu\u2019il soumettra bient\u00f4t sa d\u00e9mission de mani\u00e8re officielle au chef du gouvernement, sans clarifier les motifs de sa d\u00e9cision, ajoutant qu\u2019il est en train de se concerter avec le chef du gouvernement Youssef Chahed et avec d\u2019autres personnalit\u00e9s, notamment les secr\u00e9taires g\u00e9n\u00e9raux de l\u2019Union g\u00e9n\u00e9rale tunisienne du travail (UGTT), les pr\u00e9c\u00e9dents et l\u2019actuel, Noureddine Taboubi, pour un \u00e9change de points de vue et l\u2019examen de la situation dans le pays.<\/p>\n<p>Tout en affirmant qu\u2019il n\u2019a pas encore pr\u00e9sent\u00e9 officiellement sa d\u00e9mission, le ministre de la Fonction publique et de la Gouvernance a, par ailleurs, laiss\u00e9 entendre qu\u2019il pourrait renoncer \u00e0 la d\u00e9mission tant, car il n\u2019a pas pris une d\u00e9cision d\u00e9finitive sur ce sujet.<\/p>\n<p>Sans expliquer les raisons qui l\u2019ont pouss\u00e9 \u00e0 envisager la d\u00e9mission du gouvernement \u2013 des proches ont toutefois parl\u00e9 d\u2019interf\u00e9rences dans son travail devenues insupportables de la part d\u2019un parti de la coalition gouvernementale \u2013, Abid Briki a affirm\u00e9 que <em>\u00able retrait n\u2019est pas toujours synonyme de faiblesse, il est peut \u00eatre un signe de force, dans la mesure o\u00f9 il emp\u00eache d\u2019entraver davantage le processus de sauvetage du pays\u00bb.<\/em><\/p>\n<p>Il est \u00e0 noter que M. Briki s\u2019est distingu\u00e9, jusque-l\u00e0 par son dynamisme et sa capacit\u00e9 \u00e0 confronter des dossiers difficiles tel que celui de l\u2019all\u00e8gement de la masse salariale dans la fonction publique ou de la r\u00e9forme de la fonction publique.<\/p>\n<p>Les derni\u00e8res mesures prises propos\u00e9es par son minist\u00e8re et approuv\u00e9es par l\u2019Assembl\u00e9e des repr\u00e9sentants du peuple (ARP), au sujet de l\u2019encouragement des agents publiques \u00e0 prendre la retraite anticip\u00e9e pour cr\u00e9er leurs propres entreprises, de la loi sur la protection des d\u00e9nonciateurs de corruption et bien d\u2019autres mesures qui comptent \u00e0 son actif, montrent que cet ancien dirigeant de l\u2019UGTT est un homme qui sait \u00eatre ferme et intransigeant dans la d\u00e9fense des int\u00e9r\u00eats de l\u2019Etat, tout en restant ouvert au dialogue.<\/p>\n<p>Il est \u00e0 noter qu\u2019Iyed Dahmani, porte-parole du gouvernement, a d\u00e9clar\u00e9, dans un point de presse tenu vendredi soir au si\u00e8ge du gouvernement, qu\u2019aucune d\u00e9mission n\u2019est encore officiellement parvenue au bureau du chef du gouvernement, exprimant l\u2019espoir de d\u00e9passer les causes qui ont pouss\u00e9 M. Briki \u00e0 annoncer son intention de d\u00e9missionner pour que tout revienne dans l\u2019ordre.<\/p>\n<p style=\"text-align: right;\"><strong>Abderrazek Krimi<\/strong><\/p>\n","protected":false},"excerpt":{"rendered":"<p>Abid Briki, ministre de la Fonction publique et de la Gouvernance, a confirm\u00e9, vendredi 24 f\u00e9vrier 2017, \u00e0 plusieurs m\u00e9dias, son intention de d\u00e9missionner.<\/p>\n","protected":false},"author":8,"featured_media":0,"comment_status":"open","ping_status":"open","sticky":false,"template":"","format":"standard","meta":{"footnotes":""},"categories":[997,2433],"tags":[13802,2036,418,21897],"class_list":["post-84453","post","type-post","status-publish","format-standard","hentry","category-politique","category-tunisie","tag-abid-briki","tag-demission","tag-gouvernement","tag-noureddine-taboubi"],"yoast_head":"<!-- This site is optimized with the Yoast SEO plugin v26.6 - https:\/\/yoast.com\/wordpress\/plugins\/seo\/ -->\n<title>Gouvernement : Abid Briki pense s\u00e9rieusement \u00e0 d\u00e9missionner - Kapitalis<\/title>\n<meta name=\"robots\" content=\"index, follow, max-snippet:-1, max-image-preview:large, max-video-preview:-1\" \/>\n<link rel=\"canonical\" href=\"https:\/\/kapitalis.com\/tunisie\/2017\/02\/25\/gouvernement-abid-briki-pense-serieusement-a-demissionner\/\" \/>\n<meta property=\"og:locale\" content=\"fr_FR\" \/>\n<meta property=\"og:type\" content=\"article\" \/>\n<meta property=\"og:title\" content=\"Gouvernement : Abid Briki pense s\u00e9rieusement \u00e0 d\u00e9missionner - Kapitalis\" \/>\n<meta property=\"og:description\" content=\"Abid Briki, ministre de la Fonction publique et de la Gouvernance, a confirm\u00e9, vendredi 24 f\u00e9vrier 2017, \u00e0 plusieurs m\u00e9dias, son intention de d\u00e9missionner.\" \/>\n<meta property=\"og:url\" content=\"https:\/\/kapitalis.com\/tunisie\/2017\/02\/25\/gouvernement-abid-briki-pense-serieusement-a-demissionner\/\" \/>\n<meta property=\"og:site_name\" content=\"Kapitalis\" \/>\n<meta property=\"article:publisher\" content=\"https:\/\/www.facebook.com\/KapitalisInfo\/\" \/>\n<meta property=\"article:published_time\" content=\"2017-02-25T06:57:28+00:00\" \/>\n<meta property=\"og:image\" content=\"http:\/\/kapitalis.com\/tunisie\/wp-content\/uploads\/2016\/11\/Abid-Briki.jpg\" \/>\n<meta name=\"author\" content=\"webmaster kapitalis\" \/>\n<meta name=\"twitter:card\" content=\"summary_large_image\" \/>\n<meta name=\"twitter:creator\" content=\"@KapitalisInfo\" \/>\n<meta name=\"twitter:site\" content=\"@KapitalisInfo\" \/>\n<meta name=\"twitter:label1\" content=\"\u00c9crit par\" \/>\n\t<meta name=\"twitter:data1\" content=\"webmaster kapitalis\" \/>\n\t<meta name=\"twitter:label2\" content=\"Dur\u00e9e de lecture estim\u00e9e\" \/>\n\t<meta name=\"twitter:data2\" content=\"2 minutes\" \/>\n<script type=\"application\/ld+json\" class=\"yoast-schema-graph\">{\"@context\":\"https:\/\/schema.org\",\"@graph\":[{\"@type\":\"Article\",\"@id\":\"https:\/\/kapitalis.com\/tunisie\/2017\/02\/25\/gouvernement-abid-briki-pense-serieusement-a-demissionner\/#article\",\"isPartOf\":{\"@id\":\"https:\/\/kapitalis.com\/tunisie\/2017\/02\/25\/gouvernement-abid-briki-pense-serieusement-a-demissionner\/\"},\"author\":{\"name\":\"webmaster kapitalis\",\"@id\":\"https:\/\/kapitalis.com\/tunisie\/#\/schema\/person\/d71f33a9ca44f7bad4698210b480c8e9\"},\"headline\":\"Gouvernement : Abid Briki pense s\u00e9rieusement \u00e0 d\u00e9missionner\",\"datePublished\":\"2017-02-25T06:57:28+00:00\",\"mainEntityOfPage\":{\"@id\":\"https:\/\/kapitalis.com\/tunisie\/2017\/02\/25\/gouvernement-abid-briki-pense-serieusement-a-demissionner\/\"},\"wordCount\":460,\"commentCount\":2,\"publisher\":{\"@id\":\"https:\/\/kapitalis.com\/tunisie\/#organization\"},\"image\":{\"@id\":\"https:\/\/kapitalis.com\/tunisie\/2017\/02\/25\/gouvernement-abid-briki-pense-serieusement-a-demissionner\/#primaryimage\"},\"thumbnailUrl\":\"http:\/\/kapitalis.com\/tunisie\/wp-content\/uploads\/2016\/11\/Abid-Briki.jpg\",\"keywords\":[\"Abid Briki\",\"d\u00e9mission\",\"gouvernement\",\"Noureddine Taboubi\"],\"articleSection\":[\"POLITIQUE\",\"Tunisie\"],\"inLanguage\":\"fr-FR\",\"potentialAction\":[{\"@type\":\"CommentAction\",\"name\":\"Comment\",\"target\":[\"https:\/\/kapitalis.com\/tunisie\/2017\/02\/25\/gouvernement-abid-briki-pense-serieusement-a-demissionner\/#respond\"]}]},{\"@type\":\"WebPage\",\"@id\":\"https:\/\/kapitalis.com\/tunisie\/2017\/02\/25\/gouvernement-abid-briki-pense-serieusement-a-demissionner\/\",\"url\":\"https:\/\/kapitalis.com\/tunisie\/2017\/02\/25\/gouvernement-abid-briki-pense-serieusement-a-demissionner\/\",\"name\":\"Gouvernement : Abid Briki pense s\u00e9rieusement \u00e0 d\u00e9missionner - Kapitalis\",\"isPartOf\":{\"@id\":\"https:\/\/kapitalis.com\/tunisie\/#website\"},\"primaryImageOfPage\":{\"@id\":\"https:\/\/kapitalis.com\/tunisie\/2017\/02\/25\/gouvernement-abid-briki-pense-serieusement-a-demissionner\/#primaryimage\"},\"image\":{\"@id\":\"https:\/\/kapitalis.com\/tunisie\/2017\/02\/25\/gouvernement-abid-briki-pense-serieusement-a-demissionner\/#primaryimage\"},\"thumbnailUrl\":\"http:\/\/kapitalis.com\/tunisie\/wp-content\/uploads\/2016\/11\/Abid-Briki.jpg\",\"datePublished\":\"2017-02-25T06:57:28+00:00\",\"breadcrumb\":{\"@id\":\"https:\/\/kapitalis.com\/tunisie\/2017\/02\/25\/gouvernement-abid-briki-pense-serieusement-a-demissionner\/#breadcrumb\"},\"inLanguage\":\"fr-FR\",\"potentialAction\":[{\"@type\":\"ReadAction\",\"target\":[\"https:\/\/kapitalis.com\/tunisie\/2017\/02\/25\/gouvernement-abid-briki-pense-serieusement-a-demissionner\/\"]}]},{\"@type\":\"ImageObject\",\"inLanguage\":\"fr-FR\",\"@id\":\"https:\/\/kapitalis.com\/tunisie\/2017\/02\/25\/gouvernement-abid-briki-pense-serieusement-a-demissionner\/#primaryimage\",\"url\":\"http:\/\/kapitalis.com\/tunisie\/wp-content\/uploads\/2016\/11\/Abid-Briki.jpg\",\"contentUrl\":\"http:\/\/kapitalis.com\/tunisie\/wp-content\/uploads\/2016\/11\/Abid-Briki.jpg\"},{\"@type\":\"BreadcrumbList\",\"@id\":\"https:\/\/kapitalis.com\/tunisie\/2017\/02\/25\/gouvernement-abid-briki-pense-serieusement-a-demissionner\/#breadcrumb\",\"itemListElement\":[{\"@type\":\"ListItem\",\"position\":1,\"name\":\"Accueil\",\"item\":\"https:\/\/kapitalis.com\/tunisie\/\"},{\"@type\":\"ListItem\",\"position\":2,\"name\":\"Gouvernement : Abid Briki pense s\u00e9rieusement \u00e0 d\u00e9missionner\"}]},{\"@type\":\"WebSite\",\"@id\":\"https:\/\/kapitalis.com\/tunisie\/#website\",\"url\":\"https:\/\/kapitalis.com\/tunisie\/\",\"name\":\"Kapitalis\",\"description\":\"L&#039;actualit\u00e9 en Tunisie et dans le monde\",\"publisher\":{\"@id\":\"https:\/\/kapitalis.com\/tunisie\/#organization\"},\"potentialAction\":[{\"@type\":\"SearchAction\",\"target\":{\"@type\":\"EntryPoint\",\"urlTemplate\":\"https:\/\/kapitalis.com\/tunisie\/?s={search_term_string}\"},\"query-input\":{\"@type\":\"PropertyValueSpecification\",\"valueRequired\":true,\"valueName\":\"search_term_string\"}}],\"inLanguage\":\"fr-FR\"},{\"@type\":\"Organization\",\"@id\":\"https:\/\/kapitalis.com\/tunisie\/#organization\",\"name\":\"Kapitalis\",\"url\":\"https:\/\/kapitalis.com\/tunisie\/\",\"logo\":{\"@type\":\"ImageObject\",\"inLanguage\":\"fr-FR\",\"@id\":\"https:\/\/kapitalis.com\/tunisie\/#\/schema\/logo\/image\/\",\"url\":\"https:\/\/kapitalis.com\/tunisie\/wp-content\/uploads\/2022\/05\/Kapitalis-big-size.png\",\"contentUrl\":\"https:\/\/kapitalis.com\/tunisie\/wp-content\/uploads\/2022\/05\/Kapitalis-big-size.png\",\"width\":5000,\"height\":1500,\"caption\":\"Kapitalis\"},\"image\":{\"@id\":\"https:\/\/kapitalis.com\/tunisie\/#\/schema\/logo\/image\/\"},\"sameAs\":[\"https:\/\/www.facebook.com\/KapitalisInfo\/\",\"https:\/\/x.com\/KapitalisInfo\",\"https:\/\/www.youtube.com\/channel\/UC-yDYrHyfFBWWZaOw3FPg9Q\"]},{\"@type\":\"Person\",\"@id\":\"https:\/\/kapitalis.com\/tunisie\/#\/schema\/person\/d71f33a9ca44f7bad4698210b480c8e9\",\"name\":\"webmaster kapitalis\",\"url\":\"https:\/\/kapitalis.com\/tunisie\/author\/webmaster-kapitalis\/\"}]}<\/script>\n<!-- \/ Yoast SEO plugin. -->","yoast_head_json":{"title":"Gouvernement : Abid Briki pense s\u00e9rieusement \u00e0 d\u00e9missionner - Kapitalis","robots":{"index":"index","follow":"follow","max-snippet":"max-snippet:-1","max-image-preview":"max-image-preview:large","max-video-preview":"max-video-preview:-1"},"canonical":"https:\/\/kapitalis.com\/tunisie\/2017\/02\/25\/gouvernement-abid-briki-pense-serieusement-a-demissionner\/","og_locale":"fr_FR","og_type":"article","og_title":"Gouvernement : Abid Briki pense s\u00e9rieusement \u00e0 d\u00e9missionner - Kapitalis","og_description":"Abid Briki, ministre de la Fonction publique et de la Gouvernance, a confirm\u00e9, vendredi 24 f\u00e9vrier 2017, \u00e0 plusieurs m\u00e9dias, son intention de d\u00e9missionner.","og_url":"https:\/\/kapitalis.com\/tunisie\/2017\/02\/25\/gouvernement-abid-briki-pense-serieusement-a-demissionner\/","og_site_name":"Kapitalis","article_publisher":"https:\/\/www.facebook.com\/KapitalisInfo\/","article_published_time":"2017-02-25T06:57:28+00:00","og_image":[{"url":"http:\/\/kapitalis.com\/tunisie\/wp-content\/uploads\/2016\/11\/Abid-Briki.jpg","type":"","width":"","height":""}],"author":"webmaster kapitalis","twitter_card":"summary_large_image","twitter_creator":"@KapitalisInfo","twitter_site":"@KapitalisInfo","twitter_misc":{"\u00c9crit par":"webmaster kapitalis","Dur\u00e9e de lecture estim\u00e9e":"2 minutes"},"schema":{"@context":"https:\/\/schema.org","@graph":[{"@type":"Article","@id":"https:\/\/kapitalis.com\/tunisie\/2017\/02\/25\/gouvernement-abid-briki-pense-serieusement-a-demissionner\/#article","isPartOf":{"@id":"https:\/\/kapitalis.com\/tunisie\/2017\/02\/25\/gouvernement-abid-briki-pense-serieusement-a-demissionner\/"},"author":{"name":"webmaster kapitalis","@id":"https:\/\/kapitalis.com\/tunisie\/#\/schema\/person\/d71f33a9ca44f7bad4698210b480c8e9"},"headline":"Gouvernement : Abid Briki pense s\u00e9rieusement \u00e0 d\u00e9missionner","datePublished":"2017-02-25T06:57:28+00:00","mainEntityOfPage":{"@id":"https:\/\/kapitalis.com\/tunisie\/2017\/02\/25\/gouvernement-abid-briki-pense-serieusement-a-demissionner\/"},"wordCount":460,"commentCount":2,"publisher":{"@id":"https:\/\/kapitalis.com\/tunisie\/#organization"},"image":{"@id":"https:\/\/kapitalis.com\/tunisie\/2017\/02\/25\/gouvernement-abid-briki-pense-serieusement-a-demissionner\/#primaryimage"},"thumbnailUrl":"http:\/\/kapitalis.com\/tunisie\/wp-content\/uploads\/2016\/11\/Abid-Briki.jpg","keywords":["Abid Briki","d\u00e9mission","gouvernement","Noureddine Taboubi"],"articleSection":["POLITIQUE","Tunisie"],"inLanguage":"fr-FR","potentialAction":[{"@type":"CommentAction","name":"Comment","target":["https:\/\/kapitalis.com\/tunisie\/2017\/02\/25\/gouvernement-abid-briki-pense-serieusement-a-demissionner\/#respond"]}]},{"@type":"WebPage","@id":"https:\/\/kapitalis.com\/tunisie\/2017\/02\/25\/gouvernement-abid-briki-pense-serieusement-a-demissionner\/","url":"https:\/\/kapitalis.com\/tunisie\/2017\/02\/25\/gouvernement-abid-briki-pense-serieusement-a-demissionner\/","name":"Gouvernement : Abid Briki pense s\u00e9rieusement \u00e0 d\u00e9missionner - Kapitalis","isPartOf":{"@id":"https:\/\/kapitalis.com\/tunisie\/#website"},"primaryImageOfPage":{"@id":"https:\/\/kapitalis.com\/tunisie\/2017\/02\/25\/gouvernement-abid-briki-pense-serieusement-a-demissionner\/#primaryimage"},"image":{"@id":"https:\/\/kapitalis.com\/tunisie\/2017\/02\/25\/gouvernement-abid-briki-pense-serieusement-a-demissionner\/#primaryimage"},"thumbnailUrl":"http:\/\/kapitalis.com\/tunisie\/wp-content\/uploads\/2016\/11\/Abid-Briki.jpg","datePublished":"2017-02-25T06:57:28+00:00","breadcrumb":{"@id":"https:\/\/kapitalis.com\/tunisie\/2017\/02\/25\/gouvernement-abid-briki-pense-serieusement-a-demissionner\/#breadcrumb"},"inLanguage":"fr-FR","potentialAction":[{"@type":"ReadAction","target":["https:\/\/kapitalis.com\/tunisie\/2017\/02\/25\/gouvernement-abid-briki-pense-serieusement-a-demissionner\/"]}]},{"@type":"ImageObject","inLanguage":"fr-FR","@id":"https:\/\/kapitalis.com\/tunisie\/2017\/02\/25\/gouvernement-abid-briki-pense-serieusement-a-demissionner\/#primaryimage","url":"http:\/\/kapitalis.com\/tunisie\/wp-content\/uploads\/2016\/11\/Abid-Briki.jpg","contentUrl":"http:\/\/kapitalis.com\/tunisie\/wp-content\/uploads\/2016\/11\/Abid-Briki.jpg"},{"@type":"BreadcrumbList","@id":"https:\/\/kapitalis.com\/tunisie\/2017\/02\/25\/gouvernement-abid-briki-pense-serieusement-a-demissionner\/#breadcrumb","itemListElement":[{"@type":"ListItem","position":1,"name":"Accueil","item":"https:\/\/kapitalis.com\/tunisie\/"},{"@type":"ListItem","position":2,"name":"Gouvernement : Abid Briki pense s\u00e9rieusement \u00e0 d\u00e9missionner"}]},{"@type":"WebSite","@id":"https:\/\/kapitalis.com\/tunisie\/#website","url":"https:\/\/kapitalis.com\/tunisie\/","name":"Kapitalis","description":"L&#039;actualit\u00e9 en Tunisie et dans le monde","publisher":{"@id":"https:\/\/kapitalis.com\/tunisie\/#organization"},"potentialAction":[{"@type":"SearchAction","target":{"@type":"EntryPoint","urlTemplate":"https:\/\/kapitalis.com\/tunisie\/?s={search_term_string}"},"query-input":{"@type":"PropertyValueSpecification","valueRequired":true,"valueName":"search_term_string"}}],"inLanguage":"fr-FR"},{"@type":"Organization","@id":"https:\/\/kapitalis.com\/tunisie\/#organization","name":"Kapitalis","url":"https:\/\/kapitalis.com\/tunisie\/","logo":{"@type":"ImageObject","inLanguage":"fr-FR","@id":"https:\/\/kapitalis.com\/tunisie\/#\/schema\/logo\/image\/","url":"https:\/\/kapitalis.com\/tunisie\/wp-content\/uploads\/2022\/05\/Kapitalis-big-size.png","contentUrl":"https:\/\/kapitalis.com\/tunisie\/wp-content\/uploads\/2022\/05\/Kapitalis-big-size.png","width":5000,"height":1500,"caption":"Kapitalis"},"image":{"@id":"https:\/\/kapitalis.com\/tunisie\/#\/schema\/logo\/image\/"},"sameAs":["https:\/\/www.facebook.com\/KapitalisInfo\/","https:\/\/x.com\/KapitalisInfo","https:\/\/www.youtube.com\/channel\/UC-yDYrHyfFBWWZaOw3FPg9Q"]},{"@type":"Person","@id":"https:\/\/kapitalis.com\/tunisie\/#\/schema\/person\/d71f33a9ca44f7bad4698210b480c8e9","name":"webmaster kapitalis","url":"https:\/\/kapitalis.com\/tunisie\/author\/webmaster-kapitalis\/"}]}},"_links":{"self":[{"href":"https:\/\/kapitalis.com\/tunisie\/wp-json\/wp\/v2\/posts\/84453","targetHints":{"allow":["GET"]}}],"collection":[{"href":"https:\/\/kapitalis.com\/tunisie\/wp-json\/wp\/v2\/posts"}],"about":[{"href":"https:\/\/kapitalis.com\/tunisie\/wp-json\/wp\/v2\/types\/post"}],"author":[{"embeddable":true,"href":"https:\/\/kapitalis.com\/tunisie\/wp-json\/wp\/v2\/users\/8"}],"replies":[{"embeddable":true,"href":"https:\/\/kapitalis.com\/tunisie\/wp-json\/wp\/v2\/comments?post=84453"}],"version-history":[{"count":0,"href":"https:\/\/kapitalis.com\/tunisie\/wp-json\/wp\/v2\/posts\/84453\/revisions"}],"wp:attachment":[{"href":"https:\/\/kapitalis.com\/tunisie\/wp-json\/wp\/v2\/media?parent=84453"}],"wp:term":[{"taxonomy":"category","embeddable":true,"href":"https:\/\/kapitalis.com\/tunisie\/wp-json\/wp\/v2\/categories?post=84453"},{"taxonomy":"post_tag","embeddable":true,"href":"https:\/\/kapitalis.com\/tunisie\/wp-json\/wp\/v2\/tags?post=84453"}],"curies":[{"name":"wp","href":"https:\/\/api.w.org\/{rel}","templated":true}]}}