{"id":8446,"date":"2015-08-01T13:03:41","date_gmt":"2015-08-01T12:03:41","guid":{"rendered":"http:\/\/kapitalis.com\/tunisie\/?p=8446"},"modified":"2015-08-01T13:03:41","modified_gmt":"2015-08-01T12:03:41","slug":"tunisie-demarrage-de-lelaboration-du-plan-de-developpement-2016-2020","status":"publish","type":"post","link":"https:\/\/kapitalis.com\/tunisie\/2015\/08\/01\/tunisie-demarrage-de-lelaboration-du-plan-de-developpement-2016-2020\/","title":{"rendered":"Tunisie : D\u00e9marrage de l\u2019\u00e9laboration du plan de d\u00e9veloppement 2016-2020"},"content":{"rendered":"<p><img loading=\"lazy\" decoding=\"async\" class=\"aligncenter size-full wp-image-8447\" src=\"http:\/\/kapitalis.com\/tunisie\/wp-content\/uploads\/2015\/08\/Yassine-Brahim-copie.jpg\" alt=\"Yassine-Brahim copie\" width=\"626\" height=\"380\" \/><\/p>\n<p><em><strong>Yassine Brahim a annonc\u00e9 le d\u00e9marrage de l&rsquo;\u00e9laboration du plan de d\u00e9veloppement quinquennal (2016\/2020).<\/strong><\/em><\/p>\n<p><!--more--><\/p>\n<p>Le ministre du D\u00e9veloppement, de l&rsquo;Investissement et de la Coop\u00e9ration internationale, qui parlait vendredi, lors d&rsquo;une conf\u00e9rence de presse, au palais du gouvernement \u00e0 la Kasbah, a indiqu\u00e9 que ce plan de d\u00e9veloppement, qui doit \u00eatre pr\u00eat avant le 31 janvier 2016, englobera les priorit\u00e9s et les orientations strat\u00e9giques nationales, notamment la promotion de la bonne gouvernance \u00e0 tous les niveaux et dans tous les domaines et d\u2019une approche participative bas\u00e9e sur la r\u00e9habilitation de la valeur travail.<\/p>\n<p>Evoquant les grandes lignes du sch\u00e9ma de croissance \u00e9conomique pour la prochaine \u00e9tape, le ministre a fait savoir qu&rsquo;elles seront ax\u00e9es sur l&rsquo;am\u00e9lioration du climat social, le soutien aux r\u00e9formes structurelles des entreprises et le renforcement du r\u00f4le du secteur public dans la r\u00e9alisation des investissements. Il s&rsquo;agit, \u00e9galement, a-t-il ajout\u00e9, de conforter les indicateurs de d\u00e9veloppement humain, de lutter contre la pauvret\u00e9 et d&rsquo;am\u00e9liorer le climat des affaires.<\/p>\n<p>M. Brahim a, par ailleurs, affirm\u00e9 que l&rsquo;Etat s&#8217;emploie actuellement \u00e0 mettre les bases d&rsquo;une \u00e9conomie dynamique \u00e0 forte employabilit\u00e9, \u00e0 travers, notamment, le d\u00e9veloppement des secteurs \u00e0 forte employabilit\u00e9 et \u00e0 valeur ajout\u00e9e technologique, et la cr\u00e9ation de syst\u00e8mes \u00e9conomiques globaux et durables.<\/p>\n<p>Cette orientation, a-t-il dit, ne pourra se concr\u00e9tiser qu&rsquo;\u00e0 travers le soutien \u00e0 l&rsquo;investissement priv\u00e9, \u00ab<em>moteur fondamental de croissance et de l&#8217;emploi<\/em>\u00bb, et le d\u00e9veloppement de l&rsquo;exportation.<\/p>\n<p>M. Brahim a, \u00e9galement, soulign\u00e9 la n\u00e9cessit\u00e9 de renforcer l&rsquo;insertion de la Tunisie dans la dynamique de l\u2019\u00e9conomie mondiale, d&rsquo;instaurer une plate-forme de protection sociale inclusive et efficiente et d&rsquo;am\u00e9liorer la gestion des ressources naturelles et environnementales.<\/p>\n<p>Le nouveau plan de d\u00e9veloppement quinquennal requiert une forte volont\u00e9 politique \u00e0 m\u00eame d&rsquo;assurer la r\u00e9ussite de la transition \u00e9conomique, d&rsquo;instaurer les crit\u00e8res fondamentaux d\u2019une v\u00e9ritable d\u00e9centralisation et de pr\u00e9server la s\u00e9curit\u00e9 et la paix sociale, a pr\u00e9cis\u00e9 le ministre, soulignant la n\u00e9cessit\u00e9 de mettre fin \u00e0 la marginalisation des r\u00e9gions int\u00e9rieures, de booster leur dynamique \u00e9conomique et de faire de la d\u00e9centralisation la locomotive de leur d\u00e9veloppement.<\/p>\n<p>Le futur mod\u00e8le \u00e9conomique, a poursuivi M. Brahim, vise aussi \u00e0 consolider les \u00e9quilibres financiers, \u00e0 mettre en route les r\u00e9formes strat\u00e9giques des syst\u00e8mes fiscal, de subvention et de s\u00e9curit\u00e9 sociale, et \u00e0 encourager l&rsquo;investissement.<\/p>\n<p>Les structures de d\u00e9veloppement r\u00e9gional (commissariats de d\u00e9veloppement r\u00e9gional et offices du d\u00e9veloppement) contribueront \u00e0 ce nouveau plan de d\u00e9veloppement en apportant aux commissions nationales des \u00e9valuations du contexte socio-\u00e9conomique et environnemental et des probl\u00e8mes de d\u00e9veloppement dans les r\u00e9gions. Elles devront aussi concevoir et proposer les projets futurs \u00e0 mettre en route dans les r\u00e9gions durant les 5 prochaines ann\u00e9es.<\/p>\n<p style=\"text-align: right;\"><strong>I. B.<\/strong> (avec Tap).<\/p>\n","protected":false},"excerpt":{"rendered":"<p>Yassine Brahim a annonc\u00e9 le d\u00e9marrage de l&rsquo;\u00e9laboration du plan de d\u00e9veloppement quinquennal (2016\/2020).<\/p>\n","protected":false},"author":5,"featured_media":0,"comment_status":"open","ping_status":"open","sticky":false,"template":"","format":"standard","meta":{"footnotes":""},"categories":[995,2433],"tags":[301,2146,365,494,777],"class_list":["post-8446","post","type-post","status-publish","format-standard","hentry","category-economie","category-tunisie","tag-economie","tag-emplois","tag-exportations","tag-investissement","tag-regions"],"yoast_head":"<!-- This site is optimized with the Yoast SEO plugin v26.6 - https:\/\/yoast.com\/wordpress\/plugins\/seo\/ -->\n<title>Tunisie : D\u00e9marrage de l\u2019\u00e9laboration du plan de d\u00e9veloppement 2016-2020 - Kapitalis<\/title>\n<meta name=\"robots\" content=\"index, follow, max-snippet:-1, max-image-preview:large, max-video-preview:-1\" \/>\n<link rel=\"canonical\" href=\"https:\/\/kapitalis.com\/tunisie\/2015\/08\/01\/tunisie-demarrage-de-lelaboration-du-plan-de-developpement-2016-2020\/\" \/>\n<meta property=\"og:locale\" content=\"fr_FR\" \/>\n<meta property=\"og:type\" content=\"article\" \/>\n<meta property=\"og:title\" content=\"Tunisie : D\u00e9marrage de l\u2019\u00e9laboration du plan de d\u00e9veloppement 2016-2020 - Kapitalis\" \/>\n<meta property=\"og:description\" content=\"Yassine Brahim a annonc\u00e9 le d\u00e9marrage de l&rsquo;\u00e9laboration du plan de d\u00e9veloppement quinquennal (2016\/2020).\" \/>\n<meta property=\"og:url\" content=\"https:\/\/kapitalis.com\/tunisie\/2015\/08\/01\/tunisie-demarrage-de-lelaboration-du-plan-de-developpement-2016-2020\/\" \/>\n<meta property=\"og:site_name\" content=\"Kapitalis\" \/>\n<meta property=\"article:publisher\" content=\"https:\/\/www.facebook.com\/KapitalisInfo\/\" \/>\n<meta property=\"article:published_time\" content=\"2015-08-01T12:03:41+00:00\" \/>\n<meta property=\"og:image\" content=\"http:\/\/kapitalis.com\/tunisie\/wp-content\/uploads\/2015\/08\/Yassine-Brahim-copie.jpg\" \/>\n<meta name=\"author\" content=\"Ridha Elkefi\" \/>\n<meta name=\"twitter:card\" content=\"summary_large_image\" \/>\n<meta name=\"twitter:creator\" content=\"@KapitalisInfo\" \/>\n<meta name=\"twitter:site\" content=\"@KapitalisInfo\" \/>\n<meta name=\"twitter:label1\" content=\"\u00c9crit par\" \/>\n\t<meta name=\"twitter:data1\" content=\"Ridha Elkefi\" \/>\n\t<meta name=\"twitter:label2\" content=\"Dur\u00e9e de lecture estim\u00e9e\" \/>\n\t<meta name=\"twitter:data2\" content=\"2 minutes\" \/>\n<script type=\"application\/ld+json\" class=\"yoast-schema-graph\">{\"@context\":\"https:\/\/schema.org\",\"@graph\":[{\"@type\":\"Article\",\"@id\":\"https:\/\/kapitalis.com\/tunisie\/2015\/08\/01\/tunisie-demarrage-de-lelaboration-du-plan-de-developpement-2016-2020\/#article\",\"isPartOf\":{\"@id\":\"https:\/\/kapitalis.com\/tunisie\/2015\/08\/01\/tunisie-demarrage-de-lelaboration-du-plan-de-developpement-2016-2020\/\"},\"author\":{\"name\":\"Ridha Elkefi\",\"@id\":\"https:\/\/kapitalis.com\/tunisie\/#\/schema\/person\/16627fc9b2fc0116230e88af071eebab\"},\"headline\":\"Tunisie : D\u00e9marrage de l\u2019\u00e9laboration du plan de d\u00e9veloppement 2016-2020\",\"datePublished\":\"2015-08-01T12:03:41+00:00\",\"mainEntityOfPage\":{\"@id\":\"https:\/\/kapitalis.com\/tunisie\/2015\/08\/01\/tunisie-demarrage-de-lelaboration-du-plan-de-developpement-2016-2020\/\"},\"wordCount\":492,\"commentCount\":0,\"publisher\":{\"@id\":\"https:\/\/kapitalis.com\/tunisie\/#organization\"},\"image\":{\"@id\":\"https:\/\/kapitalis.com\/tunisie\/2015\/08\/01\/tunisie-demarrage-de-lelaboration-du-plan-de-developpement-2016-2020\/#primaryimage\"},\"thumbnailUrl\":\"http:\/\/kapitalis.com\/tunisie\/wp-content\/uploads\/2015\/08\/Yassine-Brahim-copie.jpg\",\"keywords\":[\"\u00e9conomie\",\"emplois\",\"exportations\",\"investissement\",\"r\u00e9gions\"],\"articleSection\":[\"ECONOMIE\",\"Tunisie\"],\"inLanguage\":\"fr-FR\",\"potentialAction\":[{\"@type\":\"CommentAction\",\"name\":\"Comment\",\"target\":[\"https:\/\/kapitalis.com\/tunisie\/2015\/08\/01\/tunisie-demarrage-de-lelaboration-du-plan-de-developpement-2016-2020\/#respond\"]}]},{\"@type\":\"WebPage\",\"@id\":\"https:\/\/kapitalis.com\/tunisie\/2015\/08\/01\/tunisie-demarrage-de-lelaboration-du-plan-de-developpement-2016-2020\/\",\"url\":\"https:\/\/kapitalis.com\/tunisie\/2015\/08\/01\/tunisie-demarrage-de-lelaboration-du-plan-de-developpement-2016-2020\/\",\"name\":\"Tunisie : D\u00e9marrage de l\u2019\u00e9laboration du plan de d\u00e9veloppement 2016-2020 - Kapitalis\",\"isPartOf\":{\"@id\":\"https:\/\/kapitalis.com\/tunisie\/#website\"},\"primaryImageOfPage\":{\"@id\":\"https:\/\/kapitalis.com\/tunisie\/2015\/08\/01\/tunisie-demarrage-de-lelaboration-du-plan-de-developpement-2016-2020\/#primaryimage\"},\"image\":{\"@id\":\"https:\/\/kapitalis.com\/tunisie\/2015\/08\/01\/tunisie-demarrage-de-lelaboration-du-plan-de-developpement-2016-2020\/#primaryimage\"},\"thumbnailUrl\":\"http:\/\/kapitalis.com\/tunisie\/wp-content\/uploads\/2015\/08\/Yassine-Brahim-copie.jpg\",\"datePublished\":\"2015-08-01T12:03:41+00:00\",\"breadcrumb\":{\"@id\":\"https:\/\/kapitalis.com\/tunisie\/2015\/08\/01\/tunisie-demarrage-de-lelaboration-du-plan-de-developpement-2016-2020\/#breadcrumb\"},\"inLanguage\":\"fr-FR\",\"potentialAction\":[{\"@type\":\"ReadAction\",\"target\":[\"https:\/\/kapitalis.com\/tunisie\/2015\/08\/01\/tunisie-demarrage-de-lelaboration-du-plan-de-developpement-2016-2020\/\"]}]},{\"@type\":\"ImageObject\",\"inLanguage\":\"fr-FR\",\"@id\":\"https:\/\/kapitalis.com\/tunisie\/2015\/08\/01\/tunisie-demarrage-de-lelaboration-du-plan-de-developpement-2016-2020\/#primaryimage\",\"url\":\"http:\/\/kapitalis.com\/tunisie\/wp-content\/uploads\/2015\/08\/Yassine-Brahim-copie.jpg\",\"contentUrl\":\"http:\/\/kapitalis.com\/tunisie\/wp-content\/uploads\/2015\/08\/Yassine-Brahim-copie.jpg\"},{\"@type\":\"BreadcrumbList\",\"@id\":\"https:\/\/kapitalis.com\/tunisie\/2015\/08\/01\/tunisie-demarrage-de-lelaboration-du-plan-de-developpement-2016-2020\/#breadcrumb\",\"itemListElement\":[{\"@type\":\"ListItem\",\"position\":1,\"name\":\"Accueil\",\"item\":\"https:\/\/kapitalis.com\/tunisie\/\"},{\"@type\":\"ListItem\",\"position\":2,\"name\":\"Tunisie : D\u00e9marrage de l\u2019\u00e9laboration du plan de d\u00e9veloppement 2016-2020\"}]},{\"@type\":\"WebSite\",\"@id\":\"https:\/\/kapitalis.com\/tunisie\/#website\",\"url\":\"https:\/\/kapitalis.com\/tunisie\/\",\"name\":\"Kapitalis\",\"description\":\"L&#039;actualit\u00e9 en Tunisie et dans le monde\",\"publisher\":{\"@id\":\"https:\/\/kapitalis.com\/tunisie\/#organization\"},\"potentialAction\":[{\"@type\":\"SearchAction\",\"target\":{\"@type\":\"EntryPoint\",\"urlTemplate\":\"https:\/\/kapitalis.com\/tunisie\/?s={search_term_string}\"},\"query-input\":{\"@type\":\"PropertyValueSpecification\",\"valueRequired\":true,\"valueName\":\"search_term_string\"}}],\"inLanguage\":\"fr-FR\"},{\"@type\":\"Organization\",\"@id\":\"https:\/\/kapitalis.com\/tunisie\/#organization\",\"name\":\"Kapitalis\",\"url\":\"https:\/\/kapitalis.com\/tunisie\/\",\"logo\":{\"@type\":\"ImageObject\",\"inLanguage\":\"fr-FR\",\"@id\":\"https:\/\/kapitalis.com\/tunisie\/#\/schema\/logo\/image\/\",\"url\":\"https:\/\/kapitalis.com\/tunisie\/wp-content\/uploads\/2022\/05\/Kapitalis-big-size.png\",\"contentUrl\":\"https:\/\/kapitalis.com\/tunisie\/wp-content\/uploads\/2022\/05\/Kapitalis-big-size.png\",\"width\":5000,\"height\":1500,\"caption\":\"Kapitalis\"},\"image\":{\"@id\":\"https:\/\/kapitalis.com\/tunisie\/#\/schema\/logo\/image\/\"},\"sameAs\":[\"https:\/\/www.facebook.com\/KapitalisInfo\/\",\"https:\/\/x.com\/KapitalisInfo\",\"https:\/\/www.youtube.com\/channel\/UC-yDYrHyfFBWWZaOw3FPg9Q\"]},{\"@type\":\"Person\",\"@id\":\"https:\/\/kapitalis.com\/tunisie\/#\/schema\/person\/16627fc9b2fc0116230e88af071eebab\",\"name\":\"Ridha Elkefi\",\"url\":\"https:\/\/kapitalis.com\/tunisie\/author\/ridha-kefi\/\"}]}<\/script>\n<!-- \/ Yoast SEO plugin. -->","yoast_head_json":{"title":"Tunisie : D\u00e9marrage de l\u2019\u00e9laboration du plan de d\u00e9veloppement 2016-2020 - Kapitalis","robots":{"index":"index","follow":"follow","max-snippet":"max-snippet:-1","max-image-preview":"max-image-preview:large","max-video-preview":"max-video-preview:-1"},"canonical":"https:\/\/kapitalis.com\/tunisie\/2015\/08\/01\/tunisie-demarrage-de-lelaboration-du-plan-de-developpement-2016-2020\/","og_locale":"fr_FR","og_type":"article","og_title":"Tunisie : D\u00e9marrage de l\u2019\u00e9laboration du plan de d\u00e9veloppement 2016-2020 - Kapitalis","og_description":"Yassine Brahim a annonc\u00e9 le d\u00e9marrage de l&rsquo;\u00e9laboration du plan de d\u00e9veloppement quinquennal (2016\/2020).","og_url":"https:\/\/kapitalis.com\/tunisie\/2015\/08\/01\/tunisie-demarrage-de-lelaboration-du-plan-de-developpement-2016-2020\/","og_site_name":"Kapitalis","article_publisher":"https:\/\/www.facebook.com\/KapitalisInfo\/","article_published_time":"2015-08-01T12:03:41+00:00","og_image":[{"url":"http:\/\/kapitalis.com\/tunisie\/wp-content\/uploads\/2015\/08\/Yassine-Brahim-copie.jpg","type":"","width":"","height":""}],"author":"Ridha Elkefi","twitter_card":"summary_large_image","twitter_creator":"@KapitalisInfo","twitter_site":"@KapitalisInfo","twitter_misc":{"\u00c9crit par":"Ridha Elkefi","Dur\u00e9e de lecture estim\u00e9e":"2 minutes"},"schema":{"@context":"https:\/\/schema.org","@graph":[{"@type":"Article","@id":"https:\/\/kapitalis.com\/tunisie\/2015\/08\/01\/tunisie-demarrage-de-lelaboration-du-plan-de-developpement-2016-2020\/#article","isPartOf":{"@id":"https:\/\/kapitalis.com\/tunisie\/2015\/08\/01\/tunisie-demarrage-de-lelaboration-du-plan-de-developpement-2016-2020\/"},"author":{"name":"Ridha Elkefi","@id":"https:\/\/kapitalis.com\/tunisie\/#\/schema\/person\/16627fc9b2fc0116230e88af071eebab"},"headline":"Tunisie : D\u00e9marrage de l\u2019\u00e9laboration du plan de d\u00e9veloppement 2016-2020","datePublished":"2015-08-01T12:03:41+00:00","mainEntityOfPage":{"@id":"https:\/\/kapitalis.com\/tunisie\/2015\/08\/01\/tunisie-demarrage-de-lelaboration-du-plan-de-developpement-2016-2020\/"},"wordCount":492,"commentCount":0,"publisher":{"@id":"https:\/\/kapitalis.com\/tunisie\/#organization"},"image":{"@id":"https:\/\/kapitalis.com\/tunisie\/2015\/08\/01\/tunisie-demarrage-de-lelaboration-du-plan-de-developpement-2016-2020\/#primaryimage"},"thumbnailUrl":"http:\/\/kapitalis.com\/tunisie\/wp-content\/uploads\/2015\/08\/Yassine-Brahim-copie.jpg","keywords":["\u00e9conomie","emplois","exportations","investissement","r\u00e9gions"],"articleSection":["ECONOMIE","Tunisie"],"inLanguage":"fr-FR","potentialAction":[{"@type":"CommentAction","name":"Comment","target":["https:\/\/kapitalis.com\/tunisie\/2015\/08\/01\/tunisie-demarrage-de-lelaboration-du-plan-de-developpement-2016-2020\/#respond"]}]},{"@type":"WebPage","@id":"https:\/\/kapitalis.com\/tunisie\/2015\/08\/01\/tunisie-demarrage-de-lelaboration-du-plan-de-developpement-2016-2020\/","url":"https:\/\/kapitalis.com\/tunisie\/2015\/08\/01\/tunisie-demarrage-de-lelaboration-du-plan-de-developpement-2016-2020\/","name":"Tunisie : D\u00e9marrage de l\u2019\u00e9laboration du plan de d\u00e9veloppement 2016-2020 - Kapitalis","isPartOf":{"@id":"https:\/\/kapitalis.com\/tunisie\/#website"},"primaryImageOfPage":{"@id":"https:\/\/kapitalis.com\/tunisie\/2015\/08\/01\/tunisie-demarrage-de-lelaboration-du-plan-de-developpement-2016-2020\/#primaryimage"},"image":{"@id":"https:\/\/kapitalis.com\/tunisie\/2015\/08\/01\/tunisie-demarrage-de-lelaboration-du-plan-de-developpement-2016-2020\/#primaryimage"},"thumbnailUrl":"http:\/\/kapitalis.com\/tunisie\/wp-content\/uploads\/2015\/08\/Yassine-Brahim-copie.jpg","datePublished":"2015-08-01T12:03:41+00:00","breadcrumb":{"@id":"https:\/\/kapitalis.com\/tunisie\/2015\/08\/01\/tunisie-demarrage-de-lelaboration-du-plan-de-developpement-2016-2020\/#breadcrumb"},"inLanguage":"fr-FR","potentialAction":[{"@type":"ReadAction","target":["https:\/\/kapitalis.com\/tunisie\/2015\/08\/01\/tunisie-demarrage-de-lelaboration-du-plan-de-developpement-2016-2020\/"]}]},{"@type":"ImageObject","inLanguage":"fr-FR","@id":"https:\/\/kapitalis.com\/tunisie\/2015\/08\/01\/tunisie-demarrage-de-lelaboration-du-plan-de-developpement-2016-2020\/#primaryimage","url":"http:\/\/kapitalis.com\/tunisie\/wp-content\/uploads\/2015\/08\/Yassine-Brahim-copie.jpg","contentUrl":"http:\/\/kapitalis.com\/tunisie\/wp-content\/uploads\/2015\/08\/Yassine-Brahim-copie.jpg"},{"@type":"BreadcrumbList","@id":"https:\/\/kapitalis.com\/tunisie\/2015\/08\/01\/tunisie-demarrage-de-lelaboration-du-plan-de-developpement-2016-2020\/#breadcrumb","itemListElement":[{"@type":"ListItem","position":1,"name":"Accueil","item":"https:\/\/kapitalis.com\/tunisie\/"},{"@type":"ListItem","position":2,"name":"Tunisie : D\u00e9marrage de l\u2019\u00e9laboration du plan de d\u00e9veloppement 2016-2020"}]},{"@type":"WebSite","@id":"https:\/\/kapitalis.com\/tunisie\/#website","url":"https:\/\/kapitalis.com\/tunisie\/","name":"Kapitalis","description":"L&#039;actualit\u00e9 en Tunisie et dans le monde","publisher":{"@id":"https:\/\/kapitalis.com\/tunisie\/#organization"},"potentialAction":[{"@type":"SearchAction","target":{"@type":"EntryPoint","urlTemplate":"https:\/\/kapitalis.com\/tunisie\/?s={search_term_string}"},"query-input":{"@type":"PropertyValueSpecification","valueRequired":true,"valueName":"search_term_string"}}],"inLanguage":"fr-FR"},{"@type":"Organization","@id":"https:\/\/kapitalis.com\/tunisie\/#organization","name":"Kapitalis","url":"https:\/\/kapitalis.com\/tunisie\/","logo":{"@type":"ImageObject","inLanguage":"fr-FR","@id":"https:\/\/kapitalis.com\/tunisie\/#\/schema\/logo\/image\/","url":"https:\/\/kapitalis.com\/tunisie\/wp-content\/uploads\/2022\/05\/Kapitalis-big-size.png","contentUrl":"https:\/\/kapitalis.com\/tunisie\/wp-content\/uploads\/2022\/05\/Kapitalis-big-size.png","width":5000,"height":1500,"caption":"Kapitalis"},"image":{"@id":"https:\/\/kapitalis.com\/tunisie\/#\/schema\/logo\/image\/"},"sameAs":["https:\/\/www.facebook.com\/KapitalisInfo\/","https:\/\/x.com\/KapitalisInfo","https:\/\/www.youtube.com\/channel\/UC-yDYrHyfFBWWZaOw3FPg9Q"]},{"@type":"Person","@id":"https:\/\/kapitalis.com\/tunisie\/#\/schema\/person\/16627fc9b2fc0116230e88af071eebab","name":"Ridha Elkefi","url":"https:\/\/kapitalis.com\/tunisie\/author\/ridha-kefi\/"}]}},"_links":{"self":[{"href":"https:\/\/kapitalis.com\/tunisie\/wp-json\/wp\/v2\/posts\/8446","targetHints":{"allow":["GET"]}}],"collection":[{"href":"https:\/\/kapitalis.com\/tunisie\/wp-json\/wp\/v2\/posts"}],"about":[{"href":"https:\/\/kapitalis.com\/tunisie\/wp-json\/wp\/v2\/types\/post"}],"author":[{"embeddable":true,"href":"https:\/\/kapitalis.com\/tunisie\/wp-json\/wp\/v2\/users\/5"}],"replies":[{"embeddable":true,"href":"https:\/\/kapitalis.com\/tunisie\/wp-json\/wp\/v2\/comments?post=8446"}],"version-history":[{"count":0,"href":"https:\/\/kapitalis.com\/tunisie\/wp-json\/wp\/v2\/posts\/8446\/revisions"}],"wp:attachment":[{"href":"https:\/\/kapitalis.com\/tunisie\/wp-json\/wp\/v2\/media?parent=8446"}],"wp:term":[{"taxonomy":"category","embeddable":true,"href":"https:\/\/kapitalis.com\/tunisie\/wp-json\/wp\/v2\/categories?post=8446"},{"taxonomy":"post_tag","embeddable":true,"href":"https:\/\/kapitalis.com\/tunisie\/wp-json\/wp\/v2\/tags?post=8446"}],"curies":[{"name":"wp","href":"https:\/\/api.w.org\/{rel}","templated":true}]}}