{"id":8447654,"date":"2023-06-20T08:51:49","date_gmt":"2023-06-20T07:51:49","guid":{"rendered":"https:\/\/kapitalis.com\/tunisie\/?p=8447654"},"modified":"2023-06-20T08:51:50","modified_gmt":"2023-06-20T07:51:50","slug":"la-prolongation-du-temps-de-traversee-tunis-marseille-genes-profitera-a-la-ctn","status":"publish","type":"post","link":"https:\/\/kapitalis.com\/tunisie\/2023\/06\/20\/la-prolongation-du-temps-de-traversee-tunis-marseille-genes-profitera-a-la-ctn\/","title":{"rendered":"La prolongation du temps de travers\u00e9e Tunis\/Marseille\/G\u00eanes profitera \u00e0 la CTN"},"content":{"rendered":"\n<p><strong><em>La dur\u00e9e de la travers\u00e9e en ferry entre Tunis et Marseille\/G\u00eanes vient d\u2019\u00eatre allong\u00e9e de 4 heures, passant de 20 \u00e0 24 heures, ce qui rapportera \u00e0 la Compagnie tunisienne de navigation (CTN) un b\u00e9n\u00e9fice annuel de pr\u00e8s de 12 millions de dinars, selon Samir Thamouni.<\/em><\/strong><\/p>\n\n\n\n<!--more-->\n\n\n\n<p>Dans une interview \u00e0 l\u2019agence Tap, le directeur central de l\u2019entreprise pour le transport de passagers a ajout\u00e9 que cette nouvelle mesure contribuerait \u00e0 r\u00e9duire les \u00e9missions de gaz \u00e0 effet de serre dans le secteur et ainsi \u00e0 prot\u00e9ger l\u2019environnement, conform\u00e9ment aux normes fix\u00e9es par l\u2019Organisation maritime internationale.<\/p>\n\n\n\n<p><em>\u00abCette mesure, qui entrera en vigueur en janvier 2023, permettra de ma\u00eetriser les d\u00e9penses et de r\u00e9duire les \u00e9missions de gaz \u00e0 effet de serre\u00bb<\/em>, a-t-il ajout\u00e9.<\/p>\n\n\n\n<p>La d\u00e9cision d\u2019allonger le temps de travers\u00e9e s\u2019inscrit dans la strat\u00e9gie nationale des transports et de la logistique jusqu\u2019en 2040, qui vise \u00e0 favoriser la transition \u00e9cologique et num\u00e9rique. Elle s\u2019inscrit \u00e9galement dans le projet de l\u2019entreprise de garantir son \u00e9quilibre financier et d\u2019am\u00e9liorer sa rentabilit\u00e9, sachant que 50% de ses d\u00e9penses sont li\u00e9es \u00e0 la consommation de carburant.<\/p>\n\n\n\n<p>Par ailleurs, Samir Thamouni a plaid\u00e9 pour la mise en place d\u2019une nouvelle strat\u00e9gie de d\u00e9veloppement et de modernisation de la flotte CTN en investissant dans des navires propuls\u00e9s par des sources d\u2019\u00e9nergie alternatives.<\/p>\n\n\n\n<p>Il a rappel\u00e9 que l\u2019objectif de CTN pour 2023 est de d\u00e9passer les chiffres enregistr\u00e9s en 2022 (280.000 passagers) pour atteindre 300.000 passagers et environ 120.000 v\u00e9hicules.<\/p>\n\n\n\n<p>Il a d\u00e9clar\u00e9 \u00e0 Tap que la compagnie maritime s\u2019effor\u00e7ait d\u2019assurer les meilleures conditions de voyage afin d\u2019attirer plus de clients. Elle tient \u00e9galement \u00e0 coordonner avec ses agents travaillant dans les ports de destination, que ce soit en Tunisie ou dans les ports europ\u00e9ens, et \u00e0 proposer aux passagers le service d\u2019accomplissement des formalit\u00e9s douani\u00e8res \u00e0 bord du navire afin de gagner du temps \u00e0 l\u2019arriv\u00e9e.<\/p>\n\n\n\n<p>Le responsable a \u00e9galement soulign\u00e9 que bien que la compagnie fasse face \u00e0 une concurrence f\u00e9roce sur la route Tunis-Europe, elle s\u2019emploie \u00e0 maintenir ses parts de march\u00e9 gr\u00e2ce aux efforts conjugu\u00e9s des diff\u00e9rents acteurs concern\u00e9s, notamment le minist\u00e8re des Transports, le d\u00e9partement de la marine marchande et des ports et la direction g\u00e9n\u00e9rale des fronti\u00e8res et des \u00e9trangers.<\/p>\n\n\n\n<p>Outre les services offerts pendant la saison estivale, CTN fournit \u00e9galement des services \u00e0 des tarifs pr\u00e9f\u00e9rentiels \u00e0 quelque 300 touristes fran\u00e7ais, allemands, suisses et italiens qui viennent chaque ann\u00e9e dans le sud de la Tunisie pendant la saison hivernale pour profiter du tourisme saharien, a-t-il not\u00e9. <\/p>\n\n\n\n<p><strong><em>D\u2019apr\u00e8s Tap.<\/em><\/strong><\/p>\n","protected":false},"excerpt":{"rendered":"<p>La prolongation du temps de travers\u00e9e Tunis\/Marseille\/G\u00eanes de 20 \u00e0 24 rapportera \u00e0 la CTN un b\u00e9n\u00e9fice annuel de pr\u00e8s de 12 millions de dinars. <\/p>\n","protected":false},"author":8,"featured_media":3276346,"comment_status":"open","ping_status":"open","sticky":false,"template":"","format":"standard","meta":{"footnotes":""},"categories":[995,2433],"tags":[2261,2262,2264,580,109429,12673,62643],"class_list":["post-8447654","post","type-post","status-publish","format-standard","has-post-thumbnail","hentry","category-economie","category-tunisie","tag-compagnie-tunisienne-de-navigation","tag-ctn","tag-genes","tag-marseille","tag-samir-thamouni","tag-tourisme-saharien","tag-tunisie"],"yoast_head":"<!-- This site is optimized with the Yoast SEO plugin v26.6 - https:\/\/yoast.com\/wordpress\/plugins\/seo\/ -->\n<title>La prolongation du temps de travers\u00e9e Tunis\/Marseille\/G\u00eanes profitera \u00e0 la CTN - Kapitalis<\/title>\n<meta name=\"robots\" content=\"index, follow, max-snippet:-1, max-image-preview:large, max-video-preview:-1\" \/>\n<link rel=\"canonical\" href=\"https:\/\/kapitalis.com\/tunisie\/2023\/06\/20\/la-prolongation-du-temps-de-traversee-tunis-marseille-genes-profitera-a-la-ctn\/\" \/>\n<meta property=\"og:locale\" content=\"fr_FR\" \/>\n<meta property=\"og:type\" content=\"article\" \/>\n<meta property=\"og:title\" content=\"La prolongation du temps de travers\u00e9e Tunis\/Marseille\/G\u00eanes profitera \u00e0 la CTN - Kapitalis\" \/>\n<meta property=\"og:description\" content=\"La prolongation du temps de travers\u00e9e Tunis\/Marseille\/G\u00eanes de 20 \u00e0 24 rapportera \u00e0 la CTN un b\u00e9n\u00e9fice annuel de pr\u00e8s de 12 millions de dinars.\" \/>\n<meta property=\"og:url\" content=\"https:\/\/kapitalis.com\/tunisie\/2023\/06\/20\/la-prolongation-du-temps-de-traversee-tunis-marseille-genes-profitera-a-la-ctn\/\" \/>\n<meta property=\"og:site_name\" content=\"Kapitalis\" \/>\n<meta property=\"article:publisher\" content=\"https:\/\/www.facebook.com\/KapitalisInfo\/\" \/>\n<meta property=\"article:published_time\" content=\"2023-06-20T07:51:49+00:00\" \/>\n<meta property=\"article:modified_time\" content=\"2023-06-20T07:51:50+00:00\" \/>\n<meta property=\"og:image\" content=\"https:\/\/kapitalis.com\/tunisie\/wp-content\/uploads\/2022\/08\/CTN.jpg\" \/>\n\t<meta property=\"og:image:width\" content=\"1200\" \/>\n\t<meta property=\"og:image:height\" content=\"630\" \/>\n\t<meta property=\"og:image:type\" content=\"image\/jpeg\" \/>\n<meta name=\"author\" content=\"webmaster kapitalis\" \/>\n<meta name=\"twitter:card\" content=\"summary_large_image\" \/>\n<meta name=\"twitter:creator\" content=\"@KapitalisInfo\" \/>\n<meta name=\"twitter:site\" content=\"@KapitalisInfo\" \/>\n<meta name=\"twitter:label1\" content=\"\u00c9crit par\" \/>\n\t<meta name=\"twitter:data1\" content=\"webmaster kapitalis\" \/>\n\t<meta name=\"twitter:label2\" content=\"Dur\u00e9e de lecture estim\u00e9e\" \/>\n\t<meta name=\"twitter:data2\" content=\"3 minutes\" \/>\n<script type=\"application\/ld+json\" class=\"yoast-schema-graph\">{\"@context\":\"https:\/\/schema.org\",\"@graph\":[{\"@type\":\"Article\",\"@id\":\"https:\/\/kapitalis.com\/tunisie\/2023\/06\/20\/la-prolongation-du-temps-de-traversee-tunis-marseille-genes-profitera-a-la-ctn\/#article\",\"isPartOf\":{\"@id\":\"https:\/\/kapitalis.com\/tunisie\/2023\/06\/20\/la-prolongation-du-temps-de-traversee-tunis-marseille-genes-profitera-a-la-ctn\/\"},\"author\":{\"name\":\"webmaster kapitalis\",\"@id\":\"https:\/\/kapitalis.com\/tunisie\/#\/schema\/person\/d71f33a9ca44f7bad4698210b480c8e9\"},\"headline\":\"La prolongation du temps de travers\u00e9e Tunis\/Marseille\/G\u00eanes profitera \u00e0 la CTN\",\"datePublished\":\"2023-06-20T07:51:49+00:00\",\"dateModified\":\"2023-06-20T07:51:50+00:00\",\"mainEntityOfPage\":{\"@id\":\"https:\/\/kapitalis.com\/tunisie\/2023\/06\/20\/la-prolongation-du-temps-de-traversee-tunis-marseille-genes-profitera-a-la-ctn\/\"},\"wordCount\":470,\"commentCount\":0,\"publisher\":{\"@id\":\"https:\/\/kapitalis.com\/tunisie\/#organization\"},\"image\":{\"@id\":\"https:\/\/kapitalis.com\/tunisie\/2023\/06\/20\/la-prolongation-du-temps-de-traversee-tunis-marseille-genes-profitera-a-la-ctn\/#primaryimage\"},\"thumbnailUrl\":\"https:\/\/kapitalis.com\/tunisie\/wp-content\/uploads\/2022\/08\/CTN.jpg\",\"keywords\":[\"Compagnie tunisienne de navigation\",\"CTN\",\"G\u00eanes\",\"Marseille\",\"Samir Thamouni\",\"tourisme saharien\",\"Tunisie\"],\"articleSection\":[\"ECONOMIE\",\"Tunisie\"],\"inLanguage\":\"fr-FR\",\"potentialAction\":[{\"@type\":\"CommentAction\",\"name\":\"Comment\",\"target\":[\"https:\/\/kapitalis.com\/tunisie\/2023\/06\/20\/la-prolongation-du-temps-de-traversee-tunis-marseille-genes-profitera-a-la-ctn\/#respond\"]}]},{\"@type\":\"WebPage\",\"@id\":\"https:\/\/kapitalis.com\/tunisie\/2023\/06\/20\/la-prolongation-du-temps-de-traversee-tunis-marseille-genes-profitera-a-la-ctn\/\",\"url\":\"https:\/\/kapitalis.com\/tunisie\/2023\/06\/20\/la-prolongation-du-temps-de-traversee-tunis-marseille-genes-profitera-a-la-ctn\/\",\"name\":\"La prolongation du temps de travers\u00e9e Tunis\/Marseille\/G\u00eanes profitera \u00e0 la CTN - Kapitalis\",\"isPartOf\":{\"@id\":\"https:\/\/kapitalis.com\/tunisie\/#website\"},\"primaryImageOfPage\":{\"@id\":\"https:\/\/kapitalis.com\/tunisie\/2023\/06\/20\/la-prolongation-du-temps-de-traversee-tunis-marseille-genes-profitera-a-la-ctn\/#primaryimage\"},\"image\":{\"@id\":\"https:\/\/kapitalis.com\/tunisie\/2023\/06\/20\/la-prolongation-du-temps-de-traversee-tunis-marseille-genes-profitera-a-la-ctn\/#primaryimage\"},\"thumbnailUrl\":\"https:\/\/kapitalis.com\/tunisie\/wp-content\/uploads\/2022\/08\/CTN.jpg\",\"datePublished\":\"2023-06-20T07:51:49+00:00\",\"dateModified\":\"2023-06-20T07:51:50+00:00\",\"breadcrumb\":{\"@id\":\"https:\/\/kapitalis.com\/tunisie\/2023\/06\/20\/la-prolongation-du-temps-de-traversee-tunis-marseille-genes-profitera-a-la-ctn\/#breadcrumb\"},\"inLanguage\":\"fr-FR\",\"potentialAction\":[{\"@type\":\"ReadAction\",\"target\":[\"https:\/\/kapitalis.com\/tunisie\/2023\/06\/20\/la-prolongation-du-temps-de-traversee-tunis-marseille-genes-profitera-a-la-ctn\/\"]}]},{\"@type\":\"ImageObject\",\"inLanguage\":\"fr-FR\",\"@id\":\"https:\/\/kapitalis.com\/tunisie\/2023\/06\/20\/la-prolongation-du-temps-de-traversee-tunis-marseille-genes-profitera-a-la-ctn\/#primaryimage\",\"url\":\"https:\/\/kapitalis.com\/tunisie\/wp-content\/uploads\/2022\/08\/CTN.jpg\",\"contentUrl\":\"https:\/\/kapitalis.com\/tunisie\/wp-content\/uploads\/2022\/08\/CTN.jpg\",\"width\":1200,\"height\":630},{\"@type\":\"BreadcrumbList\",\"@id\":\"https:\/\/kapitalis.com\/tunisie\/2023\/06\/20\/la-prolongation-du-temps-de-traversee-tunis-marseille-genes-profitera-a-la-ctn\/#breadcrumb\",\"itemListElement\":[{\"@type\":\"ListItem\",\"position\":1,\"name\":\"Accueil\",\"item\":\"https:\/\/kapitalis.com\/tunisie\/\"},{\"@type\":\"ListItem\",\"position\":2,\"name\":\"La prolongation du temps de travers\u00e9e Tunis\/Marseille\/G\u00eanes profitera \u00e0 la CTN\"}]},{\"@type\":\"WebSite\",\"@id\":\"https:\/\/kapitalis.com\/tunisie\/#website\",\"url\":\"https:\/\/kapitalis.com\/tunisie\/\",\"name\":\"Kapitalis\",\"description\":\"L&#039;actualit\u00e9 en Tunisie et dans le monde\",\"publisher\":{\"@id\":\"https:\/\/kapitalis.com\/tunisie\/#organization\"},\"potentialAction\":[{\"@type\":\"SearchAction\",\"target\":{\"@type\":\"EntryPoint\",\"urlTemplate\":\"https:\/\/kapitalis.com\/tunisie\/?s={search_term_string}\"},\"query-input\":{\"@type\":\"PropertyValueSpecification\",\"valueRequired\":true,\"valueName\":\"search_term_string\"}}],\"inLanguage\":\"fr-FR\"},{\"@type\":\"Organization\",\"@id\":\"https:\/\/kapitalis.com\/tunisie\/#organization\",\"name\":\"Kapitalis\",\"url\":\"https:\/\/kapitalis.com\/tunisie\/\",\"logo\":{\"@type\":\"ImageObject\",\"inLanguage\":\"fr-FR\",\"@id\":\"https:\/\/kapitalis.com\/tunisie\/#\/schema\/logo\/image\/\",\"url\":\"https:\/\/kapitalis.com\/tunisie\/wp-content\/uploads\/2022\/05\/Kapitalis-big-size.png\",\"contentUrl\":\"https:\/\/kapitalis.com\/tunisie\/wp-content\/uploads\/2022\/05\/Kapitalis-big-size.png\",\"width\":5000,\"height\":1500,\"caption\":\"Kapitalis\"},\"image\":{\"@id\":\"https:\/\/kapitalis.com\/tunisie\/#\/schema\/logo\/image\/\"},\"sameAs\":[\"https:\/\/www.facebook.com\/KapitalisInfo\/\",\"https:\/\/x.com\/KapitalisInfo\",\"https:\/\/www.youtube.com\/channel\/UC-yDYrHyfFBWWZaOw3FPg9Q\"]},{\"@type\":\"Person\",\"@id\":\"https:\/\/kapitalis.com\/tunisie\/#\/schema\/person\/d71f33a9ca44f7bad4698210b480c8e9\",\"name\":\"webmaster kapitalis\",\"url\":\"https:\/\/kapitalis.com\/tunisie\/author\/webmaster-kapitalis\/\"}]}<\/script>\n<!-- \/ Yoast SEO plugin. -->","yoast_head_json":{"title":"La prolongation du temps de travers\u00e9e Tunis\/Marseille\/G\u00eanes profitera \u00e0 la CTN - Kapitalis","robots":{"index":"index","follow":"follow","max-snippet":"max-snippet:-1","max-image-preview":"max-image-preview:large","max-video-preview":"max-video-preview:-1"},"canonical":"https:\/\/kapitalis.com\/tunisie\/2023\/06\/20\/la-prolongation-du-temps-de-traversee-tunis-marseille-genes-profitera-a-la-ctn\/","og_locale":"fr_FR","og_type":"article","og_title":"La prolongation du temps de travers\u00e9e Tunis\/Marseille\/G\u00eanes profitera \u00e0 la CTN - Kapitalis","og_description":"La prolongation du temps de travers\u00e9e Tunis\/Marseille\/G\u00eanes de 20 \u00e0 24 rapportera \u00e0 la CTN un b\u00e9n\u00e9fice annuel de pr\u00e8s de 12 millions de dinars.","og_url":"https:\/\/kapitalis.com\/tunisie\/2023\/06\/20\/la-prolongation-du-temps-de-traversee-tunis-marseille-genes-profitera-a-la-ctn\/","og_site_name":"Kapitalis","article_publisher":"https:\/\/www.facebook.com\/KapitalisInfo\/","article_published_time":"2023-06-20T07:51:49+00:00","article_modified_time":"2023-06-20T07:51:50+00:00","og_image":[{"width":1200,"height":630,"url":"https:\/\/kapitalis.com\/tunisie\/wp-content\/uploads\/2022\/08\/CTN.jpg","type":"image\/jpeg"}],"author":"webmaster kapitalis","twitter_card":"summary_large_image","twitter_creator":"@KapitalisInfo","twitter_site":"@KapitalisInfo","twitter_misc":{"\u00c9crit par":"webmaster kapitalis","Dur\u00e9e de lecture estim\u00e9e":"3 minutes"},"schema":{"@context":"https:\/\/schema.org","@graph":[{"@type":"Article","@id":"https:\/\/kapitalis.com\/tunisie\/2023\/06\/20\/la-prolongation-du-temps-de-traversee-tunis-marseille-genes-profitera-a-la-ctn\/#article","isPartOf":{"@id":"https:\/\/kapitalis.com\/tunisie\/2023\/06\/20\/la-prolongation-du-temps-de-traversee-tunis-marseille-genes-profitera-a-la-ctn\/"},"author":{"name":"webmaster kapitalis","@id":"https:\/\/kapitalis.com\/tunisie\/#\/schema\/person\/d71f33a9ca44f7bad4698210b480c8e9"},"headline":"La prolongation du temps de travers\u00e9e Tunis\/Marseille\/G\u00eanes profitera \u00e0 la CTN","datePublished":"2023-06-20T07:51:49+00:00","dateModified":"2023-06-20T07:51:50+00:00","mainEntityOfPage":{"@id":"https:\/\/kapitalis.com\/tunisie\/2023\/06\/20\/la-prolongation-du-temps-de-traversee-tunis-marseille-genes-profitera-a-la-ctn\/"},"wordCount":470,"commentCount":0,"publisher":{"@id":"https:\/\/kapitalis.com\/tunisie\/#organization"},"image":{"@id":"https:\/\/kapitalis.com\/tunisie\/2023\/06\/20\/la-prolongation-du-temps-de-traversee-tunis-marseille-genes-profitera-a-la-ctn\/#primaryimage"},"thumbnailUrl":"https:\/\/kapitalis.com\/tunisie\/wp-content\/uploads\/2022\/08\/CTN.jpg","keywords":["Compagnie tunisienne de navigation","CTN","G\u00eanes","Marseille","Samir Thamouni","tourisme saharien","Tunisie"],"articleSection":["ECONOMIE","Tunisie"],"inLanguage":"fr-FR","potentialAction":[{"@type":"CommentAction","name":"Comment","target":["https:\/\/kapitalis.com\/tunisie\/2023\/06\/20\/la-prolongation-du-temps-de-traversee-tunis-marseille-genes-profitera-a-la-ctn\/#respond"]}]},{"@type":"WebPage","@id":"https:\/\/kapitalis.com\/tunisie\/2023\/06\/20\/la-prolongation-du-temps-de-traversee-tunis-marseille-genes-profitera-a-la-ctn\/","url":"https:\/\/kapitalis.com\/tunisie\/2023\/06\/20\/la-prolongation-du-temps-de-traversee-tunis-marseille-genes-profitera-a-la-ctn\/","name":"La prolongation du temps de travers\u00e9e Tunis\/Marseille\/G\u00eanes profitera \u00e0 la CTN - Kapitalis","isPartOf":{"@id":"https:\/\/kapitalis.com\/tunisie\/#website"},"primaryImageOfPage":{"@id":"https:\/\/kapitalis.com\/tunisie\/2023\/06\/20\/la-prolongation-du-temps-de-traversee-tunis-marseille-genes-profitera-a-la-ctn\/#primaryimage"},"image":{"@id":"https:\/\/kapitalis.com\/tunisie\/2023\/06\/20\/la-prolongation-du-temps-de-traversee-tunis-marseille-genes-profitera-a-la-ctn\/#primaryimage"},"thumbnailUrl":"https:\/\/kapitalis.com\/tunisie\/wp-content\/uploads\/2022\/08\/CTN.jpg","datePublished":"2023-06-20T07:51:49+00:00","dateModified":"2023-06-20T07:51:50+00:00","breadcrumb":{"@id":"https:\/\/kapitalis.com\/tunisie\/2023\/06\/20\/la-prolongation-du-temps-de-traversee-tunis-marseille-genes-profitera-a-la-ctn\/#breadcrumb"},"inLanguage":"fr-FR","potentialAction":[{"@type":"ReadAction","target":["https:\/\/kapitalis.com\/tunisie\/2023\/06\/20\/la-prolongation-du-temps-de-traversee-tunis-marseille-genes-profitera-a-la-ctn\/"]}]},{"@type":"ImageObject","inLanguage":"fr-FR","@id":"https:\/\/kapitalis.com\/tunisie\/2023\/06\/20\/la-prolongation-du-temps-de-traversee-tunis-marseille-genes-profitera-a-la-ctn\/#primaryimage","url":"https:\/\/kapitalis.com\/tunisie\/wp-content\/uploads\/2022\/08\/CTN.jpg","contentUrl":"https:\/\/kapitalis.com\/tunisie\/wp-content\/uploads\/2022\/08\/CTN.jpg","width":1200,"height":630},{"@type":"BreadcrumbList","@id":"https:\/\/kapitalis.com\/tunisie\/2023\/06\/20\/la-prolongation-du-temps-de-traversee-tunis-marseille-genes-profitera-a-la-ctn\/#breadcrumb","itemListElement":[{"@type":"ListItem","position":1,"name":"Accueil","item":"https:\/\/kapitalis.com\/tunisie\/"},{"@type":"ListItem","position":2,"name":"La prolongation du temps de travers\u00e9e Tunis\/Marseille\/G\u00eanes profitera \u00e0 la CTN"}]},{"@type":"WebSite","@id":"https:\/\/kapitalis.com\/tunisie\/#website","url":"https:\/\/kapitalis.com\/tunisie\/","name":"Kapitalis","description":"L&#039;actualit\u00e9 en Tunisie et dans le monde","publisher":{"@id":"https:\/\/kapitalis.com\/tunisie\/#organization"},"potentialAction":[{"@type":"SearchAction","target":{"@type":"EntryPoint","urlTemplate":"https:\/\/kapitalis.com\/tunisie\/?s={search_term_string}"},"query-input":{"@type":"PropertyValueSpecification","valueRequired":true,"valueName":"search_term_string"}}],"inLanguage":"fr-FR"},{"@type":"Organization","@id":"https:\/\/kapitalis.com\/tunisie\/#organization","name":"Kapitalis","url":"https:\/\/kapitalis.com\/tunisie\/","logo":{"@type":"ImageObject","inLanguage":"fr-FR","@id":"https:\/\/kapitalis.com\/tunisie\/#\/schema\/logo\/image\/","url":"https:\/\/kapitalis.com\/tunisie\/wp-content\/uploads\/2022\/05\/Kapitalis-big-size.png","contentUrl":"https:\/\/kapitalis.com\/tunisie\/wp-content\/uploads\/2022\/05\/Kapitalis-big-size.png","width":5000,"height":1500,"caption":"Kapitalis"},"image":{"@id":"https:\/\/kapitalis.com\/tunisie\/#\/schema\/logo\/image\/"},"sameAs":["https:\/\/www.facebook.com\/KapitalisInfo\/","https:\/\/x.com\/KapitalisInfo","https:\/\/www.youtube.com\/channel\/UC-yDYrHyfFBWWZaOw3FPg9Q"]},{"@type":"Person","@id":"https:\/\/kapitalis.com\/tunisie\/#\/schema\/person\/d71f33a9ca44f7bad4698210b480c8e9","name":"webmaster kapitalis","url":"https:\/\/kapitalis.com\/tunisie\/author\/webmaster-kapitalis\/"}]}},"_links":{"self":[{"href":"https:\/\/kapitalis.com\/tunisie\/wp-json\/wp\/v2\/posts\/8447654","targetHints":{"allow":["GET"]}}],"collection":[{"href":"https:\/\/kapitalis.com\/tunisie\/wp-json\/wp\/v2\/posts"}],"about":[{"href":"https:\/\/kapitalis.com\/tunisie\/wp-json\/wp\/v2\/types\/post"}],"author":[{"embeddable":true,"href":"https:\/\/kapitalis.com\/tunisie\/wp-json\/wp\/v2\/users\/8"}],"replies":[{"embeddable":true,"href":"https:\/\/kapitalis.com\/tunisie\/wp-json\/wp\/v2\/comments?post=8447654"}],"version-history":[{"count":1,"href":"https:\/\/kapitalis.com\/tunisie\/wp-json\/wp\/v2\/posts\/8447654\/revisions"}],"predecessor-version":[{"id":8447694,"href":"https:\/\/kapitalis.com\/tunisie\/wp-json\/wp\/v2\/posts\/8447654\/revisions\/8447694"}],"wp:featuredmedia":[{"embeddable":true,"href":"https:\/\/kapitalis.com\/tunisie\/wp-json\/wp\/v2\/media\/3276346"}],"wp:attachment":[{"href":"https:\/\/kapitalis.com\/tunisie\/wp-json\/wp\/v2\/media?parent=8447654"}],"wp:term":[{"taxonomy":"category","embeddable":true,"href":"https:\/\/kapitalis.com\/tunisie\/wp-json\/wp\/v2\/categories?post=8447654"},{"taxonomy":"post_tag","embeddable":true,"href":"https:\/\/kapitalis.com\/tunisie\/wp-json\/wp\/v2\/tags?post=8447654"}],"curies":[{"name":"wp","href":"https:\/\/api.w.org\/{rel}","templated":true}]}}