{"id":84575,"date":"2017-02-25T16:05:40","date_gmt":"2017-02-25T15:05:40","guid":{"rendered":"http:\/\/kapitalis.com\/tunisie\/?p=84575"},"modified":"2017-02-25T16:05:40","modified_gmt":"2017-02-25T15:05:40","slug":"cannabis-reunion-le-6-mars-du-conseil-de-securite-national","status":"publish","type":"post","link":"https:\/\/kapitalis.com\/tunisie\/2017\/02\/25\/cannabis-reunion-le-6-mars-du-conseil-de-securite-national\/","title":{"rendered":"Cannabis : R\u00e9union, le 6 mars, du conseil de s\u00e9curit\u00e9 national"},"content":{"rendered":"<p><img loading=\"lazy\" decoding=\"async\" class=\"alignnone size-full wp-image-22336 aligncenter\" src=\"http:\/\/kapitalis.com\/tunisie\/wp-content\/uploads\/2015\/10\/r\u00e9union-du-conseil-de-s\u00e9curit\u00e9-.jpeg\" alt=\"\" width=\"626\" height=\"380\" \/><\/p>\n<p><em><strong>Le conseil s\u00e9curit\u00e9 nationale tiendra sa prochaine r\u00e9union, le 6 mars 2017, pour examiner les modalit\u00e9s d\u2019application de l\u2019article 52.<\/strong><\/em><\/p>\n<p><!--more--><\/p>\n<p>C\u2019est ce qu\u2019a annonc\u00e9, samedi 25 f\u00e9vrier 2017, le journal \u2018<em>\u2018El-Maghreb\u2019<\/em>\u2019, en citant des sources autoris\u00e9es.<\/p>\n<p>Il est \u00e0 rappeler que le pr\u00e9sident de la r\u00e9publique B\u00e9ji Ca\u00efd Essebsi a annonc\u00e9, dimanche dernier, dans un entretien avec la cha\u00eene priv\u00e9e Nesma TV, la n\u00e9cessit\u00e9 de suspendre l\u2019application de la peine d\u2019emprisonnement \u00e0 l\u2019encontre des consommateurs de drogues douces, notamment le cannabis (<em>\u00abzatla\u00bb<\/em>).<\/p>\n<p>Cette peine, tr\u00e8s controvers\u00e9e et contest\u00e9e par un grand nombre de citoyens, n\u2019a eu jusque-l\u00e0 pour cons\u00e9quence que de faire sombrer les consommateurs, notamment les jeunes, dans la d\u00e9linquance.<\/p>\n<p>L\u2019arrestation, r\u00e9cemment, de deux lyc\u00e9ens, \u00e0 Siliana, \u00e0 quelques mois de l\u2019examen du baccalaur\u00e9at, pour consommation de cannabis, a remis ce d\u00e9bat sur la table.<\/p>\n<p>Pour \u00eatre fid\u00e8le \u00e0 l\u2019engagement qu\u2019il avait pris lors de sa campagne \u00e9lectorale pour la pr\u00e9sidentielle de 2014 d\u2019abroger la loi n\u00b052, le pr\u00e9sident Ca\u00efd Essebsi n\u2019a d\u2019autre alternative que de suspendre l\u2019application de la peine d\u2019emprisonnement pour les consommateurs de cannabis non r\u00e9cidivistes et seul le conseil de s\u00e9curit\u00e9 nationale est habilit\u00e9 \u00e0 prendre une telle mesure, dans le cadre de l\u2019\u00e9tat d\u2019urgence encore en vigueur dans le pays, et ce en attendant la promulgation, par l\u2019Assembl\u00e9e, du projet d\u2019amendement de la loi n\u00b0 52 , qui a pris du retard.<\/p>\n<p>Sans une telle mesure, le corps de la magistrature, qui ne peut interpr\u00e9ter la loi de mani\u00e8re contraire \u00e0 son sens explicite, continuera d\u2019appliquer les termes de l\u2019article 52, qui est jug\u00e9 tr\u00e8s r\u00e9pressif.<\/p>\n<p style=\"text-align: right;\"><strong>Abderrazek Krimi<\/strong><\/p>\n","protected":false},"excerpt":{"rendered":"<p>Le conseil s\u00e9curit\u00e9 nationale tiendra sa prochaine r\u00e9union, le 6 mars 2017, pour examiner les modalit\u00e9s d\u2019application de l\u2019article 52.<\/p>\n","protected":false},"author":8,"featured_media":0,"comment_status":"open","ping_status":"open","sticky":false,"template":"","format":"standard","meta":{"footnotes":""},"categories":[997,2433],"tags":[183,4157],"class_list":["post-84575","post","type-post","status-publish","format-standard","hentry","category-politique","category-tunisie","tag-cannabis","tag-zatla"],"yoast_head":"<!-- This site is optimized with the Yoast SEO plugin v26.6 - https:\/\/yoast.com\/wordpress\/plugins\/seo\/ -->\n<title>Cannabis : R\u00e9union, le 6 mars, du conseil de s\u00e9curit\u00e9 national - Kapitalis<\/title>\n<meta name=\"robots\" content=\"index, follow, max-snippet:-1, max-image-preview:large, max-video-preview:-1\" \/>\n<link rel=\"canonical\" href=\"https:\/\/kapitalis.com\/tunisie\/2017\/02\/25\/cannabis-reunion-le-6-mars-du-conseil-de-securite-national\/\" \/>\n<meta property=\"og:locale\" content=\"fr_FR\" \/>\n<meta property=\"og:type\" content=\"article\" \/>\n<meta property=\"og:title\" content=\"Cannabis : R\u00e9union, le 6 mars, du conseil de s\u00e9curit\u00e9 national - Kapitalis\" \/>\n<meta property=\"og:description\" content=\"Le conseil s\u00e9curit\u00e9 nationale tiendra sa prochaine r\u00e9union, le 6 mars 2017, pour examiner les modalit\u00e9s d\u2019application de l\u2019article 52.\" \/>\n<meta property=\"og:url\" content=\"https:\/\/kapitalis.com\/tunisie\/2017\/02\/25\/cannabis-reunion-le-6-mars-du-conseil-de-securite-national\/\" \/>\n<meta property=\"og:site_name\" content=\"Kapitalis\" \/>\n<meta property=\"article:publisher\" content=\"https:\/\/www.facebook.com\/KapitalisInfo\/\" \/>\n<meta property=\"article:published_time\" content=\"2017-02-25T15:05:40+00:00\" \/>\n<meta property=\"og:image\" content=\"https:\/\/kapitalis.com\/tunisie\/wp-content\/uploads\/2022\/05\/kapitalis-logo-fb.png\" \/>\n\t<meta property=\"og:image:width\" content=\"1200\" \/>\n\t<meta property=\"og:image:height\" content=\"630\" \/>\n\t<meta property=\"og:image:type\" content=\"image\/png\" \/>\n<meta name=\"author\" content=\"webmaster kapitalis\" \/>\n<meta name=\"twitter:card\" content=\"summary_large_image\" \/>\n<meta name=\"twitter:creator\" content=\"@KapitalisInfo\" \/>\n<meta name=\"twitter:site\" content=\"@KapitalisInfo\" \/>\n<meta name=\"twitter:label1\" content=\"\u00c9crit par\" \/>\n\t<meta name=\"twitter:data1\" content=\"webmaster kapitalis\" \/>\n\t<meta name=\"twitter:label2\" content=\"Dur\u00e9e de lecture estim\u00e9e\" \/>\n\t<meta name=\"twitter:data2\" content=\"2 minutes\" \/>\n<script type=\"application\/ld+json\" class=\"yoast-schema-graph\">{\"@context\":\"https:\/\/schema.org\",\"@graph\":[{\"@type\":\"Article\",\"@id\":\"https:\/\/kapitalis.com\/tunisie\/2017\/02\/25\/cannabis-reunion-le-6-mars-du-conseil-de-securite-national\/#article\",\"isPartOf\":{\"@id\":\"https:\/\/kapitalis.com\/tunisie\/2017\/02\/25\/cannabis-reunion-le-6-mars-du-conseil-de-securite-national\/\"},\"author\":{\"name\":\"webmaster kapitalis\",\"@id\":\"https:\/\/kapitalis.com\/tunisie\/#\/schema\/person\/d71f33a9ca44f7bad4698210b480c8e9\"},\"headline\":\"Cannabis : R\u00e9union, le 6 mars, du conseil de s\u00e9curit\u00e9 national\",\"datePublished\":\"2017-02-25T15:05:40+00:00\",\"mainEntityOfPage\":{\"@id\":\"https:\/\/kapitalis.com\/tunisie\/2017\/02\/25\/cannabis-reunion-le-6-mars-du-conseil-de-securite-national\/\"},\"wordCount\":314,\"commentCount\":5,\"publisher\":{\"@id\":\"https:\/\/kapitalis.com\/tunisie\/#organization\"},\"keywords\":[\"cannabis\",\"zatla\"],\"articleSection\":[\"POLITIQUE\",\"Tunisie\"],\"inLanguage\":\"fr-FR\",\"potentialAction\":[{\"@type\":\"CommentAction\",\"name\":\"Comment\",\"target\":[\"https:\/\/kapitalis.com\/tunisie\/2017\/02\/25\/cannabis-reunion-le-6-mars-du-conseil-de-securite-national\/#respond\"]}]},{\"@type\":\"WebPage\",\"@id\":\"https:\/\/kapitalis.com\/tunisie\/2017\/02\/25\/cannabis-reunion-le-6-mars-du-conseil-de-securite-national\/\",\"url\":\"https:\/\/kapitalis.com\/tunisie\/2017\/02\/25\/cannabis-reunion-le-6-mars-du-conseil-de-securite-national\/\",\"name\":\"Cannabis : R\u00e9union, le 6 mars, du conseil de s\u00e9curit\u00e9 national - Kapitalis\",\"isPartOf\":{\"@id\":\"https:\/\/kapitalis.com\/tunisie\/#website\"},\"datePublished\":\"2017-02-25T15:05:40+00:00\",\"breadcrumb\":{\"@id\":\"https:\/\/kapitalis.com\/tunisie\/2017\/02\/25\/cannabis-reunion-le-6-mars-du-conseil-de-securite-national\/#breadcrumb\"},\"inLanguage\":\"fr-FR\",\"potentialAction\":[{\"@type\":\"ReadAction\",\"target\":[\"https:\/\/kapitalis.com\/tunisie\/2017\/02\/25\/cannabis-reunion-le-6-mars-du-conseil-de-securite-national\/\"]}]},{\"@type\":\"BreadcrumbList\",\"@id\":\"https:\/\/kapitalis.com\/tunisie\/2017\/02\/25\/cannabis-reunion-le-6-mars-du-conseil-de-securite-national\/#breadcrumb\",\"itemListElement\":[{\"@type\":\"ListItem\",\"position\":1,\"name\":\"Accueil\",\"item\":\"https:\/\/kapitalis.com\/tunisie\/\"},{\"@type\":\"ListItem\",\"position\":2,\"name\":\"Cannabis : R\u00e9union, le 6 mars, du conseil de s\u00e9curit\u00e9 national\"}]},{\"@type\":\"WebSite\",\"@id\":\"https:\/\/kapitalis.com\/tunisie\/#website\",\"url\":\"https:\/\/kapitalis.com\/tunisie\/\",\"name\":\"Kapitalis\",\"description\":\"L&#039;actualit\u00e9 en Tunisie et dans le monde\",\"publisher\":{\"@id\":\"https:\/\/kapitalis.com\/tunisie\/#organization\"},\"potentialAction\":[{\"@type\":\"SearchAction\",\"target\":{\"@type\":\"EntryPoint\",\"urlTemplate\":\"https:\/\/kapitalis.com\/tunisie\/?s={search_term_string}\"},\"query-input\":{\"@type\":\"PropertyValueSpecification\",\"valueRequired\":true,\"valueName\":\"search_term_string\"}}],\"inLanguage\":\"fr-FR\"},{\"@type\":\"Organization\",\"@id\":\"https:\/\/kapitalis.com\/tunisie\/#organization\",\"name\":\"Kapitalis\",\"url\":\"https:\/\/kapitalis.com\/tunisie\/\",\"logo\":{\"@type\":\"ImageObject\",\"inLanguage\":\"fr-FR\",\"@id\":\"https:\/\/kapitalis.com\/tunisie\/#\/schema\/logo\/image\/\",\"url\":\"https:\/\/kapitalis.com\/tunisie\/wp-content\/uploads\/2022\/05\/Kapitalis-big-size.png\",\"contentUrl\":\"https:\/\/kapitalis.com\/tunisie\/wp-content\/uploads\/2022\/05\/Kapitalis-big-size.png\",\"width\":5000,\"height\":1500,\"caption\":\"Kapitalis\"},\"image\":{\"@id\":\"https:\/\/kapitalis.com\/tunisie\/#\/schema\/logo\/image\/\"},\"sameAs\":[\"https:\/\/www.facebook.com\/KapitalisInfo\/\",\"https:\/\/x.com\/KapitalisInfo\",\"https:\/\/www.youtube.com\/channel\/UC-yDYrHyfFBWWZaOw3FPg9Q\"]},{\"@type\":\"Person\",\"@id\":\"https:\/\/kapitalis.com\/tunisie\/#\/schema\/person\/d71f33a9ca44f7bad4698210b480c8e9\",\"name\":\"webmaster kapitalis\",\"url\":\"https:\/\/kapitalis.com\/tunisie\/author\/webmaster-kapitalis\/\"}]}<\/script>\n<!-- \/ Yoast SEO plugin. -->","yoast_head_json":{"title":"Cannabis : R\u00e9union, le 6 mars, du conseil de s\u00e9curit\u00e9 national - Kapitalis","robots":{"index":"index","follow":"follow","max-snippet":"max-snippet:-1","max-image-preview":"max-image-preview:large","max-video-preview":"max-video-preview:-1"},"canonical":"https:\/\/kapitalis.com\/tunisie\/2017\/02\/25\/cannabis-reunion-le-6-mars-du-conseil-de-securite-national\/","og_locale":"fr_FR","og_type":"article","og_title":"Cannabis : R\u00e9union, le 6 mars, du conseil de s\u00e9curit\u00e9 national - Kapitalis","og_description":"Le conseil s\u00e9curit\u00e9 nationale tiendra sa prochaine r\u00e9union, le 6 mars 2017, pour examiner les modalit\u00e9s d\u2019application de l\u2019article 52.","og_url":"https:\/\/kapitalis.com\/tunisie\/2017\/02\/25\/cannabis-reunion-le-6-mars-du-conseil-de-securite-national\/","og_site_name":"Kapitalis","article_publisher":"https:\/\/www.facebook.com\/KapitalisInfo\/","article_published_time":"2017-02-25T15:05:40+00:00","og_image":[{"width":1200,"height":630,"url":"https:\/\/kapitalis.com\/tunisie\/wp-content\/uploads\/2022\/05\/kapitalis-logo-fb.png","type":"image\/png"}],"author":"webmaster kapitalis","twitter_card":"summary_large_image","twitter_creator":"@KapitalisInfo","twitter_site":"@KapitalisInfo","twitter_misc":{"\u00c9crit par":"webmaster kapitalis","Dur\u00e9e de lecture estim\u00e9e":"2 minutes"},"schema":{"@context":"https:\/\/schema.org","@graph":[{"@type":"Article","@id":"https:\/\/kapitalis.com\/tunisie\/2017\/02\/25\/cannabis-reunion-le-6-mars-du-conseil-de-securite-national\/#article","isPartOf":{"@id":"https:\/\/kapitalis.com\/tunisie\/2017\/02\/25\/cannabis-reunion-le-6-mars-du-conseil-de-securite-national\/"},"author":{"name":"webmaster kapitalis","@id":"https:\/\/kapitalis.com\/tunisie\/#\/schema\/person\/d71f33a9ca44f7bad4698210b480c8e9"},"headline":"Cannabis : R\u00e9union, le 6 mars, du conseil de s\u00e9curit\u00e9 national","datePublished":"2017-02-25T15:05:40+00:00","mainEntityOfPage":{"@id":"https:\/\/kapitalis.com\/tunisie\/2017\/02\/25\/cannabis-reunion-le-6-mars-du-conseil-de-securite-national\/"},"wordCount":314,"commentCount":5,"publisher":{"@id":"https:\/\/kapitalis.com\/tunisie\/#organization"},"keywords":["cannabis","zatla"],"articleSection":["POLITIQUE","Tunisie"],"inLanguage":"fr-FR","potentialAction":[{"@type":"CommentAction","name":"Comment","target":["https:\/\/kapitalis.com\/tunisie\/2017\/02\/25\/cannabis-reunion-le-6-mars-du-conseil-de-securite-national\/#respond"]}]},{"@type":"WebPage","@id":"https:\/\/kapitalis.com\/tunisie\/2017\/02\/25\/cannabis-reunion-le-6-mars-du-conseil-de-securite-national\/","url":"https:\/\/kapitalis.com\/tunisie\/2017\/02\/25\/cannabis-reunion-le-6-mars-du-conseil-de-securite-national\/","name":"Cannabis : R\u00e9union, le 6 mars, du conseil de s\u00e9curit\u00e9 national - Kapitalis","isPartOf":{"@id":"https:\/\/kapitalis.com\/tunisie\/#website"},"datePublished":"2017-02-25T15:05:40+00:00","breadcrumb":{"@id":"https:\/\/kapitalis.com\/tunisie\/2017\/02\/25\/cannabis-reunion-le-6-mars-du-conseil-de-securite-national\/#breadcrumb"},"inLanguage":"fr-FR","potentialAction":[{"@type":"ReadAction","target":["https:\/\/kapitalis.com\/tunisie\/2017\/02\/25\/cannabis-reunion-le-6-mars-du-conseil-de-securite-national\/"]}]},{"@type":"BreadcrumbList","@id":"https:\/\/kapitalis.com\/tunisie\/2017\/02\/25\/cannabis-reunion-le-6-mars-du-conseil-de-securite-national\/#breadcrumb","itemListElement":[{"@type":"ListItem","position":1,"name":"Accueil","item":"https:\/\/kapitalis.com\/tunisie\/"},{"@type":"ListItem","position":2,"name":"Cannabis : R\u00e9union, le 6 mars, du conseil de s\u00e9curit\u00e9 national"}]},{"@type":"WebSite","@id":"https:\/\/kapitalis.com\/tunisie\/#website","url":"https:\/\/kapitalis.com\/tunisie\/","name":"Kapitalis","description":"L&#039;actualit\u00e9 en Tunisie et dans le monde","publisher":{"@id":"https:\/\/kapitalis.com\/tunisie\/#organization"},"potentialAction":[{"@type":"SearchAction","target":{"@type":"EntryPoint","urlTemplate":"https:\/\/kapitalis.com\/tunisie\/?s={search_term_string}"},"query-input":{"@type":"PropertyValueSpecification","valueRequired":true,"valueName":"search_term_string"}}],"inLanguage":"fr-FR"},{"@type":"Organization","@id":"https:\/\/kapitalis.com\/tunisie\/#organization","name":"Kapitalis","url":"https:\/\/kapitalis.com\/tunisie\/","logo":{"@type":"ImageObject","inLanguage":"fr-FR","@id":"https:\/\/kapitalis.com\/tunisie\/#\/schema\/logo\/image\/","url":"https:\/\/kapitalis.com\/tunisie\/wp-content\/uploads\/2022\/05\/Kapitalis-big-size.png","contentUrl":"https:\/\/kapitalis.com\/tunisie\/wp-content\/uploads\/2022\/05\/Kapitalis-big-size.png","width":5000,"height":1500,"caption":"Kapitalis"},"image":{"@id":"https:\/\/kapitalis.com\/tunisie\/#\/schema\/logo\/image\/"},"sameAs":["https:\/\/www.facebook.com\/KapitalisInfo\/","https:\/\/x.com\/KapitalisInfo","https:\/\/www.youtube.com\/channel\/UC-yDYrHyfFBWWZaOw3FPg9Q"]},{"@type":"Person","@id":"https:\/\/kapitalis.com\/tunisie\/#\/schema\/person\/d71f33a9ca44f7bad4698210b480c8e9","name":"webmaster kapitalis","url":"https:\/\/kapitalis.com\/tunisie\/author\/webmaster-kapitalis\/"}]}},"_links":{"self":[{"href":"https:\/\/kapitalis.com\/tunisie\/wp-json\/wp\/v2\/posts\/84575","targetHints":{"allow":["GET"]}}],"collection":[{"href":"https:\/\/kapitalis.com\/tunisie\/wp-json\/wp\/v2\/posts"}],"about":[{"href":"https:\/\/kapitalis.com\/tunisie\/wp-json\/wp\/v2\/types\/post"}],"author":[{"embeddable":true,"href":"https:\/\/kapitalis.com\/tunisie\/wp-json\/wp\/v2\/users\/8"}],"replies":[{"embeddable":true,"href":"https:\/\/kapitalis.com\/tunisie\/wp-json\/wp\/v2\/comments?post=84575"}],"version-history":[{"count":0,"href":"https:\/\/kapitalis.com\/tunisie\/wp-json\/wp\/v2\/posts\/84575\/revisions"}],"wp:attachment":[{"href":"https:\/\/kapitalis.com\/tunisie\/wp-json\/wp\/v2\/media?parent=84575"}],"wp:term":[{"taxonomy":"category","embeddable":true,"href":"https:\/\/kapitalis.com\/tunisie\/wp-json\/wp\/v2\/categories?post=84575"},{"taxonomy":"post_tag","embeddable":true,"href":"https:\/\/kapitalis.com\/tunisie\/wp-json\/wp\/v2\/tags?post=84575"}],"curies":[{"name":"wp","href":"https:\/\/api.w.org\/{rel}","templated":true}]}}