{"id":84582,"date":"2017-02-26T08:23:28","date_gmt":"2017-02-26T07:23:28","guid":{"rendered":"http:\/\/kapitalis.com\/tunisie\/?p=84582"},"modified":"2017-02-26T08:29:00","modified_gmt":"2017-02-26T07:29:00","slug":"remaniement-ministeriel-lugtt-fait-entendre-sa-musique","status":"publish","type":"post","link":"https:\/\/kapitalis.com\/tunisie\/2017\/02\/26\/remaniement-ministeriel-lugtt-fait-entendre-sa-musique\/","title":{"rendered":"Remaniement minist\u00e9riel : L\u2019UGTT fait entendre sa musique"},"content":{"rendered":"<p><img loading=\"lazy\" decoding=\"async\" class=\"alignnone size-full wp-image-84583 aligncenter\" src=\"http:\/\/kapitalis.com\/tunisie\/wp-content\/uploads\/2017\/02\/Abid-Briki-UGTT.jpg\" alt=\"\" width=\"626\" height=\"380\" \/><\/p>\n<p><em><strong>L\u2019UGTT n\u2019a pas appr\u00e9ci\u00e9 le remplacement de l\u2019un de ses anciens dirigeants au gouvernement Chahed par un haut cadre de l\u2019organisation patronale.<\/strong><\/em><\/p>\n<p><!--more--><\/p>\n<p>La r\u00e9action du l\u2019Union g\u00e9n\u00e9rale tunisienne du travail (UGTT) au remaniement minist\u00e9riel partiel effectu\u00e9 samedi 25 f\u00e9vrier 2017 par le chef du gouvernement Youssef Chahed ne s\u2019est pas fait attendre : le secr\u00e9taire g\u00e9n\u00e9ral Noureddine Taboubi a appel\u00e9 le bureau ex\u00e9cutif \u00e0 une r\u00e9union extraordinaire, aujourd\u2019hui, pour examiner l\u2019impact de ce remaniement et ses retomb\u00e9es sur le soutien de la centrale syndicale au gouvernement d\u2019union nationale, issu de l\u2019accord de Carthage dont l\u2019UGTT est signataire.<\/p>\n<p><em>\u00abL\u2019UGTT n\u2019a pas \u00e9t\u00e9 consult\u00e9e pour ce remaniement\u00bb<\/em>, a \u00e9crit Sami Tahri, membre du bureau ex\u00e9cutif, sur la page officielle de l\u2019UGTT sur Facebook, ajoutant que cette d\u00e9cision \u00ab<em>constitue un d\u00e9passement de l\u2019accord de Carthage<\/em>\u00bb.<\/p>\n<p>Selon Tahri, la r\u00e9union extraordinaire, dimanche, du bureau ex\u00e9cutif de l\u2019UGTT va examiner le remaniement qui a envoy\u00e9 plusieurs messages \u00e0 la centrale syndicale, car, s\u2019est-il interrog\u00e9, \u00ab<em>quel rapport pourrait avoir Khalil Ghariani, dirigeant de l\u2019Utica, la centrale patronale, qui n\u2019a jamais occup\u00e9 le moindre poste dans la fonction publique, avec le minist\u00e8re de la Fonction publique et de la Gouvernance?\u00bb<\/em>.<\/p>\n<p style=\"text-align: center;\"><img loading=\"lazy\" decoding=\"async\" class=\"alignnone wp-image-84587\" src=\"http:\/\/kapitalis.com\/tunisie\/wp-content\/uploads\/2017\/02\/Noureddine-Taboubi-et-Youssef-Chahed.jpg\" alt=\"Noureddine Taboubi et Youssef Chahed\" width=\"500\" height=\"317\" \/><\/p>\n<p style=\"text-align: center;\"><em>Le courant ne passe plus entre Noureddine Taboubi et Youssef Chahed.<\/em><\/p>\n<p>L\u2019UGTT n\u2019a visiblement pas dig\u00e9r\u00e9 le remplacement de l\u2019un de ses anciens dirigeants \u00e0 la t\u00eate de ce d\u00e9partement, Abid Briki en l\u2019occurrence, par un cadre de l\u2019organisation patronale, que l\u2019UGTT a souvent eu en face d\u2019elle dans les n\u00e9gociations sociales.<\/p>\n<p>Selon les milieux syndicaux, ce changement exprime des intentions qui animent le chef du gouvernement Youssef Chahed et qui ne seraient pas dans l\u2019int\u00e9r\u00eat des travailleurs.<\/p>\n<p style=\"text-align: right;\"><strong>Abderrazek Krimi<\/strong><\/p>\n","protected":false},"excerpt":{"rendered":"<p>L\u2019UGTT n\u2019a pas appr\u00e9ci\u00e9 le remplacement de l\u2019un de ses anciens dirigeants au gouvernement Chahed par un haut cadre de l\u2019organisation patronale.<\/p>\n","protected":false},"author":8,"featured_media":84583,"comment_status":"open","ping_status":"open","sticky":false,"template":"","format":"standard","meta":{"footnotes":""},"categories":[997,2433],"tags":[13802,6613,21897,7356],"class_list":["post-84582","post","type-post","status-publish","format-standard","has-post-thumbnail","hentry","category-politique","category-tunisie","tag-abid-briki","tag-khalil-ghariani","tag-noureddine-taboubi","tag-remaniement-ministeriel"],"yoast_head":"<!-- This site is optimized with the Yoast SEO plugin v26.6 - https:\/\/yoast.com\/wordpress\/plugins\/seo\/ -->\n<title>Remaniement minist\u00e9riel : L\u2019UGTT fait entendre sa musique - Kapitalis<\/title>\n<meta name=\"robots\" content=\"index, follow, max-snippet:-1, max-image-preview:large, max-video-preview:-1\" \/>\n<link rel=\"canonical\" href=\"https:\/\/kapitalis.com\/tunisie\/2017\/02\/26\/remaniement-ministeriel-lugtt-fait-entendre-sa-musique\/\" \/>\n<meta property=\"og:locale\" content=\"fr_FR\" \/>\n<meta property=\"og:type\" content=\"article\" \/>\n<meta property=\"og:title\" content=\"Remaniement minist\u00e9riel : L\u2019UGTT fait entendre sa musique - Kapitalis\" \/>\n<meta property=\"og:description\" content=\"L\u2019UGTT n\u2019a pas appr\u00e9ci\u00e9 le remplacement de l\u2019un de ses anciens dirigeants au gouvernement Chahed par un haut cadre de l\u2019organisation patronale.\" \/>\n<meta property=\"og:url\" content=\"https:\/\/kapitalis.com\/tunisie\/2017\/02\/26\/remaniement-ministeriel-lugtt-fait-entendre-sa-musique\/\" \/>\n<meta property=\"og:site_name\" content=\"Kapitalis\" \/>\n<meta property=\"article:publisher\" content=\"https:\/\/www.facebook.com\/KapitalisInfo\/\" \/>\n<meta property=\"article:published_time\" content=\"2017-02-26T07:23:28+00:00\" \/>\n<meta property=\"article:modified_time\" content=\"2017-02-26T07:29:00+00:00\" \/>\n<meta property=\"og:image\" content=\"https:\/\/kapitalis.com\/tunisie\/wp-content\/uploads\/2022\/05\/kapitalis-logo-fb.png\" \/>\n\t<meta property=\"og:image:width\" content=\"1200\" \/>\n\t<meta property=\"og:image:height\" content=\"630\" \/>\n\t<meta property=\"og:image:type\" content=\"image\/png\" \/>\n<meta name=\"author\" content=\"webmaster kapitalis\" \/>\n<meta name=\"twitter:card\" content=\"summary_large_image\" \/>\n<meta name=\"twitter:creator\" content=\"@KapitalisInfo\" \/>\n<meta name=\"twitter:site\" content=\"@KapitalisInfo\" \/>\n<meta name=\"twitter:label1\" content=\"\u00c9crit par\" \/>\n\t<meta name=\"twitter:data1\" content=\"webmaster kapitalis\" \/>\n\t<meta name=\"twitter:label2\" content=\"Dur\u00e9e de lecture estim\u00e9e\" \/>\n\t<meta name=\"twitter:data2\" content=\"2 minutes\" \/>\n<script type=\"application\/ld+json\" class=\"yoast-schema-graph\">{\"@context\":\"https:\/\/schema.org\",\"@graph\":[{\"@type\":\"Article\",\"@id\":\"https:\/\/kapitalis.com\/tunisie\/2017\/02\/26\/remaniement-ministeriel-lugtt-fait-entendre-sa-musique\/#article\",\"isPartOf\":{\"@id\":\"https:\/\/kapitalis.com\/tunisie\/2017\/02\/26\/remaniement-ministeriel-lugtt-fait-entendre-sa-musique\/\"},\"author\":{\"name\":\"webmaster kapitalis\",\"@id\":\"https:\/\/kapitalis.com\/tunisie\/#\/schema\/person\/d71f33a9ca44f7bad4698210b480c8e9\"},\"headline\":\"Remaniement minist\u00e9riel : L\u2019UGTT fait entendre sa musique\",\"datePublished\":\"2017-02-26T07:23:28+00:00\",\"dateModified\":\"2017-02-26T07:29:00+00:00\",\"mainEntityOfPage\":{\"@id\":\"https:\/\/kapitalis.com\/tunisie\/2017\/02\/26\/remaniement-ministeriel-lugtt-fait-entendre-sa-musique\/\"},\"wordCount\":328,\"commentCount\":4,\"publisher\":{\"@id\":\"https:\/\/kapitalis.com\/tunisie\/#organization\"},\"image\":{\"@id\":\"https:\/\/kapitalis.com\/tunisie\/2017\/02\/26\/remaniement-ministeriel-lugtt-fait-entendre-sa-musique\/#primaryimage\"},\"thumbnailUrl\":\"\",\"keywords\":[\"Abid Briki\",\"Khalil Ghariani\",\"Noureddine Taboubi\",\"remaniement minist\u00e9riel\"],\"articleSection\":[\"POLITIQUE\",\"Tunisie\"],\"inLanguage\":\"fr-FR\",\"potentialAction\":[{\"@type\":\"CommentAction\",\"name\":\"Comment\",\"target\":[\"https:\/\/kapitalis.com\/tunisie\/2017\/02\/26\/remaniement-ministeriel-lugtt-fait-entendre-sa-musique\/#respond\"]}]},{\"@type\":\"WebPage\",\"@id\":\"https:\/\/kapitalis.com\/tunisie\/2017\/02\/26\/remaniement-ministeriel-lugtt-fait-entendre-sa-musique\/\",\"url\":\"https:\/\/kapitalis.com\/tunisie\/2017\/02\/26\/remaniement-ministeriel-lugtt-fait-entendre-sa-musique\/\",\"name\":\"Remaniement minist\u00e9riel : L\u2019UGTT fait entendre sa musique - Kapitalis\",\"isPartOf\":{\"@id\":\"https:\/\/kapitalis.com\/tunisie\/#website\"},\"primaryImageOfPage\":{\"@id\":\"https:\/\/kapitalis.com\/tunisie\/2017\/02\/26\/remaniement-ministeriel-lugtt-fait-entendre-sa-musique\/#primaryimage\"},\"image\":{\"@id\":\"https:\/\/kapitalis.com\/tunisie\/2017\/02\/26\/remaniement-ministeriel-lugtt-fait-entendre-sa-musique\/#primaryimage\"},\"thumbnailUrl\":\"\",\"datePublished\":\"2017-02-26T07:23:28+00:00\",\"dateModified\":\"2017-02-26T07:29:00+00:00\",\"breadcrumb\":{\"@id\":\"https:\/\/kapitalis.com\/tunisie\/2017\/02\/26\/remaniement-ministeriel-lugtt-fait-entendre-sa-musique\/#breadcrumb\"},\"inLanguage\":\"fr-FR\",\"potentialAction\":[{\"@type\":\"ReadAction\",\"target\":[\"https:\/\/kapitalis.com\/tunisie\/2017\/02\/26\/remaniement-ministeriel-lugtt-fait-entendre-sa-musique\/\"]}]},{\"@type\":\"ImageObject\",\"inLanguage\":\"fr-FR\",\"@id\":\"https:\/\/kapitalis.com\/tunisie\/2017\/02\/26\/remaniement-ministeriel-lugtt-fait-entendre-sa-musique\/#primaryimage\",\"url\":\"\",\"contentUrl\":\"\"},{\"@type\":\"BreadcrumbList\",\"@id\":\"https:\/\/kapitalis.com\/tunisie\/2017\/02\/26\/remaniement-ministeriel-lugtt-fait-entendre-sa-musique\/#breadcrumb\",\"itemListElement\":[{\"@type\":\"ListItem\",\"position\":1,\"name\":\"Accueil\",\"item\":\"https:\/\/kapitalis.com\/tunisie\/\"},{\"@type\":\"ListItem\",\"position\":2,\"name\":\"Remaniement minist\u00e9riel : L\u2019UGTT fait entendre sa musique\"}]},{\"@type\":\"WebSite\",\"@id\":\"https:\/\/kapitalis.com\/tunisie\/#website\",\"url\":\"https:\/\/kapitalis.com\/tunisie\/\",\"name\":\"Kapitalis\",\"description\":\"L&#039;actualit\u00e9 en Tunisie et dans le monde\",\"publisher\":{\"@id\":\"https:\/\/kapitalis.com\/tunisie\/#organization\"},\"potentialAction\":[{\"@type\":\"SearchAction\",\"target\":{\"@type\":\"EntryPoint\",\"urlTemplate\":\"https:\/\/kapitalis.com\/tunisie\/?s={search_term_string}\"},\"query-input\":{\"@type\":\"PropertyValueSpecification\",\"valueRequired\":true,\"valueName\":\"search_term_string\"}}],\"inLanguage\":\"fr-FR\"},{\"@type\":\"Organization\",\"@id\":\"https:\/\/kapitalis.com\/tunisie\/#organization\",\"name\":\"Kapitalis\",\"url\":\"https:\/\/kapitalis.com\/tunisie\/\",\"logo\":{\"@type\":\"ImageObject\",\"inLanguage\":\"fr-FR\",\"@id\":\"https:\/\/kapitalis.com\/tunisie\/#\/schema\/logo\/image\/\",\"url\":\"https:\/\/kapitalis.com\/tunisie\/wp-content\/uploads\/2022\/05\/Kapitalis-big-size.png\",\"contentUrl\":\"https:\/\/kapitalis.com\/tunisie\/wp-content\/uploads\/2022\/05\/Kapitalis-big-size.png\",\"width\":5000,\"height\":1500,\"caption\":\"Kapitalis\"},\"image\":{\"@id\":\"https:\/\/kapitalis.com\/tunisie\/#\/schema\/logo\/image\/\"},\"sameAs\":[\"https:\/\/www.facebook.com\/KapitalisInfo\/\",\"https:\/\/x.com\/KapitalisInfo\",\"https:\/\/www.youtube.com\/channel\/UC-yDYrHyfFBWWZaOw3FPg9Q\"]},{\"@type\":\"Person\",\"@id\":\"https:\/\/kapitalis.com\/tunisie\/#\/schema\/person\/d71f33a9ca44f7bad4698210b480c8e9\",\"name\":\"webmaster kapitalis\",\"url\":\"https:\/\/kapitalis.com\/tunisie\/author\/webmaster-kapitalis\/\"}]}<\/script>\n<!-- \/ Yoast SEO plugin. -->","yoast_head_json":{"title":"Remaniement minist\u00e9riel : L\u2019UGTT fait entendre sa musique - Kapitalis","robots":{"index":"index","follow":"follow","max-snippet":"max-snippet:-1","max-image-preview":"max-image-preview:large","max-video-preview":"max-video-preview:-1"},"canonical":"https:\/\/kapitalis.com\/tunisie\/2017\/02\/26\/remaniement-ministeriel-lugtt-fait-entendre-sa-musique\/","og_locale":"fr_FR","og_type":"article","og_title":"Remaniement minist\u00e9riel : L\u2019UGTT fait entendre sa musique - Kapitalis","og_description":"L\u2019UGTT n\u2019a pas appr\u00e9ci\u00e9 le remplacement de l\u2019un de ses anciens dirigeants au gouvernement Chahed par un haut cadre de l\u2019organisation patronale.","og_url":"https:\/\/kapitalis.com\/tunisie\/2017\/02\/26\/remaniement-ministeriel-lugtt-fait-entendre-sa-musique\/","og_site_name":"Kapitalis","article_publisher":"https:\/\/www.facebook.com\/KapitalisInfo\/","article_published_time":"2017-02-26T07:23:28+00:00","article_modified_time":"2017-02-26T07:29:00+00:00","og_image":[{"width":1200,"height":630,"url":"https:\/\/kapitalis.com\/tunisie\/wp-content\/uploads\/2022\/05\/kapitalis-logo-fb.png","type":"image\/png"}],"author":"webmaster kapitalis","twitter_card":"summary_large_image","twitter_creator":"@KapitalisInfo","twitter_site":"@KapitalisInfo","twitter_misc":{"\u00c9crit par":"webmaster kapitalis","Dur\u00e9e de lecture estim\u00e9e":"2 minutes"},"schema":{"@context":"https:\/\/schema.org","@graph":[{"@type":"Article","@id":"https:\/\/kapitalis.com\/tunisie\/2017\/02\/26\/remaniement-ministeriel-lugtt-fait-entendre-sa-musique\/#article","isPartOf":{"@id":"https:\/\/kapitalis.com\/tunisie\/2017\/02\/26\/remaniement-ministeriel-lugtt-fait-entendre-sa-musique\/"},"author":{"name":"webmaster kapitalis","@id":"https:\/\/kapitalis.com\/tunisie\/#\/schema\/person\/d71f33a9ca44f7bad4698210b480c8e9"},"headline":"Remaniement minist\u00e9riel : L\u2019UGTT fait entendre sa musique","datePublished":"2017-02-26T07:23:28+00:00","dateModified":"2017-02-26T07:29:00+00:00","mainEntityOfPage":{"@id":"https:\/\/kapitalis.com\/tunisie\/2017\/02\/26\/remaniement-ministeriel-lugtt-fait-entendre-sa-musique\/"},"wordCount":328,"commentCount":4,"publisher":{"@id":"https:\/\/kapitalis.com\/tunisie\/#organization"},"image":{"@id":"https:\/\/kapitalis.com\/tunisie\/2017\/02\/26\/remaniement-ministeriel-lugtt-fait-entendre-sa-musique\/#primaryimage"},"thumbnailUrl":"","keywords":["Abid Briki","Khalil Ghariani","Noureddine Taboubi","remaniement minist\u00e9riel"],"articleSection":["POLITIQUE","Tunisie"],"inLanguage":"fr-FR","potentialAction":[{"@type":"CommentAction","name":"Comment","target":["https:\/\/kapitalis.com\/tunisie\/2017\/02\/26\/remaniement-ministeriel-lugtt-fait-entendre-sa-musique\/#respond"]}]},{"@type":"WebPage","@id":"https:\/\/kapitalis.com\/tunisie\/2017\/02\/26\/remaniement-ministeriel-lugtt-fait-entendre-sa-musique\/","url":"https:\/\/kapitalis.com\/tunisie\/2017\/02\/26\/remaniement-ministeriel-lugtt-fait-entendre-sa-musique\/","name":"Remaniement minist\u00e9riel : L\u2019UGTT fait entendre sa musique - Kapitalis","isPartOf":{"@id":"https:\/\/kapitalis.com\/tunisie\/#website"},"primaryImageOfPage":{"@id":"https:\/\/kapitalis.com\/tunisie\/2017\/02\/26\/remaniement-ministeriel-lugtt-fait-entendre-sa-musique\/#primaryimage"},"image":{"@id":"https:\/\/kapitalis.com\/tunisie\/2017\/02\/26\/remaniement-ministeriel-lugtt-fait-entendre-sa-musique\/#primaryimage"},"thumbnailUrl":"","datePublished":"2017-02-26T07:23:28+00:00","dateModified":"2017-02-26T07:29:00+00:00","breadcrumb":{"@id":"https:\/\/kapitalis.com\/tunisie\/2017\/02\/26\/remaniement-ministeriel-lugtt-fait-entendre-sa-musique\/#breadcrumb"},"inLanguage":"fr-FR","potentialAction":[{"@type":"ReadAction","target":["https:\/\/kapitalis.com\/tunisie\/2017\/02\/26\/remaniement-ministeriel-lugtt-fait-entendre-sa-musique\/"]}]},{"@type":"ImageObject","inLanguage":"fr-FR","@id":"https:\/\/kapitalis.com\/tunisie\/2017\/02\/26\/remaniement-ministeriel-lugtt-fait-entendre-sa-musique\/#primaryimage","url":"","contentUrl":""},{"@type":"BreadcrumbList","@id":"https:\/\/kapitalis.com\/tunisie\/2017\/02\/26\/remaniement-ministeriel-lugtt-fait-entendre-sa-musique\/#breadcrumb","itemListElement":[{"@type":"ListItem","position":1,"name":"Accueil","item":"https:\/\/kapitalis.com\/tunisie\/"},{"@type":"ListItem","position":2,"name":"Remaniement minist\u00e9riel : L\u2019UGTT fait entendre sa musique"}]},{"@type":"WebSite","@id":"https:\/\/kapitalis.com\/tunisie\/#website","url":"https:\/\/kapitalis.com\/tunisie\/","name":"Kapitalis","description":"L&#039;actualit\u00e9 en Tunisie et dans le monde","publisher":{"@id":"https:\/\/kapitalis.com\/tunisie\/#organization"},"potentialAction":[{"@type":"SearchAction","target":{"@type":"EntryPoint","urlTemplate":"https:\/\/kapitalis.com\/tunisie\/?s={search_term_string}"},"query-input":{"@type":"PropertyValueSpecification","valueRequired":true,"valueName":"search_term_string"}}],"inLanguage":"fr-FR"},{"@type":"Organization","@id":"https:\/\/kapitalis.com\/tunisie\/#organization","name":"Kapitalis","url":"https:\/\/kapitalis.com\/tunisie\/","logo":{"@type":"ImageObject","inLanguage":"fr-FR","@id":"https:\/\/kapitalis.com\/tunisie\/#\/schema\/logo\/image\/","url":"https:\/\/kapitalis.com\/tunisie\/wp-content\/uploads\/2022\/05\/Kapitalis-big-size.png","contentUrl":"https:\/\/kapitalis.com\/tunisie\/wp-content\/uploads\/2022\/05\/Kapitalis-big-size.png","width":5000,"height":1500,"caption":"Kapitalis"},"image":{"@id":"https:\/\/kapitalis.com\/tunisie\/#\/schema\/logo\/image\/"},"sameAs":["https:\/\/www.facebook.com\/KapitalisInfo\/","https:\/\/x.com\/KapitalisInfo","https:\/\/www.youtube.com\/channel\/UC-yDYrHyfFBWWZaOw3FPg9Q"]},{"@type":"Person","@id":"https:\/\/kapitalis.com\/tunisie\/#\/schema\/person\/d71f33a9ca44f7bad4698210b480c8e9","name":"webmaster kapitalis","url":"https:\/\/kapitalis.com\/tunisie\/author\/webmaster-kapitalis\/"}]}},"_links":{"self":[{"href":"https:\/\/kapitalis.com\/tunisie\/wp-json\/wp\/v2\/posts\/84582","targetHints":{"allow":["GET"]}}],"collection":[{"href":"https:\/\/kapitalis.com\/tunisie\/wp-json\/wp\/v2\/posts"}],"about":[{"href":"https:\/\/kapitalis.com\/tunisie\/wp-json\/wp\/v2\/types\/post"}],"author":[{"embeddable":true,"href":"https:\/\/kapitalis.com\/tunisie\/wp-json\/wp\/v2\/users\/8"}],"replies":[{"embeddable":true,"href":"https:\/\/kapitalis.com\/tunisie\/wp-json\/wp\/v2\/comments?post=84582"}],"version-history":[{"count":0,"href":"https:\/\/kapitalis.com\/tunisie\/wp-json\/wp\/v2\/posts\/84582\/revisions"}],"wp:featuredmedia":[{"embeddable":true,"href":"https:\/\/kapitalis.com\/tunisie\/wp-json\/wp\/v2\/media\/84583"}],"wp:attachment":[{"href":"https:\/\/kapitalis.com\/tunisie\/wp-json\/wp\/v2\/media?parent=84582"}],"wp:term":[{"taxonomy":"category","embeddable":true,"href":"https:\/\/kapitalis.com\/tunisie\/wp-json\/wp\/v2\/categories?post=84582"},{"taxonomy":"post_tag","embeddable":true,"href":"https:\/\/kapitalis.com\/tunisie\/wp-json\/wp\/v2\/tags?post=84582"}],"curies":[{"name":"wp","href":"https:\/\/api.w.org\/{rel}","templated":true}]}}