{"id":8458260,"date":"2023-06-20T20:07:24","date_gmt":"2023-06-20T19:07:24","guid":{"rendered":"https:\/\/kapitalis.com\/tunisie\/?p=8458260"},"modified":"2023-06-20T20:09:19","modified_gmt":"2023-06-20T19:09:19","slug":"tunisie-le-directeur-de-sicca-jazz-ramzi-jebabli-maintenu-en-liberte","status":"publish","type":"post","link":"https:\/\/kapitalis.com\/tunisie\/2023\/06\/20\/tunisie-le-directeur-de-sicca-jazz-ramzi-jebabli-maintenu-en-liberte\/","title":{"rendered":"Tunisie : Le directeur de Sicca Jazz Ramzi Jebabli maintenu en libert\u00e9"},"content":{"rendered":"\n<p><strong><em>Le directeur du festival Sicca Jazz Ramzi Jebabli vient d&rsquo;\u00eatre lib\u00e9r\u00e9 apr\u00e8s avoir \u00e9t\u00e9 arr\u00eat\u00e9 il y a quelques jours \u00e0 cause de ch\u00e8que sans provisions.<\/em><\/strong><\/p>\n\n\n\n<!--more-->\n\n\n\n<p>Ramzi Jebabli avait \u00e9t\u00e9 incarc\u00e9r\u00e9 vendredi dernier pour avoir sign\u00e9 des ch\u00e8ques sans provisions qu&rsquo;il n&rsquo;a pas pu payer \u00e0 cause d&rsquo;un retard de versements des subventions au festival Sicca Jazz. Plusieurs artistes et acteurs de la sc\u00e8ne culturelle ont exprim\u00e9 leur soutien \u00e0 ce fervent d\u00e9fenseur de la d\u00e9centralisation culturelle  \u00e0 la ville du Kef.<\/p>\n\n\n\n<p>Le Tribunal de premi\u00e8re Instance a d\u00e9cid\u00e9 de maintenir en libert\u00e9 Ramzi Jebabli dans l&rsquo;attente du versement des subventions allou\u00e9es par le minist\u00e8re des Affaires culturelles.<\/p>\n","protected":false},"excerpt":{"rendered":"<p>Le directeur du festival Sicca Jazz Ramzi Jebabli vient d&rsquo;\u00eatre lib\u00e9r\u00e9 apr\u00e8s avoir \u00e9t\u00e9 arr\u00eat\u00e9 il y a quelques jours \u00e0 cause de ch\u00e8que sans provisions.<\/p>\n","protected":false},"author":26,"featured_media":8445269,"comment_status":"open","ping_status":"open","sticky":false,"template":"","format":"standard","meta":{"footnotes":""},"categories":[994,2433],"tags":[108525,6470,92616,15177,62643],"class_list":["post-8458260","post","type-post","status-publish","format-standard","has-post-thumbnail","hentry","category-culture","category-tunisie","tag-cheques-sans-provisions","tag-le-kef","tag-ramzi-jebabli","tag-sicca-jazz","tag-tunisie"],"yoast_head":"<!-- This site is optimized with the Yoast SEO plugin v26.6 - https:\/\/yoast.com\/wordpress\/plugins\/seo\/ -->\n<title>Tunisie : Le directeur de Sicca Jazz Ramzi Jebabli maintenu en libert\u00e9 - Kapitalis<\/title>\n<meta name=\"robots\" content=\"index, follow, max-snippet:-1, max-image-preview:large, max-video-preview:-1\" \/>\n<link rel=\"canonical\" href=\"https:\/\/kapitalis.com\/tunisie\/2023\/06\/20\/tunisie-le-directeur-de-sicca-jazz-ramzi-jebabli-maintenu-en-liberte\/\" \/>\n<meta property=\"og:locale\" content=\"fr_FR\" \/>\n<meta property=\"og:type\" content=\"article\" \/>\n<meta property=\"og:title\" content=\"Tunisie : Le directeur de Sicca Jazz Ramzi Jebabli maintenu en libert\u00e9 - Kapitalis\" \/>\n<meta property=\"og:description\" content=\"Le directeur du festival Sicca Jazz Ramzi Jebabli vient d&rsquo;\u00eatre lib\u00e9r\u00e9 apr\u00e8s avoir \u00e9t\u00e9 arr\u00eat\u00e9 il y a quelques jours \u00e0 cause de ch\u00e8que sans provisions.\" \/>\n<meta property=\"og:url\" content=\"https:\/\/kapitalis.com\/tunisie\/2023\/06\/20\/tunisie-le-directeur-de-sicca-jazz-ramzi-jebabli-maintenu-en-liberte\/\" \/>\n<meta property=\"og:site_name\" content=\"Kapitalis\" \/>\n<meta property=\"article:publisher\" content=\"https:\/\/www.facebook.com\/KapitalisInfo\/\" \/>\n<meta property=\"article:published_time\" content=\"2023-06-20T19:07:24+00:00\" \/>\n<meta property=\"article:modified_time\" content=\"2023-06-20T19:09:19+00:00\" \/>\n<meta property=\"og:image\" content=\"https:\/\/kapitalis.com\/tunisie\/wp-content\/uploads\/2023\/06\/Ramzi-Jebabli-Sicca-Jazz.jpg\" \/>\n\t<meta property=\"og:image:width\" content=\"1200\" \/>\n\t<meta property=\"og:image:height\" content=\"630\" \/>\n\t<meta property=\"og:image:type\" content=\"image\/jpeg\" \/>\n<meta name=\"author\" content=\"Fawz BenAli\" \/>\n<meta name=\"twitter:card\" content=\"summary_large_image\" \/>\n<meta name=\"twitter:creator\" content=\"@KapitalisInfo\" \/>\n<meta name=\"twitter:site\" content=\"@KapitalisInfo\" \/>\n<meta name=\"twitter:label1\" content=\"\u00c9crit par\" \/>\n\t<meta name=\"twitter:data1\" content=\"Fawz BenAli\" \/>\n\t<meta name=\"twitter:label2\" content=\"Dur\u00e9e de lecture estim\u00e9e\" \/>\n\t<meta name=\"twitter:data2\" content=\"1 minute\" \/>\n<script type=\"application\/ld+json\" class=\"yoast-schema-graph\">{\"@context\":\"https:\/\/schema.org\",\"@graph\":[{\"@type\":\"Article\",\"@id\":\"https:\/\/kapitalis.com\/tunisie\/2023\/06\/20\/tunisie-le-directeur-de-sicca-jazz-ramzi-jebabli-maintenu-en-liberte\/#article\",\"isPartOf\":{\"@id\":\"https:\/\/kapitalis.com\/tunisie\/2023\/06\/20\/tunisie-le-directeur-de-sicca-jazz-ramzi-jebabli-maintenu-en-liberte\/\"},\"author\":{\"name\":\"Fawz BenAli\",\"@id\":\"https:\/\/kapitalis.com\/tunisie\/#\/schema\/person\/73a5ecc1f6ae540c6ed91342eadca948\"},\"headline\":\"Tunisie : Le directeur de Sicca Jazz Ramzi Jebabli maintenu en libert\u00e9\",\"datePublished\":\"2023-06-20T19:07:24+00:00\",\"dateModified\":\"2023-06-20T19:09:19+00:00\",\"mainEntityOfPage\":{\"@id\":\"https:\/\/kapitalis.com\/tunisie\/2023\/06\/20\/tunisie-le-directeur-de-sicca-jazz-ramzi-jebabli-maintenu-en-liberte\/\"},\"wordCount\":129,\"commentCount\":0,\"publisher\":{\"@id\":\"https:\/\/kapitalis.com\/tunisie\/#organization\"},\"image\":{\"@id\":\"https:\/\/kapitalis.com\/tunisie\/2023\/06\/20\/tunisie-le-directeur-de-sicca-jazz-ramzi-jebabli-maintenu-en-liberte\/#primaryimage\"},\"thumbnailUrl\":\"https:\/\/kapitalis.com\/tunisie\/wp-content\/uploads\/2023\/06\/Ramzi-Jebabli-Sicca-Jazz.jpg\",\"keywords\":[\"ch\u00e8ques sans provisions\",\"Le Kef\",\"Ramzi jebabli\",\"Sicca Jazz\",\"Tunisie\"],\"articleSection\":[\"CULTURE\",\"Tunisie\"],\"inLanguage\":\"fr-FR\",\"potentialAction\":[{\"@type\":\"CommentAction\",\"name\":\"Comment\",\"target\":[\"https:\/\/kapitalis.com\/tunisie\/2023\/06\/20\/tunisie-le-directeur-de-sicca-jazz-ramzi-jebabli-maintenu-en-liberte\/#respond\"]}]},{\"@type\":\"WebPage\",\"@id\":\"https:\/\/kapitalis.com\/tunisie\/2023\/06\/20\/tunisie-le-directeur-de-sicca-jazz-ramzi-jebabli-maintenu-en-liberte\/\",\"url\":\"https:\/\/kapitalis.com\/tunisie\/2023\/06\/20\/tunisie-le-directeur-de-sicca-jazz-ramzi-jebabli-maintenu-en-liberte\/\",\"name\":\"Tunisie : Le directeur de Sicca Jazz Ramzi Jebabli maintenu en libert\u00e9 - Kapitalis\",\"isPartOf\":{\"@id\":\"https:\/\/kapitalis.com\/tunisie\/#website\"},\"primaryImageOfPage\":{\"@id\":\"https:\/\/kapitalis.com\/tunisie\/2023\/06\/20\/tunisie-le-directeur-de-sicca-jazz-ramzi-jebabli-maintenu-en-liberte\/#primaryimage\"},\"image\":{\"@id\":\"https:\/\/kapitalis.com\/tunisie\/2023\/06\/20\/tunisie-le-directeur-de-sicca-jazz-ramzi-jebabli-maintenu-en-liberte\/#primaryimage\"},\"thumbnailUrl\":\"https:\/\/kapitalis.com\/tunisie\/wp-content\/uploads\/2023\/06\/Ramzi-Jebabli-Sicca-Jazz.jpg\",\"datePublished\":\"2023-06-20T19:07:24+00:00\",\"dateModified\":\"2023-06-20T19:09:19+00:00\",\"breadcrumb\":{\"@id\":\"https:\/\/kapitalis.com\/tunisie\/2023\/06\/20\/tunisie-le-directeur-de-sicca-jazz-ramzi-jebabli-maintenu-en-liberte\/#breadcrumb\"},\"inLanguage\":\"fr-FR\",\"potentialAction\":[{\"@type\":\"ReadAction\",\"target\":[\"https:\/\/kapitalis.com\/tunisie\/2023\/06\/20\/tunisie-le-directeur-de-sicca-jazz-ramzi-jebabli-maintenu-en-liberte\/\"]}]},{\"@type\":\"ImageObject\",\"inLanguage\":\"fr-FR\",\"@id\":\"https:\/\/kapitalis.com\/tunisie\/2023\/06\/20\/tunisie-le-directeur-de-sicca-jazz-ramzi-jebabli-maintenu-en-liberte\/#primaryimage\",\"url\":\"https:\/\/kapitalis.com\/tunisie\/wp-content\/uploads\/2023\/06\/Ramzi-Jebabli-Sicca-Jazz.jpg\",\"contentUrl\":\"https:\/\/kapitalis.com\/tunisie\/wp-content\/uploads\/2023\/06\/Ramzi-Jebabli-Sicca-Jazz.jpg\",\"width\":1200,\"height\":630},{\"@type\":\"BreadcrumbList\",\"@id\":\"https:\/\/kapitalis.com\/tunisie\/2023\/06\/20\/tunisie-le-directeur-de-sicca-jazz-ramzi-jebabli-maintenu-en-liberte\/#breadcrumb\",\"itemListElement\":[{\"@type\":\"ListItem\",\"position\":1,\"name\":\"Accueil\",\"item\":\"https:\/\/kapitalis.com\/tunisie\/\"},{\"@type\":\"ListItem\",\"position\":2,\"name\":\"Tunisie : Le directeur de Sicca Jazz Ramzi Jebabli maintenu en libert\u00e9\"}]},{\"@type\":\"WebSite\",\"@id\":\"https:\/\/kapitalis.com\/tunisie\/#website\",\"url\":\"https:\/\/kapitalis.com\/tunisie\/\",\"name\":\"Kapitalis\",\"description\":\"L&#039;actualit\u00e9 en Tunisie et dans le monde\",\"publisher\":{\"@id\":\"https:\/\/kapitalis.com\/tunisie\/#organization\"},\"potentialAction\":[{\"@type\":\"SearchAction\",\"target\":{\"@type\":\"EntryPoint\",\"urlTemplate\":\"https:\/\/kapitalis.com\/tunisie\/?s={search_term_string}\"},\"query-input\":{\"@type\":\"PropertyValueSpecification\",\"valueRequired\":true,\"valueName\":\"search_term_string\"}}],\"inLanguage\":\"fr-FR\"},{\"@type\":\"Organization\",\"@id\":\"https:\/\/kapitalis.com\/tunisie\/#organization\",\"name\":\"Kapitalis\",\"url\":\"https:\/\/kapitalis.com\/tunisie\/\",\"logo\":{\"@type\":\"ImageObject\",\"inLanguage\":\"fr-FR\",\"@id\":\"https:\/\/kapitalis.com\/tunisie\/#\/schema\/logo\/image\/\",\"url\":\"https:\/\/kapitalis.com\/tunisie\/wp-content\/uploads\/2022\/05\/Kapitalis-big-size.png\",\"contentUrl\":\"https:\/\/kapitalis.com\/tunisie\/wp-content\/uploads\/2022\/05\/Kapitalis-big-size.png\",\"width\":5000,\"height\":1500,\"caption\":\"Kapitalis\"},\"image\":{\"@id\":\"https:\/\/kapitalis.com\/tunisie\/#\/schema\/logo\/image\/\"},\"sameAs\":[\"https:\/\/www.facebook.com\/KapitalisInfo\/\",\"https:\/\/x.com\/KapitalisInfo\",\"https:\/\/www.youtube.com\/channel\/UC-yDYrHyfFBWWZaOw3FPg9Q\"]},{\"@type\":\"Person\",\"@id\":\"https:\/\/kapitalis.com\/tunisie\/#\/schema\/person\/73a5ecc1f6ae540c6ed91342eadca948\",\"name\":\"Fawz BenAli\",\"url\":\"https:\/\/kapitalis.com\/tunisie\/author\/fawz\/\"}]}<\/script>\n<!-- \/ Yoast SEO plugin. -->","yoast_head_json":{"title":"Tunisie : Le directeur de Sicca Jazz Ramzi Jebabli maintenu en libert\u00e9 - Kapitalis","robots":{"index":"index","follow":"follow","max-snippet":"max-snippet:-1","max-image-preview":"max-image-preview:large","max-video-preview":"max-video-preview:-1"},"canonical":"https:\/\/kapitalis.com\/tunisie\/2023\/06\/20\/tunisie-le-directeur-de-sicca-jazz-ramzi-jebabli-maintenu-en-liberte\/","og_locale":"fr_FR","og_type":"article","og_title":"Tunisie : Le directeur de Sicca Jazz Ramzi Jebabli maintenu en libert\u00e9 - Kapitalis","og_description":"Le directeur du festival Sicca Jazz Ramzi Jebabli vient d&rsquo;\u00eatre lib\u00e9r\u00e9 apr\u00e8s avoir \u00e9t\u00e9 arr\u00eat\u00e9 il y a quelques jours \u00e0 cause de ch\u00e8que sans provisions.","og_url":"https:\/\/kapitalis.com\/tunisie\/2023\/06\/20\/tunisie-le-directeur-de-sicca-jazz-ramzi-jebabli-maintenu-en-liberte\/","og_site_name":"Kapitalis","article_publisher":"https:\/\/www.facebook.com\/KapitalisInfo\/","article_published_time":"2023-06-20T19:07:24+00:00","article_modified_time":"2023-06-20T19:09:19+00:00","og_image":[{"width":1200,"height":630,"url":"https:\/\/kapitalis.com\/tunisie\/wp-content\/uploads\/2023\/06\/Ramzi-Jebabli-Sicca-Jazz.jpg","type":"image\/jpeg"}],"author":"Fawz BenAli","twitter_card":"summary_large_image","twitter_creator":"@KapitalisInfo","twitter_site":"@KapitalisInfo","twitter_misc":{"\u00c9crit par":"Fawz BenAli","Dur\u00e9e de lecture estim\u00e9e":"1 minute"},"schema":{"@context":"https:\/\/schema.org","@graph":[{"@type":"Article","@id":"https:\/\/kapitalis.com\/tunisie\/2023\/06\/20\/tunisie-le-directeur-de-sicca-jazz-ramzi-jebabli-maintenu-en-liberte\/#article","isPartOf":{"@id":"https:\/\/kapitalis.com\/tunisie\/2023\/06\/20\/tunisie-le-directeur-de-sicca-jazz-ramzi-jebabli-maintenu-en-liberte\/"},"author":{"name":"Fawz BenAli","@id":"https:\/\/kapitalis.com\/tunisie\/#\/schema\/person\/73a5ecc1f6ae540c6ed91342eadca948"},"headline":"Tunisie : Le directeur de Sicca Jazz Ramzi Jebabli maintenu en libert\u00e9","datePublished":"2023-06-20T19:07:24+00:00","dateModified":"2023-06-20T19:09:19+00:00","mainEntityOfPage":{"@id":"https:\/\/kapitalis.com\/tunisie\/2023\/06\/20\/tunisie-le-directeur-de-sicca-jazz-ramzi-jebabli-maintenu-en-liberte\/"},"wordCount":129,"commentCount":0,"publisher":{"@id":"https:\/\/kapitalis.com\/tunisie\/#organization"},"image":{"@id":"https:\/\/kapitalis.com\/tunisie\/2023\/06\/20\/tunisie-le-directeur-de-sicca-jazz-ramzi-jebabli-maintenu-en-liberte\/#primaryimage"},"thumbnailUrl":"https:\/\/kapitalis.com\/tunisie\/wp-content\/uploads\/2023\/06\/Ramzi-Jebabli-Sicca-Jazz.jpg","keywords":["ch\u00e8ques sans provisions","Le Kef","Ramzi jebabli","Sicca Jazz","Tunisie"],"articleSection":["CULTURE","Tunisie"],"inLanguage":"fr-FR","potentialAction":[{"@type":"CommentAction","name":"Comment","target":["https:\/\/kapitalis.com\/tunisie\/2023\/06\/20\/tunisie-le-directeur-de-sicca-jazz-ramzi-jebabli-maintenu-en-liberte\/#respond"]}]},{"@type":"WebPage","@id":"https:\/\/kapitalis.com\/tunisie\/2023\/06\/20\/tunisie-le-directeur-de-sicca-jazz-ramzi-jebabli-maintenu-en-liberte\/","url":"https:\/\/kapitalis.com\/tunisie\/2023\/06\/20\/tunisie-le-directeur-de-sicca-jazz-ramzi-jebabli-maintenu-en-liberte\/","name":"Tunisie : Le directeur de Sicca Jazz Ramzi Jebabli maintenu en libert\u00e9 - Kapitalis","isPartOf":{"@id":"https:\/\/kapitalis.com\/tunisie\/#website"},"primaryImageOfPage":{"@id":"https:\/\/kapitalis.com\/tunisie\/2023\/06\/20\/tunisie-le-directeur-de-sicca-jazz-ramzi-jebabli-maintenu-en-liberte\/#primaryimage"},"image":{"@id":"https:\/\/kapitalis.com\/tunisie\/2023\/06\/20\/tunisie-le-directeur-de-sicca-jazz-ramzi-jebabli-maintenu-en-liberte\/#primaryimage"},"thumbnailUrl":"https:\/\/kapitalis.com\/tunisie\/wp-content\/uploads\/2023\/06\/Ramzi-Jebabli-Sicca-Jazz.jpg","datePublished":"2023-06-20T19:07:24+00:00","dateModified":"2023-06-20T19:09:19+00:00","breadcrumb":{"@id":"https:\/\/kapitalis.com\/tunisie\/2023\/06\/20\/tunisie-le-directeur-de-sicca-jazz-ramzi-jebabli-maintenu-en-liberte\/#breadcrumb"},"inLanguage":"fr-FR","potentialAction":[{"@type":"ReadAction","target":["https:\/\/kapitalis.com\/tunisie\/2023\/06\/20\/tunisie-le-directeur-de-sicca-jazz-ramzi-jebabli-maintenu-en-liberte\/"]}]},{"@type":"ImageObject","inLanguage":"fr-FR","@id":"https:\/\/kapitalis.com\/tunisie\/2023\/06\/20\/tunisie-le-directeur-de-sicca-jazz-ramzi-jebabli-maintenu-en-liberte\/#primaryimage","url":"https:\/\/kapitalis.com\/tunisie\/wp-content\/uploads\/2023\/06\/Ramzi-Jebabli-Sicca-Jazz.jpg","contentUrl":"https:\/\/kapitalis.com\/tunisie\/wp-content\/uploads\/2023\/06\/Ramzi-Jebabli-Sicca-Jazz.jpg","width":1200,"height":630},{"@type":"BreadcrumbList","@id":"https:\/\/kapitalis.com\/tunisie\/2023\/06\/20\/tunisie-le-directeur-de-sicca-jazz-ramzi-jebabli-maintenu-en-liberte\/#breadcrumb","itemListElement":[{"@type":"ListItem","position":1,"name":"Accueil","item":"https:\/\/kapitalis.com\/tunisie\/"},{"@type":"ListItem","position":2,"name":"Tunisie : Le directeur de Sicca Jazz Ramzi Jebabli maintenu en libert\u00e9"}]},{"@type":"WebSite","@id":"https:\/\/kapitalis.com\/tunisie\/#website","url":"https:\/\/kapitalis.com\/tunisie\/","name":"Kapitalis","description":"L&#039;actualit\u00e9 en Tunisie et dans le monde","publisher":{"@id":"https:\/\/kapitalis.com\/tunisie\/#organization"},"potentialAction":[{"@type":"SearchAction","target":{"@type":"EntryPoint","urlTemplate":"https:\/\/kapitalis.com\/tunisie\/?s={search_term_string}"},"query-input":{"@type":"PropertyValueSpecification","valueRequired":true,"valueName":"search_term_string"}}],"inLanguage":"fr-FR"},{"@type":"Organization","@id":"https:\/\/kapitalis.com\/tunisie\/#organization","name":"Kapitalis","url":"https:\/\/kapitalis.com\/tunisie\/","logo":{"@type":"ImageObject","inLanguage":"fr-FR","@id":"https:\/\/kapitalis.com\/tunisie\/#\/schema\/logo\/image\/","url":"https:\/\/kapitalis.com\/tunisie\/wp-content\/uploads\/2022\/05\/Kapitalis-big-size.png","contentUrl":"https:\/\/kapitalis.com\/tunisie\/wp-content\/uploads\/2022\/05\/Kapitalis-big-size.png","width":5000,"height":1500,"caption":"Kapitalis"},"image":{"@id":"https:\/\/kapitalis.com\/tunisie\/#\/schema\/logo\/image\/"},"sameAs":["https:\/\/www.facebook.com\/KapitalisInfo\/","https:\/\/x.com\/KapitalisInfo","https:\/\/www.youtube.com\/channel\/UC-yDYrHyfFBWWZaOw3FPg9Q"]},{"@type":"Person","@id":"https:\/\/kapitalis.com\/tunisie\/#\/schema\/person\/73a5ecc1f6ae540c6ed91342eadca948","name":"Fawz BenAli","url":"https:\/\/kapitalis.com\/tunisie\/author\/fawz\/"}]}},"_links":{"self":[{"href":"https:\/\/kapitalis.com\/tunisie\/wp-json\/wp\/v2\/posts\/8458260","targetHints":{"allow":["GET"]}}],"collection":[{"href":"https:\/\/kapitalis.com\/tunisie\/wp-json\/wp\/v2\/posts"}],"about":[{"href":"https:\/\/kapitalis.com\/tunisie\/wp-json\/wp\/v2\/types\/post"}],"author":[{"embeddable":true,"href":"https:\/\/kapitalis.com\/tunisie\/wp-json\/wp\/v2\/users\/26"}],"replies":[{"embeddable":true,"href":"https:\/\/kapitalis.com\/tunisie\/wp-json\/wp\/v2\/comments?post=8458260"}],"version-history":[{"count":2,"href":"https:\/\/kapitalis.com\/tunisie\/wp-json\/wp\/v2\/posts\/8458260\/revisions"}],"predecessor-version":[{"id":8458385,"href":"https:\/\/kapitalis.com\/tunisie\/wp-json\/wp\/v2\/posts\/8458260\/revisions\/8458385"}],"wp:featuredmedia":[{"embeddable":true,"href":"https:\/\/kapitalis.com\/tunisie\/wp-json\/wp\/v2\/media\/8445269"}],"wp:attachment":[{"href":"https:\/\/kapitalis.com\/tunisie\/wp-json\/wp\/v2\/media?parent=8458260"}],"wp:term":[{"taxonomy":"category","embeddable":true,"href":"https:\/\/kapitalis.com\/tunisie\/wp-json\/wp\/v2\/categories?post=8458260"},{"taxonomy":"post_tag","embeddable":true,"href":"https:\/\/kapitalis.com\/tunisie\/wp-json\/wp\/v2\/tags?post=8458260"}],"curies":[{"name":"wp","href":"https:\/\/api.w.org\/{rel}","templated":true}]}}