{"id":84623,"date":"2017-02-26T14:41:13","date_gmt":"2017-02-26T13:41:13","guid":{"rendered":"http:\/\/kapitalis.com\/tunisie\/?p=84623"},"modified":"2017-02-26T14:41:13","modified_gmt":"2017-02-26T13:41:13","slug":"tunisie-de-la-dictature-doperette-au-bazar-democratique","status":"publish","type":"post","link":"https:\/\/kapitalis.com\/tunisie\/2017\/02\/26\/tunisie-de-la-dictature-doperette-au-bazar-democratique\/","title":{"rendered":"Tunisie : De la dictature d\u2019op\u00e9rette au bazar d\u00e9mocratique"},"content":{"rendered":"<p><img loading=\"lazy\" decoding=\"async\" class=\"alignnone size-full wp-image-84624 aligncenter\" src=\"http:\/\/kapitalis.com\/tunisie\/wp-content\/uploads\/2017\/02\/Bazar-democratique.jpg\" alt=\"\" width=\"626\" height=\"380\" \/><\/p>\n<p><em><strong>La Tunisie revendique outrageusement son classement parmi les jeunes d\u00e9mocraties. Pourtant, les Tunisiens n\u2019ont jamais connu une telle crise de la repr\u00e9sentation.<\/strong> <\/em><\/p>\n<p>Par<strong> Yassine Essid<\/strong><\/p>\n<p><!--more--><\/p>\n<p>En effet, le d\u00e9go\u00fbt<em> du<\/em> politique n\u2019a d\u2019\u00e9gal que le d\u00e9dain profond <em>des<\/em> hommes politiques, sentiments fond\u00e9s sur la conviction de plus en plus intime quant \u00e0 l\u2019insuffisance de ces derniers et \u00e0 leur inaptitude quasi r\u00e9solue \u00e0 changer la vie de leurs \u00e9lecteurs.<\/p>\n<p>D\u2019o\u00f9 ce remue-m\u00e9nage social permanent et parfois incontr\u00f4lable, d\u2019o\u00f9 l\u2019amplitude de l\u2019indiff\u00e9rence et du d\u00e9sengagement civils, d\u2019o\u00f9 la corruption, le commerce parall\u00e8le, l\u2019institutionnalisation de l\u2019informel, l\u2019id\u00e9alisation des trafiquants qui r\u00e9ussissent, le n\u00e9potisme, le favoritisme et l\u2019information biais\u00e9e.<\/p>\n<p><strong>Gabegie politique et crise \u00e9conomique<\/strong><\/p>\n<p>Un trop-plein de joyeuset\u00e9s qui naissent et croissent sur fond d\u2019absence de croissance, d\u2019inflation devenue structurelle, de d\u00e9rapage du d\u00e9ficit commercial qui continue \u00e0 exercer une pression inqui\u00e9tante sur la d\u00e9valuation du dinar, de recul des investissements voire carr\u00e9ment de d\u00e9sinvestissement, d\u2019endettement ext\u00e9rieur abyssal, de baisse de la note souveraine et la crainte persistante des gouvernants \u00e0 mettre en \u0153uvre les r\u00e9formes indispensables malgr\u00e9 les remontrances fumantes et r\u00e9p\u00e9t\u00e9es du FMI.<\/p>\n<p>Il faut ajouter \u00e0 cela le syst\u00e8me \u00e9ducatif, facteur major d\u2019un d\u00e9clin annonc\u00e9, transform\u00e9 en champ de ruines et \u00e0 l\u2019origine de la d\u00e9c\u00e9r\u00e9bration d\u2019une partie grandissante de la jeunesse du pays. Enfin, et de fa\u00e7on concomitante, le folklore de la d\u00e9sorganisation d\u2019une administration publique aussi pl\u00e9thorique qu\u2019inefficace : absent\u00e9isme des agents, indiff\u00e9rence coupable des fonctionnaires, abus et arbitraire des services publics qui poussent l\u2019usager \u00e0 remettre en cause le bien-fond\u00e9 de la libert\u00e9 et de la d\u00e9mocratie.<\/p>\n<p>Il n\u2019est point de bonheur sans libert\u00e9 de consommer et ce d\u2019autant plus que tout se d\u00e9roule dans une \u00e9conomie de plus en plus mondialis\u00e9e. Une forme de globalisation qui nous tient dans les mailles du libre \u00e9change au moment m\u00eame o\u00f9 nous avons de moins en moins de choses \u00e0 \u00e9changer.<\/p>\n<p>Alors on importe tout puisqu\u2019on nous pousse \u00e0 consommer toujours plus, \u00e0 nous cr\u00e9er des besoins artificiels et faire en sorte que les gens se consacrent \u00e0 leur poursuite. Du moment qu\u2019on n\u2019est jamais combl\u00e9s, jamais satisfaits, jamais \u00e9quip\u00e9s, il faut acheter plus, surtout des produits souvent inutiles, parfois nocifs, \u00e0 travers des publicit\u00e9s de plus en plus mensong\u00e8res.<\/p>\n<p>Alors on emprunte \u00e0 tour de bras quitte \u00e0 hypoth\u00e9quer l\u2019avenir au point de rendre la dette ext\u00e9rieure du pays incontr\u00f4lable et nous maintient dans la servitude.<\/p>\n<p>Alors on cesse d\u2019\u00eatre libres de nos d\u00e9cisions, on g\u00e8re mal, on pollue tout, on d\u00e9truit tout, on provoque d\u2019irr\u00e9parables d\u00e9g\u00e2ts et on s\u2019aligne sur le moins-disant.<\/p>\n<p><strong>La puissance de l\u2019\u00c9tat largement entam\u00e9e<\/strong><\/p>\n<p>C\u00f4t\u00e9 politique, l\u2019ambiance est encore plus traumatisante et le constat plus d\u00e9primant au vu de l\u2019image d\u00e9plorable des dirigeants, des partis politiques et leurs grands t\u00e9nors qui ne cessent de se r\u00e9clamer de la souverainet\u00e9 du pauvre peuple. Mais, comme disait Mussolini : <em>\u00abLe qualificatif de souverain appliqu\u00e9 au peuple est une tragique plaisanterie.\u00bb<\/em><\/p>\n<p>Alors qui gouverne? Depuis l\u2019ind\u00e9pendance, l\u2019\u00c9tat \u00e9tait per\u00e7u, et l\u2019est m\u00eame davantage aujourd\u2019hui avec la crise, comme \u00e9tant le seul cadre de la vie politique. La souverainet\u00e9 du pr\u00e9sident de la r\u00e9publique \u00e9tait aux yeux du peuple largement assimil\u00e9e \u00e0 celle de l\u2019\u00c9tat.<\/p>\n<p>Cadre unique, marqueur visible ais\u00e9ment identifiable, facilement personnifi\u00e9, et dont les pouvoirs dans tous les domaines semblaient illimit\u00e9s par le principe m\u00eame de sa souverainet\u00e9 au point d\u2019\u00e9clipser toutes les autres institutions.<\/p>\n<p>Les citoyens pouvaient ainsi se sentir repr\u00e9sent\u00e9s au niveau de l\u2019\u00c9tat. Depuis la promulgation de la constitution de la deuxi\u00e8me r\u00e9publique, la puissance de l\u2019\u00c9tat a \u00e9t\u00e9 largement entam\u00e9e et le pouvoir disponible est d\u00e9sormais insuffisant pour imposer sa loi.<\/p>\n<p>D\u00e8s lors, les citoyens ont des difficult\u00e9s \u00e0 identifier le pouvoir ce qui entra\u00eene in\u00e9vitablement le sentiment de sa dilution et donc des responsabilit\u00e9s.<\/p>\n<p>Sous la pr\u00e9sente r\u00e9publique, les citoyens sont cens\u00e9s \u00eatre repr\u00e9sent\u00e9s par l\u2019Assembl\u00e9e des repr\u00e9sentants du peuple (ARP) dont les membres sont \u00e9lus au suffrage universel direct, au m\u00eame titre que le pr\u00e9sident de la r\u00e9publique aux pr\u00e9rogatives devenues constitutionnellement limit\u00e9es.<\/p>\n<p>Le chef du gouvernement est d\u00e9sign\u00e9 par le chef de l\u2019Etat mais n\u2019est responsable que devant le parlement. Or, les repr\u00e9sentants du peuple eurent t\u00f4t fait de se prendre pour le v\u00e9ritable souverain.<\/p>\n<p>Quant au chef de l\u2019Etat, se trompant certainement d\u2019\u00e9poque, il se prend pour celui qui domine toutes les institutions, avec un gouvernement \u00e0 sa botte.<\/p>\n<p>Dans ce grand d\u00e9sordre institutionnel, les Tunisiens ne peuvent plus clairement identifier leurs repr\u00e9sentants, le plus important \u00e9tant sans conteste le Pr\u00e9sident.<\/p>\n<p>Cette situation est d\u2019autant plus pervertie qu\u2019on est pass\u00e9e d\u2019un pr\u00e9sidentialisme autoritaire \u00e0 une d\u00e9valorisation institutionnelle au d\u00e9pens de la primaut\u00e9 pr\u00e9sidentielle et au b\u00e9n\u00e9fice, cette fois, du parlement et du Premier ministre.<\/p>\n<p>Or, refusant cet infl\u00e9chissement, B\u00e9ji Ca\u00efd Essebsi s\u2019est arrog\u00e9 des pouvoirs indus. Il nomme au d\u00e9part un ancien ministre de son premier gouvernement, Habib Essid, qu\u2019il limoge de la mani\u00e8re la plus discourtoise qui soit. Il d\u00e9signe ensuite un proche, Youssef Chahed, illustre inconnu, ing\u00e9nieur agronome \u00e9colo-sceptique et dont le seul fait d\u2019arme est d\u2019avoir sign\u00e9 un rapport, approuv\u00e9 par Sarah Hanson, destin\u00e9 \u00e0 des firmes de l&rsquo;industrie des biotechnologies agricole am\u00e9ricaines sur l\u2019\u00e9tat du march\u00e9, de la production et des l\u00e9gislations en vigueur en Tunisie dans le domaine des OGM. Un travail qui correspondait bien \u00e0 l\u2019\u00e9poque (2013-14) au lobbying agressif de Washington pour briser la r\u00e9sistance aux produits g\u00e9n\u00e9tiquement modifi\u00e9s \u00e0 l\u2019ext\u00e9rieur des Etats-Unis, et ainsi aider \u00e0 promouvoir les profits des grandes entreprises agrochimiques am\u00e9ricaines.<\/p>\n<p>Comme au bon vieux temps, le Premier ministre se rend chaque semaine au palais de Carthage pour rendre compte de son activit\u00e9 et recevoir les directives de son mentor. La souverainet\u00e9 du peuple serait, dans un tel cas, plus que jamais concentr\u00e9e dans un organe aux pouvoirs tr\u00e8s \u00e9tendus, celui d\u2019un chef d\u2019Etat et son ins\u00e9parable complice pr\u00e9sident d\u2019Ennahdha.<\/p>\n<p><strong>Un d\u00e9senchantement douloureux permanent<\/strong><\/p>\n<p>Si les garanties de la d\u00e9mocratie sont plus grandes qu\u2019auparavant, la repr\u00e9sentation politique demeure, elle, de plus en plus opaque et, partant, plus difficilement compr\u00e9hensible pour monsieur tout le monde.<\/p>\n<p>Ces probl\u00e8mes ne sont pas vraiment sp\u00e9cifiques \u00e0 la Tunisie. Mais la particularit\u00e9 du mod\u00e8le tunisien semble r\u00e9sider dans le fait que nous prenons conscience chaque jour davantage de l\u2019ampleur de l\u2019immaturit\u00e9 de la classe politique autant que de la d\u00e9mesure de la crise et, par suite, de leurs tr\u00e8s improbable capacit\u00e9 de r\u00e9silience traduisant un d\u00e9senchantement douloureux permanent.<\/p>\n<p>Le processus d\u00e9mocratique, n\u00e9 du printemps arabe, a introduit un changement total de la donne politique. La d\u00e9mocratie donnant en effet \u00e0 tous le m\u00eame espoir de pouvoir un jour briguer une fonction politique.<\/p>\n<p>D\u2019o\u00f9 ce m\u00e9lange composite, ce fatras de partis n\u2019ayant la plupart du temps pour dessein que de satisfaire l\u2019amour-propre et l\u2019ambition infinie de leurs dirigeants. Craignant la marginalisation, ils racolent tous azimuts par des slogans d\u00e9risoires et des clich\u00e9s sans substance \u00e0 l\u2019adresse d\u2019une opinion publique qui ne sait plus qui croire, car ils pr\u00e9tendent tous avoir trouv\u00e9 la solution d\u00e9finitive et enti\u00e8re des probl\u00e8mes du pays.<\/p>\n<p>Aujourd\u2019hui, un v\u00e9ritable commerce informel s\u2019est install\u00e9 au c\u0153ur m\u00eame de la vie politique o\u00f9 s\u2019installent des \u00e9tals h\u00e9t\u00e9roclites, o\u00f9 chaque parti, chaque corporation, expose et flatte sa marchandise.<\/p>\n<p>Des communiqu\u00e9s, qui se comptent par dizaines, annoncent chaque matin des tentatives de rapprochements, des processus de n\u00e9gociations, des engagements et des pourparlers constructifs. Mais voil\u00e0 que des clivages nouveaux apparaissent, des m\u00e9sententes profondes deviennent des guerres ouvertes et viennent contrarier toutes les bonnes intentions, tous les rapprochements fraternels. Et les rassemblements finissent, sit\u00f4t proclam\u00e9s, en r\u00e9sistances et en ruptures intempestives.<\/p>\n<p>Dans les longues art\u00e8res de ce bazar d\u00e9mocratique d\u00e9filent des boutiques modestes portant des noms derri\u00e8res lesquels on saisit mal la r\u00e9f\u00e9rence, des \u00e9choppes primitives au personnel d\u00e9risoire, un commerce, jadis prosp\u00e8re et dominant, aujourd\u2019hui victime d\u2019un lourd contentieux, et un grand magasin, parfaitement agr\u00e9\u00e9, qui solde sans marchander mais dont l\u2019arri\u00e8re-boutique demeure inaccessible.<\/p>\n<p><strong>L\u2019UGTT et les redoutables chantages \u00e0 la gr\u00e8ve<\/strong><\/p>\n<p>Au sein de ce m\u00eame bazar, s\u2019impose l\u2019UGTT et son monopole de repr\u00e9sentation aupr\u00e8s des pouvoirs publics. Sous le pr\u00e9texte fallacieux d\u2019incarner l\u2019int\u00e9r\u00eat g\u00e9n\u00e9ral, le bien commun et la d\u00e9fense des salari\u00e9s, la centrale syndicale ne cherche en fait qu\u2019\u00e0 consolider son pouvoir et assurer les privil\u00e8ges de ses membres qui ignorent les fins de mois difficiles.<\/p>\n<p>Avec ses fr\u00e9quents et redoutables chantages \u00e0 la gr\u00e8ve, face \u00e0 des gouvernements de plus en plus vuln\u00e9rables, l\u2019UGTT s\u2019est impos\u00e9e comme interlocuteur incontournable, un quatri\u00e8me pouvoir qui cherche \u00e0 r\u00e9gner en ma\u00eetre absolu, s\u2019arroge m\u00eame le droit d\u2019exiger le limogeage d\u2019un ministre. Ce dernier, en plus de son incomp\u00e9tence et ses maladresses, est pr\u00eat \u00e0 toutes les petitesses, s\u2019avilit par les compromissions et ne cesse d\u2019invoquer de mis\u00e9rables soutiens dans le seul but de conserver son poste.<\/p>\n<p>Dans se marasme de la vie politique, plus personne ne r\u00e8gne en ma\u00eetre, plus personne ne d\u00e9tient la souveraine volont\u00e9. Chacun cherche \u00e0 clamer ses bonnes intentions, rassurer la population et la soustraire \u00e0 l\u2019influence de l\u2019adversaire par des mensonges organis\u00e9s.<\/p>\n","protected":false},"excerpt":{"rendered":"<p>La Tunisie revendique outrageusement son classement parmi les jeunes d\u00e9mocraties. Pourtant, les Tunisiens n\u2019ont jamais connu une telle crise de la repr\u00e9sentation. Par Yassine Essid<\/p>\n","protected":false},"author":8,"featured_media":84624,"comment_status":"open","ping_status":"open","sticky":false,"template":"","format":"standard","meta":{"footnotes":""},"categories":[992,997,2433],"tags":[4638,2225],"class_list":["post-84623","post","type-post","status-publish","format-standard","has-post-thumbnail","hentry","category-a-la-une","category-politique","category-tunisie","tag-assemblee-des-representants-du-peuple","tag-palais-de-carthage"],"yoast_head":"<!-- This site is optimized with the Yoast SEO plugin v26.6 - https:\/\/yoast.com\/wordpress\/plugins\/seo\/ -->\n<title>Tunisie : De la dictature d\u2019op\u00e9rette au bazar d\u00e9mocratique - Kapitalis<\/title>\n<meta name=\"robots\" content=\"index, follow, max-snippet:-1, max-image-preview:large, max-video-preview:-1\" \/>\n<link rel=\"canonical\" href=\"https:\/\/kapitalis.com\/tunisie\/2017\/02\/26\/tunisie-de-la-dictature-doperette-au-bazar-democratique\/\" \/>\n<meta property=\"og:locale\" content=\"fr_FR\" \/>\n<meta property=\"og:type\" content=\"article\" \/>\n<meta property=\"og:title\" content=\"Tunisie : De la dictature d\u2019op\u00e9rette au bazar d\u00e9mocratique - Kapitalis\" \/>\n<meta property=\"og:description\" content=\"La Tunisie revendique outrageusement son classement parmi les jeunes d\u00e9mocraties. Pourtant, les Tunisiens n\u2019ont jamais connu une telle crise de la repr\u00e9sentation. Par Yassine Essid\" \/>\n<meta property=\"og:url\" content=\"https:\/\/kapitalis.com\/tunisie\/2017\/02\/26\/tunisie-de-la-dictature-doperette-au-bazar-democratique\/\" \/>\n<meta property=\"og:site_name\" content=\"Kapitalis\" \/>\n<meta property=\"article:publisher\" content=\"https:\/\/www.facebook.com\/KapitalisInfo\/\" \/>\n<meta property=\"article:published_time\" content=\"2017-02-26T13:41:13+00:00\" \/>\n<meta property=\"og:image\" content=\"https:\/\/kapitalis.com\/tunisie\/wp-content\/uploads\/2022\/05\/kapitalis-logo-fb.png\" \/>\n\t<meta property=\"og:image:width\" content=\"1200\" \/>\n\t<meta property=\"og:image:height\" content=\"630\" \/>\n\t<meta property=\"og:image:type\" content=\"image\/png\" \/>\n<meta name=\"author\" content=\"webmaster kapitalis\" \/>\n<meta name=\"twitter:card\" content=\"summary_large_image\" \/>\n<meta name=\"twitter:creator\" content=\"@KapitalisInfo\" \/>\n<meta name=\"twitter:site\" content=\"@KapitalisInfo\" \/>\n<meta name=\"twitter:label1\" content=\"\u00c9crit par\" \/>\n\t<meta name=\"twitter:data1\" content=\"webmaster kapitalis\" \/>\n\t<meta name=\"twitter:label2\" content=\"Dur\u00e9e de lecture estim\u00e9e\" \/>\n\t<meta name=\"twitter:data2\" content=\"9 minutes\" \/>\n<script type=\"application\/ld+json\" class=\"yoast-schema-graph\">{\"@context\":\"https:\/\/schema.org\",\"@graph\":[{\"@type\":\"Article\",\"@id\":\"https:\/\/kapitalis.com\/tunisie\/2017\/02\/26\/tunisie-de-la-dictature-doperette-au-bazar-democratique\/#article\",\"isPartOf\":{\"@id\":\"https:\/\/kapitalis.com\/tunisie\/2017\/02\/26\/tunisie-de-la-dictature-doperette-au-bazar-democratique\/\"},\"author\":{\"name\":\"webmaster kapitalis\",\"@id\":\"https:\/\/kapitalis.com\/tunisie\/#\/schema\/person\/d71f33a9ca44f7bad4698210b480c8e9\"},\"headline\":\"Tunisie : De la dictature d\u2019op\u00e9rette au bazar d\u00e9mocratique\",\"datePublished\":\"2017-02-26T13:41:13+00:00\",\"mainEntityOfPage\":{\"@id\":\"https:\/\/kapitalis.com\/tunisie\/2017\/02\/26\/tunisie-de-la-dictature-doperette-au-bazar-democratique\/\"},\"wordCount\":1747,\"commentCount\":7,\"publisher\":{\"@id\":\"https:\/\/kapitalis.com\/tunisie\/#organization\"},\"image\":{\"@id\":\"https:\/\/kapitalis.com\/tunisie\/2017\/02\/26\/tunisie-de-la-dictature-doperette-au-bazar-democratique\/#primaryimage\"},\"thumbnailUrl\":\"\",\"keywords\":[\"Assembl\u00e9e des repr\u00e9sentants du peuple\",\"palais de Carthage\"],\"articleSection\":[\"A LA UNE\",\"POLITIQUE\",\"Tunisie\"],\"inLanguage\":\"fr-FR\",\"potentialAction\":[{\"@type\":\"CommentAction\",\"name\":\"Comment\",\"target\":[\"https:\/\/kapitalis.com\/tunisie\/2017\/02\/26\/tunisie-de-la-dictature-doperette-au-bazar-democratique\/#respond\"]}]},{\"@type\":\"WebPage\",\"@id\":\"https:\/\/kapitalis.com\/tunisie\/2017\/02\/26\/tunisie-de-la-dictature-doperette-au-bazar-democratique\/\",\"url\":\"https:\/\/kapitalis.com\/tunisie\/2017\/02\/26\/tunisie-de-la-dictature-doperette-au-bazar-democratique\/\",\"name\":\"Tunisie : De la dictature d\u2019op\u00e9rette au bazar d\u00e9mocratique - Kapitalis\",\"isPartOf\":{\"@id\":\"https:\/\/kapitalis.com\/tunisie\/#website\"},\"primaryImageOfPage\":{\"@id\":\"https:\/\/kapitalis.com\/tunisie\/2017\/02\/26\/tunisie-de-la-dictature-doperette-au-bazar-democratique\/#primaryimage\"},\"image\":{\"@id\":\"https:\/\/kapitalis.com\/tunisie\/2017\/02\/26\/tunisie-de-la-dictature-doperette-au-bazar-democratique\/#primaryimage\"},\"thumbnailUrl\":\"\",\"datePublished\":\"2017-02-26T13:41:13+00:00\",\"breadcrumb\":{\"@id\":\"https:\/\/kapitalis.com\/tunisie\/2017\/02\/26\/tunisie-de-la-dictature-doperette-au-bazar-democratique\/#breadcrumb\"},\"inLanguage\":\"fr-FR\",\"potentialAction\":[{\"@type\":\"ReadAction\",\"target\":[\"https:\/\/kapitalis.com\/tunisie\/2017\/02\/26\/tunisie-de-la-dictature-doperette-au-bazar-democratique\/\"]}]},{\"@type\":\"ImageObject\",\"inLanguage\":\"fr-FR\",\"@id\":\"https:\/\/kapitalis.com\/tunisie\/2017\/02\/26\/tunisie-de-la-dictature-doperette-au-bazar-democratique\/#primaryimage\",\"url\":\"\",\"contentUrl\":\"\"},{\"@type\":\"BreadcrumbList\",\"@id\":\"https:\/\/kapitalis.com\/tunisie\/2017\/02\/26\/tunisie-de-la-dictature-doperette-au-bazar-democratique\/#breadcrumb\",\"itemListElement\":[{\"@type\":\"ListItem\",\"position\":1,\"name\":\"Accueil\",\"item\":\"https:\/\/kapitalis.com\/tunisie\/\"},{\"@type\":\"ListItem\",\"position\":2,\"name\":\"Tunisie : De la dictature d\u2019op\u00e9rette au bazar d\u00e9mocratique\"}]},{\"@type\":\"WebSite\",\"@id\":\"https:\/\/kapitalis.com\/tunisie\/#website\",\"url\":\"https:\/\/kapitalis.com\/tunisie\/\",\"name\":\"Kapitalis\",\"description\":\"L&#039;actualit\u00e9 en Tunisie et dans le monde\",\"publisher\":{\"@id\":\"https:\/\/kapitalis.com\/tunisie\/#organization\"},\"potentialAction\":[{\"@type\":\"SearchAction\",\"target\":{\"@type\":\"EntryPoint\",\"urlTemplate\":\"https:\/\/kapitalis.com\/tunisie\/?s={search_term_string}\"},\"query-input\":{\"@type\":\"PropertyValueSpecification\",\"valueRequired\":true,\"valueName\":\"search_term_string\"}}],\"inLanguage\":\"fr-FR\"},{\"@type\":\"Organization\",\"@id\":\"https:\/\/kapitalis.com\/tunisie\/#organization\",\"name\":\"Kapitalis\",\"url\":\"https:\/\/kapitalis.com\/tunisie\/\",\"logo\":{\"@type\":\"ImageObject\",\"inLanguage\":\"fr-FR\",\"@id\":\"https:\/\/kapitalis.com\/tunisie\/#\/schema\/logo\/image\/\",\"url\":\"https:\/\/kapitalis.com\/tunisie\/wp-content\/uploads\/2022\/05\/Kapitalis-big-size.png\",\"contentUrl\":\"https:\/\/kapitalis.com\/tunisie\/wp-content\/uploads\/2022\/05\/Kapitalis-big-size.png\",\"width\":5000,\"height\":1500,\"caption\":\"Kapitalis\"},\"image\":{\"@id\":\"https:\/\/kapitalis.com\/tunisie\/#\/schema\/logo\/image\/\"},\"sameAs\":[\"https:\/\/www.facebook.com\/KapitalisInfo\/\",\"https:\/\/x.com\/KapitalisInfo\",\"https:\/\/www.youtube.com\/channel\/UC-yDYrHyfFBWWZaOw3FPg9Q\"]},{\"@type\":\"Person\",\"@id\":\"https:\/\/kapitalis.com\/tunisie\/#\/schema\/person\/d71f33a9ca44f7bad4698210b480c8e9\",\"name\":\"webmaster kapitalis\",\"url\":\"https:\/\/kapitalis.com\/tunisie\/author\/webmaster-kapitalis\/\"}]}<\/script>\n<!-- \/ Yoast SEO plugin. -->","yoast_head_json":{"title":"Tunisie : De la dictature d\u2019op\u00e9rette au bazar d\u00e9mocratique - Kapitalis","robots":{"index":"index","follow":"follow","max-snippet":"max-snippet:-1","max-image-preview":"max-image-preview:large","max-video-preview":"max-video-preview:-1"},"canonical":"https:\/\/kapitalis.com\/tunisie\/2017\/02\/26\/tunisie-de-la-dictature-doperette-au-bazar-democratique\/","og_locale":"fr_FR","og_type":"article","og_title":"Tunisie : De la dictature d\u2019op\u00e9rette au bazar d\u00e9mocratique - Kapitalis","og_description":"La Tunisie revendique outrageusement son classement parmi les jeunes d\u00e9mocraties. Pourtant, les Tunisiens n\u2019ont jamais connu une telle crise de la repr\u00e9sentation. Par Yassine Essid","og_url":"https:\/\/kapitalis.com\/tunisie\/2017\/02\/26\/tunisie-de-la-dictature-doperette-au-bazar-democratique\/","og_site_name":"Kapitalis","article_publisher":"https:\/\/www.facebook.com\/KapitalisInfo\/","article_published_time":"2017-02-26T13:41:13+00:00","og_image":[{"width":1200,"height":630,"url":"https:\/\/kapitalis.com\/tunisie\/wp-content\/uploads\/2022\/05\/kapitalis-logo-fb.png","type":"image\/png"}],"author":"webmaster kapitalis","twitter_card":"summary_large_image","twitter_creator":"@KapitalisInfo","twitter_site":"@KapitalisInfo","twitter_misc":{"\u00c9crit par":"webmaster kapitalis","Dur\u00e9e de lecture estim\u00e9e":"9 minutes"},"schema":{"@context":"https:\/\/schema.org","@graph":[{"@type":"Article","@id":"https:\/\/kapitalis.com\/tunisie\/2017\/02\/26\/tunisie-de-la-dictature-doperette-au-bazar-democratique\/#article","isPartOf":{"@id":"https:\/\/kapitalis.com\/tunisie\/2017\/02\/26\/tunisie-de-la-dictature-doperette-au-bazar-democratique\/"},"author":{"name":"webmaster kapitalis","@id":"https:\/\/kapitalis.com\/tunisie\/#\/schema\/person\/d71f33a9ca44f7bad4698210b480c8e9"},"headline":"Tunisie : De la dictature d\u2019op\u00e9rette au bazar d\u00e9mocratique","datePublished":"2017-02-26T13:41:13+00:00","mainEntityOfPage":{"@id":"https:\/\/kapitalis.com\/tunisie\/2017\/02\/26\/tunisie-de-la-dictature-doperette-au-bazar-democratique\/"},"wordCount":1747,"commentCount":7,"publisher":{"@id":"https:\/\/kapitalis.com\/tunisie\/#organization"},"image":{"@id":"https:\/\/kapitalis.com\/tunisie\/2017\/02\/26\/tunisie-de-la-dictature-doperette-au-bazar-democratique\/#primaryimage"},"thumbnailUrl":"","keywords":["Assembl\u00e9e des repr\u00e9sentants du peuple","palais de Carthage"],"articleSection":["A LA UNE","POLITIQUE","Tunisie"],"inLanguage":"fr-FR","potentialAction":[{"@type":"CommentAction","name":"Comment","target":["https:\/\/kapitalis.com\/tunisie\/2017\/02\/26\/tunisie-de-la-dictature-doperette-au-bazar-democratique\/#respond"]}]},{"@type":"WebPage","@id":"https:\/\/kapitalis.com\/tunisie\/2017\/02\/26\/tunisie-de-la-dictature-doperette-au-bazar-democratique\/","url":"https:\/\/kapitalis.com\/tunisie\/2017\/02\/26\/tunisie-de-la-dictature-doperette-au-bazar-democratique\/","name":"Tunisie : De la dictature d\u2019op\u00e9rette au bazar d\u00e9mocratique - Kapitalis","isPartOf":{"@id":"https:\/\/kapitalis.com\/tunisie\/#website"},"primaryImageOfPage":{"@id":"https:\/\/kapitalis.com\/tunisie\/2017\/02\/26\/tunisie-de-la-dictature-doperette-au-bazar-democratique\/#primaryimage"},"image":{"@id":"https:\/\/kapitalis.com\/tunisie\/2017\/02\/26\/tunisie-de-la-dictature-doperette-au-bazar-democratique\/#primaryimage"},"thumbnailUrl":"","datePublished":"2017-02-26T13:41:13+00:00","breadcrumb":{"@id":"https:\/\/kapitalis.com\/tunisie\/2017\/02\/26\/tunisie-de-la-dictature-doperette-au-bazar-democratique\/#breadcrumb"},"inLanguage":"fr-FR","potentialAction":[{"@type":"ReadAction","target":["https:\/\/kapitalis.com\/tunisie\/2017\/02\/26\/tunisie-de-la-dictature-doperette-au-bazar-democratique\/"]}]},{"@type":"ImageObject","inLanguage":"fr-FR","@id":"https:\/\/kapitalis.com\/tunisie\/2017\/02\/26\/tunisie-de-la-dictature-doperette-au-bazar-democratique\/#primaryimage","url":"","contentUrl":""},{"@type":"BreadcrumbList","@id":"https:\/\/kapitalis.com\/tunisie\/2017\/02\/26\/tunisie-de-la-dictature-doperette-au-bazar-democratique\/#breadcrumb","itemListElement":[{"@type":"ListItem","position":1,"name":"Accueil","item":"https:\/\/kapitalis.com\/tunisie\/"},{"@type":"ListItem","position":2,"name":"Tunisie : De la dictature d\u2019op\u00e9rette au bazar d\u00e9mocratique"}]},{"@type":"WebSite","@id":"https:\/\/kapitalis.com\/tunisie\/#website","url":"https:\/\/kapitalis.com\/tunisie\/","name":"Kapitalis","description":"L&#039;actualit\u00e9 en Tunisie et dans le monde","publisher":{"@id":"https:\/\/kapitalis.com\/tunisie\/#organization"},"potentialAction":[{"@type":"SearchAction","target":{"@type":"EntryPoint","urlTemplate":"https:\/\/kapitalis.com\/tunisie\/?s={search_term_string}"},"query-input":{"@type":"PropertyValueSpecification","valueRequired":true,"valueName":"search_term_string"}}],"inLanguage":"fr-FR"},{"@type":"Organization","@id":"https:\/\/kapitalis.com\/tunisie\/#organization","name":"Kapitalis","url":"https:\/\/kapitalis.com\/tunisie\/","logo":{"@type":"ImageObject","inLanguage":"fr-FR","@id":"https:\/\/kapitalis.com\/tunisie\/#\/schema\/logo\/image\/","url":"https:\/\/kapitalis.com\/tunisie\/wp-content\/uploads\/2022\/05\/Kapitalis-big-size.png","contentUrl":"https:\/\/kapitalis.com\/tunisie\/wp-content\/uploads\/2022\/05\/Kapitalis-big-size.png","width":5000,"height":1500,"caption":"Kapitalis"},"image":{"@id":"https:\/\/kapitalis.com\/tunisie\/#\/schema\/logo\/image\/"},"sameAs":["https:\/\/www.facebook.com\/KapitalisInfo\/","https:\/\/x.com\/KapitalisInfo","https:\/\/www.youtube.com\/channel\/UC-yDYrHyfFBWWZaOw3FPg9Q"]},{"@type":"Person","@id":"https:\/\/kapitalis.com\/tunisie\/#\/schema\/person\/d71f33a9ca44f7bad4698210b480c8e9","name":"webmaster kapitalis","url":"https:\/\/kapitalis.com\/tunisie\/author\/webmaster-kapitalis\/"}]}},"_links":{"self":[{"href":"https:\/\/kapitalis.com\/tunisie\/wp-json\/wp\/v2\/posts\/84623","targetHints":{"allow":["GET"]}}],"collection":[{"href":"https:\/\/kapitalis.com\/tunisie\/wp-json\/wp\/v2\/posts"}],"about":[{"href":"https:\/\/kapitalis.com\/tunisie\/wp-json\/wp\/v2\/types\/post"}],"author":[{"embeddable":true,"href":"https:\/\/kapitalis.com\/tunisie\/wp-json\/wp\/v2\/users\/8"}],"replies":[{"embeddable":true,"href":"https:\/\/kapitalis.com\/tunisie\/wp-json\/wp\/v2\/comments?post=84623"}],"version-history":[{"count":0,"href":"https:\/\/kapitalis.com\/tunisie\/wp-json\/wp\/v2\/posts\/84623\/revisions"}],"wp:featuredmedia":[{"embeddable":true,"href":"https:\/\/kapitalis.com\/tunisie\/wp-json\/wp\/v2\/media\/84624"}],"wp:attachment":[{"href":"https:\/\/kapitalis.com\/tunisie\/wp-json\/wp\/v2\/media?parent=84623"}],"wp:term":[{"taxonomy":"category","embeddable":true,"href":"https:\/\/kapitalis.com\/tunisie\/wp-json\/wp\/v2\/categories?post=84623"},{"taxonomy":"post_tag","embeddable":true,"href":"https:\/\/kapitalis.com\/tunisie\/wp-json\/wp\/v2\/tags?post=84623"}],"curies":[{"name":"wp","href":"https:\/\/api.w.org\/{rel}","templated":true}]}}