{"id":8462300,"date":"2023-06-21T07:46:38","date_gmt":"2023-06-21T06:46:38","guid":{"rendered":"https:\/\/kapitalis.com\/tunisie\/?p=8462300"},"modified":"2023-06-21T08:26:16","modified_gmt":"2023-06-21T07:26:16","slug":"tunisie-le-journaliste-zied-el-heni-mis-en-detention-au-centre-de-bouchoucha","status":"publish","type":"post","link":"https:\/\/kapitalis.com\/tunisie\/2023\/06\/21\/tunisie-le-journaliste-zied-el-heni-mis-en-detention-au-centre-de-bouchoucha\/","title":{"rendered":"Tunisie : le journaliste Zied El Heni mis en d\u00e9tention au centre de Bouchoucha"},"content":{"rendered":"\n<p><strong><em>Le journaliste Zied El Heni, arr\u00eat\u00e9 hier soir, mardi 20 juin 2023, vers 20 heures, \u00e0 son domicile \u00e0 la cit\u00e9 El-Ghazela, \u00e0 l<\/em><\/strong>&lsquo;<strong><em>&lsquo;Ariana, et conduit \u00e0 la caserne de la Garde nationale de Laouina. Il a ensuite \u00e9t\u00e9 conduit au centre de d\u00e9tention de Bouchoucha, comme affirm\u00e9 ce matin par IFM, dont il est l&rsquo;un des chroniqueurs politiques attitr\u00e9s.<\/em><\/strong><\/p>\n\n\n\n<!--more-->\n\n\n\n<p>La dizaine d&rsquo;agents venus l&rsquo;arr\u00eater ont remis au journaliste une convocation pour \u00eatre auditionn\u00e9 par la 5e brigade centrale de la lutte contre les crimes de t\u00e9l\u00e9communications, comme mentionn\u00e9 dans ladite convocation. Les avocats ayant accourus \u00e0 Laouina n&rsquo;ont pas \u00e9t\u00e9 autoris\u00e9s \u00e0 assister \u00e0 l&rsquo;audition. C&rsquo;est ce que Me Ayachi Hammami a confirm\u00e9 ce matin sur IFM, ajoutant que les agents leur ont dit que le concern\u00e9 a lui-m\u00eame refus\u00e9 la pr\u00e9sence d&rsquo;avocats, ce qui se r\u00e9v\u00e8lera ensuite archi-faux \u00e0 Me Dalila Msassek, finalement autoris\u00e9e \u00e0 le rencontrer avec son \u00e9pouse, qui a pu le voir pendant quelques instants pour lui remettre ses m\u00e9dicaments, sachant que Zied El Heni souffre de plusieurs maladies chroniques.   <\/p>\n\n\n\n<p>Selon les derniers \u00e9l\u00e9ments, notre coll\u00e8gue a \u00e9t\u00e9 conduit au centre de d\u00e9tention de Bouchoucha. Il sera entendu demain, jeudi, par le procureur de la r\u00e9publique sur des propos qu&rsquo;il a tenus, hier matin, dans <em>L&rsquo;Emission impossible<\/em> sur IFM, propos qui ont \u00e9t\u00e9 jug\u00e9s offensants pour le pr\u00e9sident de la r\u00e9publique Ka\u00efs Sa\u00efed. <\/p>\n\n\n\n<p class=\"has-text-align-right\"><strong>I. B.<\/strong> <\/p>\n","protected":false},"excerpt":{"rendered":"<p>Le journaliste Zied El-Heni a \u00e9t\u00e9 mis en d\u00e9tention au centre de Bouchoucha. <\/p>\n","protected":false},"author":8,"featured_media":8462376,"comment_status":"open","ping_status":"open","sticky":false,"template":"","format":"standard","meta":{"footnotes":""},"categories":[996,997,2433],"tags":[31970,106900,76012,62643,92357],"class_list":["post-8462300","post","type-post","status-publish","format-standard","has-post-thumbnail","hentry","category-media","category-politique","category-tunisie","tag-ayachi-hammami","tag-dalila-msaddek","tag-kais-saied-2","tag-tunisie","tag-zied-el-heni"],"yoast_head":"<!-- This site is optimized with the Yoast SEO plugin v26.6 - https:\/\/yoast.com\/wordpress\/plugins\/seo\/ -->\n<title>Tunisie : le journaliste Zied El Heni mis en d\u00e9tention au centre de Bouchoucha - Kapitalis<\/title>\n<meta name=\"robots\" content=\"index, follow, max-snippet:-1, max-image-preview:large, max-video-preview:-1\" \/>\n<link rel=\"canonical\" href=\"https:\/\/kapitalis.com\/tunisie\/2023\/06\/21\/tunisie-le-journaliste-zied-el-heni-mis-en-detention-au-centre-de-bouchoucha\/\" \/>\n<meta property=\"og:locale\" content=\"fr_FR\" \/>\n<meta property=\"og:type\" content=\"article\" \/>\n<meta property=\"og:title\" content=\"Tunisie : le journaliste Zied El Heni mis en d\u00e9tention au centre de Bouchoucha - Kapitalis\" \/>\n<meta property=\"og:description\" content=\"Le journaliste Zied El-Heni a \u00e9t\u00e9 mis en d\u00e9tention au centre de Bouchoucha.\" \/>\n<meta property=\"og:url\" content=\"https:\/\/kapitalis.com\/tunisie\/2023\/06\/21\/tunisie-le-journaliste-zied-el-heni-mis-en-detention-au-centre-de-bouchoucha\/\" \/>\n<meta property=\"og:site_name\" content=\"Kapitalis\" \/>\n<meta property=\"article:publisher\" content=\"https:\/\/www.facebook.com\/KapitalisInfo\/\" \/>\n<meta property=\"article:published_time\" content=\"2023-06-21T06:46:38+00:00\" \/>\n<meta property=\"article:modified_time\" content=\"2023-06-21T07:26:16+00:00\" \/>\n<meta property=\"og:image\" content=\"https:\/\/kapitalis.com\/tunisie\/wp-content\/uploads\/2023\/06\/Zied-El-Heni-1.jpg\" \/>\n\t<meta property=\"og:image:width\" content=\"1200\" \/>\n\t<meta property=\"og:image:height\" content=\"630\" \/>\n\t<meta property=\"og:image:type\" content=\"image\/jpeg\" \/>\n<meta name=\"author\" content=\"webmaster kapitalis\" \/>\n<meta name=\"twitter:card\" content=\"summary_large_image\" \/>\n<meta name=\"twitter:creator\" content=\"@KapitalisInfo\" \/>\n<meta name=\"twitter:site\" content=\"@KapitalisInfo\" \/>\n<meta name=\"twitter:label1\" content=\"\u00c9crit par\" \/>\n\t<meta name=\"twitter:data1\" content=\"webmaster kapitalis\" \/>\n\t<meta name=\"twitter:label2\" content=\"Dur\u00e9e de lecture estim\u00e9e\" \/>\n\t<meta name=\"twitter:data2\" content=\"2 minutes\" \/>\n<script type=\"application\/ld+json\" class=\"yoast-schema-graph\">{\"@context\":\"https:\/\/schema.org\",\"@graph\":[{\"@type\":\"Article\",\"@id\":\"https:\/\/kapitalis.com\/tunisie\/2023\/06\/21\/tunisie-le-journaliste-zied-el-heni-mis-en-detention-au-centre-de-bouchoucha\/#article\",\"isPartOf\":{\"@id\":\"https:\/\/kapitalis.com\/tunisie\/2023\/06\/21\/tunisie-le-journaliste-zied-el-heni-mis-en-detention-au-centre-de-bouchoucha\/\"},\"author\":{\"name\":\"webmaster kapitalis\",\"@id\":\"https:\/\/kapitalis.com\/tunisie\/#\/schema\/person\/d71f33a9ca44f7bad4698210b480c8e9\"},\"headline\":\"Tunisie : le journaliste Zied El Heni mis en d\u00e9tention au centre de Bouchoucha\",\"datePublished\":\"2023-06-21T06:46:38+00:00\",\"dateModified\":\"2023-06-21T07:26:16+00:00\",\"mainEntityOfPage\":{\"@id\":\"https:\/\/kapitalis.com\/tunisie\/2023\/06\/21\/tunisie-le-journaliste-zied-el-heni-mis-en-detention-au-centre-de-bouchoucha\/\"},\"wordCount\":256,\"commentCount\":0,\"publisher\":{\"@id\":\"https:\/\/kapitalis.com\/tunisie\/#organization\"},\"image\":{\"@id\":\"https:\/\/kapitalis.com\/tunisie\/2023\/06\/21\/tunisie-le-journaliste-zied-el-heni-mis-en-detention-au-centre-de-bouchoucha\/#primaryimage\"},\"thumbnailUrl\":\"https:\/\/kapitalis.com\/tunisie\/wp-content\/uploads\/2023\/06\/Zied-El-Heni-1.jpg\",\"keywords\":[\"Ayachi Hammami\",\"Dalila Msaddek\",\"Ka\u00efs Sa\u00efed\",\"Tunisie\",\"Zied El-Heni\"],\"articleSection\":[\"MEDIA\",\"POLITIQUE\",\"Tunisie\"],\"inLanguage\":\"fr-FR\",\"potentialAction\":[{\"@type\":\"CommentAction\",\"name\":\"Comment\",\"target\":[\"https:\/\/kapitalis.com\/tunisie\/2023\/06\/21\/tunisie-le-journaliste-zied-el-heni-mis-en-detention-au-centre-de-bouchoucha\/#respond\"]}]},{\"@type\":\"WebPage\",\"@id\":\"https:\/\/kapitalis.com\/tunisie\/2023\/06\/21\/tunisie-le-journaliste-zied-el-heni-mis-en-detention-au-centre-de-bouchoucha\/\",\"url\":\"https:\/\/kapitalis.com\/tunisie\/2023\/06\/21\/tunisie-le-journaliste-zied-el-heni-mis-en-detention-au-centre-de-bouchoucha\/\",\"name\":\"Tunisie : le journaliste Zied El Heni mis en d\u00e9tention au centre de Bouchoucha - Kapitalis\",\"isPartOf\":{\"@id\":\"https:\/\/kapitalis.com\/tunisie\/#website\"},\"primaryImageOfPage\":{\"@id\":\"https:\/\/kapitalis.com\/tunisie\/2023\/06\/21\/tunisie-le-journaliste-zied-el-heni-mis-en-detention-au-centre-de-bouchoucha\/#primaryimage\"},\"image\":{\"@id\":\"https:\/\/kapitalis.com\/tunisie\/2023\/06\/21\/tunisie-le-journaliste-zied-el-heni-mis-en-detention-au-centre-de-bouchoucha\/#primaryimage\"},\"thumbnailUrl\":\"https:\/\/kapitalis.com\/tunisie\/wp-content\/uploads\/2023\/06\/Zied-El-Heni-1.jpg\",\"datePublished\":\"2023-06-21T06:46:38+00:00\",\"dateModified\":\"2023-06-21T07:26:16+00:00\",\"breadcrumb\":{\"@id\":\"https:\/\/kapitalis.com\/tunisie\/2023\/06\/21\/tunisie-le-journaliste-zied-el-heni-mis-en-detention-au-centre-de-bouchoucha\/#breadcrumb\"},\"inLanguage\":\"fr-FR\",\"potentialAction\":[{\"@type\":\"ReadAction\",\"target\":[\"https:\/\/kapitalis.com\/tunisie\/2023\/06\/21\/tunisie-le-journaliste-zied-el-heni-mis-en-detention-au-centre-de-bouchoucha\/\"]}]},{\"@type\":\"ImageObject\",\"inLanguage\":\"fr-FR\",\"@id\":\"https:\/\/kapitalis.com\/tunisie\/2023\/06\/21\/tunisie-le-journaliste-zied-el-heni-mis-en-detention-au-centre-de-bouchoucha\/#primaryimage\",\"url\":\"https:\/\/kapitalis.com\/tunisie\/wp-content\/uploads\/2023\/06\/Zied-El-Heni-1.jpg\",\"contentUrl\":\"https:\/\/kapitalis.com\/tunisie\/wp-content\/uploads\/2023\/06\/Zied-El-Heni-1.jpg\",\"width\":1200,\"height\":630},{\"@type\":\"BreadcrumbList\",\"@id\":\"https:\/\/kapitalis.com\/tunisie\/2023\/06\/21\/tunisie-le-journaliste-zied-el-heni-mis-en-detention-au-centre-de-bouchoucha\/#breadcrumb\",\"itemListElement\":[{\"@type\":\"ListItem\",\"position\":1,\"name\":\"Accueil\",\"item\":\"https:\/\/kapitalis.com\/tunisie\/\"},{\"@type\":\"ListItem\",\"position\":2,\"name\":\"Tunisie : le journaliste Zied El Heni mis en d\u00e9tention au centre de Bouchoucha\"}]},{\"@type\":\"WebSite\",\"@id\":\"https:\/\/kapitalis.com\/tunisie\/#website\",\"url\":\"https:\/\/kapitalis.com\/tunisie\/\",\"name\":\"Kapitalis\",\"description\":\"L&#039;actualit\u00e9 en Tunisie et dans le monde\",\"publisher\":{\"@id\":\"https:\/\/kapitalis.com\/tunisie\/#organization\"},\"potentialAction\":[{\"@type\":\"SearchAction\",\"target\":{\"@type\":\"EntryPoint\",\"urlTemplate\":\"https:\/\/kapitalis.com\/tunisie\/?s={search_term_string}\"},\"query-input\":{\"@type\":\"PropertyValueSpecification\",\"valueRequired\":true,\"valueName\":\"search_term_string\"}}],\"inLanguage\":\"fr-FR\"},{\"@type\":\"Organization\",\"@id\":\"https:\/\/kapitalis.com\/tunisie\/#organization\",\"name\":\"Kapitalis\",\"url\":\"https:\/\/kapitalis.com\/tunisie\/\",\"logo\":{\"@type\":\"ImageObject\",\"inLanguage\":\"fr-FR\",\"@id\":\"https:\/\/kapitalis.com\/tunisie\/#\/schema\/logo\/image\/\",\"url\":\"https:\/\/kapitalis.com\/tunisie\/wp-content\/uploads\/2022\/05\/Kapitalis-big-size.png\",\"contentUrl\":\"https:\/\/kapitalis.com\/tunisie\/wp-content\/uploads\/2022\/05\/Kapitalis-big-size.png\",\"width\":5000,\"height\":1500,\"caption\":\"Kapitalis\"},\"image\":{\"@id\":\"https:\/\/kapitalis.com\/tunisie\/#\/schema\/logo\/image\/\"},\"sameAs\":[\"https:\/\/www.facebook.com\/KapitalisInfo\/\",\"https:\/\/x.com\/KapitalisInfo\",\"https:\/\/www.youtube.com\/channel\/UC-yDYrHyfFBWWZaOw3FPg9Q\"]},{\"@type\":\"Person\",\"@id\":\"https:\/\/kapitalis.com\/tunisie\/#\/schema\/person\/d71f33a9ca44f7bad4698210b480c8e9\",\"name\":\"webmaster kapitalis\",\"url\":\"https:\/\/kapitalis.com\/tunisie\/author\/webmaster-kapitalis\/\"}]}<\/script>\n<!-- \/ Yoast SEO plugin. -->","yoast_head_json":{"title":"Tunisie : le journaliste Zied El Heni mis en d\u00e9tention au centre de Bouchoucha - Kapitalis","robots":{"index":"index","follow":"follow","max-snippet":"max-snippet:-1","max-image-preview":"max-image-preview:large","max-video-preview":"max-video-preview:-1"},"canonical":"https:\/\/kapitalis.com\/tunisie\/2023\/06\/21\/tunisie-le-journaliste-zied-el-heni-mis-en-detention-au-centre-de-bouchoucha\/","og_locale":"fr_FR","og_type":"article","og_title":"Tunisie : le journaliste Zied El Heni mis en d\u00e9tention au centre de Bouchoucha - Kapitalis","og_description":"Le journaliste Zied El-Heni a \u00e9t\u00e9 mis en d\u00e9tention au centre de Bouchoucha.","og_url":"https:\/\/kapitalis.com\/tunisie\/2023\/06\/21\/tunisie-le-journaliste-zied-el-heni-mis-en-detention-au-centre-de-bouchoucha\/","og_site_name":"Kapitalis","article_publisher":"https:\/\/www.facebook.com\/KapitalisInfo\/","article_published_time":"2023-06-21T06:46:38+00:00","article_modified_time":"2023-06-21T07:26:16+00:00","og_image":[{"width":1200,"height":630,"url":"https:\/\/kapitalis.com\/tunisie\/wp-content\/uploads\/2023\/06\/Zied-El-Heni-1.jpg","type":"image\/jpeg"}],"author":"webmaster kapitalis","twitter_card":"summary_large_image","twitter_creator":"@KapitalisInfo","twitter_site":"@KapitalisInfo","twitter_misc":{"\u00c9crit par":"webmaster kapitalis","Dur\u00e9e de lecture estim\u00e9e":"2 minutes"},"schema":{"@context":"https:\/\/schema.org","@graph":[{"@type":"Article","@id":"https:\/\/kapitalis.com\/tunisie\/2023\/06\/21\/tunisie-le-journaliste-zied-el-heni-mis-en-detention-au-centre-de-bouchoucha\/#article","isPartOf":{"@id":"https:\/\/kapitalis.com\/tunisie\/2023\/06\/21\/tunisie-le-journaliste-zied-el-heni-mis-en-detention-au-centre-de-bouchoucha\/"},"author":{"name":"webmaster kapitalis","@id":"https:\/\/kapitalis.com\/tunisie\/#\/schema\/person\/d71f33a9ca44f7bad4698210b480c8e9"},"headline":"Tunisie : le journaliste Zied El Heni mis en d\u00e9tention au centre de Bouchoucha","datePublished":"2023-06-21T06:46:38+00:00","dateModified":"2023-06-21T07:26:16+00:00","mainEntityOfPage":{"@id":"https:\/\/kapitalis.com\/tunisie\/2023\/06\/21\/tunisie-le-journaliste-zied-el-heni-mis-en-detention-au-centre-de-bouchoucha\/"},"wordCount":256,"commentCount":0,"publisher":{"@id":"https:\/\/kapitalis.com\/tunisie\/#organization"},"image":{"@id":"https:\/\/kapitalis.com\/tunisie\/2023\/06\/21\/tunisie-le-journaliste-zied-el-heni-mis-en-detention-au-centre-de-bouchoucha\/#primaryimage"},"thumbnailUrl":"https:\/\/kapitalis.com\/tunisie\/wp-content\/uploads\/2023\/06\/Zied-El-Heni-1.jpg","keywords":["Ayachi Hammami","Dalila Msaddek","Ka\u00efs Sa\u00efed","Tunisie","Zied El-Heni"],"articleSection":["MEDIA","POLITIQUE","Tunisie"],"inLanguage":"fr-FR","potentialAction":[{"@type":"CommentAction","name":"Comment","target":["https:\/\/kapitalis.com\/tunisie\/2023\/06\/21\/tunisie-le-journaliste-zied-el-heni-mis-en-detention-au-centre-de-bouchoucha\/#respond"]}]},{"@type":"WebPage","@id":"https:\/\/kapitalis.com\/tunisie\/2023\/06\/21\/tunisie-le-journaliste-zied-el-heni-mis-en-detention-au-centre-de-bouchoucha\/","url":"https:\/\/kapitalis.com\/tunisie\/2023\/06\/21\/tunisie-le-journaliste-zied-el-heni-mis-en-detention-au-centre-de-bouchoucha\/","name":"Tunisie : le journaliste Zied El Heni mis en d\u00e9tention au centre de Bouchoucha - Kapitalis","isPartOf":{"@id":"https:\/\/kapitalis.com\/tunisie\/#website"},"primaryImageOfPage":{"@id":"https:\/\/kapitalis.com\/tunisie\/2023\/06\/21\/tunisie-le-journaliste-zied-el-heni-mis-en-detention-au-centre-de-bouchoucha\/#primaryimage"},"image":{"@id":"https:\/\/kapitalis.com\/tunisie\/2023\/06\/21\/tunisie-le-journaliste-zied-el-heni-mis-en-detention-au-centre-de-bouchoucha\/#primaryimage"},"thumbnailUrl":"https:\/\/kapitalis.com\/tunisie\/wp-content\/uploads\/2023\/06\/Zied-El-Heni-1.jpg","datePublished":"2023-06-21T06:46:38+00:00","dateModified":"2023-06-21T07:26:16+00:00","breadcrumb":{"@id":"https:\/\/kapitalis.com\/tunisie\/2023\/06\/21\/tunisie-le-journaliste-zied-el-heni-mis-en-detention-au-centre-de-bouchoucha\/#breadcrumb"},"inLanguage":"fr-FR","potentialAction":[{"@type":"ReadAction","target":["https:\/\/kapitalis.com\/tunisie\/2023\/06\/21\/tunisie-le-journaliste-zied-el-heni-mis-en-detention-au-centre-de-bouchoucha\/"]}]},{"@type":"ImageObject","inLanguage":"fr-FR","@id":"https:\/\/kapitalis.com\/tunisie\/2023\/06\/21\/tunisie-le-journaliste-zied-el-heni-mis-en-detention-au-centre-de-bouchoucha\/#primaryimage","url":"https:\/\/kapitalis.com\/tunisie\/wp-content\/uploads\/2023\/06\/Zied-El-Heni-1.jpg","contentUrl":"https:\/\/kapitalis.com\/tunisie\/wp-content\/uploads\/2023\/06\/Zied-El-Heni-1.jpg","width":1200,"height":630},{"@type":"BreadcrumbList","@id":"https:\/\/kapitalis.com\/tunisie\/2023\/06\/21\/tunisie-le-journaliste-zied-el-heni-mis-en-detention-au-centre-de-bouchoucha\/#breadcrumb","itemListElement":[{"@type":"ListItem","position":1,"name":"Accueil","item":"https:\/\/kapitalis.com\/tunisie\/"},{"@type":"ListItem","position":2,"name":"Tunisie : le journaliste Zied El Heni mis en d\u00e9tention au centre de Bouchoucha"}]},{"@type":"WebSite","@id":"https:\/\/kapitalis.com\/tunisie\/#website","url":"https:\/\/kapitalis.com\/tunisie\/","name":"Kapitalis","description":"L&#039;actualit\u00e9 en Tunisie et dans le monde","publisher":{"@id":"https:\/\/kapitalis.com\/tunisie\/#organization"},"potentialAction":[{"@type":"SearchAction","target":{"@type":"EntryPoint","urlTemplate":"https:\/\/kapitalis.com\/tunisie\/?s={search_term_string}"},"query-input":{"@type":"PropertyValueSpecification","valueRequired":true,"valueName":"search_term_string"}}],"inLanguage":"fr-FR"},{"@type":"Organization","@id":"https:\/\/kapitalis.com\/tunisie\/#organization","name":"Kapitalis","url":"https:\/\/kapitalis.com\/tunisie\/","logo":{"@type":"ImageObject","inLanguage":"fr-FR","@id":"https:\/\/kapitalis.com\/tunisie\/#\/schema\/logo\/image\/","url":"https:\/\/kapitalis.com\/tunisie\/wp-content\/uploads\/2022\/05\/Kapitalis-big-size.png","contentUrl":"https:\/\/kapitalis.com\/tunisie\/wp-content\/uploads\/2022\/05\/Kapitalis-big-size.png","width":5000,"height":1500,"caption":"Kapitalis"},"image":{"@id":"https:\/\/kapitalis.com\/tunisie\/#\/schema\/logo\/image\/"},"sameAs":["https:\/\/www.facebook.com\/KapitalisInfo\/","https:\/\/x.com\/KapitalisInfo","https:\/\/www.youtube.com\/channel\/UC-yDYrHyfFBWWZaOw3FPg9Q"]},{"@type":"Person","@id":"https:\/\/kapitalis.com\/tunisie\/#\/schema\/person\/d71f33a9ca44f7bad4698210b480c8e9","name":"webmaster kapitalis","url":"https:\/\/kapitalis.com\/tunisie\/author\/webmaster-kapitalis\/"}]}},"_links":{"self":[{"href":"https:\/\/kapitalis.com\/tunisie\/wp-json\/wp\/v2\/posts\/8462300","targetHints":{"allow":["GET"]}}],"collection":[{"href":"https:\/\/kapitalis.com\/tunisie\/wp-json\/wp\/v2\/posts"}],"about":[{"href":"https:\/\/kapitalis.com\/tunisie\/wp-json\/wp\/v2\/types\/post"}],"author":[{"embeddable":true,"href":"https:\/\/kapitalis.com\/tunisie\/wp-json\/wp\/v2\/users\/8"}],"replies":[{"embeddable":true,"href":"https:\/\/kapitalis.com\/tunisie\/wp-json\/wp\/v2\/comments?post=8462300"}],"version-history":[{"count":5,"href":"https:\/\/kapitalis.com\/tunisie\/wp-json\/wp\/v2\/posts\/8462300\/revisions"}],"predecessor-version":[{"id":8462621,"href":"https:\/\/kapitalis.com\/tunisie\/wp-json\/wp\/v2\/posts\/8462300\/revisions\/8462621"}],"wp:featuredmedia":[{"embeddable":true,"href":"https:\/\/kapitalis.com\/tunisie\/wp-json\/wp\/v2\/media\/8462376"}],"wp:attachment":[{"href":"https:\/\/kapitalis.com\/tunisie\/wp-json\/wp\/v2\/media?parent=8462300"}],"wp:term":[{"taxonomy":"category","embeddable":true,"href":"https:\/\/kapitalis.com\/tunisie\/wp-json\/wp\/v2\/categories?post=8462300"},{"taxonomy":"post_tag","embeddable":true,"href":"https:\/\/kapitalis.com\/tunisie\/wp-json\/wp\/v2\/tags?post=8462300"}],"curies":[{"name":"wp","href":"https:\/\/api.w.org\/{rel}","templated":true}]}}