{"id":84678,"date":"2017-02-27T09:56:55","date_gmt":"2017-02-27T08:56:55","guid":{"rendered":"http:\/\/kapitalis.com\/tunisie\/?p=84678"},"modified":"2017-02-27T09:56:55","modified_gmt":"2017-02-27T08:56:55","slug":"chouftouhonna-le-festival-international-dart-feministe-de-tunis","status":"publish","type":"post","link":"https:\/\/kapitalis.com\/tunisie\/2017\/02\/27\/chouftouhonna-le-festival-international-dart-feministe-de-tunis\/","title":{"rendered":"Chouftouhonna : Le Festival international d\u2019art f\u00e9ministe de Tunis"},"content":{"rendered":"<p style=\"text-align: center;\"><img loading=\"lazy\" decoding=\"async\" class=\"alignnone size-full wp-image-84679\" src=\"http:\/\/kapitalis.com\/tunisie\/wp-content\/uploads\/2017\/02\/Chouftouhonna.jpg\" alt=\"\" width=\"626\" height=\"380\" \/><\/p>\n<p style=\"text-align: left;\"><em><strong>L\u2019association Chouf organise la 3e \u00e9dition de Chouftouhonna, le Festival international d\u2019art f\u00e9ministe de Tunis, du 7 au 10 septembre 2017.<\/strong><\/em><\/p>\n<p style=\"text-align: center;\"><!--more--><\/p>\n<p style=\"text-align: left;\">Le succ\u00e8s des deux premi\u00e8res \u00e9ditions a confirm\u00e9 la n\u00e9cessit\u00e9 d\u2019un espace artistique d\u00e9di\u00e9 aux femmes. En effet, les 75 participations \u00e0 la premi\u00e8re \u00e9dition et les 130 \u00e0 la deuxi\u00e8me r\u00e9v\u00e8lent un int\u00e9r\u00eat croissant pour ce projet, d\u2019o\u00f9 la volont\u00e9 de continuer et d\u2019enrichir cette exp\u00e9rience unique en son genre en Tunisie.<\/p>\n<p style=\"text-align: left;\">Le festival croit \u00e0 un f\u00e9minisme inter-sectionnel et d\u00e9fend un art qui met en avant les droits et les choix des femmes par le biais de diverses activit\u00e9s et garantit un espace d\u2019expression libre aux femmes dans leur diversit\u00e9.<\/p>\n<p style=\"text-align: left;\">Pour cette nouvelle \u00e9dition, le festival a pr\u00e9vu cinq sections artistiques : art sc\u00e9nique, art graphique, photographie, musique et cin\u00e9ma.<\/p>\n<p style=\"text-align: left;\">Un appel \u00e0 participation international a \u00e9t\u00e9 lanc\u00e9 aux personnes ou collectifs de personnes, souhaitant partager leur vision de l\u2019art f\u00e9ministe.<\/p>\n<p style=\"text-align: right;\"><strong>Fawz Ben Ali<\/strong><\/p>\n","protected":false},"excerpt":{"rendered":"<p>L\u2019association Chouf organise la 3e \u00e9dition de Chouftouhonna, le Festival international d\u2019art f\u00e9ministe de Tunis, du 7 au 10 septembre 2017.<\/p>\n","protected":false},"author":8,"featured_media":84679,"comment_status":"open","ping_status":"open","sticky":false,"template":"","format":"standard","meta":{"footnotes":""},"categories":[994,2433],"tags":[17847,23065,28326,15440,1479,379],"class_list":["post-84678","post","type-post","status-publish","format-standard","has-post-thumbnail","hentry","category-culture","category-tunisie","tag-art-feministe","tag-chouf","tag-chouftouhonna","tag-feminisme","tag-femmes","tag-festival"],"yoast_head":"<!-- This site is optimized with the Yoast SEO plugin v26.6 - https:\/\/yoast.com\/wordpress\/plugins\/seo\/ -->\n<title>Chouftouhonna : Le Festival international d\u2019art f\u00e9ministe de Tunis - Kapitalis<\/title>\n<meta name=\"robots\" content=\"index, follow, max-snippet:-1, max-image-preview:large, max-video-preview:-1\" \/>\n<link rel=\"canonical\" href=\"https:\/\/kapitalis.com\/tunisie\/2017\/02\/27\/chouftouhonna-le-festival-international-dart-feministe-de-tunis\/\" \/>\n<meta property=\"og:locale\" content=\"fr_FR\" \/>\n<meta property=\"og:type\" content=\"article\" \/>\n<meta property=\"og:title\" content=\"Chouftouhonna : Le Festival international d\u2019art f\u00e9ministe de Tunis - Kapitalis\" \/>\n<meta property=\"og:description\" content=\"L\u2019association Chouf organise la 3e \u00e9dition de Chouftouhonna, le Festival international d\u2019art f\u00e9ministe de Tunis, du 7 au 10 septembre 2017.\" \/>\n<meta property=\"og:url\" content=\"https:\/\/kapitalis.com\/tunisie\/2017\/02\/27\/chouftouhonna-le-festival-international-dart-feministe-de-tunis\/\" \/>\n<meta property=\"og:site_name\" content=\"Kapitalis\" \/>\n<meta property=\"article:publisher\" content=\"https:\/\/www.facebook.com\/KapitalisInfo\/\" \/>\n<meta property=\"article:published_time\" content=\"2017-02-27T08:56:55+00:00\" \/>\n<meta property=\"og:image\" content=\"https:\/\/kapitalis.com\/tunisie\/wp-content\/uploads\/2022\/05\/kapitalis-logo-fb.png\" \/>\n\t<meta property=\"og:image:width\" content=\"1200\" \/>\n\t<meta property=\"og:image:height\" content=\"630\" \/>\n\t<meta property=\"og:image:type\" content=\"image\/png\" \/>\n<meta name=\"author\" content=\"webmaster kapitalis\" \/>\n<meta name=\"twitter:card\" content=\"summary_large_image\" \/>\n<meta name=\"twitter:creator\" content=\"@KapitalisInfo\" \/>\n<meta name=\"twitter:site\" content=\"@KapitalisInfo\" \/>\n<meta name=\"twitter:label1\" content=\"\u00c9crit par\" \/>\n\t<meta name=\"twitter:data1\" content=\"webmaster kapitalis\" \/>\n\t<meta name=\"twitter:label2\" content=\"Dur\u00e9e de lecture estim\u00e9e\" \/>\n\t<meta name=\"twitter:data2\" content=\"1 minute\" \/>\n<script type=\"application\/ld+json\" class=\"yoast-schema-graph\">{\"@context\":\"https:\/\/schema.org\",\"@graph\":[{\"@type\":\"Article\",\"@id\":\"https:\/\/kapitalis.com\/tunisie\/2017\/02\/27\/chouftouhonna-le-festival-international-dart-feministe-de-tunis\/#article\",\"isPartOf\":{\"@id\":\"https:\/\/kapitalis.com\/tunisie\/2017\/02\/27\/chouftouhonna-le-festival-international-dart-feministe-de-tunis\/\"},\"author\":{\"name\":\"webmaster kapitalis\",\"@id\":\"https:\/\/kapitalis.com\/tunisie\/#\/schema\/person\/d71f33a9ca44f7bad4698210b480c8e9\"},\"headline\":\"Chouftouhonna : Le Festival international d\u2019art f\u00e9ministe de Tunis\",\"datePublished\":\"2017-02-27T08:56:55+00:00\",\"mainEntityOfPage\":{\"@id\":\"https:\/\/kapitalis.com\/tunisie\/2017\/02\/27\/chouftouhonna-le-festival-international-dart-feministe-de-tunis\/\"},\"wordCount\":183,\"commentCount\":0,\"publisher\":{\"@id\":\"https:\/\/kapitalis.com\/tunisie\/#organization\"},\"image\":{\"@id\":\"https:\/\/kapitalis.com\/tunisie\/2017\/02\/27\/chouftouhonna-le-festival-international-dart-feministe-de-tunis\/#primaryimage\"},\"thumbnailUrl\":\"\",\"keywords\":[\"art f\u00e9ministe\",\"Chouf\",\"Chouftouhonna\",\"f\u00e9minisme\",\"femmes\",\"Festival\"],\"articleSection\":[\"CULTURE\",\"Tunisie\"],\"inLanguage\":\"fr-FR\",\"potentialAction\":[{\"@type\":\"CommentAction\",\"name\":\"Comment\",\"target\":[\"https:\/\/kapitalis.com\/tunisie\/2017\/02\/27\/chouftouhonna-le-festival-international-dart-feministe-de-tunis\/#respond\"]}]},{\"@type\":\"WebPage\",\"@id\":\"https:\/\/kapitalis.com\/tunisie\/2017\/02\/27\/chouftouhonna-le-festival-international-dart-feministe-de-tunis\/\",\"url\":\"https:\/\/kapitalis.com\/tunisie\/2017\/02\/27\/chouftouhonna-le-festival-international-dart-feministe-de-tunis\/\",\"name\":\"Chouftouhonna : Le Festival international d\u2019art f\u00e9ministe de Tunis - Kapitalis\",\"isPartOf\":{\"@id\":\"https:\/\/kapitalis.com\/tunisie\/#website\"},\"primaryImageOfPage\":{\"@id\":\"https:\/\/kapitalis.com\/tunisie\/2017\/02\/27\/chouftouhonna-le-festival-international-dart-feministe-de-tunis\/#primaryimage\"},\"image\":{\"@id\":\"https:\/\/kapitalis.com\/tunisie\/2017\/02\/27\/chouftouhonna-le-festival-international-dart-feministe-de-tunis\/#primaryimage\"},\"thumbnailUrl\":\"\",\"datePublished\":\"2017-02-27T08:56:55+00:00\",\"breadcrumb\":{\"@id\":\"https:\/\/kapitalis.com\/tunisie\/2017\/02\/27\/chouftouhonna-le-festival-international-dart-feministe-de-tunis\/#breadcrumb\"},\"inLanguage\":\"fr-FR\",\"potentialAction\":[{\"@type\":\"ReadAction\",\"target\":[\"https:\/\/kapitalis.com\/tunisie\/2017\/02\/27\/chouftouhonna-le-festival-international-dart-feministe-de-tunis\/\"]}]},{\"@type\":\"ImageObject\",\"inLanguage\":\"fr-FR\",\"@id\":\"https:\/\/kapitalis.com\/tunisie\/2017\/02\/27\/chouftouhonna-le-festival-international-dart-feministe-de-tunis\/#primaryimage\",\"url\":\"\",\"contentUrl\":\"\"},{\"@type\":\"BreadcrumbList\",\"@id\":\"https:\/\/kapitalis.com\/tunisie\/2017\/02\/27\/chouftouhonna-le-festival-international-dart-feministe-de-tunis\/#breadcrumb\",\"itemListElement\":[{\"@type\":\"ListItem\",\"position\":1,\"name\":\"Accueil\",\"item\":\"https:\/\/kapitalis.com\/tunisie\/\"},{\"@type\":\"ListItem\",\"position\":2,\"name\":\"Chouftouhonna : Le Festival international d\u2019art f\u00e9ministe de Tunis\"}]},{\"@type\":\"WebSite\",\"@id\":\"https:\/\/kapitalis.com\/tunisie\/#website\",\"url\":\"https:\/\/kapitalis.com\/tunisie\/\",\"name\":\"Kapitalis\",\"description\":\"L&#039;actualit\u00e9 en Tunisie et dans le monde\",\"publisher\":{\"@id\":\"https:\/\/kapitalis.com\/tunisie\/#organization\"},\"potentialAction\":[{\"@type\":\"SearchAction\",\"target\":{\"@type\":\"EntryPoint\",\"urlTemplate\":\"https:\/\/kapitalis.com\/tunisie\/?s={search_term_string}\"},\"query-input\":{\"@type\":\"PropertyValueSpecification\",\"valueRequired\":true,\"valueName\":\"search_term_string\"}}],\"inLanguage\":\"fr-FR\"},{\"@type\":\"Organization\",\"@id\":\"https:\/\/kapitalis.com\/tunisie\/#organization\",\"name\":\"Kapitalis\",\"url\":\"https:\/\/kapitalis.com\/tunisie\/\",\"logo\":{\"@type\":\"ImageObject\",\"inLanguage\":\"fr-FR\",\"@id\":\"https:\/\/kapitalis.com\/tunisie\/#\/schema\/logo\/image\/\",\"url\":\"https:\/\/kapitalis.com\/tunisie\/wp-content\/uploads\/2022\/05\/Kapitalis-big-size.png\",\"contentUrl\":\"https:\/\/kapitalis.com\/tunisie\/wp-content\/uploads\/2022\/05\/Kapitalis-big-size.png\",\"width\":5000,\"height\":1500,\"caption\":\"Kapitalis\"},\"image\":{\"@id\":\"https:\/\/kapitalis.com\/tunisie\/#\/schema\/logo\/image\/\"},\"sameAs\":[\"https:\/\/www.facebook.com\/KapitalisInfo\/\",\"https:\/\/x.com\/KapitalisInfo\",\"https:\/\/www.youtube.com\/channel\/UC-yDYrHyfFBWWZaOw3FPg9Q\"]},{\"@type\":\"Person\",\"@id\":\"https:\/\/kapitalis.com\/tunisie\/#\/schema\/person\/d71f33a9ca44f7bad4698210b480c8e9\",\"name\":\"webmaster kapitalis\",\"url\":\"https:\/\/kapitalis.com\/tunisie\/author\/webmaster-kapitalis\/\"}]}<\/script>\n<!-- \/ Yoast SEO plugin. -->","yoast_head_json":{"title":"Chouftouhonna : Le Festival international d\u2019art f\u00e9ministe de Tunis - Kapitalis","robots":{"index":"index","follow":"follow","max-snippet":"max-snippet:-1","max-image-preview":"max-image-preview:large","max-video-preview":"max-video-preview:-1"},"canonical":"https:\/\/kapitalis.com\/tunisie\/2017\/02\/27\/chouftouhonna-le-festival-international-dart-feministe-de-tunis\/","og_locale":"fr_FR","og_type":"article","og_title":"Chouftouhonna : Le Festival international d\u2019art f\u00e9ministe de Tunis - Kapitalis","og_description":"L\u2019association Chouf organise la 3e \u00e9dition de Chouftouhonna, le Festival international d\u2019art f\u00e9ministe de Tunis, du 7 au 10 septembre 2017.","og_url":"https:\/\/kapitalis.com\/tunisie\/2017\/02\/27\/chouftouhonna-le-festival-international-dart-feministe-de-tunis\/","og_site_name":"Kapitalis","article_publisher":"https:\/\/www.facebook.com\/KapitalisInfo\/","article_published_time":"2017-02-27T08:56:55+00:00","og_image":[{"width":1200,"height":630,"url":"https:\/\/kapitalis.com\/tunisie\/wp-content\/uploads\/2022\/05\/kapitalis-logo-fb.png","type":"image\/png"}],"author":"webmaster kapitalis","twitter_card":"summary_large_image","twitter_creator":"@KapitalisInfo","twitter_site":"@KapitalisInfo","twitter_misc":{"\u00c9crit par":"webmaster kapitalis","Dur\u00e9e de lecture estim\u00e9e":"1 minute"},"schema":{"@context":"https:\/\/schema.org","@graph":[{"@type":"Article","@id":"https:\/\/kapitalis.com\/tunisie\/2017\/02\/27\/chouftouhonna-le-festival-international-dart-feministe-de-tunis\/#article","isPartOf":{"@id":"https:\/\/kapitalis.com\/tunisie\/2017\/02\/27\/chouftouhonna-le-festival-international-dart-feministe-de-tunis\/"},"author":{"name":"webmaster kapitalis","@id":"https:\/\/kapitalis.com\/tunisie\/#\/schema\/person\/d71f33a9ca44f7bad4698210b480c8e9"},"headline":"Chouftouhonna : Le Festival international d\u2019art f\u00e9ministe de Tunis","datePublished":"2017-02-27T08:56:55+00:00","mainEntityOfPage":{"@id":"https:\/\/kapitalis.com\/tunisie\/2017\/02\/27\/chouftouhonna-le-festival-international-dart-feministe-de-tunis\/"},"wordCount":183,"commentCount":0,"publisher":{"@id":"https:\/\/kapitalis.com\/tunisie\/#organization"},"image":{"@id":"https:\/\/kapitalis.com\/tunisie\/2017\/02\/27\/chouftouhonna-le-festival-international-dart-feministe-de-tunis\/#primaryimage"},"thumbnailUrl":"","keywords":["art f\u00e9ministe","Chouf","Chouftouhonna","f\u00e9minisme","femmes","Festival"],"articleSection":["CULTURE","Tunisie"],"inLanguage":"fr-FR","potentialAction":[{"@type":"CommentAction","name":"Comment","target":["https:\/\/kapitalis.com\/tunisie\/2017\/02\/27\/chouftouhonna-le-festival-international-dart-feministe-de-tunis\/#respond"]}]},{"@type":"WebPage","@id":"https:\/\/kapitalis.com\/tunisie\/2017\/02\/27\/chouftouhonna-le-festival-international-dart-feministe-de-tunis\/","url":"https:\/\/kapitalis.com\/tunisie\/2017\/02\/27\/chouftouhonna-le-festival-international-dart-feministe-de-tunis\/","name":"Chouftouhonna : Le Festival international d\u2019art f\u00e9ministe de Tunis - Kapitalis","isPartOf":{"@id":"https:\/\/kapitalis.com\/tunisie\/#website"},"primaryImageOfPage":{"@id":"https:\/\/kapitalis.com\/tunisie\/2017\/02\/27\/chouftouhonna-le-festival-international-dart-feministe-de-tunis\/#primaryimage"},"image":{"@id":"https:\/\/kapitalis.com\/tunisie\/2017\/02\/27\/chouftouhonna-le-festival-international-dart-feministe-de-tunis\/#primaryimage"},"thumbnailUrl":"","datePublished":"2017-02-27T08:56:55+00:00","breadcrumb":{"@id":"https:\/\/kapitalis.com\/tunisie\/2017\/02\/27\/chouftouhonna-le-festival-international-dart-feministe-de-tunis\/#breadcrumb"},"inLanguage":"fr-FR","potentialAction":[{"@type":"ReadAction","target":["https:\/\/kapitalis.com\/tunisie\/2017\/02\/27\/chouftouhonna-le-festival-international-dart-feministe-de-tunis\/"]}]},{"@type":"ImageObject","inLanguage":"fr-FR","@id":"https:\/\/kapitalis.com\/tunisie\/2017\/02\/27\/chouftouhonna-le-festival-international-dart-feministe-de-tunis\/#primaryimage","url":"","contentUrl":""},{"@type":"BreadcrumbList","@id":"https:\/\/kapitalis.com\/tunisie\/2017\/02\/27\/chouftouhonna-le-festival-international-dart-feministe-de-tunis\/#breadcrumb","itemListElement":[{"@type":"ListItem","position":1,"name":"Accueil","item":"https:\/\/kapitalis.com\/tunisie\/"},{"@type":"ListItem","position":2,"name":"Chouftouhonna : Le Festival international d\u2019art f\u00e9ministe de Tunis"}]},{"@type":"WebSite","@id":"https:\/\/kapitalis.com\/tunisie\/#website","url":"https:\/\/kapitalis.com\/tunisie\/","name":"Kapitalis","description":"L&#039;actualit\u00e9 en Tunisie et dans le monde","publisher":{"@id":"https:\/\/kapitalis.com\/tunisie\/#organization"},"potentialAction":[{"@type":"SearchAction","target":{"@type":"EntryPoint","urlTemplate":"https:\/\/kapitalis.com\/tunisie\/?s={search_term_string}"},"query-input":{"@type":"PropertyValueSpecification","valueRequired":true,"valueName":"search_term_string"}}],"inLanguage":"fr-FR"},{"@type":"Organization","@id":"https:\/\/kapitalis.com\/tunisie\/#organization","name":"Kapitalis","url":"https:\/\/kapitalis.com\/tunisie\/","logo":{"@type":"ImageObject","inLanguage":"fr-FR","@id":"https:\/\/kapitalis.com\/tunisie\/#\/schema\/logo\/image\/","url":"https:\/\/kapitalis.com\/tunisie\/wp-content\/uploads\/2022\/05\/Kapitalis-big-size.png","contentUrl":"https:\/\/kapitalis.com\/tunisie\/wp-content\/uploads\/2022\/05\/Kapitalis-big-size.png","width":5000,"height":1500,"caption":"Kapitalis"},"image":{"@id":"https:\/\/kapitalis.com\/tunisie\/#\/schema\/logo\/image\/"},"sameAs":["https:\/\/www.facebook.com\/KapitalisInfo\/","https:\/\/x.com\/KapitalisInfo","https:\/\/www.youtube.com\/channel\/UC-yDYrHyfFBWWZaOw3FPg9Q"]},{"@type":"Person","@id":"https:\/\/kapitalis.com\/tunisie\/#\/schema\/person\/d71f33a9ca44f7bad4698210b480c8e9","name":"webmaster kapitalis","url":"https:\/\/kapitalis.com\/tunisie\/author\/webmaster-kapitalis\/"}]}},"_links":{"self":[{"href":"https:\/\/kapitalis.com\/tunisie\/wp-json\/wp\/v2\/posts\/84678","targetHints":{"allow":["GET"]}}],"collection":[{"href":"https:\/\/kapitalis.com\/tunisie\/wp-json\/wp\/v2\/posts"}],"about":[{"href":"https:\/\/kapitalis.com\/tunisie\/wp-json\/wp\/v2\/types\/post"}],"author":[{"embeddable":true,"href":"https:\/\/kapitalis.com\/tunisie\/wp-json\/wp\/v2\/users\/8"}],"replies":[{"embeddable":true,"href":"https:\/\/kapitalis.com\/tunisie\/wp-json\/wp\/v2\/comments?post=84678"}],"version-history":[{"count":0,"href":"https:\/\/kapitalis.com\/tunisie\/wp-json\/wp\/v2\/posts\/84678\/revisions"}],"wp:featuredmedia":[{"embeddable":true,"href":"https:\/\/kapitalis.com\/tunisie\/wp-json\/wp\/v2\/media\/84679"}],"wp:attachment":[{"href":"https:\/\/kapitalis.com\/tunisie\/wp-json\/wp\/v2\/media?parent=84678"}],"wp:term":[{"taxonomy":"category","embeddable":true,"href":"https:\/\/kapitalis.com\/tunisie\/wp-json\/wp\/v2\/categories?post=84678"},{"taxonomy":"post_tag","embeddable":true,"href":"https:\/\/kapitalis.com\/tunisie\/wp-json\/wp\/v2\/tags?post=84678"}],"curies":[{"name":"wp","href":"https:\/\/api.w.org\/{rel}","templated":true}]}}