{"id":8472985,"date":"2023-06-22T01:06:10","date_gmt":"2023-06-22T00:06:10","guid":{"rendered":"https:\/\/kapitalis.com\/tunisie\/?p=8472985"},"modified":"2023-06-22T01:07:17","modified_gmt":"2023-06-22T00:07:17","slug":"tunisie-demarrage-de-loperation-de-nettoyage-des-plages-apal","status":"publish","type":"post","link":"https:\/\/kapitalis.com\/tunisie\/2023\/06\/22\/tunisie-demarrage-de-loperation-de-nettoyage-des-plages-apal\/","title":{"rendered":"Tunisie : D\u00e9marrage de l\u2019op\u00e9ration de nettoyage des plages (Apal)"},"content":{"rendered":"\n<p><strong><em>L\u2019Agence de protection et d\u2019am\u00e9nagement du littoral (APAL) a annonc\u00e9, mercredi 21 juin 2023, le d\u00e9marrage de l&rsquo;op\u00e9ration nationale de nettoyage des plages.<\/em><\/strong><\/p>\n\n\n\n<!--more-->\n\n\n\n<p>Cette op\u00e9ration se poursuivra jusqu\u2019au mois de septembre, ajoute la m\u00eame source, en pr\u00e9cisant que plus de 133 plages ( superficie totale de 5739 hectares) sont concern\u00e9es par ce programme annuel et qui se fera de mani\u00e8re p\u00e9riodique.<\/p>\n\n\n<div class=\"wp-block-image\">\n<figure class=\"aligncenter size-large is-resized\"><img decoding=\"async\" src=\"https:\/\/kapitalis.com\/tunisie\/wp-content\/uploads\/2023\/06\/p2-1024x768.jpg\" alt=\"\" class=\"wp-image-8472993\" width=\"500\" srcset=\"https:\/\/kapitalis.com\/tunisie\/wp-content\/uploads\/2023\/06\/p2-1024x768.jpg 1024w, https:\/\/kapitalis.com\/tunisie\/wp-content\/uploads\/2023\/06\/p2-300x225.jpg 300w, https:\/\/kapitalis.com\/tunisie\/wp-content\/uploads\/2023\/06\/p2-768x576.jpg 768w, https:\/\/kapitalis.com\/tunisie\/wp-content\/uploads\/2023\/06\/p2-1536x1152.jpg 1536w, https:\/\/kapitalis.com\/tunisie\/wp-content\/uploads\/2023\/06\/p2-580x435.jpg 580w, https:\/\/kapitalis.com\/tunisie\/wp-content\/uploads\/2023\/06\/p2-860x645.jpg 860w, https:\/\/kapitalis.com\/tunisie\/wp-content\/uploads\/2023\/06\/p2-1160x870.jpg 1160w, https:\/\/kapitalis.com\/tunisie\/wp-content\/uploads\/2023\/06\/p2.jpg 2048w\" sizes=\"(max-width: 1024px) 100vw, 1024px\" \/><\/figure>\n<\/div>\n\n\n<p>L&rsquo;op\u00e9ration pr\u00e9voit notamment le ratissage et le tamisage des sables ainsi que sur le nettoyage des dunes de sable et des entr\u00e9es de toutes les plages.<\/p>\n\n\n\n<p>Par cette action l&rsquo;Apal vise \u00e0 soutenir les municipalit\u00e9s dans leurs efforts et les citoyens et vacanciers sont invit\u00e9s \u00e0 maintenir les plages propres et les pr\u00e9server.<\/p>\n","protected":false},"excerpt":{"rendered":"<p>Tunisie : D\u00e9marrage de l\u2019op\u00e9ration de nettoyage des plages (Apal)<\/p>\n","protected":false},"author":6,"featured_media":8472992,"comment_status":"open","ping_status":"open","sticky":false,"template":"","format":"standard","meta":{"footnotes":""},"categories":[998,2433],"tags":[],"class_list":["post-8472985","post","type-post","status-publish","format-standard","has-post-thumbnail","hentry","category-societe","category-tunisie"],"yoast_head":"<!-- This site is optimized with the Yoast SEO plugin v26.6 - https:\/\/yoast.com\/wordpress\/plugins\/seo\/ -->\n<title>Tunisie : D\u00e9marrage de l\u2019op\u00e9ration de nettoyage des plages (Apal) - Kapitalis<\/title>\n<meta name=\"description\" content=\"L\u2019Agence de protection et d\u2019am\u00e9nagement du littoral (APAL) a annonc\u00e9, mercredi 21 juin 2023, le d\u00e9marrage de l&#039;op\u00e9ration nationale de nettoyage des plages.\" \/>\n<meta name=\"robots\" content=\"index, follow, max-snippet:-1, max-image-preview:large, max-video-preview:-1\" \/>\n<link rel=\"canonical\" href=\"https:\/\/kapitalis.com\/tunisie\/2023\/06\/22\/tunisie-demarrage-de-loperation-de-nettoyage-des-plages-apal\/\" \/>\n<meta property=\"og:locale\" content=\"fr_FR\" \/>\n<meta property=\"og:type\" content=\"article\" \/>\n<meta property=\"og:title\" content=\"Tunisie : D\u00e9marrage de l\u2019op\u00e9ration de nettoyage des plages (Apal) - Kapitalis\" \/>\n<meta property=\"og:description\" content=\"L\u2019Agence de protection et d\u2019am\u00e9nagement du littoral (APAL) a annonc\u00e9, mercredi 21 juin 2023, le d\u00e9marrage de l&#039;op\u00e9ration nationale de nettoyage des plages.\" \/>\n<meta property=\"og:url\" content=\"https:\/\/kapitalis.com\/tunisie\/2023\/06\/22\/tunisie-demarrage-de-loperation-de-nettoyage-des-plages-apal\/\" \/>\n<meta property=\"og:site_name\" content=\"Kapitalis\" \/>\n<meta property=\"article:publisher\" content=\"https:\/\/www.facebook.com\/KapitalisInfo\/\" \/>\n<meta property=\"article:published_time\" content=\"2023-06-22T00:06:10+00:00\" \/>\n<meta property=\"article:modified_time\" content=\"2023-06-22T00:07:17+00:00\" \/>\n<meta property=\"og:image\" content=\"https:\/\/kapitalis.com\/tunisie\/wp-content\/uploads\/2023\/06\/plages.jpg\" \/>\n\t<meta property=\"og:image:width\" content=\"1200\" \/>\n\t<meta property=\"og:image:height\" content=\"630\" \/>\n\t<meta property=\"og:image:type\" content=\"image\/jpeg\" \/>\n<meta name=\"author\" content=\"Yusra NY\" \/>\n<meta name=\"twitter:card\" content=\"summary_large_image\" \/>\n<meta name=\"twitter:creator\" content=\"@KapitalisInfo\" \/>\n<meta name=\"twitter:site\" content=\"@KapitalisInfo\" \/>\n<meta name=\"twitter:label1\" content=\"\u00c9crit par\" \/>\n\t<meta name=\"twitter:data1\" content=\"Yusra NY\" \/>\n\t<meta name=\"twitter:label2\" content=\"Dur\u00e9e de lecture estim\u00e9e\" \/>\n\t<meta name=\"twitter:data2\" content=\"1 minute\" \/>\n<script type=\"application\/ld+json\" class=\"yoast-schema-graph\">{\"@context\":\"https:\/\/schema.org\",\"@graph\":[{\"@type\":\"Article\",\"@id\":\"https:\/\/kapitalis.com\/tunisie\/2023\/06\/22\/tunisie-demarrage-de-loperation-de-nettoyage-des-plages-apal\/#article\",\"isPartOf\":{\"@id\":\"https:\/\/kapitalis.com\/tunisie\/2023\/06\/22\/tunisie-demarrage-de-loperation-de-nettoyage-des-plages-apal\/\"},\"author\":{\"name\":\"Yusra NY\",\"@id\":\"https:\/\/kapitalis.com\/tunisie\/#\/schema\/person\/74bbde0154d49d790a92aaeac5bc01d5\"},\"headline\":\"Tunisie : D\u00e9marrage de l\u2019op\u00e9ration de nettoyage des plages (Apal)\",\"datePublished\":\"2023-06-22T00:06:10+00:00\",\"dateModified\":\"2023-06-22T00:07:17+00:00\",\"mainEntityOfPage\":{\"@id\":\"https:\/\/kapitalis.com\/tunisie\/2023\/06\/22\/tunisie-demarrage-de-loperation-de-nettoyage-des-plages-apal\/\"},\"wordCount\":137,\"commentCount\":4,\"publisher\":{\"@id\":\"https:\/\/kapitalis.com\/tunisie\/#organization\"},\"image\":{\"@id\":\"https:\/\/kapitalis.com\/tunisie\/2023\/06\/22\/tunisie-demarrage-de-loperation-de-nettoyage-des-plages-apal\/#primaryimage\"},\"thumbnailUrl\":\"https:\/\/kapitalis.com\/tunisie\/wp-content\/uploads\/2023\/06\/plages.jpg\",\"articleSection\":[\"SOCIETE\",\"Tunisie\"],\"inLanguage\":\"fr-FR\",\"potentialAction\":[{\"@type\":\"CommentAction\",\"name\":\"Comment\",\"target\":[\"https:\/\/kapitalis.com\/tunisie\/2023\/06\/22\/tunisie-demarrage-de-loperation-de-nettoyage-des-plages-apal\/#respond\"]}]},{\"@type\":\"WebPage\",\"@id\":\"https:\/\/kapitalis.com\/tunisie\/2023\/06\/22\/tunisie-demarrage-de-loperation-de-nettoyage-des-plages-apal\/\",\"url\":\"https:\/\/kapitalis.com\/tunisie\/2023\/06\/22\/tunisie-demarrage-de-loperation-de-nettoyage-des-plages-apal\/\",\"name\":\"Tunisie : D\u00e9marrage de l\u2019op\u00e9ration de nettoyage des plages (Apal) - Kapitalis\",\"isPartOf\":{\"@id\":\"https:\/\/kapitalis.com\/tunisie\/#website\"},\"primaryImageOfPage\":{\"@id\":\"https:\/\/kapitalis.com\/tunisie\/2023\/06\/22\/tunisie-demarrage-de-loperation-de-nettoyage-des-plages-apal\/#primaryimage\"},\"image\":{\"@id\":\"https:\/\/kapitalis.com\/tunisie\/2023\/06\/22\/tunisie-demarrage-de-loperation-de-nettoyage-des-plages-apal\/#primaryimage\"},\"thumbnailUrl\":\"https:\/\/kapitalis.com\/tunisie\/wp-content\/uploads\/2023\/06\/plages.jpg\",\"datePublished\":\"2023-06-22T00:06:10+00:00\",\"dateModified\":\"2023-06-22T00:07:17+00:00\",\"description\":\"L\u2019Agence de protection et d\u2019am\u00e9nagement du littoral (APAL) a annonc\u00e9, mercredi 21 juin 2023, le d\u00e9marrage de l'op\u00e9ration nationale de nettoyage des plages.\",\"breadcrumb\":{\"@id\":\"https:\/\/kapitalis.com\/tunisie\/2023\/06\/22\/tunisie-demarrage-de-loperation-de-nettoyage-des-plages-apal\/#breadcrumb\"},\"inLanguage\":\"fr-FR\",\"potentialAction\":[{\"@type\":\"ReadAction\",\"target\":[\"https:\/\/kapitalis.com\/tunisie\/2023\/06\/22\/tunisie-demarrage-de-loperation-de-nettoyage-des-plages-apal\/\"]}]},{\"@type\":\"ImageObject\",\"inLanguage\":\"fr-FR\",\"@id\":\"https:\/\/kapitalis.com\/tunisie\/2023\/06\/22\/tunisie-demarrage-de-loperation-de-nettoyage-des-plages-apal\/#primaryimage\",\"url\":\"https:\/\/kapitalis.com\/tunisie\/wp-content\/uploads\/2023\/06\/plages.jpg\",\"contentUrl\":\"https:\/\/kapitalis.com\/tunisie\/wp-content\/uploads\/2023\/06\/plages.jpg\",\"width\":1200,\"height\":630},{\"@type\":\"BreadcrumbList\",\"@id\":\"https:\/\/kapitalis.com\/tunisie\/2023\/06\/22\/tunisie-demarrage-de-loperation-de-nettoyage-des-plages-apal\/#breadcrumb\",\"itemListElement\":[{\"@type\":\"ListItem\",\"position\":1,\"name\":\"Accueil\",\"item\":\"https:\/\/kapitalis.com\/tunisie\/\"},{\"@type\":\"ListItem\",\"position\":2,\"name\":\"Tunisie : D\u00e9marrage de l\u2019op\u00e9ration de nettoyage des plages (Apal)\"}]},{\"@type\":\"WebSite\",\"@id\":\"https:\/\/kapitalis.com\/tunisie\/#website\",\"url\":\"https:\/\/kapitalis.com\/tunisie\/\",\"name\":\"Kapitalis\",\"description\":\"L&#039;actualit\u00e9 en Tunisie et dans le monde\",\"publisher\":{\"@id\":\"https:\/\/kapitalis.com\/tunisie\/#organization\"},\"potentialAction\":[{\"@type\":\"SearchAction\",\"target\":{\"@type\":\"EntryPoint\",\"urlTemplate\":\"https:\/\/kapitalis.com\/tunisie\/?s={search_term_string}\"},\"query-input\":{\"@type\":\"PropertyValueSpecification\",\"valueRequired\":true,\"valueName\":\"search_term_string\"}}],\"inLanguage\":\"fr-FR\"},{\"@type\":\"Organization\",\"@id\":\"https:\/\/kapitalis.com\/tunisie\/#organization\",\"name\":\"Kapitalis\",\"url\":\"https:\/\/kapitalis.com\/tunisie\/\",\"logo\":{\"@type\":\"ImageObject\",\"inLanguage\":\"fr-FR\",\"@id\":\"https:\/\/kapitalis.com\/tunisie\/#\/schema\/logo\/image\/\",\"url\":\"https:\/\/kapitalis.com\/tunisie\/wp-content\/uploads\/2022\/05\/Kapitalis-big-size.png\",\"contentUrl\":\"https:\/\/kapitalis.com\/tunisie\/wp-content\/uploads\/2022\/05\/Kapitalis-big-size.png\",\"width\":5000,\"height\":1500,\"caption\":\"Kapitalis\"},\"image\":{\"@id\":\"https:\/\/kapitalis.com\/tunisie\/#\/schema\/logo\/image\/\"},\"sameAs\":[\"https:\/\/www.facebook.com\/KapitalisInfo\/\",\"https:\/\/x.com\/KapitalisInfo\",\"https:\/\/www.youtube.com\/channel\/UC-yDYrHyfFBWWZaOw3FPg9Q\"]},{\"@type\":\"Person\",\"@id\":\"https:\/\/kapitalis.com\/tunisie\/#\/schema\/person\/74bbde0154d49d790a92aaeac5bc01d5\",\"name\":\"Yusra NY\",\"url\":\"https:\/\/kapitalis.com\/tunisie\/author\/yuza_adam\/\"}]}<\/script>\n<!-- \/ Yoast SEO plugin. -->","yoast_head_json":{"title":"Tunisie : D\u00e9marrage de l\u2019op\u00e9ration de nettoyage des plages (Apal) - Kapitalis","description":"L\u2019Agence de protection et d\u2019am\u00e9nagement du littoral (APAL) a annonc\u00e9, mercredi 21 juin 2023, le d\u00e9marrage de l'op\u00e9ration nationale de nettoyage des plages.","robots":{"index":"index","follow":"follow","max-snippet":"max-snippet:-1","max-image-preview":"max-image-preview:large","max-video-preview":"max-video-preview:-1"},"canonical":"https:\/\/kapitalis.com\/tunisie\/2023\/06\/22\/tunisie-demarrage-de-loperation-de-nettoyage-des-plages-apal\/","og_locale":"fr_FR","og_type":"article","og_title":"Tunisie : D\u00e9marrage de l\u2019op\u00e9ration de nettoyage des plages (Apal) - Kapitalis","og_description":"L\u2019Agence de protection et d\u2019am\u00e9nagement du littoral (APAL) a annonc\u00e9, mercredi 21 juin 2023, le d\u00e9marrage de l'op\u00e9ration nationale de nettoyage des plages.","og_url":"https:\/\/kapitalis.com\/tunisie\/2023\/06\/22\/tunisie-demarrage-de-loperation-de-nettoyage-des-plages-apal\/","og_site_name":"Kapitalis","article_publisher":"https:\/\/www.facebook.com\/KapitalisInfo\/","article_published_time":"2023-06-22T00:06:10+00:00","article_modified_time":"2023-06-22T00:07:17+00:00","og_image":[{"width":1200,"height":630,"url":"https:\/\/kapitalis.com\/tunisie\/wp-content\/uploads\/2023\/06\/plages.jpg","type":"image\/jpeg"}],"author":"Yusra NY","twitter_card":"summary_large_image","twitter_creator":"@KapitalisInfo","twitter_site":"@KapitalisInfo","twitter_misc":{"\u00c9crit par":"Yusra NY","Dur\u00e9e de lecture estim\u00e9e":"1 minute"},"schema":{"@context":"https:\/\/schema.org","@graph":[{"@type":"Article","@id":"https:\/\/kapitalis.com\/tunisie\/2023\/06\/22\/tunisie-demarrage-de-loperation-de-nettoyage-des-plages-apal\/#article","isPartOf":{"@id":"https:\/\/kapitalis.com\/tunisie\/2023\/06\/22\/tunisie-demarrage-de-loperation-de-nettoyage-des-plages-apal\/"},"author":{"name":"Yusra NY","@id":"https:\/\/kapitalis.com\/tunisie\/#\/schema\/person\/74bbde0154d49d790a92aaeac5bc01d5"},"headline":"Tunisie : D\u00e9marrage de l\u2019op\u00e9ration de nettoyage des plages (Apal)","datePublished":"2023-06-22T00:06:10+00:00","dateModified":"2023-06-22T00:07:17+00:00","mainEntityOfPage":{"@id":"https:\/\/kapitalis.com\/tunisie\/2023\/06\/22\/tunisie-demarrage-de-loperation-de-nettoyage-des-plages-apal\/"},"wordCount":137,"commentCount":4,"publisher":{"@id":"https:\/\/kapitalis.com\/tunisie\/#organization"},"image":{"@id":"https:\/\/kapitalis.com\/tunisie\/2023\/06\/22\/tunisie-demarrage-de-loperation-de-nettoyage-des-plages-apal\/#primaryimage"},"thumbnailUrl":"https:\/\/kapitalis.com\/tunisie\/wp-content\/uploads\/2023\/06\/plages.jpg","articleSection":["SOCIETE","Tunisie"],"inLanguage":"fr-FR","potentialAction":[{"@type":"CommentAction","name":"Comment","target":["https:\/\/kapitalis.com\/tunisie\/2023\/06\/22\/tunisie-demarrage-de-loperation-de-nettoyage-des-plages-apal\/#respond"]}]},{"@type":"WebPage","@id":"https:\/\/kapitalis.com\/tunisie\/2023\/06\/22\/tunisie-demarrage-de-loperation-de-nettoyage-des-plages-apal\/","url":"https:\/\/kapitalis.com\/tunisie\/2023\/06\/22\/tunisie-demarrage-de-loperation-de-nettoyage-des-plages-apal\/","name":"Tunisie : D\u00e9marrage de l\u2019op\u00e9ration de nettoyage des plages (Apal) - Kapitalis","isPartOf":{"@id":"https:\/\/kapitalis.com\/tunisie\/#website"},"primaryImageOfPage":{"@id":"https:\/\/kapitalis.com\/tunisie\/2023\/06\/22\/tunisie-demarrage-de-loperation-de-nettoyage-des-plages-apal\/#primaryimage"},"image":{"@id":"https:\/\/kapitalis.com\/tunisie\/2023\/06\/22\/tunisie-demarrage-de-loperation-de-nettoyage-des-plages-apal\/#primaryimage"},"thumbnailUrl":"https:\/\/kapitalis.com\/tunisie\/wp-content\/uploads\/2023\/06\/plages.jpg","datePublished":"2023-06-22T00:06:10+00:00","dateModified":"2023-06-22T00:07:17+00:00","description":"L\u2019Agence de protection et d\u2019am\u00e9nagement du littoral (APAL) a annonc\u00e9, mercredi 21 juin 2023, le d\u00e9marrage de l'op\u00e9ration nationale de nettoyage des plages.","breadcrumb":{"@id":"https:\/\/kapitalis.com\/tunisie\/2023\/06\/22\/tunisie-demarrage-de-loperation-de-nettoyage-des-plages-apal\/#breadcrumb"},"inLanguage":"fr-FR","potentialAction":[{"@type":"ReadAction","target":["https:\/\/kapitalis.com\/tunisie\/2023\/06\/22\/tunisie-demarrage-de-loperation-de-nettoyage-des-plages-apal\/"]}]},{"@type":"ImageObject","inLanguage":"fr-FR","@id":"https:\/\/kapitalis.com\/tunisie\/2023\/06\/22\/tunisie-demarrage-de-loperation-de-nettoyage-des-plages-apal\/#primaryimage","url":"https:\/\/kapitalis.com\/tunisie\/wp-content\/uploads\/2023\/06\/plages.jpg","contentUrl":"https:\/\/kapitalis.com\/tunisie\/wp-content\/uploads\/2023\/06\/plages.jpg","width":1200,"height":630},{"@type":"BreadcrumbList","@id":"https:\/\/kapitalis.com\/tunisie\/2023\/06\/22\/tunisie-demarrage-de-loperation-de-nettoyage-des-plages-apal\/#breadcrumb","itemListElement":[{"@type":"ListItem","position":1,"name":"Accueil","item":"https:\/\/kapitalis.com\/tunisie\/"},{"@type":"ListItem","position":2,"name":"Tunisie : D\u00e9marrage de l\u2019op\u00e9ration de nettoyage des plages (Apal)"}]},{"@type":"WebSite","@id":"https:\/\/kapitalis.com\/tunisie\/#website","url":"https:\/\/kapitalis.com\/tunisie\/","name":"Kapitalis","description":"L&#039;actualit\u00e9 en Tunisie et dans le monde","publisher":{"@id":"https:\/\/kapitalis.com\/tunisie\/#organization"},"potentialAction":[{"@type":"SearchAction","target":{"@type":"EntryPoint","urlTemplate":"https:\/\/kapitalis.com\/tunisie\/?s={search_term_string}"},"query-input":{"@type":"PropertyValueSpecification","valueRequired":true,"valueName":"search_term_string"}}],"inLanguage":"fr-FR"},{"@type":"Organization","@id":"https:\/\/kapitalis.com\/tunisie\/#organization","name":"Kapitalis","url":"https:\/\/kapitalis.com\/tunisie\/","logo":{"@type":"ImageObject","inLanguage":"fr-FR","@id":"https:\/\/kapitalis.com\/tunisie\/#\/schema\/logo\/image\/","url":"https:\/\/kapitalis.com\/tunisie\/wp-content\/uploads\/2022\/05\/Kapitalis-big-size.png","contentUrl":"https:\/\/kapitalis.com\/tunisie\/wp-content\/uploads\/2022\/05\/Kapitalis-big-size.png","width":5000,"height":1500,"caption":"Kapitalis"},"image":{"@id":"https:\/\/kapitalis.com\/tunisie\/#\/schema\/logo\/image\/"},"sameAs":["https:\/\/www.facebook.com\/KapitalisInfo\/","https:\/\/x.com\/KapitalisInfo","https:\/\/www.youtube.com\/channel\/UC-yDYrHyfFBWWZaOw3FPg9Q"]},{"@type":"Person","@id":"https:\/\/kapitalis.com\/tunisie\/#\/schema\/person\/74bbde0154d49d790a92aaeac5bc01d5","name":"Yusra NY","url":"https:\/\/kapitalis.com\/tunisie\/author\/yuza_adam\/"}]}},"_links":{"self":[{"href":"https:\/\/kapitalis.com\/tunisie\/wp-json\/wp\/v2\/posts\/8472985","targetHints":{"allow":["GET"]}}],"collection":[{"href":"https:\/\/kapitalis.com\/tunisie\/wp-json\/wp\/v2\/posts"}],"about":[{"href":"https:\/\/kapitalis.com\/tunisie\/wp-json\/wp\/v2\/types\/post"}],"author":[{"embeddable":true,"href":"https:\/\/kapitalis.com\/tunisie\/wp-json\/wp\/v2\/users\/6"}],"replies":[{"embeddable":true,"href":"https:\/\/kapitalis.com\/tunisie\/wp-json\/wp\/v2\/comments?post=8472985"}],"version-history":[{"count":2,"href":"https:\/\/kapitalis.com\/tunisie\/wp-json\/wp\/v2\/posts\/8472985\/revisions"}],"predecessor-version":[{"id":8472994,"href":"https:\/\/kapitalis.com\/tunisie\/wp-json\/wp\/v2\/posts\/8472985\/revisions\/8472994"}],"wp:featuredmedia":[{"embeddable":true,"href":"https:\/\/kapitalis.com\/tunisie\/wp-json\/wp\/v2\/media\/8472992"}],"wp:attachment":[{"href":"https:\/\/kapitalis.com\/tunisie\/wp-json\/wp\/v2\/media?parent=8472985"}],"wp:term":[{"taxonomy":"category","embeddable":true,"href":"https:\/\/kapitalis.com\/tunisie\/wp-json\/wp\/v2\/categories?post=8472985"},{"taxonomy":"post_tag","embeddable":true,"href":"https:\/\/kapitalis.com\/tunisie\/wp-json\/wp\/v2\/tags?post=8472985"}],"curies":[{"name":"wp","href":"https:\/\/api.w.org\/{rel}","templated":true}]}}