{"id":8474605,"date":"2023-06-22T08:36:16","date_gmt":"2023-06-22T07:36:16","guid":{"rendered":"https:\/\/kapitalis.com\/tunisie\/?p=8474605"},"modified":"2023-06-22T08:36:18","modified_gmt":"2023-06-22T07:36:18","slug":"la-tunisie-se-classe-128e-rang-mondial-dans-le-global-gender-gap","status":"publish","type":"post","link":"https:\/\/kapitalis.com\/tunisie\/2023\/06\/22\/la-tunisie-se-classe-128e-rang-mondial-dans-le-global-gender-gap\/","title":{"rendered":"La Tunisie se classe 128e rang mondial dans le Global Gender Gap"},"content":{"rendered":"\n<p><strong><em>Selon le 18e rapport annuel Global Gender Gap, publi\u00e9 le mercredi 21 juin 2023 par le World Economic Forum (WEF), la Tunisie s\u2019est class\u00e9e au 128<sup>e<\/sup> rang mondial sur 146 pays, contre 120<sup>e<\/sup> l\u2019ann\u00e9e pr\u00e9c\u00e9dente, enregistrant une baisse de 8 places par rapport \u00e0 l\u2019ann\u00e9e derni\u00e8re.<\/em><\/strong><\/p>\n\n\n\n<!--more-->\n\n\n\n<p>Au niveau de la r\u00e9gion Mena, elle a vu son classement chuter de la 4<sup>e<\/sup> place \u00e0 la 6<sup>e<\/sup> place, perdant ainsi deux positions par rapport \u00e0 l\u2019ann\u00e9e\u00a0 pr\u00e9c\u00e9dente. Son score s\u2019\u00e9tablit \u00e0 64,2%, ce qui repr\u00e9sente une diminution de 1% par rapport \u00e0 l\u2019ann\u00e9e pr\u00e9c\u00e9dente. Les d\u00e9tails de ces classements sont pr\u00e9sent\u00e9s ci-dessous :<\/p>\n\n\n<div class=\"wp-block-image\">\n<figure class=\"aligncenter size-full\"><img loading=\"lazy\" decoding=\"async\" width=\"800\" height=\"400\" src=\"https:\/\/kapitalis.com\/tunisie\/wp-content\/uploads\/2023\/06\/Global-Gender-Gap-Report-2023.jpg\" alt=\"\" class=\"wp-image-8474619\" srcset=\"https:\/\/kapitalis.com\/tunisie\/wp-content\/uploads\/2023\/06\/Global-Gender-Gap-Report-2023.jpg 800w, https:\/\/kapitalis.com\/tunisie\/wp-content\/uploads\/2023\/06\/Global-Gender-Gap-Report-2023-300x150.jpg 300w, https:\/\/kapitalis.com\/tunisie\/wp-content\/uploads\/2023\/06\/Global-Gender-Gap-Report-2023-768x384.jpg 768w, https:\/\/kapitalis.com\/tunisie\/wp-content\/uploads\/2023\/06\/Global-Gender-Gap-Report-2023-580x290.jpg 580w\" sizes=\"auto, (max-width: 800px) 100vw, 800px\" \/><\/figure>\n<\/div>\n\n\n<p>Le rapport apporte des \u00e9claircissements sur le d\u00e9veloppement des in\u00e9galit\u00e9s de genres, sur la base d\u2019une enqu\u00eate men\u00e9e \u00e0 l\u2019\u00e9chelle mondiale.<\/p>\n\n\n\n<p>Il pr\u00e9sente l\u2019indice mondial de l\u2019\u00e9cart entre hommes-femmes, et \u00e9value les pays en fonction de la mani\u00e8re dont leurs ressources et opportunit\u00e9s sont r\u00e9parties entre eux. Et ce, en se basant sur quatre piliers cl\u00e9s : 1- la participation et opportunit\u00e9s \u00e9conomiques; 2- le niveau d&rsquo;\u00e9ducation; 3- la sant\u00e9 et la survie; et 4-l\u2019autonomisation politique.<\/p>\n\n\n\n<p>Partenaire officiel du WEF, l\u2019IACE a men\u00e9 cette enqu\u00eate pour le cas de la Tunisie.<\/p>\n\n\n\n<p><strong><em><a href=\"https:\/\/iace.tn\/global-gender-gap-report-2023-tunisia\/\" target=\"_blank\" rel=\"noreferrer noopener\">Classement de la Tunisie dans l\u2019Indice Global Gender Gap.<\/a><\/em><\/strong> <\/p>\n","protected":false},"excerpt":{"rendered":"<p>La Tunisie se classe 128e sur 146 pays, dans l\u2019indice mondial de l\u2019\u00e9cart entre hommes-femmes. <\/p>\n","protected":false},"author":8,"featured_media":8474630,"comment_status":"open","ping_status":"open","sticky":false,"template":"","format":"standard","meta":{"footnotes":""},"categories":[995,998,2433],"tags":[109476,460,109477,62643],"class_list":["post-8474605","post","type-post","status-publish","format-standard","has-post-thumbnail","hentry","category-economie","category-societe","category-tunisie","tag-global-gender-gap","tag-iace","tag-inegalites-de-genres","tag-tunisie"],"yoast_head":"<!-- This site is optimized with the Yoast SEO plugin v26.6 - https:\/\/yoast.com\/wordpress\/plugins\/seo\/ -->\n<title>La Tunisie se classe 128e rang mondial dans le Global Gender Gap - Kapitalis<\/title>\n<meta name=\"robots\" content=\"index, follow, max-snippet:-1, max-image-preview:large, max-video-preview:-1\" \/>\n<link rel=\"canonical\" href=\"https:\/\/kapitalis.com\/tunisie\/2023\/06\/22\/la-tunisie-se-classe-128e-rang-mondial-dans-le-global-gender-gap\/\" \/>\n<meta property=\"og:locale\" content=\"fr_FR\" \/>\n<meta property=\"og:type\" content=\"article\" \/>\n<meta property=\"og:title\" content=\"La Tunisie se classe 128e rang mondial dans le Global Gender Gap - Kapitalis\" \/>\n<meta property=\"og:description\" content=\"La Tunisie se classe 128e sur 146 pays, dans l\u2019indice mondial de l\u2019\u00e9cart entre hommes-femmes.\" \/>\n<meta property=\"og:url\" content=\"https:\/\/kapitalis.com\/tunisie\/2023\/06\/22\/la-tunisie-se-classe-128e-rang-mondial-dans-le-global-gender-gap\/\" \/>\n<meta property=\"og:site_name\" content=\"Kapitalis\" \/>\n<meta property=\"article:publisher\" content=\"https:\/\/www.facebook.com\/KapitalisInfo\/\" \/>\n<meta property=\"article:published_time\" content=\"2023-06-22T07:36:16+00:00\" \/>\n<meta property=\"article:modified_time\" content=\"2023-06-22T07:36:18+00:00\" \/>\n<meta property=\"og:image\" content=\"https:\/\/kapitalis.com\/tunisie\/wp-content\/uploads\/2023\/06\/Global-Gender-Gap-Report.jpg\" \/>\n\t<meta property=\"og:image:width\" content=\"1200\" \/>\n\t<meta property=\"og:image:height\" content=\"630\" \/>\n\t<meta property=\"og:image:type\" content=\"image\/jpeg\" \/>\n<meta name=\"author\" content=\"webmaster kapitalis\" \/>\n<meta name=\"twitter:card\" content=\"summary_large_image\" \/>\n<meta name=\"twitter:creator\" content=\"@KapitalisInfo\" \/>\n<meta name=\"twitter:site\" content=\"@KapitalisInfo\" \/>\n<meta name=\"twitter:label1\" content=\"\u00c9crit par\" \/>\n\t<meta name=\"twitter:data1\" content=\"webmaster kapitalis\" \/>\n\t<meta name=\"twitter:label2\" content=\"Dur\u00e9e de lecture estim\u00e9e\" \/>\n\t<meta name=\"twitter:data2\" content=\"2 minutes\" \/>\n<script type=\"application\/ld+json\" class=\"yoast-schema-graph\">{\"@context\":\"https:\/\/schema.org\",\"@graph\":[{\"@type\":\"Article\",\"@id\":\"https:\/\/kapitalis.com\/tunisie\/2023\/06\/22\/la-tunisie-se-classe-128e-rang-mondial-dans-le-global-gender-gap\/#article\",\"isPartOf\":{\"@id\":\"https:\/\/kapitalis.com\/tunisie\/2023\/06\/22\/la-tunisie-se-classe-128e-rang-mondial-dans-le-global-gender-gap\/\"},\"author\":{\"name\":\"webmaster kapitalis\",\"@id\":\"https:\/\/kapitalis.com\/tunisie\/#\/schema\/person\/d71f33a9ca44f7bad4698210b480c8e9\"},\"headline\":\"La Tunisie se classe 128e rang mondial dans le Global Gender Gap\",\"datePublished\":\"2023-06-22T07:36:16+00:00\",\"dateModified\":\"2023-06-22T07:36:18+00:00\",\"mainEntityOfPage\":{\"@id\":\"https:\/\/kapitalis.com\/tunisie\/2023\/06\/22\/la-tunisie-se-classe-128e-rang-mondial-dans-le-global-gender-gap\/\"},\"wordCount\":242,\"commentCount\":0,\"publisher\":{\"@id\":\"https:\/\/kapitalis.com\/tunisie\/#organization\"},\"image\":{\"@id\":\"https:\/\/kapitalis.com\/tunisie\/2023\/06\/22\/la-tunisie-se-classe-128e-rang-mondial-dans-le-global-gender-gap\/#primaryimage\"},\"thumbnailUrl\":\"https:\/\/kapitalis.com\/tunisie\/wp-content\/uploads\/2023\/06\/Global-Gender-Gap-Report.jpg\",\"keywords\":[\"Global Gender Gap\",\"IACE\",\"in\u00e9galit\u00e9s de genres\",\"Tunisie\"],\"articleSection\":[\"ECONOMIE\",\"SOCIETE\",\"Tunisie\"],\"inLanguage\":\"fr-FR\",\"potentialAction\":[{\"@type\":\"CommentAction\",\"name\":\"Comment\",\"target\":[\"https:\/\/kapitalis.com\/tunisie\/2023\/06\/22\/la-tunisie-se-classe-128e-rang-mondial-dans-le-global-gender-gap\/#respond\"]}]},{\"@type\":\"WebPage\",\"@id\":\"https:\/\/kapitalis.com\/tunisie\/2023\/06\/22\/la-tunisie-se-classe-128e-rang-mondial-dans-le-global-gender-gap\/\",\"url\":\"https:\/\/kapitalis.com\/tunisie\/2023\/06\/22\/la-tunisie-se-classe-128e-rang-mondial-dans-le-global-gender-gap\/\",\"name\":\"La Tunisie se classe 128e rang mondial dans le Global Gender Gap - Kapitalis\",\"isPartOf\":{\"@id\":\"https:\/\/kapitalis.com\/tunisie\/#website\"},\"primaryImageOfPage\":{\"@id\":\"https:\/\/kapitalis.com\/tunisie\/2023\/06\/22\/la-tunisie-se-classe-128e-rang-mondial-dans-le-global-gender-gap\/#primaryimage\"},\"image\":{\"@id\":\"https:\/\/kapitalis.com\/tunisie\/2023\/06\/22\/la-tunisie-se-classe-128e-rang-mondial-dans-le-global-gender-gap\/#primaryimage\"},\"thumbnailUrl\":\"https:\/\/kapitalis.com\/tunisie\/wp-content\/uploads\/2023\/06\/Global-Gender-Gap-Report.jpg\",\"datePublished\":\"2023-06-22T07:36:16+00:00\",\"dateModified\":\"2023-06-22T07:36:18+00:00\",\"breadcrumb\":{\"@id\":\"https:\/\/kapitalis.com\/tunisie\/2023\/06\/22\/la-tunisie-se-classe-128e-rang-mondial-dans-le-global-gender-gap\/#breadcrumb\"},\"inLanguage\":\"fr-FR\",\"potentialAction\":[{\"@type\":\"ReadAction\",\"target\":[\"https:\/\/kapitalis.com\/tunisie\/2023\/06\/22\/la-tunisie-se-classe-128e-rang-mondial-dans-le-global-gender-gap\/\"]}]},{\"@type\":\"ImageObject\",\"inLanguage\":\"fr-FR\",\"@id\":\"https:\/\/kapitalis.com\/tunisie\/2023\/06\/22\/la-tunisie-se-classe-128e-rang-mondial-dans-le-global-gender-gap\/#primaryimage\",\"url\":\"https:\/\/kapitalis.com\/tunisie\/wp-content\/uploads\/2023\/06\/Global-Gender-Gap-Report.jpg\",\"contentUrl\":\"https:\/\/kapitalis.com\/tunisie\/wp-content\/uploads\/2023\/06\/Global-Gender-Gap-Report.jpg\",\"width\":1200,\"height\":630},{\"@type\":\"BreadcrumbList\",\"@id\":\"https:\/\/kapitalis.com\/tunisie\/2023\/06\/22\/la-tunisie-se-classe-128e-rang-mondial-dans-le-global-gender-gap\/#breadcrumb\",\"itemListElement\":[{\"@type\":\"ListItem\",\"position\":1,\"name\":\"Accueil\",\"item\":\"https:\/\/kapitalis.com\/tunisie\/\"},{\"@type\":\"ListItem\",\"position\":2,\"name\":\"La Tunisie se classe 128e rang mondial dans le Global Gender Gap\"}]},{\"@type\":\"WebSite\",\"@id\":\"https:\/\/kapitalis.com\/tunisie\/#website\",\"url\":\"https:\/\/kapitalis.com\/tunisie\/\",\"name\":\"Kapitalis\",\"description\":\"L&#039;actualit\u00e9 en Tunisie et dans le monde\",\"publisher\":{\"@id\":\"https:\/\/kapitalis.com\/tunisie\/#organization\"},\"potentialAction\":[{\"@type\":\"SearchAction\",\"target\":{\"@type\":\"EntryPoint\",\"urlTemplate\":\"https:\/\/kapitalis.com\/tunisie\/?s={search_term_string}\"},\"query-input\":{\"@type\":\"PropertyValueSpecification\",\"valueRequired\":true,\"valueName\":\"search_term_string\"}}],\"inLanguage\":\"fr-FR\"},{\"@type\":\"Organization\",\"@id\":\"https:\/\/kapitalis.com\/tunisie\/#organization\",\"name\":\"Kapitalis\",\"url\":\"https:\/\/kapitalis.com\/tunisie\/\",\"logo\":{\"@type\":\"ImageObject\",\"inLanguage\":\"fr-FR\",\"@id\":\"https:\/\/kapitalis.com\/tunisie\/#\/schema\/logo\/image\/\",\"url\":\"https:\/\/kapitalis.com\/tunisie\/wp-content\/uploads\/2022\/05\/Kapitalis-big-size.png\",\"contentUrl\":\"https:\/\/kapitalis.com\/tunisie\/wp-content\/uploads\/2022\/05\/Kapitalis-big-size.png\",\"width\":5000,\"height\":1500,\"caption\":\"Kapitalis\"},\"image\":{\"@id\":\"https:\/\/kapitalis.com\/tunisie\/#\/schema\/logo\/image\/\"},\"sameAs\":[\"https:\/\/www.facebook.com\/KapitalisInfo\/\",\"https:\/\/x.com\/KapitalisInfo\",\"https:\/\/www.youtube.com\/channel\/UC-yDYrHyfFBWWZaOw3FPg9Q\"]},{\"@type\":\"Person\",\"@id\":\"https:\/\/kapitalis.com\/tunisie\/#\/schema\/person\/d71f33a9ca44f7bad4698210b480c8e9\",\"name\":\"webmaster kapitalis\",\"url\":\"https:\/\/kapitalis.com\/tunisie\/author\/webmaster-kapitalis\/\"}]}<\/script>\n<!-- \/ Yoast SEO plugin. -->","yoast_head_json":{"title":"La Tunisie se classe 128e rang mondial dans le Global Gender Gap - Kapitalis","robots":{"index":"index","follow":"follow","max-snippet":"max-snippet:-1","max-image-preview":"max-image-preview:large","max-video-preview":"max-video-preview:-1"},"canonical":"https:\/\/kapitalis.com\/tunisie\/2023\/06\/22\/la-tunisie-se-classe-128e-rang-mondial-dans-le-global-gender-gap\/","og_locale":"fr_FR","og_type":"article","og_title":"La Tunisie se classe 128e rang mondial dans le Global Gender Gap - Kapitalis","og_description":"La Tunisie se classe 128e sur 146 pays, dans l\u2019indice mondial de l\u2019\u00e9cart entre hommes-femmes.","og_url":"https:\/\/kapitalis.com\/tunisie\/2023\/06\/22\/la-tunisie-se-classe-128e-rang-mondial-dans-le-global-gender-gap\/","og_site_name":"Kapitalis","article_publisher":"https:\/\/www.facebook.com\/KapitalisInfo\/","article_published_time":"2023-06-22T07:36:16+00:00","article_modified_time":"2023-06-22T07:36:18+00:00","og_image":[{"width":1200,"height":630,"url":"https:\/\/kapitalis.com\/tunisie\/wp-content\/uploads\/2023\/06\/Global-Gender-Gap-Report.jpg","type":"image\/jpeg"}],"author":"webmaster kapitalis","twitter_card":"summary_large_image","twitter_creator":"@KapitalisInfo","twitter_site":"@KapitalisInfo","twitter_misc":{"\u00c9crit par":"webmaster kapitalis","Dur\u00e9e de lecture estim\u00e9e":"2 minutes"},"schema":{"@context":"https:\/\/schema.org","@graph":[{"@type":"Article","@id":"https:\/\/kapitalis.com\/tunisie\/2023\/06\/22\/la-tunisie-se-classe-128e-rang-mondial-dans-le-global-gender-gap\/#article","isPartOf":{"@id":"https:\/\/kapitalis.com\/tunisie\/2023\/06\/22\/la-tunisie-se-classe-128e-rang-mondial-dans-le-global-gender-gap\/"},"author":{"name":"webmaster kapitalis","@id":"https:\/\/kapitalis.com\/tunisie\/#\/schema\/person\/d71f33a9ca44f7bad4698210b480c8e9"},"headline":"La Tunisie se classe 128e rang mondial dans le Global Gender Gap","datePublished":"2023-06-22T07:36:16+00:00","dateModified":"2023-06-22T07:36:18+00:00","mainEntityOfPage":{"@id":"https:\/\/kapitalis.com\/tunisie\/2023\/06\/22\/la-tunisie-se-classe-128e-rang-mondial-dans-le-global-gender-gap\/"},"wordCount":242,"commentCount":0,"publisher":{"@id":"https:\/\/kapitalis.com\/tunisie\/#organization"},"image":{"@id":"https:\/\/kapitalis.com\/tunisie\/2023\/06\/22\/la-tunisie-se-classe-128e-rang-mondial-dans-le-global-gender-gap\/#primaryimage"},"thumbnailUrl":"https:\/\/kapitalis.com\/tunisie\/wp-content\/uploads\/2023\/06\/Global-Gender-Gap-Report.jpg","keywords":["Global Gender Gap","IACE","in\u00e9galit\u00e9s de genres","Tunisie"],"articleSection":["ECONOMIE","SOCIETE","Tunisie"],"inLanguage":"fr-FR","potentialAction":[{"@type":"CommentAction","name":"Comment","target":["https:\/\/kapitalis.com\/tunisie\/2023\/06\/22\/la-tunisie-se-classe-128e-rang-mondial-dans-le-global-gender-gap\/#respond"]}]},{"@type":"WebPage","@id":"https:\/\/kapitalis.com\/tunisie\/2023\/06\/22\/la-tunisie-se-classe-128e-rang-mondial-dans-le-global-gender-gap\/","url":"https:\/\/kapitalis.com\/tunisie\/2023\/06\/22\/la-tunisie-se-classe-128e-rang-mondial-dans-le-global-gender-gap\/","name":"La Tunisie se classe 128e rang mondial dans le Global Gender Gap - Kapitalis","isPartOf":{"@id":"https:\/\/kapitalis.com\/tunisie\/#website"},"primaryImageOfPage":{"@id":"https:\/\/kapitalis.com\/tunisie\/2023\/06\/22\/la-tunisie-se-classe-128e-rang-mondial-dans-le-global-gender-gap\/#primaryimage"},"image":{"@id":"https:\/\/kapitalis.com\/tunisie\/2023\/06\/22\/la-tunisie-se-classe-128e-rang-mondial-dans-le-global-gender-gap\/#primaryimage"},"thumbnailUrl":"https:\/\/kapitalis.com\/tunisie\/wp-content\/uploads\/2023\/06\/Global-Gender-Gap-Report.jpg","datePublished":"2023-06-22T07:36:16+00:00","dateModified":"2023-06-22T07:36:18+00:00","breadcrumb":{"@id":"https:\/\/kapitalis.com\/tunisie\/2023\/06\/22\/la-tunisie-se-classe-128e-rang-mondial-dans-le-global-gender-gap\/#breadcrumb"},"inLanguage":"fr-FR","potentialAction":[{"@type":"ReadAction","target":["https:\/\/kapitalis.com\/tunisie\/2023\/06\/22\/la-tunisie-se-classe-128e-rang-mondial-dans-le-global-gender-gap\/"]}]},{"@type":"ImageObject","inLanguage":"fr-FR","@id":"https:\/\/kapitalis.com\/tunisie\/2023\/06\/22\/la-tunisie-se-classe-128e-rang-mondial-dans-le-global-gender-gap\/#primaryimage","url":"https:\/\/kapitalis.com\/tunisie\/wp-content\/uploads\/2023\/06\/Global-Gender-Gap-Report.jpg","contentUrl":"https:\/\/kapitalis.com\/tunisie\/wp-content\/uploads\/2023\/06\/Global-Gender-Gap-Report.jpg","width":1200,"height":630},{"@type":"BreadcrumbList","@id":"https:\/\/kapitalis.com\/tunisie\/2023\/06\/22\/la-tunisie-se-classe-128e-rang-mondial-dans-le-global-gender-gap\/#breadcrumb","itemListElement":[{"@type":"ListItem","position":1,"name":"Accueil","item":"https:\/\/kapitalis.com\/tunisie\/"},{"@type":"ListItem","position":2,"name":"La Tunisie se classe 128e rang mondial dans le Global Gender Gap"}]},{"@type":"WebSite","@id":"https:\/\/kapitalis.com\/tunisie\/#website","url":"https:\/\/kapitalis.com\/tunisie\/","name":"Kapitalis","description":"L&#039;actualit\u00e9 en Tunisie et dans le monde","publisher":{"@id":"https:\/\/kapitalis.com\/tunisie\/#organization"},"potentialAction":[{"@type":"SearchAction","target":{"@type":"EntryPoint","urlTemplate":"https:\/\/kapitalis.com\/tunisie\/?s={search_term_string}"},"query-input":{"@type":"PropertyValueSpecification","valueRequired":true,"valueName":"search_term_string"}}],"inLanguage":"fr-FR"},{"@type":"Organization","@id":"https:\/\/kapitalis.com\/tunisie\/#organization","name":"Kapitalis","url":"https:\/\/kapitalis.com\/tunisie\/","logo":{"@type":"ImageObject","inLanguage":"fr-FR","@id":"https:\/\/kapitalis.com\/tunisie\/#\/schema\/logo\/image\/","url":"https:\/\/kapitalis.com\/tunisie\/wp-content\/uploads\/2022\/05\/Kapitalis-big-size.png","contentUrl":"https:\/\/kapitalis.com\/tunisie\/wp-content\/uploads\/2022\/05\/Kapitalis-big-size.png","width":5000,"height":1500,"caption":"Kapitalis"},"image":{"@id":"https:\/\/kapitalis.com\/tunisie\/#\/schema\/logo\/image\/"},"sameAs":["https:\/\/www.facebook.com\/KapitalisInfo\/","https:\/\/x.com\/KapitalisInfo","https:\/\/www.youtube.com\/channel\/UC-yDYrHyfFBWWZaOw3FPg9Q"]},{"@type":"Person","@id":"https:\/\/kapitalis.com\/tunisie\/#\/schema\/person\/d71f33a9ca44f7bad4698210b480c8e9","name":"webmaster kapitalis","url":"https:\/\/kapitalis.com\/tunisie\/author\/webmaster-kapitalis\/"}]}},"_links":{"self":[{"href":"https:\/\/kapitalis.com\/tunisie\/wp-json\/wp\/v2\/posts\/8474605","targetHints":{"allow":["GET"]}}],"collection":[{"href":"https:\/\/kapitalis.com\/tunisie\/wp-json\/wp\/v2\/posts"}],"about":[{"href":"https:\/\/kapitalis.com\/tunisie\/wp-json\/wp\/v2\/types\/post"}],"author":[{"embeddable":true,"href":"https:\/\/kapitalis.com\/tunisie\/wp-json\/wp\/v2\/users\/8"}],"replies":[{"embeddable":true,"href":"https:\/\/kapitalis.com\/tunisie\/wp-json\/wp\/v2\/comments?post=8474605"}],"version-history":[{"count":1,"href":"https:\/\/kapitalis.com\/tunisie\/wp-json\/wp\/v2\/posts\/8474605\/revisions"}],"predecessor-version":[{"id":8474638,"href":"https:\/\/kapitalis.com\/tunisie\/wp-json\/wp\/v2\/posts\/8474605\/revisions\/8474638"}],"wp:featuredmedia":[{"embeddable":true,"href":"https:\/\/kapitalis.com\/tunisie\/wp-json\/wp\/v2\/media\/8474630"}],"wp:attachment":[{"href":"https:\/\/kapitalis.com\/tunisie\/wp-json\/wp\/v2\/media?parent=8474605"}],"wp:term":[{"taxonomy":"category","embeddable":true,"href":"https:\/\/kapitalis.com\/tunisie\/wp-json\/wp\/v2\/categories?post=8474605"},{"taxonomy":"post_tag","embeddable":true,"href":"https:\/\/kapitalis.com\/tunisie\/wp-json\/wp\/v2\/tags?post=8474605"}],"curies":[{"name":"wp","href":"https:\/\/api.w.org\/{rel}","templated":true}]}}