{"id":8475229,"date":"2023-06-22T10:22:33","date_gmt":"2023-06-22T09:22:33","guid":{"rendered":"https:\/\/kapitalis.com\/tunisie\/?p=8475229"},"modified":"2023-06-22T10:22:36","modified_gmt":"2023-06-22T09:22:36","slug":"apres-une-absence-de-plusieurs-annees-le-jazzman-dhafer-youssef-de-retour-en-tunisie","status":"publish","type":"post","link":"https:\/\/kapitalis.com\/tunisie\/2023\/06\/22\/apres-une-absence-de-plusieurs-annees-le-jazzman-dhafer-youssef-de-retour-en-tunisie\/","title":{"rendered":"Apr\u00e8s une absence de plusieurs ann\u00e9es le Jazzman Dhafer Youssef de retour en Tunisie"},"content":{"rendered":"\n<p><strong><em>Apr\u00e8s avoir fait le tour des grandes sc\u00e8nes internationales, Dhafer Youssef sera de retour cet \u00e9t\u00e9 en Tunisie pour une s\u00e9rie de concerts dont le premier vient d\u2019\u00eatre d\u00e9voil\u00e9.<\/em><\/strong><\/p>\n\n\n\n<!--more-->\n\n\n\n<p>Dhafer Youssef, l\u2019une des figures embl\u00e9matiques du Jazz oriental, sillonne depuis plusieurs ann\u00e9es les grandes sc\u00e8nes internationales, mais ses apparitions en Tunisie se font tr\u00e8s rares.<\/p>\n\n\n\n<p>Le Festival international de Dougga vient d\u2019annoncer qu\u2019il sera le 7 ao\u00fbt (soir\u00e9e de cl\u00f4ture) sur la sc\u00e8ne du Th\u00e9\u00e2tre romain de Dougga pour pr\u00e9senter notamment son dernier album \u00ab\u00a0Street of minarets\u00a0\u00bb.<\/p>\n\n\n\n<p class=\"has-text-align-right\"><strong>F.B<\/strong><\/p>\n\n\n\n<p><\/p>\n","protected":false},"excerpt":{"rendered":"<p>Apr\u00e8s avoir fait le tour des grandes sc\u00e8nes internationales, Dhafer Youssef sera de retour cet \u00e9t\u00e9 en Tunisie pour une s\u00e9rie de concerts dont le premier vient d\u2019\u00eatre d\u00e9voil\u00e9.<\/p>\n","protected":false},"author":26,"featured_media":8475431,"comment_status":"open","ping_status":"open","sticky":false,"template":"","format":"standard","meta":{"footnotes":""},"categories":[994,2433],"tags":[91045,109321,86901,62643],"class_list":["post-8475229","post","type-post","status-publish","format-standard","has-post-thumbnail","hentry","category-culture","category-tunisie","tag-dhafer-youssef","tag-festival-international-de-dougga-2023","tag-jazz-tunisien","tag-tunisie"],"yoast_head":"<!-- This site is optimized with the Yoast SEO plugin v26.6 - https:\/\/yoast.com\/wordpress\/plugins\/seo\/ -->\n<title>Apr\u00e8s une absence de plusieurs ann\u00e9es le Jazzman Dhafer Youssef de retour en Tunisie - Kapitalis<\/title>\n<meta name=\"robots\" content=\"index, follow, max-snippet:-1, max-image-preview:large, max-video-preview:-1\" \/>\n<link rel=\"canonical\" href=\"https:\/\/kapitalis.com\/tunisie\/2023\/06\/22\/apres-une-absence-de-plusieurs-annees-le-jazzman-dhafer-youssef-de-retour-en-tunisie\/\" \/>\n<meta property=\"og:locale\" content=\"fr_FR\" \/>\n<meta property=\"og:type\" content=\"article\" \/>\n<meta property=\"og:title\" content=\"Apr\u00e8s une absence de plusieurs ann\u00e9es le Jazzman Dhafer Youssef de retour en Tunisie - Kapitalis\" \/>\n<meta property=\"og:description\" content=\"Apr\u00e8s avoir fait le tour des grandes sc\u00e8nes internationales, Dhafer Youssef sera de retour cet \u00e9t\u00e9 en Tunisie pour une s\u00e9rie de concerts dont le premier vient d\u2019\u00eatre d\u00e9voil\u00e9.\" \/>\n<meta property=\"og:url\" content=\"https:\/\/kapitalis.com\/tunisie\/2023\/06\/22\/apres-une-absence-de-plusieurs-annees-le-jazzman-dhafer-youssef-de-retour-en-tunisie\/\" \/>\n<meta property=\"og:site_name\" content=\"Kapitalis\" \/>\n<meta property=\"article:publisher\" content=\"https:\/\/www.facebook.com\/KapitalisInfo\/\" \/>\n<meta property=\"article:published_time\" content=\"2023-06-22T09:22:33+00:00\" \/>\n<meta property=\"article:modified_time\" content=\"2023-06-22T09:22:36+00:00\" \/>\n<meta property=\"og:image\" content=\"https:\/\/kapitalis.com\/tunisie\/wp-content\/uploads\/2023\/06\/Dhafer-Youssef-_-Festival-Dougga.jpg\" \/>\n\t<meta property=\"og:image:width\" content=\"1200\" \/>\n\t<meta property=\"og:image:height\" content=\"630\" \/>\n\t<meta property=\"og:image:type\" content=\"image\/jpeg\" \/>\n<meta name=\"author\" content=\"Fawz BenAli\" \/>\n<meta name=\"twitter:card\" content=\"summary_large_image\" \/>\n<meta name=\"twitter:creator\" content=\"@KapitalisInfo\" \/>\n<meta name=\"twitter:site\" content=\"@KapitalisInfo\" \/>\n<meta name=\"twitter:label1\" content=\"\u00c9crit par\" \/>\n\t<meta name=\"twitter:data1\" content=\"Fawz BenAli\" \/>\n\t<meta name=\"twitter:label2\" content=\"Dur\u00e9e de lecture estim\u00e9e\" \/>\n\t<meta name=\"twitter:data2\" content=\"1 minute\" \/>\n<script type=\"application\/ld+json\" class=\"yoast-schema-graph\">{\"@context\":\"https:\/\/schema.org\",\"@graph\":[{\"@type\":\"Article\",\"@id\":\"https:\/\/kapitalis.com\/tunisie\/2023\/06\/22\/apres-une-absence-de-plusieurs-annees-le-jazzman-dhafer-youssef-de-retour-en-tunisie\/#article\",\"isPartOf\":{\"@id\":\"https:\/\/kapitalis.com\/tunisie\/2023\/06\/22\/apres-une-absence-de-plusieurs-annees-le-jazzman-dhafer-youssef-de-retour-en-tunisie\/\"},\"author\":{\"name\":\"Fawz BenAli\",\"@id\":\"https:\/\/kapitalis.com\/tunisie\/#\/schema\/person\/73a5ecc1f6ae540c6ed91342eadca948\"},\"headline\":\"Apr\u00e8s une absence de plusieurs ann\u00e9es le Jazzman Dhafer Youssef de retour en Tunisie\",\"datePublished\":\"2023-06-22T09:22:33+00:00\",\"dateModified\":\"2023-06-22T09:22:36+00:00\",\"mainEntityOfPage\":{\"@id\":\"https:\/\/kapitalis.com\/tunisie\/2023\/06\/22\/apres-une-absence-de-plusieurs-annees-le-jazzman-dhafer-youssef-de-retour-en-tunisie\/\"},\"wordCount\":122,\"commentCount\":0,\"publisher\":{\"@id\":\"https:\/\/kapitalis.com\/tunisie\/#organization\"},\"image\":{\"@id\":\"https:\/\/kapitalis.com\/tunisie\/2023\/06\/22\/apres-une-absence-de-plusieurs-annees-le-jazzman-dhafer-youssef-de-retour-en-tunisie\/#primaryimage\"},\"thumbnailUrl\":\"https:\/\/kapitalis.com\/tunisie\/wp-content\/uploads\/2023\/06\/Dhafer-Youssef-_-Festival-Dougga.jpg\",\"keywords\":[\"Dhafer Youssef\",\"Festival international de Dougga 2023\",\"Jazz tunisien\",\"Tunisie\"],\"articleSection\":[\"CULTURE\",\"Tunisie\"],\"inLanguage\":\"fr-FR\",\"potentialAction\":[{\"@type\":\"CommentAction\",\"name\":\"Comment\",\"target\":[\"https:\/\/kapitalis.com\/tunisie\/2023\/06\/22\/apres-une-absence-de-plusieurs-annees-le-jazzman-dhafer-youssef-de-retour-en-tunisie\/#respond\"]}]},{\"@type\":\"WebPage\",\"@id\":\"https:\/\/kapitalis.com\/tunisie\/2023\/06\/22\/apres-une-absence-de-plusieurs-annees-le-jazzman-dhafer-youssef-de-retour-en-tunisie\/\",\"url\":\"https:\/\/kapitalis.com\/tunisie\/2023\/06\/22\/apres-une-absence-de-plusieurs-annees-le-jazzman-dhafer-youssef-de-retour-en-tunisie\/\",\"name\":\"Apr\u00e8s une absence de plusieurs ann\u00e9es le Jazzman Dhafer Youssef de retour en Tunisie - Kapitalis\",\"isPartOf\":{\"@id\":\"https:\/\/kapitalis.com\/tunisie\/#website\"},\"primaryImageOfPage\":{\"@id\":\"https:\/\/kapitalis.com\/tunisie\/2023\/06\/22\/apres-une-absence-de-plusieurs-annees-le-jazzman-dhafer-youssef-de-retour-en-tunisie\/#primaryimage\"},\"image\":{\"@id\":\"https:\/\/kapitalis.com\/tunisie\/2023\/06\/22\/apres-une-absence-de-plusieurs-annees-le-jazzman-dhafer-youssef-de-retour-en-tunisie\/#primaryimage\"},\"thumbnailUrl\":\"https:\/\/kapitalis.com\/tunisie\/wp-content\/uploads\/2023\/06\/Dhafer-Youssef-_-Festival-Dougga.jpg\",\"datePublished\":\"2023-06-22T09:22:33+00:00\",\"dateModified\":\"2023-06-22T09:22:36+00:00\",\"breadcrumb\":{\"@id\":\"https:\/\/kapitalis.com\/tunisie\/2023\/06\/22\/apres-une-absence-de-plusieurs-annees-le-jazzman-dhafer-youssef-de-retour-en-tunisie\/#breadcrumb\"},\"inLanguage\":\"fr-FR\",\"potentialAction\":[{\"@type\":\"ReadAction\",\"target\":[\"https:\/\/kapitalis.com\/tunisie\/2023\/06\/22\/apres-une-absence-de-plusieurs-annees-le-jazzman-dhafer-youssef-de-retour-en-tunisie\/\"]}]},{\"@type\":\"ImageObject\",\"inLanguage\":\"fr-FR\",\"@id\":\"https:\/\/kapitalis.com\/tunisie\/2023\/06\/22\/apres-une-absence-de-plusieurs-annees-le-jazzman-dhafer-youssef-de-retour-en-tunisie\/#primaryimage\",\"url\":\"https:\/\/kapitalis.com\/tunisie\/wp-content\/uploads\/2023\/06\/Dhafer-Youssef-_-Festival-Dougga.jpg\",\"contentUrl\":\"https:\/\/kapitalis.com\/tunisie\/wp-content\/uploads\/2023\/06\/Dhafer-Youssef-_-Festival-Dougga.jpg\",\"width\":1200,\"height\":630},{\"@type\":\"BreadcrumbList\",\"@id\":\"https:\/\/kapitalis.com\/tunisie\/2023\/06\/22\/apres-une-absence-de-plusieurs-annees-le-jazzman-dhafer-youssef-de-retour-en-tunisie\/#breadcrumb\",\"itemListElement\":[{\"@type\":\"ListItem\",\"position\":1,\"name\":\"Accueil\",\"item\":\"https:\/\/kapitalis.com\/tunisie\/\"},{\"@type\":\"ListItem\",\"position\":2,\"name\":\"Apr\u00e8s une absence de plusieurs ann\u00e9es le Jazzman Dhafer Youssef de retour en Tunisie\"}]},{\"@type\":\"WebSite\",\"@id\":\"https:\/\/kapitalis.com\/tunisie\/#website\",\"url\":\"https:\/\/kapitalis.com\/tunisie\/\",\"name\":\"Kapitalis\",\"description\":\"L&#039;actualit\u00e9 en Tunisie et dans le monde\",\"publisher\":{\"@id\":\"https:\/\/kapitalis.com\/tunisie\/#organization\"},\"potentialAction\":[{\"@type\":\"SearchAction\",\"target\":{\"@type\":\"EntryPoint\",\"urlTemplate\":\"https:\/\/kapitalis.com\/tunisie\/?s={search_term_string}\"},\"query-input\":{\"@type\":\"PropertyValueSpecification\",\"valueRequired\":true,\"valueName\":\"search_term_string\"}}],\"inLanguage\":\"fr-FR\"},{\"@type\":\"Organization\",\"@id\":\"https:\/\/kapitalis.com\/tunisie\/#organization\",\"name\":\"Kapitalis\",\"url\":\"https:\/\/kapitalis.com\/tunisie\/\",\"logo\":{\"@type\":\"ImageObject\",\"inLanguage\":\"fr-FR\",\"@id\":\"https:\/\/kapitalis.com\/tunisie\/#\/schema\/logo\/image\/\",\"url\":\"https:\/\/kapitalis.com\/tunisie\/wp-content\/uploads\/2022\/05\/Kapitalis-big-size.png\",\"contentUrl\":\"https:\/\/kapitalis.com\/tunisie\/wp-content\/uploads\/2022\/05\/Kapitalis-big-size.png\",\"width\":5000,\"height\":1500,\"caption\":\"Kapitalis\"},\"image\":{\"@id\":\"https:\/\/kapitalis.com\/tunisie\/#\/schema\/logo\/image\/\"},\"sameAs\":[\"https:\/\/www.facebook.com\/KapitalisInfo\/\",\"https:\/\/x.com\/KapitalisInfo\",\"https:\/\/www.youtube.com\/channel\/UC-yDYrHyfFBWWZaOw3FPg9Q\"]},{\"@type\":\"Person\",\"@id\":\"https:\/\/kapitalis.com\/tunisie\/#\/schema\/person\/73a5ecc1f6ae540c6ed91342eadca948\",\"name\":\"Fawz BenAli\",\"url\":\"https:\/\/kapitalis.com\/tunisie\/author\/fawz\/\"}]}<\/script>\n<!-- \/ Yoast SEO plugin. -->","yoast_head_json":{"title":"Apr\u00e8s une absence de plusieurs ann\u00e9es le Jazzman Dhafer Youssef de retour en Tunisie - Kapitalis","robots":{"index":"index","follow":"follow","max-snippet":"max-snippet:-1","max-image-preview":"max-image-preview:large","max-video-preview":"max-video-preview:-1"},"canonical":"https:\/\/kapitalis.com\/tunisie\/2023\/06\/22\/apres-une-absence-de-plusieurs-annees-le-jazzman-dhafer-youssef-de-retour-en-tunisie\/","og_locale":"fr_FR","og_type":"article","og_title":"Apr\u00e8s une absence de plusieurs ann\u00e9es le Jazzman Dhafer Youssef de retour en Tunisie - Kapitalis","og_description":"Apr\u00e8s avoir fait le tour des grandes sc\u00e8nes internationales, Dhafer Youssef sera de retour cet \u00e9t\u00e9 en Tunisie pour une s\u00e9rie de concerts dont le premier vient d\u2019\u00eatre d\u00e9voil\u00e9.","og_url":"https:\/\/kapitalis.com\/tunisie\/2023\/06\/22\/apres-une-absence-de-plusieurs-annees-le-jazzman-dhafer-youssef-de-retour-en-tunisie\/","og_site_name":"Kapitalis","article_publisher":"https:\/\/www.facebook.com\/KapitalisInfo\/","article_published_time":"2023-06-22T09:22:33+00:00","article_modified_time":"2023-06-22T09:22:36+00:00","og_image":[{"width":1200,"height":630,"url":"https:\/\/kapitalis.com\/tunisie\/wp-content\/uploads\/2023\/06\/Dhafer-Youssef-_-Festival-Dougga.jpg","type":"image\/jpeg"}],"author":"Fawz BenAli","twitter_card":"summary_large_image","twitter_creator":"@KapitalisInfo","twitter_site":"@KapitalisInfo","twitter_misc":{"\u00c9crit par":"Fawz BenAli","Dur\u00e9e de lecture estim\u00e9e":"1 minute"},"schema":{"@context":"https:\/\/schema.org","@graph":[{"@type":"Article","@id":"https:\/\/kapitalis.com\/tunisie\/2023\/06\/22\/apres-une-absence-de-plusieurs-annees-le-jazzman-dhafer-youssef-de-retour-en-tunisie\/#article","isPartOf":{"@id":"https:\/\/kapitalis.com\/tunisie\/2023\/06\/22\/apres-une-absence-de-plusieurs-annees-le-jazzman-dhafer-youssef-de-retour-en-tunisie\/"},"author":{"name":"Fawz BenAli","@id":"https:\/\/kapitalis.com\/tunisie\/#\/schema\/person\/73a5ecc1f6ae540c6ed91342eadca948"},"headline":"Apr\u00e8s une absence de plusieurs ann\u00e9es le Jazzman Dhafer Youssef de retour en Tunisie","datePublished":"2023-06-22T09:22:33+00:00","dateModified":"2023-06-22T09:22:36+00:00","mainEntityOfPage":{"@id":"https:\/\/kapitalis.com\/tunisie\/2023\/06\/22\/apres-une-absence-de-plusieurs-annees-le-jazzman-dhafer-youssef-de-retour-en-tunisie\/"},"wordCount":122,"commentCount":0,"publisher":{"@id":"https:\/\/kapitalis.com\/tunisie\/#organization"},"image":{"@id":"https:\/\/kapitalis.com\/tunisie\/2023\/06\/22\/apres-une-absence-de-plusieurs-annees-le-jazzman-dhafer-youssef-de-retour-en-tunisie\/#primaryimage"},"thumbnailUrl":"https:\/\/kapitalis.com\/tunisie\/wp-content\/uploads\/2023\/06\/Dhafer-Youssef-_-Festival-Dougga.jpg","keywords":["Dhafer Youssef","Festival international de Dougga 2023","Jazz tunisien","Tunisie"],"articleSection":["CULTURE","Tunisie"],"inLanguage":"fr-FR","potentialAction":[{"@type":"CommentAction","name":"Comment","target":["https:\/\/kapitalis.com\/tunisie\/2023\/06\/22\/apres-une-absence-de-plusieurs-annees-le-jazzman-dhafer-youssef-de-retour-en-tunisie\/#respond"]}]},{"@type":"WebPage","@id":"https:\/\/kapitalis.com\/tunisie\/2023\/06\/22\/apres-une-absence-de-plusieurs-annees-le-jazzman-dhafer-youssef-de-retour-en-tunisie\/","url":"https:\/\/kapitalis.com\/tunisie\/2023\/06\/22\/apres-une-absence-de-plusieurs-annees-le-jazzman-dhafer-youssef-de-retour-en-tunisie\/","name":"Apr\u00e8s une absence de plusieurs ann\u00e9es le Jazzman Dhafer Youssef de retour en Tunisie - Kapitalis","isPartOf":{"@id":"https:\/\/kapitalis.com\/tunisie\/#website"},"primaryImageOfPage":{"@id":"https:\/\/kapitalis.com\/tunisie\/2023\/06\/22\/apres-une-absence-de-plusieurs-annees-le-jazzman-dhafer-youssef-de-retour-en-tunisie\/#primaryimage"},"image":{"@id":"https:\/\/kapitalis.com\/tunisie\/2023\/06\/22\/apres-une-absence-de-plusieurs-annees-le-jazzman-dhafer-youssef-de-retour-en-tunisie\/#primaryimage"},"thumbnailUrl":"https:\/\/kapitalis.com\/tunisie\/wp-content\/uploads\/2023\/06\/Dhafer-Youssef-_-Festival-Dougga.jpg","datePublished":"2023-06-22T09:22:33+00:00","dateModified":"2023-06-22T09:22:36+00:00","breadcrumb":{"@id":"https:\/\/kapitalis.com\/tunisie\/2023\/06\/22\/apres-une-absence-de-plusieurs-annees-le-jazzman-dhafer-youssef-de-retour-en-tunisie\/#breadcrumb"},"inLanguage":"fr-FR","potentialAction":[{"@type":"ReadAction","target":["https:\/\/kapitalis.com\/tunisie\/2023\/06\/22\/apres-une-absence-de-plusieurs-annees-le-jazzman-dhafer-youssef-de-retour-en-tunisie\/"]}]},{"@type":"ImageObject","inLanguage":"fr-FR","@id":"https:\/\/kapitalis.com\/tunisie\/2023\/06\/22\/apres-une-absence-de-plusieurs-annees-le-jazzman-dhafer-youssef-de-retour-en-tunisie\/#primaryimage","url":"https:\/\/kapitalis.com\/tunisie\/wp-content\/uploads\/2023\/06\/Dhafer-Youssef-_-Festival-Dougga.jpg","contentUrl":"https:\/\/kapitalis.com\/tunisie\/wp-content\/uploads\/2023\/06\/Dhafer-Youssef-_-Festival-Dougga.jpg","width":1200,"height":630},{"@type":"BreadcrumbList","@id":"https:\/\/kapitalis.com\/tunisie\/2023\/06\/22\/apres-une-absence-de-plusieurs-annees-le-jazzman-dhafer-youssef-de-retour-en-tunisie\/#breadcrumb","itemListElement":[{"@type":"ListItem","position":1,"name":"Accueil","item":"https:\/\/kapitalis.com\/tunisie\/"},{"@type":"ListItem","position":2,"name":"Apr\u00e8s une absence de plusieurs ann\u00e9es le Jazzman Dhafer Youssef de retour en Tunisie"}]},{"@type":"WebSite","@id":"https:\/\/kapitalis.com\/tunisie\/#website","url":"https:\/\/kapitalis.com\/tunisie\/","name":"Kapitalis","description":"L&#039;actualit\u00e9 en Tunisie et dans le monde","publisher":{"@id":"https:\/\/kapitalis.com\/tunisie\/#organization"},"potentialAction":[{"@type":"SearchAction","target":{"@type":"EntryPoint","urlTemplate":"https:\/\/kapitalis.com\/tunisie\/?s={search_term_string}"},"query-input":{"@type":"PropertyValueSpecification","valueRequired":true,"valueName":"search_term_string"}}],"inLanguage":"fr-FR"},{"@type":"Organization","@id":"https:\/\/kapitalis.com\/tunisie\/#organization","name":"Kapitalis","url":"https:\/\/kapitalis.com\/tunisie\/","logo":{"@type":"ImageObject","inLanguage":"fr-FR","@id":"https:\/\/kapitalis.com\/tunisie\/#\/schema\/logo\/image\/","url":"https:\/\/kapitalis.com\/tunisie\/wp-content\/uploads\/2022\/05\/Kapitalis-big-size.png","contentUrl":"https:\/\/kapitalis.com\/tunisie\/wp-content\/uploads\/2022\/05\/Kapitalis-big-size.png","width":5000,"height":1500,"caption":"Kapitalis"},"image":{"@id":"https:\/\/kapitalis.com\/tunisie\/#\/schema\/logo\/image\/"},"sameAs":["https:\/\/www.facebook.com\/KapitalisInfo\/","https:\/\/x.com\/KapitalisInfo","https:\/\/www.youtube.com\/channel\/UC-yDYrHyfFBWWZaOw3FPg9Q"]},{"@type":"Person","@id":"https:\/\/kapitalis.com\/tunisie\/#\/schema\/person\/73a5ecc1f6ae540c6ed91342eadca948","name":"Fawz BenAli","url":"https:\/\/kapitalis.com\/tunisie\/author\/fawz\/"}]}},"_links":{"self":[{"href":"https:\/\/kapitalis.com\/tunisie\/wp-json\/wp\/v2\/posts\/8475229","targetHints":{"allow":["GET"]}}],"collection":[{"href":"https:\/\/kapitalis.com\/tunisie\/wp-json\/wp\/v2\/posts"}],"about":[{"href":"https:\/\/kapitalis.com\/tunisie\/wp-json\/wp\/v2\/types\/post"}],"author":[{"embeddable":true,"href":"https:\/\/kapitalis.com\/tunisie\/wp-json\/wp\/v2\/users\/26"}],"replies":[{"embeddable":true,"href":"https:\/\/kapitalis.com\/tunisie\/wp-json\/wp\/v2\/comments?post=8475229"}],"version-history":[{"count":1,"href":"https:\/\/kapitalis.com\/tunisie\/wp-json\/wp\/v2\/posts\/8475229\/revisions"}],"predecessor-version":[{"id":8475435,"href":"https:\/\/kapitalis.com\/tunisie\/wp-json\/wp\/v2\/posts\/8475229\/revisions\/8475435"}],"wp:featuredmedia":[{"embeddable":true,"href":"https:\/\/kapitalis.com\/tunisie\/wp-json\/wp\/v2\/media\/8475431"}],"wp:attachment":[{"href":"https:\/\/kapitalis.com\/tunisie\/wp-json\/wp\/v2\/media?parent=8475229"}],"wp:term":[{"taxonomy":"category","embeddable":true,"href":"https:\/\/kapitalis.com\/tunisie\/wp-json\/wp\/v2\/categories?post=8475229"},{"taxonomy":"post_tag","embeddable":true,"href":"https:\/\/kapitalis.com\/tunisie\/wp-json\/wp\/v2\/tags?post=8475229"}],"curies":[{"name":"wp","href":"https:\/\/api.w.org\/{rel}","templated":true}]}}