{"id":84840,"date":"2017-02-28T11:05:06","date_gmt":"2017-02-28T10:05:06","guid":{"rendered":"http:\/\/kapitalis.com\/tunisie\/?p=84840"},"modified":"2017-02-28T11:05:06","modified_gmt":"2017-02-28T10:05:06","slug":"belgique-un-tunisien-poursuivi-pour-avoir-tente-de-noyer-sa-copine","status":"publish","type":"post","link":"https:\/\/kapitalis.com\/tunisie\/2017\/02\/28\/belgique-un-tunisien-poursuivi-pour-avoir-tente-de-noyer-sa-copine\/","title":{"rendered":"Belgique : Un Tunisien poursuivi pour avoir tent\u00e9 de noyer sa copine"},"content":{"rendered":"<p style=\"text-align: center;\"><img loading=\"lazy\" decoding=\"async\" class=\"alignnone size-full wp-image-84844\" src=\"http:\/\/kapitalis.com\/tunisie\/wp-content\/uploads\/2017\/02\/Belgique-tunisien-condamn\u00e9-prison-homicide.jpg\" alt=\"\" width=\"626\" height=\"380\" \/><\/p>\n<p><em><strong>La justice belge a requis, hier, 4 ans de prison ferme pour un Tunisien, en situation irr\u00e9guli\u00e8re, qui a tent\u00e9 de noyer sa copine dans la Meuse.<\/strong><\/em><\/p>\n<p><!--more--><\/p>\n<p>Le Tunisien de 21 ans, qui est\u00a0poursuivi pour tentative de meurtre,\u00a0a comparu, lundi 27 f\u00e9vrier 2017, devant le tribunal correctionnel de Li\u00e8ge. Il a reconnu avoir frapp\u00e9 sa copine, mais ni\u00e9 l\u2019avoir jet\u00e9 dans le fleuve. Selon lui, celle-ci\u00a0est tomb\u00e9e accidentellement dans la Meuse.<\/p>\n<p>Le parquet a, cependant, requis contre lui une peine de 4 ans de prison ferme. Il s&rsquo;est\u00a0bas\u00e9 sur les t\u00e9moignages des passants, qui ont sauv\u00e9 la jeune-fille d\u2019une mort certaine.\u00a0La temp\u00e9rature basse de l\u2019eau glac\u00e9e aurait pu, en effet, lui \u00eatre fatale.<\/p>\n<p>La victime a pr\u00e9cis\u00e9 que son copain, qui \u00e9tait en manque de drogue, est entr\u00e9 dans un \u00e9tat hyst\u00e9rique, le soir du 30 janvier 2017. Une querelle a \u00e9clat\u00e9 et il l\u2019a jet\u00e9e dans le fleuve, avant de prendre la fuite, sans se soucier de son sort.<\/p>\n<p>Lors de l&rsquo;audience,\u00a0le pr\u00e9venu a affirm\u00e9 que la jeune femme \u00e9tait fautive \u00e0 son \u00e9gard (sic\u00a0!). Son avocat a ni\u00e9 l&rsquo;intention de donner la mort et plaid\u00e9 une peine assortie d&rsquo;un sursis. Le jugement final sera prononc\u00e9 le 27 mars prochain.<\/p>\n<p style=\"text-align: right;\"><strong>Y. N.<\/strong><\/p>\n","protected":false},"excerpt":{"rendered":"<p>La justice belge a requis, hier, 4 ans de prison ferme pour un Tunisien, en situation irr\u00e9guli\u00e8re, qui a tent\u00e9 de noyer sa copine dans la Meuse.<\/p>\n","protected":false},"author":6,"featured_media":84844,"comment_status":"open","ping_status":"open","sticky":false,"template":"","format":"standard","meta":{"footnotes":""},"categories":[998,2433],"tags":[138,292,8509,666,19376,931,6581],"class_list":["post-84840","post","type-post","status-publish","format-standard","has-post-thumbnail","hentry","category-societe","category-tunisie","tag-belgique","tag-drogue","tag-homicide","tag-noyade","tag-sans-papiers","tag-tunisien","tag-violences"],"yoast_head":"<!-- This site is optimized with the Yoast SEO plugin v26.6 - https:\/\/yoast.com\/wordpress\/plugins\/seo\/ -->\n<title>Belgique : Un Tunisien poursuivi pour avoir tent\u00e9 de noyer sa copine - Kapitalis<\/title>\n<meta name=\"robots\" content=\"index, follow, max-snippet:-1, max-image-preview:large, max-video-preview:-1\" \/>\n<link rel=\"canonical\" href=\"https:\/\/kapitalis.com\/tunisie\/2017\/02\/28\/belgique-un-tunisien-poursuivi-pour-avoir-tente-de-noyer-sa-copine\/\" \/>\n<meta property=\"og:locale\" content=\"fr_FR\" \/>\n<meta property=\"og:type\" content=\"article\" \/>\n<meta property=\"og:title\" content=\"Belgique : Un Tunisien poursuivi pour avoir tent\u00e9 de noyer sa copine - Kapitalis\" \/>\n<meta property=\"og:description\" content=\"La justice belge a requis, hier, 4 ans de prison ferme pour un Tunisien, en situation irr\u00e9guli\u00e8re, qui a tent\u00e9 de noyer sa copine dans la Meuse.\" \/>\n<meta property=\"og:url\" content=\"https:\/\/kapitalis.com\/tunisie\/2017\/02\/28\/belgique-un-tunisien-poursuivi-pour-avoir-tente-de-noyer-sa-copine\/\" \/>\n<meta property=\"og:site_name\" content=\"Kapitalis\" \/>\n<meta property=\"article:publisher\" content=\"https:\/\/www.facebook.com\/KapitalisInfo\/\" \/>\n<meta property=\"article:published_time\" content=\"2017-02-28T10:05:06+00:00\" \/>\n<meta property=\"og:image\" content=\"https:\/\/kapitalis.com\/tunisie\/wp-content\/uploads\/2022\/05\/kapitalis-logo-fb.png\" \/>\n\t<meta property=\"og:image:width\" content=\"1200\" \/>\n\t<meta property=\"og:image:height\" content=\"630\" \/>\n\t<meta property=\"og:image:type\" content=\"image\/png\" \/>\n<meta name=\"author\" content=\"Yusra NY\" \/>\n<meta name=\"twitter:card\" content=\"summary_large_image\" \/>\n<meta name=\"twitter:creator\" content=\"@KapitalisInfo\" \/>\n<meta name=\"twitter:site\" content=\"@KapitalisInfo\" \/>\n<meta name=\"twitter:label1\" content=\"\u00c9crit par\" \/>\n\t<meta name=\"twitter:data1\" content=\"Yusra NY\" \/>\n\t<meta name=\"twitter:label2\" content=\"Dur\u00e9e de lecture estim\u00e9e\" \/>\n\t<meta name=\"twitter:data2\" content=\"1 minute\" \/>\n<script type=\"application\/ld+json\" class=\"yoast-schema-graph\">{\"@context\":\"https:\/\/schema.org\",\"@graph\":[{\"@type\":\"Article\",\"@id\":\"https:\/\/kapitalis.com\/tunisie\/2017\/02\/28\/belgique-un-tunisien-poursuivi-pour-avoir-tente-de-noyer-sa-copine\/#article\",\"isPartOf\":{\"@id\":\"https:\/\/kapitalis.com\/tunisie\/2017\/02\/28\/belgique-un-tunisien-poursuivi-pour-avoir-tente-de-noyer-sa-copine\/\"},\"author\":{\"name\":\"Yusra NY\",\"@id\":\"https:\/\/kapitalis.com\/tunisie\/#\/schema\/person\/74bbde0154d49d790a92aaeac5bc01d5\"},\"headline\":\"Belgique : Un Tunisien poursuivi pour avoir tent\u00e9 de noyer sa copine\",\"datePublished\":\"2017-02-28T10:05:06+00:00\",\"mainEntityOfPage\":{\"@id\":\"https:\/\/kapitalis.com\/tunisie\/2017\/02\/28\/belgique-un-tunisien-poursuivi-pour-avoir-tente-de-noyer-sa-copine\/\"},\"wordCount\":227,\"commentCount\":0,\"publisher\":{\"@id\":\"https:\/\/kapitalis.com\/tunisie\/#organization\"},\"image\":{\"@id\":\"https:\/\/kapitalis.com\/tunisie\/2017\/02\/28\/belgique-un-tunisien-poursuivi-pour-avoir-tente-de-noyer-sa-copine\/#primaryimage\"},\"thumbnailUrl\":\"\",\"keywords\":[\"Belgique\",\"drogue\",\"homicide\",\"noyade\",\"sans papiers\",\"Tunisien\",\"violences\"],\"articleSection\":[\"SOCIETE\",\"Tunisie\"],\"inLanguage\":\"fr-FR\",\"potentialAction\":[{\"@type\":\"CommentAction\",\"name\":\"Comment\",\"target\":[\"https:\/\/kapitalis.com\/tunisie\/2017\/02\/28\/belgique-un-tunisien-poursuivi-pour-avoir-tente-de-noyer-sa-copine\/#respond\"]}]},{\"@type\":\"WebPage\",\"@id\":\"https:\/\/kapitalis.com\/tunisie\/2017\/02\/28\/belgique-un-tunisien-poursuivi-pour-avoir-tente-de-noyer-sa-copine\/\",\"url\":\"https:\/\/kapitalis.com\/tunisie\/2017\/02\/28\/belgique-un-tunisien-poursuivi-pour-avoir-tente-de-noyer-sa-copine\/\",\"name\":\"Belgique : Un Tunisien poursuivi pour avoir tent\u00e9 de noyer sa copine - Kapitalis\",\"isPartOf\":{\"@id\":\"https:\/\/kapitalis.com\/tunisie\/#website\"},\"primaryImageOfPage\":{\"@id\":\"https:\/\/kapitalis.com\/tunisie\/2017\/02\/28\/belgique-un-tunisien-poursuivi-pour-avoir-tente-de-noyer-sa-copine\/#primaryimage\"},\"image\":{\"@id\":\"https:\/\/kapitalis.com\/tunisie\/2017\/02\/28\/belgique-un-tunisien-poursuivi-pour-avoir-tente-de-noyer-sa-copine\/#primaryimage\"},\"thumbnailUrl\":\"\",\"datePublished\":\"2017-02-28T10:05:06+00:00\",\"breadcrumb\":{\"@id\":\"https:\/\/kapitalis.com\/tunisie\/2017\/02\/28\/belgique-un-tunisien-poursuivi-pour-avoir-tente-de-noyer-sa-copine\/#breadcrumb\"},\"inLanguage\":\"fr-FR\",\"potentialAction\":[{\"@type\":\"ReadAction\",\"target\":[\"https:\/\/kapitalis.com\/tunisie\/2017\/02\/28\/belgique-un-tunisien-poursuivi-pour-avoir-tente-de-noyer-sa-copine\/\"]}]},{\"@type\":\"ImageObject\",\"inLanguage\":\"fr-FR\",\"@id\":\"https:\/\/kapitalis.com\/tunisie\/2017\/02\/28\/belgique-un-tunisien-poursuivi-pour-avoir-tente-de-noyer-sa-copine\/#primaryimage\",\"url\":\"\",\"contentUrl\":\"\"},{\"@type\":\"BreadcrumbList\",\"@id\":\"https:\/\/kapitalis.com\/tunisie\/2017\/02\/28\/belgique-un-tunisien-poursuivi-pour-avoir-tente-de-noyer-sa-copine\/#breadcrumb\",\"itemListElement\":[{\"@type\":\"ListItem\",\"position\":1,\"name\":\"Accueil\",\"item\":\"https:\/\/kapitalis.com\/tunisie\/\"},{\"@type\":\"ListItem\",\"position\":2,\"name\":\"Belgique : Un Tunisien poursuivi pour avoir tent\u00e9 de noyer sa copine\"}]},{\"@type\":\"WebSite\",\"@id\":\"https:\/\/kapitalis.com\/tunisie\/#website\",\"url\":\"https:\/\/kapitalis.com\/tunisie\/\",\"name\":\"Kapitalis\",\"description\":\"L&#039;actualit\u00e9 en Tunisie et dans le monde\",\"publisher\":{\"@id\":\"https:\/\/kapitalis.com\/tunisie\/#organization\"},\"potentialAction\":[{\"@type\":\"SearchAction\",\"target\":{\"@type\":\"EntryPoint\",\"urlTemplate\":\"https:\/\/kapitalis.com\/tunisie\/?s={search_term_string}\"},\"query-input\":{\"@type\":\"PropertyValueSpecification\",\"valueRequired\":true,\"valueName\":\"search_term_string\"}}],\"inLanguage\":\"fr-FR\"},{\"@type\":\"Organization\",\"@id\":\"https:\/\/kapitalis.com\/tunisie\/#organization\",\"name\":\"Kapitalis\",\"url\":\"https:\/\/kapitalis.com\/tunisie\/\",\"logo\":{\"@type\":\"ImageObject\",\"inLanguage\":\"fr-FR\",\"@id\":\"https:\/\/kapitalis.com\/tunisie\/#\/schema\/logo\/image\/\",\"url\":\"https:\/\/kapitalis.com\/tunisie\/wp-content\/uploads\/2022\/05\/Kapitalis-big-size.png\",\"contentUrl\":\"https:\/\/kapitalis.com\/tunisie\/wp-content\/uploads\/2022\/05\/Kapitalis-big-size.png\",\"width\":5000,\"height\":1500,\"caption\":\"Kapitalis\"},\"image\":{\"@id\":\"https:\/\/kapitalis.com\/tunisie\/#\/schema\/logo\/image\/\"},\"sameAs\":[\"https:\/\/www.facebook.com\/KapitalisInfo\/\",\"https:\/\/x.com\/KapitalisInfo\",\"https:\/\/www.youtube.com\/channel\/UC-yDYrHyfFBWWZaOw3FPg9Q\"]},{\"@type\":\"Person\",\"@id\":\"https:\/\/kapitalis.com\/tunisie\/#\/schema\/person\/74bbde0154d49d790a92aaeac5bc01d5\",\"name\":\"Yusra NY\",\"url\":\"https:\/\/kapitalis.com\/tunisie\/author\/yuza_adam\/\"}]}<\/script>\n<!-- \/ Yoast SEO plugin. -->","yoast_head_json":{"title":"Belgique : Un Tunisien poursuivi pour avoir tent\u00e9 de noyer sa copine - Kapitalis","robots":{"index":"index","follow":"follow","max-snippet":"max-snippet:-1","max-image-preview":"max-image-preview:large","max-video-preview":"max-video-preview:-1"},"canonical":"https:\/\/kapitalis.com\/tunisie\/2017\/02\/28\/belgique-un-tunisien-poursuivi-pour-avoir-tente-de-noyer-sa-copine\/","og_locale":"fr_FR","og_type":"article","og_title":"Belgique : Un Tunisien poursuivi pour avoir tent\u00e9 de noyer sa copine - Kapitalis","og_description":"La justice belge a requis, hier, 4 ans de prison ferme pour un Tunisien, en situation irr\u00e9guli\u00e8re, qui a tent\u00e9 de noyer sa copine dans la Meuse.","og_url":"https:\/\/kapitalis.com\/tunisie\/2017\/02\/28\/belgique-un-tunisien-poursuivi-pour-avoir-tente-de-noyer-sa-copine\/","og_site_name":"Kapitalis","article_publisher":"https:\/\/www.facebook.com\/KapitalisInfo\/","article_published_time":"2017-02-28T10:05:06+00:00","og_image":[{"width":1200,"height":630,"url":"https:\/\/kapitalis.com\/tunisie\/wp-content\/uploads\/2022\/05\/kapitalis-logo-fb.png","type":"image\/png"}],"author":"Yusra NY","twitter_card":"summary_large_image","twitter_creator":"@KapitalisInfo","twitter_site":"@KapitalisInfo","twitter_misc":{"\u00c9crit par":"Yusra NY","Dur\u00e9e de lecture estim\u00e9e":"1 minute"},"schema":{"@context":"https:\/\/schema.org","@graph":[{"@type":"Article","@id":"https:\/\/kapitalis.com\/tunisie\/2017\/02\/28\/belgique-un-tunisien-poursuivi-pour-avoir-tente-de-noyer-sa-copine\/#article","isPartOf":{"@id":"https:\/\/kapitalis.com\/tunisie\/2017\/02\/28\/belgique-un-tunisien-poursuivi-pour-avoir-tente-de-noyer-sa-copine\/"},"author":{"name":"Yusra NY","@id":"https:\/\/kapitalis.com\/tunisie\/#\/schema\/person\/74bbde0154d49d790a92aaeac5bc01d5"},"headline":"Belgique : Un Tunisien poursuivi pour avoir tent\u00e9 de noyer sa copine","datePublished":"2017-02-28T10:05:06+00:00","mainEntityOfPage":{"@id":"https:\/\/kapitalis.com\/tunisie\/2017\/02\/28\/belgique-un-tunisien-poursuivi-pour-avoir-tente-de-noyer-sa-copine\/"},"wordCount":227,"commentCount":0,"publisher":{"@id":"https:\/\/kapitalis.com\/tunisie\/#organization"},"image":{"@id":"https:\/\/kapitalis.com\/tunisie\/2017\/02\/28\/belgique-un-tunisien-poursuivi-pour-avoir-tente-de-noyer-sa-copine\/#primaryimage"},"thumbnailUrl":"","keywords":["Belgique","drogue","homicide","noyade","sans papiers","Tunisien","violences"],"articleSection":["SOCIETE","Tunisie"],"inLanguage":"fr-FR","potentialAction":[{"@type":"CommentAction","name":"Comment","target":["https:\/\/kapitalis.com\/tunisie\/2017\/02\/28\/belgique-un-tunisien-poursuivi-pour-avoir-tente-de-noyer-sa-copine\/#respond"]}]},{"@type":"WebPage","@id":"https:\/\/kapitalis.com\/tunisie\/2017\/02\/28\/belgique-un-tunisien-poursuivi-pour-avoir-tente-de-noyer-sa-copine\/","url":"https:\/\/kapitalis.com\/tunisie\/2017\/02\/28\/belgique-un-tunisien-poursuivi-pour-avoir-tente-de-noyer-sa-copine\/","name":"Belgique : Un Tunisien poursuivi pour avoir tent\u00e9 de noyer sa copine - Kapitalis","isPartOf":{"@id":"https:\/\/kapitalis.com\/tunisie\/#website"},"primaryImageOfPage":{"@id":"https:\/\/kapitalis.com\/tunisie\/2017\/02\/28\/belgique-un-tunisien-poursuivi-pour-avoir-tente-de-noyer-sa-copine\/#primaryimage"},"image":{"@id":"https:\/\/kapitalis.com\/tunisie\/2017\/02\/28\/belgique-un-tunisien-poursuivi-pour-avoir-tente-de-noyer-sa-copine\/#primaryimage"},"thumbnailUrl":"","datePublished":"2017-02-28T10:05:06+00:00","breadcrumb":{"@id":"https:\/\/kapitalis.com\/tunisie\/2017\/02\/28\/belgique-un-tunisien-poursuivi-pour-avoir-tente-de-noyer-sa-copine\/#breadcrumb"},"inLanguage":"fr-FR","potentialAction":[{"@type":"ReadAction","target":["https:\/\/kapitalis.com\/tunisie\/2017\/02\/28\/belgique-un-tunisien-poursuivi-pour-avoir-tente-de-noyer-sa-copine\/"]}]},{"@type":"ImageObject","inLanguage":"fr-FR","@id":"https:\/\/kapitalis.com\/tunisie\/2017\/02\/28\/belgique-un-tunisien-poursuivi-pour-avoir-tente-de-noyer-sa-copine\/#primaryimage","url":"","contentUrl":""},{"@type":"BreadcrumbList","@id":"https:\/\/kapitalis.com\/tunisie\/2017\/02\/28\/belgique-un-tunisien-poursuivi-pour-avoir-tente-de-noyer-sa-copine\/#breadcrumb","itemListElement":[{"@type":"ListItem","position":1,"name":"Accueil","item":"https:\/\/kapitalis.com\/tunisie\/"},{"@type":"ListItem","position":2,"name":"Belgique : Un Tunisien poursuivi pour avoir tent\u00e9 de noyer sa copine"}]},{"@type":"WebSite","@id":"https:\/\/kapitalis.com\/tunisie\/#website","url":"https:\/\/kapitalis.com\/tunisie\/","name":"Kapitalis","description":"L&#039;actualit\u00e9 en Tunisie et dans le monde","publisher":{"@id":"https:\/\/kapitalis.com\/tunisie\/#organization"},"potentialAction":[{"@type":"SearchAction","target":{"@type":"EntryPoint","urlTemplate":"https:\/\/kapitalis.com\/tunisie\/?s={search_term_string}"},"query-input":{"@type":"PropertyValueSpecification","valueRequired":true,"valueName":"search_term_string"}}],"inLanguage":"fr-FR"},{"@type":"Organization","@id":"https:\/\/kapitalis.com\/tunisie\/#organization","name":"Kapitalis","url":"https:\/\/kapitalis.com\/tunisie\/","logo":{"@type":"ImageObject","inLanguage":"fr-FR","@id":"https:\/\/kapitalis.com\/tunisie\/#\/schema\/logo\/image\/","url":"https:\/\/kapitalis.com\/tunisie\/wp-content\/uploads\/2022\/05\/Kapitalis-big-size.png","contentUrl":"https:\/\/kapitalis.com\/tunisie\/wp-content\/uploads\/2022\/05\/Kapitalis-big-size.png","width":5000,"height":1500,"caption":"Kapitalis"},"image":{"@id":"https:\/\/kapitalis.com\/tunisie\/#\/schema\/logo\/image\/"},"sameAs":["https:\/\/www.facebook.com\/KapitalisInfo\/","https:\/\/x.com\/KapitalisInfo","https:\/\/www.youtube.com\/channel\/UC-yDYrHyfFBWWZaOw3FPg9Q"]},{"@type":"Person","@id":"https:\/\/kapitalis.com\/tunisie\/#\/schema\/person\/74bbde0154d49d790a92aaeac5bc01d5","name":"Yusra NY","url":"https:\/\/kapitalis.com\/tunisie\/author\/yuza_adam\/"}]}},"_links":{"self":[{"href":"https:\/\/kapitalis.com\/tunisie\/wp-json\/wp\/v2\/posts\/84840","targetHints":{"allow":["GET"]}}],"collection":[{"href":"https:\/\/kapitalis.com\/tunisie\/wp-json\/wp\/v2\/posts"}],"about":[{"href":"https:\/\/kapitalis.com\/tunisie\/wp-json\/wp\/v2\/types\/post"}],"author":[{"embeddable":true,"href":"https:\/\/kapitalis.com\/tunisie\/wp-json\/wp\/v2\/users\/6"}],"replies":[{"embeddable":true,"href":"https:\/\/kapitalis.com\/tunisie\/wp-json\/wp\/v2\/comments?post=84840"}],"version-history":[{"count":0,"href":"https:\/\/kapitalis.com\/tunisie\/wp-json\/wp\/v2\/posts\/84840\/revisions"}],"wp:featuredmedia":[{"embeddable":true,"href":"https:\/\/kapitalis.com\/tunisie\/wp-json\/wp\/v2\/media\/84844"}],"wp:attachment":[{"href":"https:\/\/kapitalis.com\/tunisie\/wp-json\/wp\/v2\/media?parent=84840"}],"wp:term":[{"taxonomy":"category","embeddable":true,"href":"https:\/\/kapitalis.com\/tunisie\/wp-json\/wp\/v2\/categories?post=84840"},{"taxonomy":"post_tag","embeddable":true,"href":"https:\/\/kapitalis.com\/tunisie\/wp-json\/wp\/v2\/tags?post=84840"}],"curies":[{"name":"wp","href":"https:\/\/api.w.org\/{rel}","templated":true}]}}