{"id":8485547,"date":"2023-06-23T09:33:52","date_gmt":"2023-06-23T08:33:52","guid":{"rendered":"https:\/\/kapitalis.com\/tunisie\/?p=8485547"},"modified":"2023-06-23T09:33:54","modified_gmt":"2023-06-23T08:33:54","slug":"migration-clandestine-comment-arreter-lhorreur","status":"publish","type":"post","link":"https:\/\/kapitalis.com\/tunisie\/2023\/06\/23\/migration-clandestine-comment-arreter-lhorreur\/","title":{"rendered":"Migration clandestine\u00a0: Comment arr\u00eater l\u2019horreur\u00a0?"},"content":{"rendered":"\n<p><strong><em>Pour faire face \u00e0 la dramatique crise migratoire actuelle, une coop\u00e9ration entre tous les Etats concern\u00e9s, coordonn\u00e9e et sinc\u00e8rement soutenue par une volont\u00e9 politique, est n\u00e9cessaire et urgente. Tous les Etats impliqu\u00e9s devront s\u2019atteler \u00e0 une telle t\u00e2che et \u00e9clairer leurs opinions publiques respectives sur cette n\u00e9cessit\u00e9 et cette urgence.<\/em><\/strong><\/p>\n\n\n\n<p>Par<strong> Taoufik Ouanes <\/strong>*<\/p>\n\n\n\n<!--more-->\n\n\n<div class=\"wp-block-image\">\n<figure class=\"alignleft size-full\"><img loading=\"lazy\" decoding=\"async\" width=\"200\" height=\"200\" src=\"https:\/\/kapitalis.com\/tunisie\/wp-content\/uploads\/2022\/11\/Taoufik-Ouanes.jpg\" alt=\"\" class=\"wp-image-4885404\" srcset=\"https:\/\/kapitalis.com\/tunisie\/wp-content\/uploads\/2022\/11\/Taoufik-Ouanes.jpg 200w, https:\/\/kapitalis.com\/tunisie\/wp-content\/uploads\/2022\/11\/Taoufik-Ouanes-150x150.jpg 150w, https:\/\/kapitalis.com\/tunisie\/wp-content\/uploads\/2022\/11\/Taoufik-Ouanes-120x120.jpg 120w\" sizes=\"auto, (max-width: 200px) 100vw, 200px\" \/><\/figure>\n<\/div>\n\n\n<p>M\u00e9diterran\u00e9e signifie en latin mer au milieu des terres. Est-elle devenue cimeti\u00e8re au milieu des continents ? Le naufrage d\u2019un bateau de migrants au large des c\u00f4tes grecques, mercredi 14 juin courant, est un nouvel \u00e9pisode tragique du probl\u00e8me de la migration clandestine ou irr\u00e9guli\u00e8re, qui dure depuis plus de deux d\u00e9cennies.<\/p>\n\n\n\n<p>La mer M\u00e9diterran\u00e9e est devenue le cimeti\u00e8re de plusieurs dizaines de milliers de personnes noy\u00e9es lors de leurs tentatives d\u2019\u00e9chapper aux catastrophes naturelles et climatiques, mais \u00e9galement aux guerres, \u00e0 la pauvret\u00e9, et aux violations des droits humains.<\/p>\n\n\n\n<p>De partout, des centaines de milliers, sinon des millions, de personnes y compris un grand nombre de femmes et d`enfants veulent rejoindre l\u2019Europe ou les Etats-Unis, depuis l\u2019Afrique, le Moyen-Orient l\u2019Asie et de l\u2019Am\u00e9rique du Sud.<\/p>\n\n\n\n<p>&nbsp;Depuis l\u2019Afrique, ils traversent les affres du d\u00e9sert du Sahara pour atteindre l\u2019Afrique du Nord. S\u2019ils \u00e9chappent \u00e0 cette premi\u00e8re \u00e9preuve de la mort dans les sables du d\u00e9sert, il leur faut encore affronter l\u2019\u00e9preuve de la mort dans les profondeurs de la M\u00e9diterran\u00e9e.<\/p>\n\n\n\n<p>Le probl\u00e8me de la migration clandestine est devenu end\u00e9mique et permanent et dramatique. Il a fait l\u2019objet de plusieurs analyses, reportages journalistiques et discours politiques.<\/p>\n\n\n\n<p>Le but de cet article qui se limitera au d\u00e9part de l\u2019Afrique, n\u2019est pas de refaire une \u00e9ni\u00e8me fois le diagnostic de ce probl\u00e8me, ses causes et ses cons\u00e9quences. On t\u00e2chera plut\u00f4t de montrer les d\u00e9faillances et l\u2019absence de volont\u00e9 de la communaut\u00e9 internationale pour r\u00e9soudre efficacement et durablement ce ph\u00e9nom\u00e8ne qui, de plus en plus, menace la paix et la prosp\u00e9rit\u00e9 de notre plan\u00e8te.<\/p>\n\n\n\n<h2 class=\"wp-block-heading\">Il n\u2019y a pas de forteresse imprenable<\/h2>\n\n\n\n<p>Qu\u2019on le dise d\u2019embl\u00e9e, tous les Etats impliqu\u00e9s (Etats d\u2019origine des migrants, Etats de transit, et Etats d\u2019installation) sont responsables, \u00e0 des degr\u00e9s vari\u00e9s certes. Mais ils sont tous coupables de ne pas trouver une solution n\u00e9goci\u00e9e, humaine et \u00e9quilibr\u00e9e devant ce fl\u00e9au de d\u00e9placement de la mis\u00e8re et du trafic des \u00eatres humains.<\/p>\n\n\n\n<p>L\u2019arriv\u00e9e massive des migrants va continuer et m\u00eame s\u2019accentuer avec l\u2019arriv\u00e9e de l\u2019\u00e9t\u00e9, la M\u00e9diterran\u00e9e devenant plus cl\u00e9mente. La forteresse que l\u2019Europe a \u00e9rig\u00e9e autour de ses fronti\u00e8res s\u2019est av\u00e9r\u00e9e inefficace; la solution ne pourra jamais \u00eatre uniquement s\u00e9curitaire. On connait bien l\u2019expression <em>\u00abIl n\u2019y a pas de forteresse imprenable&nbsp;!\u00bb<\/em><\/p>\n\n\n\n<figure class=\"wp-block-embed is-type-wp-embed is-provider-kapitalis wp-block-embed-kapitalis\"><div class=\"wp-block-embed__wrapper\">\n<blockquote class=\"wp-embedded-content\" data-secret=\"CUrTg3IJwB\"><a href=\"https:\/\/kapitalis.com\/tunisie\/2023\/06\/18\/laccord-ue-tunisie-sur-la-migration-ignore-les-droits-humains\/\">L\u2019accord \u00a0UE-Tunisie sur la migration ignore les droits humains<\/a><\/blockquote><iframe loading=\"lazy\" class=\"wp-embedded-content\" sandbox=\"allow-scripts\" security=\"restricted\" style=\"position: absolute; clip: rect(1px, 1px, 1px, 1px);\" title=\"\u00ab\u00a0L\u2019accord \u00a0UE-Tunisie sur la migration ignore les droits humains\u00a0\u00bb &#8212; Kapitalis\" src=\"https:\/\/kapitalis.com\/tunisie\/2023\/06\/18\/laccord-ue-tunisie-sur-la-migration-ignore-les-droits-humains\/embed\/#?secret=yWF0Pxo3Hz#?secret=CUrTg3IJwB\" data-secret=\"CUrTg3IJwB\" width=\"600\" height=\"338\" frameborder=\"0\" marginwidth=\"0\" marginheight=\"0\" scrolling=\"no\"><\/iframe>\n<\/div><\/figure>\n\n\n\n<p>Quelles que soient les ob\u00e9diences politiques ou les int\u00e9r\u00eats \u00e9conomiques, la conscience humaine ne pourra plus rester indiff\u00e9rente aux noyades pass\u00e9es et annonc\u00e9es par milliers de migrants aux portes de l\u2019Europe. Les pays dits de premi\u00e8re ligne \u00e0 l\u2019instar de l\u2019Italie, la Gr\u00e8ce, l\u2019Espagne ne pourront plus continuer \u00e0 supporter seuls le lourd fardeau des flux migratoires croissants. Ils commencent \u00e0 accuser les autres pays europ\u00e9ens de manque de solidarit\u00e9.<\/p>\n\n\n\n<p>En effet, les nombreux accords europ\u00e9ens des deux derni\u00e8res d\u00e9cennies se sont av\u00e9r\u00e9s inefficaces et insuffisants pour faire face au probl\u00e8me. Il est ainsi devenu clair que les Etats europ\u00e9ens et leurs opinions publiques devraient r\u00e9aliser que toute solution unilat\u00e9rale ou purement europ\u00e9enne sera in\u00e9luctablement vou\u00e9e \u00e0 l\u2019\u00e9chec.<\/p>\n\n\n\n<p>Jusqu\u2019\u00e0 quand l\u2019Europe va privil\u00e9gier le traitement militaire et s\u00e9curitaire de ce probl\u00e8me en laissant les immigrants se noyer sous le regard indiff\u00e9rent et peut-\u00eatre complice des gardes-fronti\u00e8res maritimes des pays europ\u00e9ens ou ceux de Frontex (organisme de l\u2019Union Europ\u00e9enne de garde-fronti\u00e8res cr\u00e9\u00e9es depuis 20 ans)?<\/p>\n\n\n\n<h2 class=\"wp-block-heading\">Pressions sur les pays d\u2019Afrique du Nord<\/h2>\n\n\n\n<p>Impliquer les Etats d\u2019origine et de transit dans la recherche d\u2019une solution globale est une n\u00e9cessit\u00e9. Il est illusoire de croire que l\u2019Europe pourra d\u00e9cr\u00e9ter le renvoi de ces migrants dans les pays de transit tels que la Libye ou la Tunisie. Ces deux pays n\u2019ont ni les moyens ni le devoir de recevoir et d\u2019installer ces migrants dans leur territoire.<\/p>\n\n\n\n<p>Par ailleurs, il faut se rappeler que ces migrants ne veulent tout simplement pas rester dans ces pays. Leur but ultime est d\u2019aller en Europe quel que soit le prix, m\u00eame celui de leur mort noy\u00e9. Pour les m\u00eames raisons, ces pays n\u2019ont pas d\u2019obligation de recevoir les migrants renvoy\u00e9s par l\u2019Europe.<\/p>\n\n\n\n<p>Qu\u2019il soit dit en passant qu\u2019en ce qui concerne la Libye, la question se pose d\u2019une mani\u00e8re dramatiquement diff\u00e9rente car ce pays est devenu un \u00c9tat failli, c\u2019est-\u00e0-dire qu\u2019il n\u2019existe plus de structure gouvernementale ou \u00e9tatique capable d\u2019assurer l\u2019ordre public. <\/p>\n\n\n\n<p>Livr\u00e9 au chaos depuis 12 ans et \u00e0 la guerre civile suite \u00e0 l\u2019intervention militaire de la France sous l\u2019\u00e9tendard de l\u2019Otan, la Libye a cess\u00e9 d\u2019\u00eatre un pays de transit des migrants vers l\u2019Europe. Des milices multiples, des mafias de tout ordre, et des r\u00e9seaux de passeurs transm\u00e9diterran\u00e9ens ont commis les pires exactions \u00e0 l\u2019encontre des migrants. Ces derniers ont renonc\u00e9 \u00e0 emprunter cette dangereuse fili\u00e8re et se sont donc rabattus en tr\u00e8s grand nombre sur la Tunisie.<\/p>\n\n\n\n<p>Mais la situation en Tunisie est aussi compliqu\u00e9e.<\/p>\n\n\n\n<p>R\u00e9cemment, d\u00e9barrass\u00e9e (juillet 2021) du pouvoir de l\u2019islam politique et de sa corruption proverbiale, la Tunisie a d\u00fb aussi faire face \u00e0 des attaques terroristes qui ont largement handicap\u00e9 le tourisme, source importante du revenu national. Comme partout dans le monde, la Tunisie a largement souffert des cons\u00e9quences du Covid-19. L\u2019\u00e9conomie tunisienne s\u2019est trouv\u00e9e exsangue et les cons\u00e9quences alimentaires de la guerre en Ukraine n\u2019ont fait qu\u2019aggraver la situation.<\/p>\n\n\n\n<p>Dans un tel contexte, est-il raisonnable d\u2019exiger de la Tunisie de recevoir et garder des migrants dont le nombre ne cesse de cro\u00eetre et, au risque de se r\u00e9p\u00e9ter, ne veulent pas y rester ? Est-il raisonnable que l\u2019Europe exige de la Tunisie de jouer le r\u00f4le de gardes-fronti\u00e8res et de reprendre les immigr\u00e9s renvoy\u00e9s de l\u2019Europe ?<\/p>\n\n\n\n<h2 class=\"wp-block-heading\">Le <em>\u00abmainstream bashing\u00bb <\/em>de la Tunisie<\/h2>\n\n\n\n<p>De telles exigences se sont exerc\u00e9es par de fortes pressions sur la Tunisie. \u00c9trangement, ces pressions se sont fait l\u2019\u00e9cho de la propagande et du lobbying de l\u2019islam politique en Europe et aux \u00c9tats-Unis. L\u2019asphyxie financi\u00e8re et \u00e9conomique inflig\u00e9e \u00e0 la Tunisie alternait avec les accusations de violation des droits de l\u2019homme, d\u2019autoritarisme et m\u00eame de racisme. L\u2019argumentaire de l\u2019avidit\u00e9 de l\u2019islam politique pour retourner au pouvoir convergea avec les int\u00e9r\u00eats de l\u2019Europe de faire de la Tunisie une fronti\u00e8re et un d\u00e9potoir pour les migrants allant vers (et renvoy\u00e9s par) l\u2019Europe.<\/p>\n\n\n\n<p>Il n\u2019est pas lieu ici de r\u00e9pondre \u00e0 ces arguments. Il faudrait cependant noter notre \u00e9tonnement que l\u2019Occident, dans ce contexte, fasse l\u2019apologie de <em>\u00abl\u2019islam politique\u00bb<\/em> et des Fr\u00e8res musulmans en les qualifiant de \u00a0d\u00e9mocrates respectueux des droits de l\u2019homme. A-t-on oubli\u00e9 Al-Qa\u00efda, Daech, l\u2019\u00c9tat islamique, les Talibans et autres mouvements islamistes et terroristes?<\/p>\n\n\n\n<p>Face au stratag\u00e8me de d\u00e9nigrement collectif <em>\u00abmainstream bashing\u00bb <\/em>de la Tunisie, les Tunisiens se sont montr\u00e9s en phase avec la politique du pr\u00e9sident Sa\u00efed. Leur appui \u00e0 cette politique est bas\u00e9 sur le fait que le pr\u00e9sident Sa\u00efed a affranchi la Tunisie de la corruption et du joug d\u2019une d\u00e9cennie de pouvoir islamiste. Malgr\u00e9 certaines imperfections dans le rendement \u00e9conomique du pouvoir en Tunisie, la relative inexp\u00e9rience du pr\u00e9sident dans l\u2019exercice du pouvoir, les Tunisiens appr\u00e9cient son int\u00e9grit\u00e9, sa droiture et sa t\u00e9nacit\u00e9.<\/p>\n\n\n\n<p>La crise de la migration clandestine et la t\u00e9nacit\u00e9 de la Tunisie ont amen\u00e9 les pays europ\u00e9ens, l\u2019Italie en premier lieu, \u00e0 entamer un processus de n\u00e9gociation \u00e9quilibr\u00e9e et mutuellement b\u00e9n\u00e9fique avec la Tunisie sur le probl\u00e8me de la migration clandestine. \u00c0 la suite de ces concertations, on remarque une timide mais r\u00e9elle \u00e9volution de la position des gouvernants europ\u00e9ens et leurs opinions publiques commencent \u00e0 r\u00e9aliser que soumettre la Tunisie \u00e0 des pressions intenables risque d\u2019\u00eatre une cause pour l\u2019effondrement du pays. Un tel effondrement ne sera dans l\u2019int\u00e9r\u00eat de personnes sauf celui des passeurs.<\/p>\n\n\n\n<p>Un contr\u00f4le efficace du flux des migrants irr\u00e9guliers ne pourra se faire qu\u2019en collaboration entre les pays des rives de la M\u00e9diterran\u00e9e. Il s\u2019agit d\u2019un probl\u00e8me transnational qui ne va \u00eatre r\u00e9solu que par des n\u00e9gociations multilat\u00e9rales qui tiennent compte des int\u00e9r\u00eats de tous les pays concern\u00e9s. Des pr\u00e9mices importantes dans cette direction ont commenc\u00e9 \u00e0 appara\u00eetre. Les efforts du gouvernement italien dont sa cheffe Giorgia Meloni a \u00e9t\u00e9 tr\u00e8s active pour expliquer et alerter les instances et les Etats europ\u00e9ens aux risques et dangers de laisser provoquer un chaos en Tunisie qui ne fera que s\u2019ajouter \u00e0 la situation explosive en Libye voisine.<\/p>\n\n\n\n<figure class=\"wp-block-embed is-type-wp-embed is-provider-kapitalis wp-block-embed-kapitalis\"><div class=\"wp-block-embed__wrapper\">\n<blockquote class=\"wp-embedded-content\" data-secret=\"IYi77siB8I\"><a href=\"https:\/\/kapitalis.com\/tunisie\/2023\/06\/18\/la-messe-est-dite-la-tunisie-nest-pas-un-garde-frontiere-de-leurope\/\">La messe est dite : la Tunisie n\u2019est pas un garde-fronti\u00e8re de l\u2019Europe !<\/a><\/blockquote><iframe loading=\"lazy\" class=\"wp-embedded-content\" sandbox=\"allow-scripts\" security=\"restricted\" style=\"position: absolute; clip: rect(1px, 1px, 1px, 1px);\" title=\"\u00ab\u00a0La messe est dite : la Tunisie n\u2019est pas un garde-fronti\u00e8re de l\u2019Europe !\u00a0\u00bb &#8212; Kapitalis\" src=\"https:\/\/kapitalis.com\/tunisie\/2023\/06\/18\/la-messe-est-dite-la-tunisie-nest-pas-un-garde-frontiere-de-leurope\/embed\/#?secret=4DwPXdFlCG#?secret=IYi77siB8I\" data-secret=\"IYi77siB8I\" width=\"600\" height=\"338\" frameborder=\"0\" marginwidth=\"0\" marginheight=\"0\" scrolling=\"no\"><\/iframe>\n<\/div><\/figure>\n\n\n\n<p>Au point de vue strat\u00e9gique, un tel sc\u00e9nario s\u2019av\u00e9rera catastrophique pour l\u2019Europe, non seulement en ce qui concerne la migration mais aussi menacera les relations \u00e9conomiques et de voisinage avec la Tunisie. Il est n\u00e9cessaire que l\u2019Europe change son logiciel d\u2019analyse et d\u2019action. Ces efforts paraissent donner leurs fruits surtout apr\u00e8s visites successives et de tr\u00e8s haut rang en Tunisie.<\/p>\n\n\n\n<p>L\u2019id\u00e9e d\u2019une conf\u00e9rence internationale impliquant des pays d\u2019origine de transit et d\u2019installation para\u00eet faire son chemin et peut-\u00eatre sera avalis\u00e9e par le Conseil europ\u00e9en de la fin du mois.<\/p>\n\n\n\n<p>Parall\u00e8lement \u00e0 ce d\u00e9veloppement, on assiste \u00e0 une diminution substantielle du <em>\u00abmainstream bashing\u00bb<\/em> de la Tunisie et de son pr\u00e9sident. Une n\u00e9gociation pour r\u00e9soudre ce probl\u00e8me \u00e9pineux et multidimensionnel requiert une atmosph\u00e8re de solidarit\u00e9 et une coordination en toute bonne foi. L\u2019\u00e9go\u00efsme et l\u2019adversit\u00e9 ne feront qu\u2019exacerber les probl\u00e8mes et aggraver les dangers.<\/p>\n\n\n\n<h2 class=\"wp-block-heading\">Pour une coop\u00e9ration coordonn\u00e9e et sinc\u00e8re<\/h2>\n\n\n\n<p>En effet, le point de d\u00e9part de cette n\u00e9gociation serait de se pencher sur les raisons et les causes du d\u00e9part de ces immigr\u00e9s de leur pays d\u2019origine. Une \u00e9valuation action r\u00e9solue et d\u00e9termin\u00e9e pour enraciner ces candidats \u00e0 la migration clandestine dans leur pays par la motivation de projets communs et de plans de d\u00e9veloppement mutuellement b\u00e9n\u00e9fiques au pays d\u2019origine tout comme aux pays de migration. Telle action permettra certainement une forte diminution des flux migratoires et all\u00e9gera le fardeau des pays de transit.<\/p>\n\n\n\n<p>Une autre piste de r\u00e9flexion et d\u2019action dans le cadre d\u2019une telle cession serait l\u2019examen de la question de la s\u00e9curisation coordonn\u00e9e, consentie et solidaire des fronti\u00e8res aussi bien terrestres que maritimes de tous les Etats. Un tel objectif demandera certainement des ressources financi\u00e8res et technologiques tout comme des formations et des \u00e9changes d\u2019informations pour lutter contre les passeurs et les mafias de la traite humaine des deux rives de la M\u00e9diterran\u00e9e.<\/p>\n\n\n\n<p>Similairement, les efforts humanitaires de secours et de sauvetage doivent \u00eatre men\u00e9s de bonne foi de mani\u00e8re efficace tout en associant les ONG actives dans le domaine et qui ont accumul\u00e9 un grand nombre de connaissances et un important savoir-faire.<\/p>\n\n\n\n<p>L\u2019autre axe de coop\u00e9ration serait de proc\u00e9der, d\u00e9j\u00e0 \u00e0 la fronti\u00e8re, au tri et \u00e0 la d\u00e9termination du statut des migrants qui arrivent en Tunisie. Certaines parmi ces personnes peuvent \u00eatre dans le besoin d\u2019une protection sp\u00e9ciale \u00e0 savoir les r\u00e9fugi\u00e9s victimes de pers\u00e9cutions tout comme ceux qui fuient la violence et les guerres. Un tel travail pourra \u00eatre men\u00e9 en coordination entre les organes \u00e9tatiques et les organisations internationales (HCR, OIM, Unicef, etc.). Ces organismes internationaux poss\u00e8dent les expertises op\u00e9rationnelles et institutionnelles n\u00e9cessaires. Ils m\u00e8neront ainsi ce travail en conformit\u00e9 avec les r\u00e8gles l\u00e9gales en la mati\u00e8re ainsi que dans le cadre des accords entre les Etats concern\u00e9s.\u00a0<\/p>\n\n\n\n<figure class=\"wp-block-embed is-type-wp-embed is-provider-kapitalis wp-block-embed-kapitalis\"><div class=\"wp-block-embed__wrapper\">\n<blockquote class=\"wp-embedded-content\" data-secret=\"gNLxqH0HIv\"><a href=\"https:\/\/kapitalis.com\/tunisie\/2023\/06\/16\/les-relations-entre-leurope-et-la-tunisie-tournent-au-poker-menteur\/\">Les relations entre l&rsquo;Europe et la Tunisie tournent au poker menteur<\/a><\/blockquote><iframe loading=\"lazy\" class=\"wp-embedded-content\" sandbox=\"allow-scripts\" security=\"restricted\" style=\"position: absolute; clip: rect(1px, 1px, 1px, 1px);\" title=\"\u00ab\u00a0Les relations entre l&rsquo;Europe et la Tunisie tournent au poker menteur\u00a0\u00bb &#8212; Kapitalis\" src=\"https:\/\/kapitalis.com\/tunisie\/2023\/06\/16\/les-relations-entre-leurope-et-la-tunisie-tournent-au-poker-menteur\/embed\/#?secret=kddsa6izqW#?secret=gNLxqH0HIv\" data-secret=\"gNLxqH0HIv\" width=\"600\" height=\"338\" frameborder=\"0\" marginwidth=\"0\" marginheight=\"0\" scrolling=\"no\"><\/iframe>\n<\/div><\/figure>\n\n\n\n<p>Suivant les r\u00e9sultats de ce processus de d\u00e9termination du statut, ceux qui sont accept\u00e9s par des pays de r\u00e9installation en Europe ou ailleurs devraient donc \u00eatre achemin\u00e9s vers ces pays. Si ces migrants pr\u00e9f\u00e8rent rester dans l\u2019Etat territorial o\u00f9 ils se trouvent, l\u2019\u00c9tat en question pourra leur accorder un tel droit s\u2019ils r\u00e9pondent aux crit\u00e8res requis. Les autres migrants devront \u00eatre rapatri\u00e9s vers leur pays d\u2019origine qui assurera pr\u00e9alablement une r\u00e9admission digne et une int\u00e9gration \u00e9conomique et sociale dans le cadre des projets de d\u00e9veloppement \u00e9conomique conjointement con\u00e7u et financ\u00e9 entre les pays d\u2019origine et les pays europ\u00e9ens ou les agences internationales de d\u00e9veloppement.<\/p>\n\n\n\n<p>Tout ce processus devra \u00eatre n\u00e9goci\u00e9 dans des travaux pr\u00e9paratoires et subs\u00e9quents de conf\u00e9rences et r\u00e9unions internationales. Il va de soi que ces accords devront \u00e9galement d\u00e9cider des budgets et des financements de telles op\u00e9rations de r\u00e9ception et de tri lors de l\u2019arriv\u00e9e de ces migrants aux fronti\u00e8res quelles soient terrestres ou maritimes. La haute urgence de tenir ces r\u00e9unions et ces conf\u00e9rences ne fait plus de doute car elles sont le seul moyen r\u00e9aliste et n\u00e9cessaire pour essayer de d\u00e9passer l\u2019acuit\u00e9 de crise et r\u00e9soudre sa r\u00e9currence.<\/p>\n\n\n\n<p>Les pistes de r\u00e9flexion et d\u2019action propos\u00e9es dans cet article ne sont ni r\u00e9volutionnaires ni utopiques. Elles ont \u00e9t\u00e9 largement analys\u00e9es, con\u00e7ues et quelquefois mises en \u0153uvre par certains Etats et organisations internationales. Pour faire face \u00e0 la dramatique crise actuelle, une coop\u00e9ration coordonn\u00e9e et sinc\u00e8rement soutenue par une volont\u00e9 politique est n\u00e9cessaire et urgente. Tous les Etats impliqu\u00e9s devront s\u2019atteler \u00e0 une telle t\u00e2che et \u00e9clairer leurs opinions publiques respectives sur cette n\u00e9cessit\u00e9 et cette urgence.<\/p>\n\n\n\n<p>* <em>Avocat et ancien fonctionnaire de l\u2019Onu.<\/em><\/p>\n","protected":false},"excerpt":{"rendered":"<p>Tous les Etats impliqu\u00e9s dans la migration irr\u00e9guli\u00e8re (Etats d\u2019origine des migrants, Etats de transit, et Etats d\u2019installation) sont responsables de ne pas trouver une solution n\u00e9goci\u00e9e, humaine et \u00e9quilibr\u00e9e. <\/p>\n","protected":false},"author":8,"featured_media":8366614,"comment_status":"open","ping_status":"open","sticky":false,"template":"","format":"standard","meta":{"footnotes":""},"categories":[992,997,1000,2433],"tags":[25404,103508,12351,505,76012,2843,93143,62643,937],"class_list":["post-8485547","post","type-post","status-publish","format-standard","has-post-thumbnail","hentry","category-a-la-une","category-politique","category-tribune","category-tunisie","tag-frontex","tag-giorgia-meloni","tag-islam-politique","tag-italie","tag-kais-saied-2","tag-migration-clandestine","tag-taoufik-ouanes","tag-tunisie","tag-union-europeenne"],"yoast_head":"<!-- This site is optimized with the Yoast SEO plugin v26.6 - https:\/\/yoast.com\/wordpress\/plugins\/seo\/ -->\n<title>Migration clandestine\u00a0: Comment arr\u00eater l\u2019horreur\u00a0? - Kapitalis<\/title>\n<meta name=\"robots\" content=\"index, follow, max-snippet:-1, max-image-preview:large, max-video-preview:-1\" \/>\n<link rel=\"canonical\" href=\"https:\/\/kapitalis.com\/tunisie\/2023\/06\/23\/migration-clandestine-comment-arreter-lhorreur\/\" \/>\n<meta property=\"og:locale\" content=\"fr_FR\" \/>\n<meta property=\"og:type\" content=\"article\" \/>\n<meta property=\"og:title\" content=\"Migration clandestine\u00a0: Comment arr\u00eater l\u2019horreur\u00a0? - Kapitalis\" \/>\n<meta property=\"og:description\" content=\"Tous les Etats impliqu\u00e9s dans la migration irr\u00e9guli\u00e8re (Etats d\u2019origine des migrants, Etats de transit, et Etats d\u2019installation) sont responsables de ne pas trouver une solution n\u00e9goci\u00e9e, humaine et \u00e9quilibr\u00e9e.\" \/>\n<meta property=\"og:url\" content=\"https:\/\/kapitalis.com\/tunisie\/2023\/06\/23\/migration-clandestine-comment-arreter-lhorreur\/\" \/>\n<meta property=\"og:site_name\" content=\"Kapitalis\" \/>\n<meta property=\"article:publisher\" content=\"https:\/\/www.facebook.com\/KapitalisInfo\/\" \/>\n<meta property=\"article:published_time\" content=\"2023-06-23T08:33:52+00:00\" \/>\n<meta property=\"article:modified_time\" content=\"2023-06-23T08:33:54+00:00\" \/>\n<meta property=\"og:image\" content=\"https:\/\/kapitalis.com\/tunisie\/wp-content\/uploads\/2023\/06\/Migrants-irreguliers.gif\" \/>\n\t<meta property=\"og:image:width\" content=\"1200\" \/>\n\t<meta property=\"og:image:height\" content=\"630\" \/>\n\t<meta property=\"og:image:type\" content=\"image\/gif\" \/>\n<meta name=\"author\" content=\"webmaster kapitalis\" \/>\n<meta name=\"twitter:card\" content=\"summary_large_image\" \/>\n<meta name=\"twitter:creator\" content=\"@KapitalisInfo\" \/>\n<meta name=\"twitter:site\" content=\"@KapitalisInfo\" \/>\n<meta name=\"twitter:label1\" content=\"\u00c9crit par\" \/>\n\t<meta name=\"twitter:data1\" content=\"webmaster kapitalis\" \/>\n\t<meta name=\"twitter:label2\" content=\"Dur\u00e9e de lecture estim\u00e9e\" \/>\n\t<meta name=\"twitter:data2\" content=\"12 minutes\" \/>\n<script type=\"application\/ld+json\" class=\"yoast-schema-graph\">{\"@context\":\"https:\/\/schema.org\",\"@graph\":[{\"@type\":\"Article\",\"@id\":\"https:\/\/kapitalis.com\/tunisie\/2023\/06\/23\/migration-clandestine-comment-arreter-lhorreur\/#article\",\"isPartOf\":{\"@id\":\"https:\/\/kapitalis.com\/tunisie\/2023\/06\/23\/migration-clandestine-comment-arreter-lhorreur\/\"},\"author\":{\"name\":\"webmaster kapitalis\",\"@id\":\"https:\/\/kapitalis.com\/tunisie\/#\/schema\/person\/d71f33a9ca44f7bad4698210b480c8e9\"},\"headline\":\"Migration clandestine\u00a0: Comment arr\u00eater l\u2019horreur\u00a0?\",\"datePublished\":\"2023-06-23T08:33:52+00:00\",\"dateModified\":\"2023-06-23T08:33:54+00:00\",\"mainEntityOfPage\":{\"@id\":\"https:\/\/kapitalis.com\/tunisie\/2023\/06\/23\/migration-clandestine-comment-arreter-lhorreur\/\"},\"wordCount\":2516,\"commentCount\":1,\"publisher\":{\"@id\":\"https:\/\/kapitalis.com\/tunisie\/#organization\"},\"image\":{\"@id\":\"https:\/\/kapitalis.com\/tunisie\/2023\/06\/23\/migration-clandestine-comment-arreter-lhorreur\/#primaryimage\"},\"thumbnailUrl\":\"https:\/\/kapitalis.com\/tunisie\/wp-content\/uploads\/2023\/06\/Migrants-irreguliers.gif\",\"keywords\":[\"Frontex\",\"Giorgia Meloni\",\"islam politique\",\"Italie\",\"Ka\u00efs Sa\u00efed\",\"migration clandestine\",\"Taoufik Ouanes\",\"Tunisie\",\"Union europ\u00e9enne\"],\"articleSection\":[\"A LA UNE\",\"POLITIQUE\",\"TRIBUNE\",\"Tunisie\"],\"inLanguage\":\"fr-FR\",\"potentialAction\":[{\"@type\":\"CommentAction\",\"name\":\"Comment\",\"target\":[\"https:\/\/kapitalis.com\/tunisie\/2023\/06\/23\/migration-clandestine-comment-arreter-lhorreur\/#respond\"]}]},{\"@type\":\"WebPage\",\"@id\":\"https:\/\/kapitalis.com\/tunisie\/2023\/06\/23\/migration-clandestine-comment-arreter-lhorreur\/\",\"url\":\"https:\/\/kapitalis.com\/tunisie\/2023\/06\/23\/migration-clandestine-comment-arreter-lhorreur\/\",\"name\":\"Migration clandestine\u00a0: Comment arr\u00eater l\u2019horreur\u00a0? - Kapitalis\",\"isPartOf\":{\"@id\":\"https:\/\/kapitalis.com\/tunisie\/#website\"},\"primaryImageOfPage\":{\"@id\":\"https:\/\/kapitalis.com\/tunisie\/2023\/06\/23\/migration-clandestine-comment-arreter-lhorreur\/#primaryimage\"},\"image\":{\"@id\":\"https:\/\/kapitalis.com\/tunisie\/2023\/06\/23\/migration-clandestine-comment-arreter-lhorreur\/#primaryimage\"},\"thumbnailUrl\":\"https:\/\/kapitalis.com\/tunisie\/wp-content\/uploads\/2023\/06\/Migrants-irreguliers.gif\",\"datePublished\":\"2023-06-23T08:33:52+00:00\",\"dateModified\":\"2023-06-23T08:33:54+00:00\",\"breadcrumb\":{\"@id\":\"https:\/\/kapitalis.com\/tunisie\/2023\/06\/23\/migration-clandestine-comment-arreter-lhorreur\/#breadcrumb\"},\"inLanguage\":\"fr-FR\",\"potentialAction\":[{\"@type\":\"ReadAction\",\"target\":[\"https:\/\/kapitalis.com\/tunisie\/2023\/06\/23\/migration-clandestine-comment-arreter-lhorreur\/\"]}]},{\"@type\":\"ImageObject\",\"inLanguage\":\"fr-FR\",\"@id\":\"https:\/\/kapitalis.com\/tunisie\/2023\/06\/23\/migration-clandestine-comment-arreter-lhorreur\/#primaryimage\",\"url\":\"https:\/\/kapitalis.com\/tunisie\/wp-content\/uploads\/2023\/06\/Migrants-irreguliers.gif\",\"contentUrl\":\"https:\/\/kapitalis.com\/tunisie\/wp-content\/uploads\/2023\/06\/Migrants-irreguliers.gif\",\"width\":1200,\"height\":630},{\"@type\":\"BreadcrumbList\",\"@id\":\"https:\/\/kapitalis.com\/tunisie\/2023\/06\/23\/migration-clandestine-comment-arreter-lhorreur\/#breadcrumb\",\"itemListElement\":[{\"@type\":\"ListItem\",\"position\":1,\"name\":\"Accueil\",\"item\":\"https:\/\/kapitalis.com\/tunisie\/\"},{\"@type\":\"ListItem\",\"position\":2,\"name\":\"Migration clandestine\u00a0: Comment arr\u00eater l\u2019horreur\u00a0?\"}]},{\"@type\":\"WebSite\",\"@id\":\"https:\/\/kapitalis.com\/tunisie\/#website\",\"url\":\"https:\/\/kapitalis.com\/tunisie\/\",\"name\":\"Kapitalis\",\"description\":\"L&#039;actualit\u00e9 en Tunisie et dans le monde\",\"publisher\":{\"@id\":\"https:\/\/kapitalis.com\/tunisie\/#organization\"},\"potentialAction\":[{\"@type\":\"SearchAction\",\"target\":{\"@type\":\"EntryPoint\",\"urlTemplate\":\"https:\/\/kapitalis.com\/tunisie\/?s={search_term_string}\"},\"query-input\":{\"@type\":\"PropertyValueSpecification\",\"valueRequired\":true,\"valueName\":\"search_term_string\"}}],\"inLanguage\":\"fr-FR\"},{\"@type\":\"Organization\",\"@id\":\"https:\/\/kapitalis.com\/tunisie\/#organization\",\"name\":\"Kapitalis\",\"url\":\"https:\/\/kapitalis.com\/tunisie\/\",\"logo\":{\"@type\":\"ImageObject\",\"inLanguage\":\"fr-FR\",\"@id\":\"https:\/\/kapitalis.com\/tunisie\/#\/schema\/logo\/image\/\",\"url\":\"https:\/\/kapitalis.com\/tunisie\/wp-content\/uploads\/2022\/05\/Kapitalis-big-size.png\",\"contentUrl\":\"https:\/\/kapitalis.com\/tunisie\/wp-content\/uploads\/2022\/05\/Kapitalis-big-size.png\",\"width\":5000,\"height\":1500,\"caption\":\"Kapitalis\"},\"image\":{\"@id\":\"https:\/\/kapitalis.com\/tunisie\/#\/schema\/logo\/image\/\"},\"sameAs\":[\"https:\/\/www.facebook.com\/KapitalisInfo\/\",\"https:\/\/x.com\/KapitalisInfo\",\"https:\/\/www.youtube.com\/channel\/UC-yDYrHyfFBWWZaOw3FPg9Q\"]},{\"@type\":\"Person\",\"@id\":\"https:\/\/kapitalis.com\/tunisie\/#\/schema\/person\/d71f33a9ca44f7bad4698210b480c8e9\",\"name\":\"webmaster kapitalis\",\"url\":\"https:\/\/kapitalis.com\/tunisie\/author\/webmaster-kapitalis\/\"}]}<\/script>\n<!-- \/ Yoast SEO plugin. -->","yoast_head_json":{"title":"Migration clandestine\u00a0: Comment arr\u00eater l\u2019horreur\u00a0? - Kapitalis","robots":{"index":"index","follow":"follow","max-snippet":"max-snippet:-1","max-image-preview":"max-image-preview:large","max-video-preview":"max-video-preview:-1"},"canonical":"https:\/\/kapitalis.com\/tunisie\/2023\/06\/23\/migration-clandestine-comment-arreter-lhorreur\/","og_locale":"fr_FR","og_type":"article","og_title":"Migration clandestine\u00a0: Comment arr\u00eater l\u2019horreur\u00a0? - Kapitalis","og_description":"Tous les Etats impliqu\u00e9s dans la migration irr\u00e9guli\u00e8re (Etats d\u2019origine des migrants, Etats de transit, et Etats d\u2019installation) sont responsables de ne pas trouver une solution n\u00e9goci\u00e9e, humaine et \u00e9quilibr\u00e9e.","og_url":"https:\/\/kapitalis.com\/tunisie\/2023\/06\/23\/migration-clandestine-comment-arreter-lhorreur\/","og_site_name":"Kapitalis","article_publisher":"https:\/\/www.facebook.com\/KapitalisInfo\/","article_published_time":"2023-06-23T08:33:52+00:00","article_modified_time":"2023-06-23T08:33:54+00:00","og_image":[{"width":1200,"height":630,"url":"https:\/\/kapitalis.com\/tunisie\/wp-content\/uploads\/2023\/06\/Migrants-irreguliers.gif","type":"image\/gif"}],"author":"webmaster kapitalis","twitter_card":"summary_large_image","twitter_creator":"@KapitalisInfo","twitter_site":"@KapitalisInfo","twitter_misc":{"\u00c9crit par":"webmaster kapitalis","Dur\u00e9e de lecture estim\u00e9e":"12 minutes"},"schema":{"@context":"https:\/\/schema.org","@graph":[{"@type":"Article","@id":"https:\/\/kapitalis.com\/tunisie\/2023\/06\/23\/migration-clandestine-comment-arreter-lhorreur\/#article","isPartOf":{"@id":"https:\/\/kapitalis.com\/tunisie\/2023\/06\/23\/migration-clandestine-comment-arreter-lhorreur\/"},"author":{"name":"webmaster kapitalis","@id":"https:\/\/kapitalis.com\/tunisie\/#\/schema\/person\/d71f33a9ca44f7bad4698210b480c8e9"},"headline":"Migration clandestine\u00a0: Comment arr\u00eater l\u2019horreur\u00a0?","datePublished":"2023-06-23T08:33:52+00:00","dateModified":"2023-06-23T08:33:54+00:00","mainEntityOfPage":{"@id":"https:\/\/kapitalis.com\/tunisie\/2023\/06\/23\/migration-clandestine-comment-arreter-lhorreur\/"},"wordCount":2516,"commentCount":1,"publisher":{"@id":"https:\/\/kapitalis.com\/tunisie\/#organization"},"image":{"@id":"https:\/\/kapitalis.com\/tunisie\/2023\/06\/23\/migration-clandestine-comment-arreter-lhorreur\/#primaryimage"},"thumbnailUrl":"https:\/\/kapitalis.com\/tunisie\/wp-content\/uploads\/2023\/06\/Migrants-irreguliers.gif","keywords":["Frontex","Giorgia Meloni","islam politique","Italie","Ka\u00efs Sa\u00efed","migration clandestine","Taoufik Ouanes","Tunisie","Union europ\u00e9enne"],"articleSection":["A LA UNE","POLITIQUE","TRIBUNE","Tunisie"],"inLanguage":"fr-FR","potentialAction":[{"@type":"CommentAction","name":"Comment","target":["https:\/\/kapitalis.com\/tunisie\/2023\/06\/23\/migration-clandestine-comment-arreter-lhorreur\/#respond"]}]},{"@type":"WebPage","@id":"https:\/\/kapitalis.com\/tunisie\/2023\/06\/23\/migration-clandestine-comment-arreter-lhorreur\/","url":"https:\/\/kapitalis.com\/tunisie\/2023\/06\/23\/migration-clandestine-comment-arreter-lhorreur\/","name":"Migration clandestine\u00a0: Comment arr\u00eater l\u2019horreur\u00a0? - Kapitalis","isPartOf":{"@id":"https:\/\/kapitalis.com\/tunisie\/#website"},"primaryImageOfPage":{"@id":"https:\/\/kapitalis.com\/tunisie\/2023\/06\/23\/migration-clandestine-comment-arreter-lhorreur\/#primaryimage"},"image":{"@id":"https:\/\/kapitalis.com\/tunisie\/2023\/06\/23\/migration-clandestine-comment-arreter-lhorreur\/#primaryimage"},"thumbnailUrl":"https:\/\/kapitalis.com\/tunisie\/wp-content\/uploads\/2023\/06\/Migrants-irreguliers.gif","datePublished":"2023-06-23T08:33:52+00:00","dateModified":"2023-06-23T08:33:54+00:00","breadcrumb":{"@id":"https:\/\/kapitalis.com\/tunisie\/2023\/06\/23\/migration-clandestine-comment-arreter-lhorreur\/#breadcrumb"},"inLanguage":"fr-FR","potentialAction":[{"@type":"ReadAction","target":["https:\/\/kapitalis.com\/tunisie\/2023\/06\/23\/migration-clandestine-comment-arreter-lhorreur\/"]}]},{"@type":"ImageObject","inLanguage":"fr-FR","@id":"https:\/\/kapitalis.com\/tunisie\/2023\/06\/23\/migration-clandestine-comment-arreter-lhorreur\/#primaryimage","url":"https:\/\/kapitalis.com\/tunisie\/wp-content\/uploads\/2023\/06\/Migrants-irreguliers.gif","contentUrl":"https:\/\/kapitalis.com\/tunisie\/wp-content\/uploads\/2023\/06\/Migrants-irreguliers.gif","width":1200,"height":630},{"@type":"BreadcrumbList","@id":"https:\/\/kapitalis.com\/tunisie\/2023\/06\/23\/migration-clandestine-comment-arreter-lhorreur\/#breadcrumb","itemListElement":[{"@type":"ListItem","position":1,"name":"Accueil","item":"https:\/\/kapitalis.com\/tunisie\/"},{"@type":"ListItem","position":2,"name":"Migration clandestine\u00a0: Comment arr\u00eater l\u2019horreur\u00a0?"}]},{"@type":"WebSite","@id":"https:\/\/kapitalis.com\/tunisie\/#website","url":"https:\/\/kapitalis.com\/tunisie\/","name":"Kapitalis","description":"L&#039;actualit\u00e9 en Tunisie et dans le monde","publisher":{"@id":"https:\/\/kapitalis.com\/tunisie\/#organization"},"potentialAction":[{"@type":"SearchAction","target":{"@type":"EntryPoint","urlTemplate":"https:\/\/kapitalis.com\/tunisie\/?s={search_term_string}"},"query-input":{"@type":"PropertyValueSpecification","valueRequired":true,"valueName":"search_term_string"}}],"inLanguage":"fr-FR"},{"@type":"Organization","@id":"https:\/\/kapitalis.com\/tunisie\/#organization","name":"Kapitalis","url":"https:\/\/kapitalis.com\/tunisie\/","logo":{"@type":"ImageObject","inLanguage":"fr-FR","@id":"https:\/\/kapitalis.com\/tunisie\/#\/schema\/logo\/image\/","url":"https:\/\/kapitalis.com\/tunisie\/wp-content\/uploads\/2022\/05\/Kapitalis-big-size.png","contentUrl":"https:\/\/kapitalis.com\/tunisie\/wp-content\/uploads\/2022\/05\/Kapitalis-big-size.png","width":5000,"height":1500,"caption":"Kapitalis"},"image":{"@id":"https:\/\/kapitalis.com\/tunisie\/#\/schema\/logo\/image\/"},"sameAs":["https:\/\/www.facebook.com\/KapitalisInfo\/","https:\/\/x.com\/KapitalisInfo","https:\/\/www.youtube.com\/channel\/UC-yDYrHyfFBWWZaOw3FPg9Q"]},{"@type":"Person","@id":"https:\/\/kapitalis.com\/tunisie\/#\/schema\/person\/d71f33a9ca44f7bad4698210b480c8e9","name":"webmaster kapitalis","url":"https:\/\/kapitalis.com\/tunisie\/author\/webmaster-kapitalis\/"}]}},"_links":{"self":[{"href":"https:\/\/kapitalis.com\/tunisie\/wp-json\/wp\/v2\/posts\/8485547","targetHints":{"allow":["GET"]}}],"collection":[{"href":"https:\/\/kapitalis.com\/tunisie\/wp-json\/wp\/v2\/posts"}],"about":[{"href":"https:\/\/kapitalis.com\/tunisie\/wp-json\/wp\/v2\/types\/post"}],"author":[{"embeddable":true,"href":"https:\/\/kapitalis.com\/tunisie\/wp-json\/wp\/v2\/users\/8"}],"replies":[{"embeddable":true,"href":"https:\/\/kapitalis.com\/tunisie\/wp-json\/wp\/v2\/comments?post=8485547"}],"version-history":[{"count":1,"href":"https:\/\/kapitalis.com\/tunisie\/wp-json\/wp\/v2\/posts\/8485547\/revisions"}],"predecessor-version":[{"id":8485837,"href":"https:\/\/kapitalis.com\/tunisie\/wp-json\/wp\/v2\/posts\/8485547\/revisions\/8485837"}],"wp:featuredmedia":[{"embeddable":true,"href":"https:\/\/kapitalis.com\/tunisie\/wp-json\/wp\/v2\/media\/8366614"}],"wp:attachment":[{"href":"https:\/\/kapitalis.com\/tunisie\/wp-json\/wp\/v2\/media?parent=8485547"}],"wp:term":[{"taxonomy":"category","embeddable":true,"href":"https:\/\/kapitalis.com\/tunisie\/wp-json\/wp\/v2\/categories?post=8485547"},{"taxonomy":"post_tag","embeddable":true,"href":"https:\/\/kapitalis.com\/tunisie\/wp-json\/wp\/v2\/tags?post=8485547"}],"curies":[{"name":"wp","href":"https:\/\/api.w.org\/{rel}","templated":true}]}}