{"id":8487042,"date":"2023-06-23T11:16:06","date_gmt":"2023-06-23T10:16:06","guid":{"rendered":"https:\/\/kapitalis.com\/tunisie\/?p=8487042"},"modified":"2023-06-23T11:17:10","modified_gmt":"2023-06-23T10:17:10","slug":"la-tunisie-et-le-debat-en-europe-sur-la-question-migratoire","status":"publish","type":"post","link":"https:\/\/kapitalis.com\/tunisie\/2023\/06\/23\/la-tunisie-et-le-debat-en-europe-sur-la-question-migratoire\/","title":{"rendered":"La Tunisie et le d\u00e9bat en Europe sur la question migratoire"},"content":{"rendered":"\n<p><strong><em>S\u2019il est commun\u00e9ment admis que les absents ont toujours tort, il est malheureusement difficile de d\u00e9celer des indices d\u2019une pr\u00e9sence tunisienne suffisamment visible et audible dans le d\u00e9bat politique en Europe sur la question migratoire, qui est confisqu\u00e9 par l\u2019extr\u00eame-droite europ\u00e9enne.<\/em><\/strong><\/p>\n\n\n\n<p>Par <strong>Elyes Kasri<\/strong> *<\/p>\n\n\n\n<!--more-->\n\n\n<div class=\"wp-block-image\">\n<figure class=\"alignleft size-full\"><img decoding=\"async\" src=\"http:\/\/kapitalis.com\/tunisie\/wp-content\/uploads\/2021\/06\/Elyes-Kasri.jpg\" alt=\"\" class=\"wp-image-352204\"\/><\/figure>\n<\/div>\n\n\n<p>Jean-Luc M\u00e9lenchon, homme politique fran\u00e7ais de gauche et pr\u00e9sident du groupe parlementaire de La France Insoumise, a fait r\u00e9cemment une intervention int\u00e9ressante sur la gestion europ\u00e9enne de la question migratoire en citant le pi\u00e8ge tendu par l\u2019extr\u00eame-droite europ\u00e9enne \u00e0 la Tunisie pour l\u2019amener \u00e0 accepter l\u2019installation sur son sol de camps d\u2019internement de migrants vers l\u2019Europe.<\/p>\n\n\n\n<p>En effet, malgr\u00e9 tous les boniments et sourires d\u2019hy\u00e8ne, le pi\u00e8ge tendu par l\u2019extr\u00eame-droite europ\u00e9enne \u00e0 la Tunisie est susceptible de porter un pr\u00e9judice irr\u00e9m\u00e9diable tant \u00e0 la stabilit\u00e9 de la Tunisie qu\u2019\u00e0 sa stature internationale et ses relations avec ses voisins nord-africains qui seront somm\u00e9s de s\u2019aligner sur le <em>\u00abpr\u00e9c\u00e9dent tunisien\u00bb<\/em>.<\/p>\n\n\n\n<h2 class=\"wp-block-heading\">Une diplomatie aux abonn\u00e9s absents<\/h2>\n\n\n\n<p>Pour leur part, les pays subsahariens, dont les ressortissants se trouveront bloqu\u00e9s en Tunisie, finiront par lui faire assumer la responsabilit\u00e9 de l\u2019\u00e9chec de leur politique de d\u00e9veloppement et de la perte de l\u2019exutoire et la soupape de s\u00e9curit\u00e9 que repr\u00e9sente la migration vers l\u2019Europe.<\/p>\n\n\n\n<p>La faiblesse de la politique \u00e9trang\u00e8re tunisienne sur cette question d\u00e9passe l\u2019appareil diplomatique tunisien qui n\u2019est pas encore pr\u00e8s de se relever des coups butoir et de l&rsquo;effet d\u00e9vastateur de la purge et de la gouvernance calamiteuse sous la Tro\u00efka (l\u2019ancienne coalition gouvernementale ayant gouvern\u00e9 le pays entre 2011 et 2021, Ndlr) ainsi que l\u2019influence occulte d\u2019Ennahdha sous la politique ult\u00e9rieure de consensus appel\u00e9e<em> \u00abtawafoq\u00bb<\/em> (consensus) mais qui \u00e9tait en r\u00e9alit\u00e9 une hypocrisie et un<em> \u00abtanafoq\u00bb<\/em> (hypocrisie) de la pire esp\u00e8ce.<\/p>\n\n\n\n<figure class=\"wp-block-embed is-type-wp-embed is-provider-kapitalis wp-block-embed-kapitalis\"><div class=\"wp-block-embed__wrapper\">\n<blockquote class=\"wp-embedded-content\" data-secret=\"PTBgH6XGU9\"><a href=\"https:\/\/kapitalis.com\/tunisie\/2023\/06\/23\/migration-clandestine-comment-arreter-lhorreur\/\">Migration clandestine\u00a0: Comment arr\u00eater l\u2019horreur\u00a0?<\/a><\/blockquote><iframe loading=\"lazy\" class=\"wp-embedded-content\" sandbox=\"allow-scripts\" security=\"restricted\" style=\"position: absolute; clip: rect(1px, 1px, 1px, 1px);\" title=\"\u00ab\u00a0Migration clandestine\u00a0: Comment arr\u00eater l\u2019horreur\u00a0?\u00a0\u00bb &#8212; Kapitalis\" src=\"https:\/\/kapitalis.com\/tunisie\/2023\/06\/23\/migration-clandestine-comment-arreter-lhorreur\/embed\/#?secret=EE1VnBMthZ#?secret=PTBgH6XGU9\" data-secret=\"PTBgH6XGU9\" width=\"600\" height=\"338\" frameborder=\"0\" marginwidth=\"0\" marginheight=\"0\" scrolling=\"no\"><\/iframe>\n<\/div><\/figure>\n\n\n\n<p>La responsabilit\u00e9 incombe \u00e0 toutes les parties gouvernementales, politiques et associatives en mesure de jouer un r\u00f4le pour d\u00e9fendre les droits des migrants tunisiens et ceux de la Tunisie en tant que victime de l\u2019\u00e9chec aussi bien des pays d\u2019origine de ces migrants subsahariens qui n\u2019ont pas su offrir les conditions de stabilit\u00e9 et de s\u00e9dentarit\u00e9 \u00e0 leurs citoyens que des pays de transit et en particulier la Libye et l\u2019Alg\u00e9rie.<\/p>\n\n\n\n<p>Il faut toujours rappeler que la Tunisie n\u2019a aucune fronti\u00e8re commune avec les pays subsahariens dont sont originaires les migrants qui l\u2019inondent et lui font assumer une lourde responsabilit\u00e9 internationale alors qu\u2019elle a de la peine \u00e0 faire face \u00e0 une crise \u00e9conomique d\u2019une gravit\u00e9 exceptionnelle.<\/p>\n\n\n\n<p>Les conflits de comp\u00e9tence entre le minist\u00e8re des Affaires \u00e9trang\u00e8res, cens\u00e9 \u00eatre \u00e9galement celui de la Migration et des Tunisiens \u00e0 l\u2019\u00e9tranger, et le minist\u00e8re des Affaires sociales qui se d\u00e9m\u00e8ne pour maintenir sa rente institutionnelle et les nominations \u00e0 l\u2019\u00e9tranger en d\u00e9pit de son apport peu \u00e9vident au bien-\u00eatre des Tunisiens \u00e0 l\u2019\u00e9tranger, \u00e0 part quelques m\u00e9canismes obsol\u00e8tes et des gesticulations occasionnelles et estivales, est l&rsquo;une des raisons de l\u2019efficacit\u00e9 tr\u00e8s insuffisante de l\u2019action gouvernementale tunisienne \u00e0 l\u2019\u00e9tranger.<\/p>\n\n\n\n<h2 class=\"wp-block-heading\">Une responsabilit\u00e9 collective<\/h2>\n\n\n\n<p>De leur c\u00f4t\u00e9, les partis politiques dont le nombre d\u00e9passe deux cents et les milliers d\u2019associations civiles doivent assumer leur part de responsabilit\u00e9 politique et morale pour n\u2019avoir pas \u00e9t\u00e9 en mesure de raviver, au sein des diverses familles politiques europ\u00e9ennes, notamment le centre, la gauche et les verts, le d\u00e9bat sur la gestion de la question migratoire. en faisant valoir la responsabilit\u00e9 europ\u00e9enne dans l&rsquo;\u00e9chec de la politique de d\u00e9veloppement international avec l\u2019Afrique et les abus qu\u2019elle peut occasionner \u00e0 l\u2019encontre des droits et de la dignit\u00e9 des migrants au regard des conventions internationales et europ\u00e9ennes des droits de l\u2019homme.<\/p>\n\n\n\n<p>Alors que l\u2019Allemagne, avec tout son poids politique et \u00e9conomique en Europe, est dirig\u00e9e par une coalition men\u00e9e par le Parti social d\u00e9mocrate SPD et que le minist\u00e8re allemand des Affaires \u00e9trang\u00e8res est dirig\u00e9 par une responsable du parti des verts, tous les deux historiquement oppos\u00e9s \u00e0 la politique d\u2019exclusion et de stigmatisation de l\u2019extr\u00eame-droite europ\u00e9enne, l\u2019ambassade de Tunisie \u00e0 Berlin est rest\u00e9e, en d\u00e9pit de tout bon sens, sans titulaire pendant bient\u00f4t deux ans. De nombreux autres postes diplomatiques et consulaires sont encore dans l\u2019attente des nouveaux titulaires.<\/p>\n\n\n\n<figure class=\"wp-block-embed is-type-wp-embed is-provider-kapitalis wp-block-embed-kapitalis\"><div class=\"wp-block-embed__wrapper\">\n<blockquote class=\"wp-embedded-content\" data-secret=\"N7wBUA4tRD\"><a href=\"https:\/\/kapitalis.com\/tunisie\/2023\/06\/16\/les-relations-entre-leurope-et-la-tunisie-tournent-au-poker-menteur\/\">Les relations entre l&rsquo;Europe et la Tunisie tournent au poker menteur<\/a><\/blockquote><iframe loading=\"lazy\" class=\"wp-embedded-content\" sandbox=\"allow-scripts\" security=\"restricted\" style=\"position: absolute; clip: rect(1px, 1px, 1px, 1px);\" title=\"\u00ab\u00a0Les relations entre l&rsquo;Europe et la Tunisie tournent au poker menteur\u00a0\u00bb &#8212; Kapitalis\" src=\"https:\/\/kapitalis.com\/tunisie\/2023\/06\/16\/les-relations-entre-leurope-et-la-tunisie-tournent-au-poker-menteur\/embed\/#?secret=TG6lj5PRfz#?secret=N7wBUA4tRD\" data-secret=\"N7wBUA4tRD\" width=\"600\" height=\"338\" frameborder=\"0\" marginwidth=\"0\" marginheight=\"0\" scrolling=\"no\"><\/iframe>\n<\/div><\/figure>\n\n\n\n<p>Plus que jamais, la Tunisie a besoin d\u2019une politique \u00e9trang\u00e8re dynamique et concert\u00e9e entre les diff\u00e9rents intervenants gouvernementaux, politiques et associatifs pour d\u00e9fendre les droits des Tunisiens \u00e0 l\u2019\u00e9tranger qui, m\u00eame s\u2019ils sont en situation irr\u00e9guli\u00e8re, n\u2019en restent pas moins des citoyens et des \u00eatres humains, de m\u00eame que les int\u00e9r\u00eats sup\u00e9rieurs de la Tunisie pour lui permettre de faire face au pi\u00e8ge qui lui est tendu et au chantage auquel elle est sournoisement soumise par une extr\u00eame droite x\u00e9nophobe, \u00e9go\u00efste et fonci\u00e8rement raciste en d\u00e9pit des artifices de langage et des d\u00e9n\u00e9gations du bout des l\u00e8vres qui ne trompent personne, du moins ceux dot\u00e9s d\u2019une intelligence moyenne.<\/p>\n\n\n\n<p>Mon exp\u00e9rience en tant qu\u2019ambassadeur \u00e0 Berlin juste apr\u00e8s la vague migratoire post r\u00e9volution et la succession d\u2019attentats meurtriers commis par des Tunisiens \u00e0 Nice (14 juillet 2016) et Berlin (19 d\u00e9cembre 2016) m\u2019ont permis de mesurer l\u2019int\u00e9r\u00eat de raviver le d\u00e9bat entre les divers courants politiques sur la question de la migration irr\u00e9guli\u00e8re et l\u2019apport que peuvent offrir les partis de gauche et les verts pour calmer les ardeurs de l\u2019extr\u00eame-droite et la tentation x\u00e9nophobe susceptible d\u2019\u00eatre exacerb\u00e9e au sein des partis du centre et de la droite traditionnelle.<\/p>\n\n\n\n<p>S\u2019il est commun\u00e9ment admis que les absents ont toujours tort, il est malheureusement difficile de d\u00e9celer des indices d\u2019une pr\u00e9sence tunisienne suffisamment visible et audible dans le d\u00e9bat politique en Europe sur la question migratoire.<\/p>\n\n\n\n<p>* <em>Ancien ambassadeur.<\/em><\/p>\n","protected":false},"excerpt":{"rendered":"<p>La Tunisie n&rsquo;est pas suffisamment visible et audible dans le d\u00e9bat politique en Europe sur la question migratoire. <\/p>\n","protected":false},"author":8,"featured_media":7204138,"comment_status":"open","ping_status":"open","sticky":false,"template":"","format":"standard","meta":{"footnotes":""},"categories":[992,997,1000,2433],"tags":[64,144,82931,107100,99218,544,3145,5548,62643],"class_list":["post-8487042","post","type-post","status-publish","format-standard","has-post-thumbnail","hentry","category-a-la-une","category-politique","category-tribune","category-tunisie","tag-algerie","tag-berlin","tag-elyes-kasri-2","tag-extreme-droite-europeenne","tag-jean-luc-melenchon-2","tag-libye","tag-migrants","tag-migration","tag-tunisie"],"yoast_head":"<!-- This site is optimized with the Yoast SEO plugin v26.6 - https:\/\/yoast.com\/wordpress\/plugins\/seo\/ -->\n<title>La Tunisie et le d\u00e9bat en Europe sur la question migratoire - Kapitalis<\/title>\n<meta name=\"robots\" content=\"index, follow, max-snippet:-1, max-image-preview:large, max-video-preview:-1\" \/>\n<link rel=\"canonical\" href=\"https:\/\/kapitalis.com\/tunisie\/2023\/06\/23\/la-tunisie-et-le-debat-en-europe-sur-la-question-migratoire\/\" \/>\n<meta property=\"og:locale\" content=\"fr_FR\" \/>\n<meta property=\"og:type\" content=\"article\" \/>\n<meta property=\"og:title\" content=\"La Tunisie et le d\u00e9bat en Europe sur la question migratoire - Kapitalis\" \/>\n<meta property=\"og:description\" content=\"La Tunisie n&#039;est pas suffisamment visible et audible dans le d\u00e9bat politique en Europe sur la question migratoire.\" \/>\n<meta property=\"og:url\" content=\"https:\/\/kapitalis.com\/tunisie\/2023\/06\/23\/la-tunisie-et-le-debat-en-europe-sur-la-question-migratoire\/\" \/>\n<meta property=\"og:site_name\" content=\"Kapitalis\" \/>\n<meta property=\"article:publisher\" content=\"https:\/\/www.facebook.com\/KapitalisInfo\/\" \/>\n<meta property=\"article:published_time\" content=\"2023-06-23T10:16:06+00:00\" \/>\n<meta property=\"article:modified_time\" content=\"2023-06-23T10:17:10+00:00\" \/>\n<meta property=\"og:image\" content=\"https:\/\/kapitalis.com\/tunisie\/wp-content\/uploads\/2023\/03\/Migrants-Lampedusa.jpg\" \/>\n\t<meta property=\"og:image:width\" content=\"1200\" \/>\n\t<meta property=\"og:image:height\" content=\"630\" \/>\n\t<meta property=\"og:image:type\" content=\"image\/jpeg\" \/>\n<meta name=\"author\" content=\"webmaster kapitalis\" \/>\n<meta name=\"twitter:card\" content=\"summary_large_image\" \/>\n<meta name=\"twitter:creator\" content=\"@KapitalisInfo\" \/>\n<meta name=\"twitter:site\" content=\"@KapitalisInfo\" \/>\n<meta name=\"twitter:label1\" content=\"\u00c9crit par\" \/>\n\t<meta name=\"twitter:data1\" content=\"webmaster kapitalis\" \/>\n\t<meta name=\"twitter:label2\" content=\"Dur\u00e9e de lecture estim\u00e9e\" \/>\n\t<meta name=\"twitter:data2\" content=\"5 minutes\" \/>\n<script type=\"application\/ld+json\" class=\"yoast-schema-graph\">{\"@context\":\"https:\/\/schema.org\",\"@graph\":[{\"@type\":\"Article\",\"@id\":\"https:\/\/kapitalis.com\/tunisie\/2023\/06\/23\/la-tunisie-et-le-debat-en-europe-sur-la-question-migratoire\/#article\",\"isPartOf\":{\"@id\":\"https:\/\/kapitalis.com\/tunisie\/2023\/06\/23\/la-tunisie-et-le-debat-en-europe-sur-la-question-migratoire\/\"},\"author\":{\"name\":\"webmaster kapitalis\",\"@id\":\"https:\/\/kapitalis.com\/tunisie\/#\/schema\/person\/d71f33a9ca44f7bad4698210b480c8e9\"},\"headline\":\"La Tunisie et le d\u00e9bat en Europe sur la question migratoire\",\"datePublished\":\"2023-06-23T10:16:06+00:00\",\"dateModified\":\"2023-06-23T10:17:10+00:00\",\"mainEntityOfPage\":{\"@id\":\"https:\/\/kapitalis.com\/tunisie\/2023\/06\/23\/la-tunisie-et-le-debat-en-europe-sur-la-question-migratoire\/\"},\"wordCount\":1073,\"commentCount\":25,\"publisher\":{\"@id\":\"https:\/\/kapitalis.com\/tunisie\/#organization\"},\"image\":{\"@id\":\"https:\/\/kapitalis.com\/tunisie\/2023\/06\/23\/la-tunisie-et-le-debat-en-europe-sur-la-question-migratoire\/#primaryimage\"},\"thumbnailUrl\":\"https:\/\/kapitalis.com\/tunisie\/wp-content\/uploads\/2023\/03\/Migrants-Lampedusa.jpg\",\"keywords\":[\"Alg\u00e9rie\",\"Berlin\",\"Elyes Kasri\",\"extr\u00eame droite europ\u00e9enne\",\"Jean-Luc M\u00e9lenchon\",\"Libye\",\"migrants\",\"migration\",\"Tunisie\"],\"articleSection\":[\"A LA UNE\",\"POLITIQUE\",\"TRIBUNE\",\"Tunisie\"],\"inLanguage\":\"fr-FR\",\"potentialAction\":[{\"@type\":\"CommentAction\",\"name\":\"Comment\",\"target\":[\"https:\/\/kapitalis.com\/tunisie\/2023\/06\/23\/la-tunisie-et-le-debat-en-europe-sur-la-question-migratoire\/#respond\"]}]},{\"@type\":\"WebPage\",\"@id\":\"https:\/\/kapitalis.com\/tunisie\/2023\/06\/23\/la-tunisie-et-le-debat-en-europe-sur-la-question-migratoire\/\",\"url\":\"https:\/\/kapitalis.com\/tunisie\/2023\/06\/23\/la-tunisie-et-le-debat-en-europe-sur-la-question-migratoire\/\",\"name\":\"La Tunisie et le d\u00e9bat en Europe sur la question migratoire - Kapitalis\",\"isPartOf\":{\"@id\":\"https:\/\/kapitalis.com\/tunisie\/#website\"},\"primaryImageOfPage\":{\"@id\":\"https:\/\/kapitalis.com\/tunisie\/2023\/06\/23\/la-tunisie-et-le-debat-en-europe-sur-la-question-migratoire\/#primaryimage\"},\"image\":{\"@id\":\"https:\/\/kapitalis.com\/tunisie\/2023\/06\/23\/la-tunisie-et-le-debat-en-europe-sur-la-question-migratoire\/#primaryimage\"},\"thumbnailUrl\":\"https:\/\/kapitalis.com\/tunisie\/wp-content\/uploads\/2023\/03\/Migrants-Lampedusa.jpg\",\"datePublished\":\"2023-06-23T10:16:06+00:00\",\"dateModified\":\"2023-06-23T10:17:10+00:00\",\"breadcrumb\":{\"@id\":\"https:\/\/kapitalis.com\/tunisie\/2023\/06\/23\/la-tunisie-et-le-debat-en-europe-sur-la-question-migratoire\/#breadcrumb\"},\"inLanguage\":\"fr-FR\",\"potentialAction\":[{\"@type\":\"ReadAction\",\"target\":[\"https:\/\/kapitalis.com\/tunisie\/2023\/06\/23\/la-tunisie-et-le-debat-en-europe-sur-la-question-migratoire\/\"]}]},{\"@type\":\"ImageObject\",\"inLanguage\":\"fr-FR\",\"@id\":\"https:\/\/kapitalis.com\/tunisie\/2023\/06\/23\/la-tunisie-et-le-debat-en-europe-sur-la-question-migratoire\/#primaryimage\",\"url\":\"https:\/\/kapitalis.com\/tunisie\/wp-content\/uploads\/2023\/03\/Migrants-Lampedusa.jpg\",\"contentUrl\":\"https:\/\/kapitalis.com\/tunisie\/wp-content\/uploads\/2023\/03\/Migrants-Lampedusa.jpg\",\"width\":1200,\"height\":630},{\"@type\":\"BreadcrumbList\",\"@id\":\"https:\/\/kapitalis.com\/tunisie\/2023\/06\/23\/la-tunisie-et-le-debat-en-europe-sur-la-question-migratoire\/#breadcrumb\",\"itemListElement\":[{\"@type\":\"ListItem\",\"position\":1,\"name\":\"Accueil\",\"item\":\"https:\/\/kapitalis.com\/tunisie\/\"},{\"@type\":\"ListItem\",\"position\":2,\"name\":\"La Tunisie et le d\u00e9bat en Europe sur la question migratoire\"}]},{\"@type\":\"WebSite\",\"@id\":\"https:\/\/kapitalis.com\/tunisie\/#website\",\"url\":\"https:\/\/kapitalis.com\/tunisie\/\",\"name\":\"Kapitalis\",\"description\":\"L&#039;actualit\u00e9 en Tunisie et dans le monde\",\"publisher\":{\"@id\":\"https:\/\/kapitalis.com\/tunisie\/#organization\"},\"potentialAction\":[{\"@type\":\"SearchAction\",\"target\":{\"@type\":\"EntryPoint\",\"urlTemplate\":\"https:\/\/kapitalis.com\/tunisie\/?s={search_term_string}\"},\"query-input\":{\"@type\":\"PropertyValueSpecification\",\"valueRequired\":true,\"valueName\":\"search_term_string\"}}],\"inLanguage\":\"fr-FR\"},{\"@type\":\"Organization\",\"@id\":\"https:\/\/kapitalis.com\/tunisie\/#organization\",\"name\":\"Kapitalis\",\"url\":\"https:\/\/kapitalis.com\/tunisie\/\",\"logo\":{\"@type\":\"ImageObject\",\"inLanguage\":\"fr-FR\",\"@id\":\"https:\/\/kapitalis.com\/tunisie\/#\/schema\/logo\/image\/\",\"url\":\"https:\/\/kapitalis.com\/tunisie\/wp-content\/uploads\/2022\/05\/Kapitalis-big-size.png\",\"contentUrl\":\"https:\/\/kapitalis.com\/tunisie\/wp-content\/uploads\/2022\/05\/Kapitalis-big-size.png\",\"width\":5000,\"height\":1500,\"caption\":\"Kapitalis\"},\"image\":{\"@id\":\"https:\/\/kapitalis.com\/tunisie\/#\/schema\/logo\/image\/\"},\"sameAs\":[\"https:\/\/www.facebook.com\/KapitalisInfo\/\",\"https:\/\/x.com\/KapitalisInfo\",\"https:\/\/www.youtube.com\/channel\/UC-yDYrHyfFBWWZaOw3FPg9Q\"]},{\"@type\":\"Person\",\"@id\":\"https:\/\/kapitalis.com\/tunisie\/#\/schema\/person\/d71f33a9ca44f7bad4698210b480c8e9\",\"name\":\"webmaster kapitalis\",\"url\":\"https:\/\/kapitalis.com\/tunisie\/author\/webmaster-kapitalis\/\"}]}<\/script>\n<!-- \/ Yoast SEO plugin. -->","yoast_head_json":{"title":"La Tunisie et le d\u00e9bat en Europe sur la question migratoire - Kapitalis","robots":{"index":"index","follow":"follow","max-snippet":"max-snippet:-1","max-image-preview":"max-image-preview:large","max-video-preview":"max-video-preview:-1"},"canonical":"https:\/\/kapitalis.com\/tunisie\/2023\/06\/23\/la-tunisie-et-le-debat-en-europe-sur-la-question-migratoire\/","og_locale":"fr_FR","og_type":"article","og_title":"La Tunisie et le d\u00e9bat en Europe sur la question migratoire - Kapitalis","og_description":"La Tunisie n'est pas suffisamment visible et audible dans le d\u00e9bat politique en Europe sur la question migratoire.","og_url":"https:\/\/kapitalis.com\/tunisie\/2023\/06\/23\/la-tunisie-et-le-debat-en-europe-sur-la-question-migratoire\/","og_site_name":"Kapitalis","article_publisher":"https:\/\/www.facebook.com\/KapitalisInfo\/","article_published_time":"2023-06-23T10:16:06+00:00","article_modified_time":"2023-06-23T10:17:10+00:00","og_image":[{"width":1200,"height":630,"url":"https:\/\/kapitalis.com\/tunisie\/wp-content\/uploads\/2023\/03\/Migrants-Lampedusa.jpg","type":"image\/jpeg"}],"author":"webmaster kapitalis","twitter_card":"summary_large_image","twitter_creator":"@KapitalisInfo","twitter_site":"@KapitalisInfo","twitter_misc":{"\u00c9crit par":"webmaster kapitalis","Dur\u00e9e de lecture estim\u00e9e":"5 minutes"},"schema":{"@context":"https:\/\/schema.org","@graph":[{"@type":"Article","@id":"https:\/\/kapitalis.com\/tunisie\/2023\/06\/23\/la-tunisie-et-le-debat-en-europe-sur-la-question-migratoire\/#article","isPartOf":{"@id":"https:\/\/kapitalis.com\/tunisie\/2023\/06\/23\/la-tunisie-et-le-debat-en-europe-sur-la-question-migratoire\/"},"author":{"name":"webmaster kapitalis","@id":"https:\/\/kapitalis.com\/tunisie\/#\/schema\/person\/d71f33a9ca44f7bad4698210b480c8e9"},"headline":"La Tunisie et le d\u00e9bat en Europe sur la question migratoire","datePublished":"2023-06-23T10:16:06+00:00","dateModified":"2023-06-23T10:17:10+00:00","mainEntityOfPage":{"@id":"https:\/\/kapitalis.com\/tunisie\/2023\/06\/23\/la-tunisie-et-le-debat-en-europe-sur-la-question-migratoire\/"},"wordCount":1073,"commentCount":25,"publisher":{"@id":"https:\/\/kapitalis.com\/tunisie\/#organization"},"image":{"@id":"https:\/\/kapitalis.com\/tunisie\/2023\/06\/23\/la-tunisie-et-le-debat-en-europe-sur-la-question-migratoire\/#primaryimage"},"thumbnailUrl":"https:\/\/kapitalis.com\/tunisie\/wp-content\/uploads\/2023\/03\/Migrants-Lampedusa.jpg","keywords":["Alg\u00e9rie","Berlin","Elyes Kasri","extr\u00eame droite europ\u00e9enne","Jean-Luc M\u00e9lenchon","Libye","migrants","migration","Tunisie"],"articleSection":["A LA UNE","POLITIQUE","TRIBUNE","Tunisie"],"inLanguage":"fr-FR","potentialAction":[{"@type":"CommentAction","name":"Comment","target":["https:\/\/kapitalis.com\/tunisie\/2023\/06\/23\/la-tunisie-et-le-debat-en-europe-sur-la-question-migratoire\/#respond"]}]},{"@type":"WebPage","@id":"https:\/\/kapitalis.com\/tunisie\/2023\/06\/23\/la-tunisie-et-le-debat-en-europe-sur-la-question-migratoire\/","url":"https:\/\/kapitalis.com\/tunisie\/2023\/06\/23\/la-tunisie-et-le-debat-en-europe-sur-la-question-migratoire\/","name":"La Tunisie et le d\u00e9bat en Europe sur la question migratoire - Kapitalis","isPartOf":{"@id":"https:\/\/kapitalis.com\/tunisie\/#website"},"primaryImageOfPage":{"@id":"https:\/\/kapitalis.com\/tunisie\/2023\/06\/23\/la-tunisie-et-le-debat-en-europe-sur-la-question-migratoire\/#primaryimage"},"image":{"@id":"https:\/\/kapitalis.com\/tunisie\/2023\/06\/23\/la-tunisie-et-le-debat-en-europe-sur-la-question-migratoire\/#primaryimage"},"thumbnailUrl":"https:\/\/kapitalis.com\/tunisie\/wp-content\/uploads\/2023\/03\/Migrants-Lampedusa.jpg","datePublished":"2023-06-23T10:16:06+00:00","dateModified":"2023-06-23T10:17:10+00:00","breadcrumb":{"@id":"https:\/\/kapitalis.com\/tunisie\/2023\/06\/23\/la-tunisie-et-le-debat-en-europe-sur-la-question-migratoire\/#breadcrumb"},"inLanguage":"fr-FR","potentialAction":[{"@type":"ReadAction","target":["https:\/\/kapitalis.com\/tunisie\/2023\/06\/23\/la-tunisie-et-le-debat-en-europe-sur-la-question-migratoire\/"]}]},{"@type":"ImageObject","inLanguage":"fr-FR","@id":"https:\/\/kapitalis.com\/tunisie\/2023\/06\/23\/la-tunisie-et-le-debat-en-europe-sur-la-question-migratoire\/#primaryimage","url":"https:\/\/kapitalis.com\/tunisie\/wp-content\/uploads\/2023\/03\/Migrants-Lampedusa.jpg","contentUrl":"https:\/\/kapitalis.com\/tunisie\/wp-content\/uploads\/2023\/03\/Migrants-Lampedusa.jpg","width":1200,"height":630},{"@type":"BreadcrumbList","@id":"https:\/\/kapitalis.com\/tunisie\/2023\/06\/23\/la-tunisie-et-le-debat-en-europe-sur-la-question-migratoire\/#breadcrumb","itemListElement":[{"@type":"ListItem","position":1,"name":"Accueil","item":"https:\/\/kapitalis.com\/tunisie\/"},{"@type":"ListItem","position":2,"name":"La Tunisie et le d\u00e9bat en Europe sur la question migratoire"}]},{"@type":"WebSite","@id":"https:\/\/kapitalis.com\/tunisie\/#website","url":"https:\/\/kapitalis.com\/tunisie\/","name":"Kapitalis","description":"L&#039;actualit\u00e9 en Tunisie et dans le monde","publisher":{"@id":"https:\/\/kapitalis.com\/tunisie\/#organization"},"potentialAction":[{"@type":"SearchAction","target":{"@type":"EntryPoint","urlTemplate":"https:\/\/kapitalis.com\/tunisie\/?s={search_term_string}"},"query-input":{"@type":"PropertyValueSpecification","valueRequired":true,"valueName":"search_term_string"}}],"inLanguage":"fr-FR"},{"@type":"Organization","@id":"https:\/\/kapitalis.com\/tunisie\/#organization","name":"Kapitalis","url":"https:\/\/kapitalis.com\/tunisie\/","logo":{"@type":"ImageObject","inLanguage":"fr-FR","@id":"https:\/\/kapitalis.com\/tunisie\/#\/schema\/logo\/image\/","url":"https:\/\/kapitalis.com\/tunisie\/wp-content\/uploads\/2022\/05\/Kapitalis-big-size.png","contentUrl":"https:\/\/kapitalis.com\/tunisie\/wp-content\/uploads\/2022\/05\/Kapitalis-big-size.png","width":5000,"height":1500,"caption":"Kapitalis"},"image":{"@id":"https:\/\/kapitalis.com\/tunisie\/#\/schema\/logo\/image\/"},"sameAs":["https:\/\/www.facebook.com\/KapitalisInfo\/","https:\/\/x.com\/KapitalisInfo","https:\/\/www.youtube.com\/channel\/UC-yDYrHyfFBWWZaOw3FPg9Q"]},{"@type":"Person","@id":"https:\/\/kapitalis.com\/tunisie\/#\/schema\/person\/d71f33a9ca44f7bad4698210b480c8e9","name":"webmaster kapitalis","url":"https:\/\/kapitalis.com\/tunisie\/author\/webmaster-kapitalis\/"}]}},"_links":{"self":[{"href":"https:\/\/kapitalis.com\/tunisie\/wp-json\/wp\/v2\/posts\/8487042","targetHints":{"allow":["GET"]}}],"collection":[{"href":"https:\/\/kapitalis.com\/tunisie\/wp-json\/wp\/v2\/posts"}],"about":[{"href":"https:\/\/kapitalis.com\/tunisie\/wp-json\/wp\/v2\/types\/post"}],"author":[{"embeddable":true,"href":"https:\/\/kapitalis.com\/tunisie\/wp-json\/wp\/v2\/users\/8"}],"replies":[{"embeddable":true,"href":"https:\/\/kapitalis.com\/tunisie\/wp-json\/wp\/v2\/comments?post=8487042"}],"version-history":[{"count":1,"href":"https:\/\/kapitalis.com\/tunisie\/wp-json\/wp\/v2\/posts\/8487042\/revisions"}],"predecessor-version":[{"id":8487129,"href":"https:\/\/kapitalis.com\/tunisie\/wp-json\/wp\/v2\/posts\/8487042\/revisions\/8487129"}],"wp:featuredmedia":[{"embeddable":true,"href":"https:\/\/kapitalis.com\/tunisie\/wp-json\/wp\/v2\/media\/7204138"}],"wp:attachment":[{"href":"https:\/\/kapitalis.com\/tunisie\/wp-json\/wp\/v2\/media?parent=8487042"}],"wp:term":[{"taxonomy":"category","embeddable":true,"href":"https:\/\/kapitalis.com\/tunisie\/wp-json\/wp\/v2\/categories?post=8487042"},{"taxonomy":"post_tag","embeddable":true,"href":"https:\/\/kapitalis.com\/tunisie\/wp-json\/wp\/v2\/tags?post=8487042"}],"curies":[{"name":"wp","href":"https:\/\/api.w.org\/{rel}","templated":true}]}}