{"id":84918,"date":"2017-02-28T14:39:17","date_gmt":"2017-02-28T13:39:17","guid":{"rendered":"http:\/\/kapitalis.com\/tunisie\/?p=84918"},"modified":"2017-02-28T14:39:17","modified_gmt":"2017-02-28T13:39:17","slug":"le-centre-culturel-dar-almadanya-inaugure-a-sousse","status":"publish","type":"post","link":"https:\/\/kapitalis.com\/tunisie\/2017\/02\/28\/le-centre-culturel-dar-almadanya-inaugure-a-sousse\/","title":{"rendered":"Le centre culturel Dar Almadanya inaugur\u00e9 \u00e0 Sousse"},"content":{"rendered":"<p><img loading=\"lazy\" decoding=\"async\" class=\"alignnone size-full wp-image-84919 aligncenter\" src=\"http:\/\/kapitalis.com\/tunisie\/wp-content\/uploads\/2017\/02\/Dar-Almadanya-Maktouf-Jalloul.jpg\" alt=\"\" width=\"626\" height=\"380\" \/><\/p>\n<p style=\"text-align: center;\"><em>Au centre, Lotfi Maktouf et Neji Jalloul.\u00a0<\/em><\/p>\n<p><em><strong>Le ministre de l\u2019Education, N\u00e9ji Jalloul, a inaugur\u00e9 ce mardi 28 f\u00e9vrier 2017, le second centre Dar Almadanya pour la connaissance \u00e0 Sousse. <\/strong><\/em><\/p>\n<p><!--more--><\/p>\n<p>Ce centre a \u00e9t\u00e9 inaugur\u00e9 4 mois apr\u00e8s celui de Tataouine, qui a connu un grand succ\u00e8s aupr\u00e8s de la population locale et notamment les jeunes, et ce en pr\u00e9sence de Lotfi Maktouf, pr\u00e9sident de l\u2019association Almadanya.<\/p>\n<p>Ce centre est strat\u00e9giquement positionn\u00e9 puisqu\u2019il est entour\u00e9 de toute une s\u00e9rie d\u2019\u00e9tablissements scolaires et universitaires. Parmi ces \u00e9tablissements, notons la proximit\u00e9 de l\u2019Institut sup\u00e9rieur des sciences appliqu\u00e9es de technologie (Isat), du lyc\u00e9e Elkafif et de l\u2019\u00e9cole primaire Assad Ibn Alfourat.<\/p>\n<p><em>\u00abL\u2019inauguration de Dar Almadanya \u00e0 Sousse t\u00e9moigne de la pertinence de la coop\u00e9ration entre la soci\u00e9t\u00e9 civile et l\u2019\u00c9tat\u00bb<\/em>, a d\u00e9clar\u00e9 M. Jalloul.<\/p>\n<p><em>\u00abDar Almadanya se situe au centre d\u2019une forte concentration d\u2019\u00e9l\u00e8ves et d\u2018\u00e9tudiants qui ne demandent qu\u2019\u00e0 acc\u00e9der \u00e0 des lieux d\u2019\u00e9change et \u00e0 des outils de recherche et de connaissance; non seulement dans leurs propres domaines d\u2019\u00e9tudes mais dans un objectif plus large de culture g\u00e9n\u00e9rale et d\u2019ouverture \u00e0 d\u2019autres domaines<\/em>\u00bb, a d\u00e9clar\u00e9, de son c\u00f4t\u00e9, M. Maktouf. Et c\u2019est pr\u00e9cis\u00e9ment \u00e0 cette population estudiantine que l\u2019offre de Dar Almadanya est en effet destin\u00e9e.<\/p>\n<p>Tout comme pour Dar Almadanya Tataouine, l\u2019immeuble de Dar Almadanya Sousse a \u00e9t\u00e9 mis \u00e0 disposition de la Fondation Almadanya en vertu d\u2019une convention qu\u2019elle a sign\u00e9e avec le minist\u00e8re de l\u2019Education. Et c\u2019est en vertu de cette m\u00eame convention que la Fondation s\u2019engage \u00e0 fournir le centre de milliers de livres, \u00e0 l\u2019\u00e9quiper de dizaines d\u2019ordinateurs et \u00e0 g\u00e9rer \u00e0 sa charge les salles de lecture et d\u2019informatique et les espaces culturels.<\/p>\n<p>L\u2019acc\u00e8s est ouvert et gratuit \u00e0 toutes et \u00e0 tous.<\/p>\n<p>Almadanya a \u00e9quip\u00e9 le centre de Sousse de plus de 25.000 titres en arabe, fran\u00e7ais, anglais, allemand et espagnol. \u00c0 ce propos, M. Maktouf a ajout\u00e9:<em> \u00abJe renouvelle notre gratitude et nos remerciements \u00e0 l\u2019illustre librairie suisse Payot et \u00e0 son dynamique pr\u00e9sident Pascal Vandenberghe, qui a fait de nos r\u00eaves une r\u00e9alit\u00e9 et gr\u00e2ce \u00e0 qui, des centaines de milliers de livres nous sont remis pour \u00e9quiper nos biblioth\u00e8ques et nos divers coins de lecture partout en Tunisie\u00bb.<\/em><\/p>\n<p>Jugeant de l\u2019exp\u00e9rience r\u00e9ussie de Dar Almadanya Tataouine, cet espace culturel ambitieux attirera une grande vari\u00e9t\u00e9 de public comme les jeunes qui veulent apprendre l\u2019informatique ou naviguer sur internet, les doctorants et les chercheurs dans les domaines scientifiques, techniques ou de sciences humaines.<\/p>\n<p>La particularit\u00e9 de ce centre par rapport \u00e0 celui de Tataouine est qu\u2019il est aussi ouvert au public non-voyant. En effet, le centre \u00e9tant mitoyen au lyc\u00e9e Elkafif et l\u2019\u00e9cole primaire Ennour des malvoyants, Almadanya a saisi l\u2019occasion pour que Dar Almadanya ouvre ses portes et ses espaces aux \u00e9l\u00e8ves non-voyants. Ainsi, le centre est \u00e9quip\u00e9 de jeux pour malvoyants et d\u2019une biblioth\u00e8que sonore, et ce en coop\u00e9ration avec la biblioth\u00e8que sonore de la Suisse Romande.<\/p>\n<p>Riche de trois autres clubs (un club de th\u00e9\u00e2tre anim\u00e9 par le professeur Mohamed Doghmane, un club de cin\u00e9ma anim\u00e9 par Sendy Zardi et un club de calligraphie anim\u00e9 par le professeur Fraj Brahim) et deux salles de jeux d\u2019esprit, Dar Almadanya de Sousse se consid\u00e8re comme un v\u00e9ritable centre de culture et de loisirs.<\/p>\n<p>Ce centre abrite en plus, une salle d\u2019impression, o\u00f9, en collaboration avec le lyc\u00e9e Elkafif et une association des malvoyants, des livres en braille seront imprim\u00e9s.<\/p>\n<p><em><strong>Source<\/strong><\/em> : communiqu\u00e9.<\/p>\n","protected":false},"excerpt":{"rendered":"<p>Au centre, Lotfi Maktouf et Neji Jalloul.\u00a0 Le ministre de l\u2019Education, N\u00e9ji Jalloul, a inaugur\u00e9 ce mardi 28 f\u00e9vrier 2017, le second centre Dar Almadanya pour la connaissance \u00e0 Sousse.<\/p>\n","protected":false},"author":8,"featured_media":84919,"comment_status":"open","ping_status":"open","sticky":false,"template":"","format":"standard","meta":{"footnotes":""},"categories":[998,2433],"tags":[3159,1126],"class_list":["post-84918","post","type-post","status-publish","format-standard","has-post-thumbnail","hentry","category-societe","category-tunisie","tag-neji-jalloul","tag-tataouine"],"yoast_head":"<!-- This site is optimized with the Yoast SEO plugin v26.6 - https:\/\/yoast.com\/wordpress\/plugins\/seo\/ -->\n<title>Le centre culturel Dar Almadanya inaugur\u00e9 \u00e0 Sousse - Kapitalis<\/title>\n<meta name=\"robots\" content=\"index, follow, max-snippet:-1, max-image-preview:large, max-video-preview:-1\" \/>\n<link rel=\"canonical\" href=\"https:\/\/kapitalis.com\/tunisie\/2017\/02\/28\/le-centre-culturel-dar-almadanya-inaugure-a-sousse\/\" \/>\n<meta property=\"og:locale\" content=\"fr_FR\" \/>\n<meta property=\"og:type\" content=\"article\" \/>\n<meta property=\"og:title\" content=\"Le centre culturel Dar Almadanya inaugur\u00e9 \u00e0 Sousse - Kapitalis\" \/>\n<meta property=\"og:description\" content=\"Au centre, Lotfi Maktouf et Neji Jalloul.\u00a0 Le ministre de l\u2019Education, N\u00e9ji Jalloul, a inaugur\u00e9 ce mardi 28 f\u00e9vrier 2017, le second centre Dar Almadanya pour la connaissance \u00e0 Sousse.\" \/>\n<meta property=\"og:url\" content=\"https:\/\/kapitalis.com\/tunisie\/2017\/02\/28\/le-centre-culturel-dar-almadanya-inaugure-a-sousse\/\" \/>\n<meta property=\"og:site_name\" content=\"Kapitalis\" \/>\n<meta property=\"article:publisher\" content=\"https:\/\/www.facebook.com\/KapitalisInfo\/\" \/>\n<meta property=\"article:published_time\" content=\"2017-02-28T13:39:17+00:00\" \/>\n<meta property=\"og:image\" content=\"https:\/\/kapitalis.com\/tunisie\/wp-content\/uploads\/2022\/05\/kapitalis-logo-fb.png\" \/>\n\t<meta property=\"og:image:width\" content=\"1200\" \/>\n\t<meta property=\"og:image:height\" content=\"630\" \/>\n\t<meta property=\"og:image:type\" content=\"image\/png\" \/>\n<meta name=\"author\" content=\"webmaster kapitalis\" \/>\n<meta name=\"twitter:card\" content=\"summary_large_image\" \/>\n<meta name=\"twitter:creator\" content=\"@KapitalisInfo\" \/>\n<meta name=\"twitter:site\" content=\"@KapitalisInfo\" \/>\n<meta name=\"twitter:label1\" content=\"\u00c9crit par\" \/>\n\t<meta name=\"twitter:data1\" content=\"webmaster kapitalis\" \/>\n\t<meta name=\"twitter:label2\" content=\"Dur\u00e9e de lecture estim\u00e9e\" \/>\n\t<meta name=\"twitter:data2\" content=\"3 minutes\" \/>\n<script type=\"application\/ld+json\" class=\"yoast-schema-graph\">{\"@context\":\"https:\/\/schema.org\",\"@graph\":[{\"@type\":\"Article\",\"@id\":\"https:\/\/kapitalis.com\/tunisie\/2017\/02\/28\/le-centre-culturel-dar-almadanya-inaugure-a-sousse\/#article\",\"isPartOf\":{\"@id\":\"https:\/\/kapitalis.com\/tunisie\/2017\/02\/28\/le-centre-culturel-dar-almadanya-inaugure-a-sousse\/\"},\"author\":{\"name\":\"webmaster kapitalis\",\"@id\":\"https:\/\/kapitalis.com\/tunisie\/#\/schema\/person\/d71f33a9ca44f7bad4698210b480c8e9\"},\"headline\":\"Le centre culturel Dar Almadanya inaugur\u00e9 \u00e0 Sousse\",\"datePublished\":\"2017-02-28T13:39:17+00:00\",\"mainEntityOfPage\":{\"@id\":\"https:\/\/kapitalis.com\/tunisie\/2017\/02\/28\/le-centre-culturel-dar-almadanya-inaugure-a-sousse\/\"},\"wordCount\":640,\"commentCount\":2,\"publisher\":{\"@id\":\"https:\/\/kapitalis.com\/tunisie\/#organization\"},\"image\":{\"@id\":\"https:\/\/kapitalis.com\/tunisie\/2017\/02\/28\/le-centre-culturel-dar-almadanya-inaugure-a-sousse\/#primaryimage\"},\"thumbnailUrl\":\"\",\"keywords\":[\"Neji Jalloul\",\"Tataouine\"],\"articleSection\":[\"SOCIETE\",\"Tunisie\"],\"inLanguage\":\"fr-FR\",\"potentialAction\":[{\"@type\":\"CommentAction\",\"name\":\"Comment\",\"target\":[\"https:\/\/kapitalis.com\/tunisie\/2017\/02\/28\/le-centre-culturel-dar-almadanya-inaugure-a-sousse\/#respond\"]}]},{\"@type\":\"WebPage\",\"@id\":\"https:\/\/kapitalis.com\/tunisie\/2017\/02\/28\/le-centre-culturel-dar-almadanya-inaugure-a-sousse\/\",\"url\":\"https:\/\/kapitalis.com\/tunisie\/2017\/02\/28\/le-centre-culturel-dar-almadanya-inaugure-a-sousse\/\",\"name\":\"Le centre culturel Dar Almadanya inaugur\u00e9 \u00e0 Sousse - Kapitalis\",\"isPartOf\":{\"@id\":\"https:\/\/kapitalis.com\/tunisie\/#website\"},\"primaryImageOfPage\":{\"@id\":\"https:\/\/kapitalis.com\/tunisie\/2017\/02\/28\/le-centre-culturel-dar-almadanya-inaugure-a-sousse\/#primaryimage\"},\"image\":{\"@id\":\"https:\/\/kapitalis.com\/tunisie\/2017\/02\/28\/le-centre-culturel-dar-almadanya-inaugure-a-sousse\/#primaryimage\"},\"thumbnailUrl\":\"\",\"datePublished\":\"2017-02-28T13:39:17+00:00\",\"breadcrumb\":{\"@id\":\"https:\/\/kapitalis.com\/tunisie\/2017\/02\/28\/le-centre-culturel-dar-almadanya-inaugure-a-sousse\/#breadcrumb\"},\"inLanguage\":\"fr-FR\",\"potentialAction\":[{\"@type\":\"ReadAction\",\"target\":[\"https:\/\/kapitalis.com\/tunisie\/2017\/02\/28\/le-centre-culturel-dar-almadanya-inaugure-a-sousse\/\"]}]},{\"@type\":\"ImageObject\",\"inLanguage\":\"fr-FR\",\"@id\":\"https:\/\/kapitalis.com\/tunisie\/2017\/02\/28\/le-centre-culturel-dar-almadanya-inaugure-a-sousse\/#primaryimage\",\"url\":\"\",\"contentUrl\":\"\"},{\"@type\":\"BreadcrumbList\",\"@id\":\"https:\/\/kapitalis.com\/tunisie\/2017\/02\/28\/le-centre-culturel-dar-almadanya-inaugure-a-sousse\/#breadcrumb\",\"itemListElement\":[{\"@type\":\"ListItem\",\"position\":1,\"name\":\"Accueil\",\"item\":\"https:\/\/kapitalis.com\/tunisie\/\"},{\"@type\":\"ListItem\",\"position\":2,\"name\":\"Le centre culturel Dar Almadanya inaugur\u00e9 \u00e0 Sousse\"}]},{\"@type\":\"WebSite\",\"@id\":\"https:\/\/kapitalis.com\/tunisie\/#website\",\"url\":\"https:\/\/kapitalis.com\/tunisie\/\",\"name\":\"Kapitalis\",\"description\":\"L&#039;actualit\u00e9 en Tunisie et dans le monde\",\"publisher\":{\"@id\":\"https:\/\/kapitalis.com\/tunisie\/#organization\"},\"potentialAction\":[{\"@type\":\"SearchAction\",\"target\":{\"@type\":\"EntryPoint\",\"urlTemplate\":\"https:\/\/kapitalis.com\/tunisie\/?s={search_term_string}\"},\"query-input\":{\"@type\":\"PropertyValueSpecification\",\"valueRequired\":true,\"valueName\":\"search_term_string\"}}],\"inLanguage\":\"fr-FR\"},{\"@type\":\"Organization\",\"@id\":\"https:\/\/kapitalis.com\/tunisie\/#organization\",\"name\":\"Kapitalis\",\"url\":\"https:\/\/kapitalis.com\/tunisie\/\",\"logo\":{\"@type\":\"ImageObject\",\"inLanguage\":\"fr-FR\",\"@id\":\"https:\/\/kapitalis.com\/tunisie\/#\/schema\/logo\/image\/\",\"url\":\"https:\/\/kapitalis.com\/tunisie\/wp-content\/uploads\/2022\/05\/Kapitalis-big-size.png\",\"contentUrl\":\"https:\/\/kapitalis.com\/tunisie\/wp-content\/uploads\/2022\/05\/Kapitalis-big-size.png\",\"width\":5000,\"height\":1500,\"caption\":\"Kapitalis\"},\"image\":{\"@id\":\"https:\/\/kapitalis.com\/tunisie\/#\/schema\/logo\/image\/\"},\"sameAs\":[\"https:\/\/www.facebook.com\/KapitalisInfo\/\",\"https:\/\/x.com\/KapitalisInfo\",\"https:\/\/www.youtube.com\/channel\/UC-yDYrHyfFBWWZaOw3FPg9Q\"]},{\"@type\":\"Person\",\"@id\":\"https:\/\/kapitalis.com\/tunisie\/#\/schema\/person\/d71f33a9ca44f7bad4698210b480c8e9\",\"name\":\"webmaster kapitalis\",\"url\":\"https:\/\/kapitalis.com\/tunisie\/author\/webmaster-kapitalis\/\"}]}<\/script>\n<!-- \/ Yoast SEO plugin. -->","yoast_head_json":{"title":"Le centre culturel Dar Almadanya inaugur\u00e9 \u00e0 Sousse - Kapitalis","robots":{"index":"index","follow":"follow","max-snippet":"max-snippet:-1","max-image-preview":"max-image-preview:large","max-video-preview":"max-video-preview:-1"},"canonical":"https:\/\/kapitalis.com\/tunisie\/2017\/02\/28\/le-centre-culturel-dar-almadanya-inaugure-a-sousse\/","og_locale":"fr_FR","og_type":"article","og_title":"Le centre culturel Dar Almadanya inaugur\u00e9 \u00e0 Sousse - Kapitalis","og_description":"Au centre, Lotfi Maktouf et Neji Jalloul.\u00a0 Le ministre de l\u2019Education, N\u00e9ji Jalloul, a inaugur\u00e9 ce mardi 28 f\u00e9vrier 2017, le second centre Dar Almadanya pour la connaissance \u00e0 Sousse.","og_url":"https:\/\/kapitalis.com\/tunisie\/2017\/02\/28\/le-centre-culturel-dar-almadanya-inaugure-a-sousse\/","og_site_name":"Kapitalis","article_publisher":"https:\/\/www.facebook.com\/KapitalisInfo\/","article_published_time":"2017-02-28T13:39:17+00:00","og_image":[{"width":1200,"height":630,"url":"https:\/\/kapitalis.com\/tunisie\/wp-content\/uploads\/2022\/05\/kapitalis-logo-fb.png","type":"image\/png"}],"author":"webmaster kapitalis","twitter_card":"summary_large_image","twitter_creator":"@KapitalisInfo","twitter_site":"@KapitalisInfo","twitter_misc":{"\u00c9crit par":"webmaster kapitalis","Dur\u00e9e de lecture estim\u00e9e":"3 minutes"},"schema":{"@context":"https:\/\/schema.org","@graph":[{"@type":"Article","@id":"https:\/\/kapitalis.com\/tunisie\/2017\/02\/28\/le-centre-culturel-dar-almadanya-inaugure-a-sousse\/#article","isPartOf":{"@id":"https:\/\/kapitalis.com\/tunisie\/2017\/02\/28\/le-centre-culturel-dar-almadanya-inaugure-a-sousse\/"},"author":{"name":"webmaster kapitalis","@id":"https:\/\/kapitalis.com\/tunisie\/#\/schema\/person\/d71f33a9ca44f7bad4698210b480c8e9"},"headline":"Le centre culturel Dar Almadanya inaugur\u00e9 \u00e0 Sousse","datePublished":"2017-02-28T13:39:17+00:00","mainEntityOfPage":{"@id":"https:\/\/kapitalis.com\/tunisie\/2017\/02\/28\/le-centre-culturel-dar-almadanya-inaugure-a-sousse\/"},"wordCount":640,"commentCount":2,"publisher":{"@id":"https:\/\/kapitalis.com\/tunisie\/#organization"},"image":{"@id":"https:\/\/kapitalis.com\/tunisie\/2017\/02\/28\/le-centre-culturel-dar-almadanya-inaugure-a-sousse\/#primaryimage"},"thumbnailUrl":"","keywords":["Neji Jalloul","Tataouine"],"articleSection":["SOCIETE","Tunisie"],"inLanguage":"fr-FR","potentialAction":[{"@type":"CommentAction","name":"Comment","target":["https:\/\/kapitalis.com\/tunisie\/2017\/02\/28\/le-centre-culturel-dar-almadanya-inaugure-a-sousse\/#respond"]}]},{"@type":"WebPage","@id":"https:\/\/kapitalis.com\/tunisie\/2017\/02\/28\/le-centre-culturel-dar-almadanya-inaugure-a-sousse\/","url":"https:\/\/kapitalis.com\/tunisie\/2017\/02\/28\/le-centre-culturel-dar-almadanya-inaugure-a-sousse\/","name":"Le centre culturel Dar Almadanya inaugur\u00e9 \u00e0 Sousse - Kapitalis","isPartOf":{"@id":"https:\/\/kapitalis.com\/tunisie\/#website"},"primaryImageOfPage":{"@id":"https:\/\/kapitalis.com\/tunisie\/2017\/02\/28\/le-centre-culturel-dar-almadanya-inaugure-a-sousse\/#primaryimage"},"image":{"@id":"https:\/\/kapitalis.com\/tunisie\/2017\/02\/28\/le-centre-culturel-dar-almadanya-inaugure-a-sousse\/#primaryimage"},"thumbnailUrl":"","datePublished":"2017-02-28T13:39:17+00:00","breadcrumb":{"@id":"https:\/\/kapitalis.com\/tunisie\/2017\/02\/28\/le-centre-culturel-dar-almadanya-inaugure-a-sousse\/#breadcrumb"},"inLanguage":"fr-FR","potentialAction":[{"@type":"ReadAction","target":["https:\/\/kapitalis.com\/tunisie\/2017\/02\/28\/le-centre-culturel-dar-almadanya-inaugure-a-sousse\/"]}]},{"@type":"ImageObject","inLanguage":"fr-FR","@id":"https:\/\/kapitalis.com\/tunisie\/2017\/02\/28\/le-centre-culturel-dar-almadanya-inaugure-a-sousse\/#primaryimage","url":"","contentUrl":""},{"@type":"BreadcrumbList","@id":"https:\/\/kapitalis.com\/tunisie\/2017\/02\/28\/le-centre-culturel-dar-almadanya-inaugure-a-sousse\/#breadcrumb","itemListElement":[{"@type":"ListItem","position":1,"name":"Accueil","item":"https:\/\/kapitalis.com\/tunisie\/"},{"@type":"ListItem","position":2,"name":"Le centre culturel Dar Almadanya inaugur\u00e9 \u00e0 Sousse"}]},{"@type":"WebSite","@id":"https:\/\/kapitalis.com\/tunisie\/#website","url":"https:\/\/kapitalis.com\/tunisie\/","name":"Kapitalis","description":"L&#039;actualit\u00e9 en Tunisie et dans le monde","publisher":{"@id":"https:\/\/kapitalis.com\/tunisie\/#organization"},"potentialAction":[{"@type":"SearchAction","target":{"@type":"EntryPoint","urlTemplate":"https:\/\/kapitalis.com\/tunisie\/?s={search_term_string}"},"query-input":{"@type":"PropertyValueSpecification","valueRequired":true,"valueName":"search_term_string"}}],"inLanguage":"fr-FR"},{"@type":"Organization","@id":"https:\/\/kapitalis.com\/tunisie\/#organization","name":"Kapitalis","url":"https:\/\/kapitalis.com\/tunisie\/","logo":{"@type":"ImageObject","inLanguage":"fr-FR","@id":"https:\/\/kapitalis.com\/tunisie\/#\/schema\/logo\/image\/","url":"https:\/\/kapitalis.com\/tunisie\/wp-content\/uploads\/2022\/05\/Kapitalis-big-size.png","contentUrl":"https:\/\/kapitalis.com\/tunisie\/wp-content\/uploads\/2022\/05\/Kapitalis-big-size.png","width":5000,"height":1500,"caption":"Kapitalis"},"image":{"@id":"https:\/\/kapitalis.com\/tunisie\/#\/schema\/logo\/image\/"},"sameAs":["https:\/\/www.facebook.com\/KapitalisInfo\/","https:\/\/x.com\/KapitalisInfo","https:\/\/www.youtube.com\/channel\/UC-yDYrHyfFBWWZaOw3FPg9Q"]},{"@type":"Person","@id":"https:\/\/kapitalis.com\/tunisie\/#\/schema\/person\/d71f33a9ca44f7bad4698210b480c8e9","name":"webmaster kapitalis","url":"https:\/\/kapitalis.com\/tunisie\/author\/webmaster-kapitalis\/"}]}},"_links":{"self":[{"href":"https:\/\/kapitalis.com\/tunisie\/wp-json\/wp\/v2\/posts\/84918","targetHints":{"allow":["GET"]}}],"collection":[{"href":"https:\/\/kapitalis.com\/tunisie\/wp-json\/wp\/v2\/posts"}],"about":[{"href":"https:\/\/kapitalis.com\/tunisie\/wp-json\/wp\/v2\/types\/post"}],"author":[{"embeddable":true,"href":"https:\/\/kapitalis.com\/tunisie\/wp-json\/wp\/v2\/users\/8"}],"replies":[{"embeddable":true,"href":"https:\/\/kapitalis.com\/tunisie\/wp-json\/wp\/v2\/comments?post=84918"}],"version-history":[{"count":0,"href":"https:\/\/kapitalis.com\/tunisie\/wp-json\/wp\/v2\/posts\/84918\/revisions"}],"wp:featuredmedia":[{"embeddable":true,"href":"https:\/\/kapitalis.com\/tunisie\/wp-json\/wp\/v2\/media\/84919"}],"wp:attachment":[{"href":"https:\/\/kapitalis.com\/tunisie\/wp-json\/wp\/v2\/media?parent=84918"}],"wp:term":[{"taxonomy":"category","embeddable":true,"href":"https:\/\/kapitalis.com\/tunisie\/wp-json\/wp\/v2\/categories?post=84918"},{"taxonomy":"post_tag","embeddable":true,"href":"https:\/\/kapitalis.com\/tunisie\/wp-json\/wp\/v2\/tags?post=84918"}],"curies":[{"name":"wp","href":"https:\/\/api.w.org\/{rel}","templated":true}]}}