{"id":84950,"date":"2017-02-28T17:21:30","date_gmt":"2017-02-28T16:21:30","guid":{"rendered":"http:\/\/kapitalis.com\/tunisie\/?p=84950"},"modified":"2017-02-28T17:21:30","modified_gmt":"2017-02-28T16:21:30","slug":"mounir-romdhani-nomme-chef-de-cabinet-du-ministre-du-developpement","status":"publish","type":"post","link":"https:\/\/kapitalis.com\/tunisie\/2017\/02\/28\/mounir-romdhani-nomme-chef-de-cabinet-du-ministre-du-developpement\/","title":{"rendered":"Mounir Romdhani nomm\u00e9 chef de cabinet du ministre du D\u00e9veloppement"},"content":{"rendered":"<p style=\"text-align: center;\"><img loading=\"lazy\" decoding=\"async\" class=\"alignnone size-full wp-image-84951\" src=\"http:\/\/kapitalis.com\/tunisie\/wp-content\/uploads\/2017\/02\/Mounir-Romdhani-Ban.jpg\" alt=\"\" width=\"626\" height=\"380\" \/><\/p>\n<p style=\"text-align: left;\"><em><strong>Le minist\u00e8re du D\u00e9veloppement, de l\u2019Investissement et de la Coop\u00e9ration internationale a annonc\u00e9 la nomination de Mounir Romdhani, en tant que chef de cabinet.<\/strong><\/em><\/p>\n<p><!--more--><\/p>\n<p>N\u00e9 en 1967, M. Romdhani est titulaire d\u2019une licence en hautes \u00e9tudes commerciales de l\u2019IHEC de Carthage, sp\u00e9cialit\u00e9 gestion financi\u00e8re, d\u2019un dipl\u00f4me d\u2019\u00e9tudes sup\u00e9rieures de l\u2019Ecole nationale de l\u2019administration (conseiller des services publics) et d\u2019un master en politiques publiques de l\u2019universit\u00e9 de Minnesota aux Etats-Unis.<\/p>\n<p>M. Romdhani a occup\u00e9 plusieurs postes de responsabilit\u00e9s dans l\u2019administration tunisienne, dont celui de contr\u00f4leur g\u00e9n\u00e9ral des services publiques \u00e0 la pr\u00e9sidence du gouvernement avant sa nomination, le dernier en date<\/p>\n<p>Il est mari\u00e9 et p\u00e8re de 3 enfants.<\/p>\n<p style=\"text-align: right;\"><strong>I. B.<\/strong>\u00a0(avec communiqu\u00e9).<\/p>\n","protected":false},"excerpt":{"rendered":"<p>Le minist\u00e8re du D\u00e9veloppement, de l\u2019Investissement et de la Coop\u00e9ration internationale a annonc\u00e9 la nomination de Mounir Romdhani, en tant que chef de cabinet.<\/p>\n","protected":false},"author":8,"featured_media":84951,"comment_status":"open","ping_status":"open","sticky":false,"template":"","format":"standard","meta":{"footnotes":""},"categories":[997,2433],"tags":[7675],"class_list":["post-84950","post","type-post","status-publish","format-standard","has-post-thumbnail","hentry","category-politique","category-tunisie","tag-ministere-du-developpement"],"yoast_head":"<!-- This site is optimized with the Yoast SEO plugin v26.6 - https:\/\/yoast.com\/wordpress\/plugins\/seo\/ -->\n<title>Mounir Romdhani nomm\u00e9 chef de cabinet du ministre du D\u00e9veloppement - Kapitalis<\/title>\n<meta name=\"robots\" content=\"index, follow, max-snippet:-1, max-image-preview:large, max-video-preview:-1\" \/>\n<link rel=\"canonical\" href=\"https:\/\/kapitalis.com\/tunisie\/2017\/02\/28\/mounir-romdhani-nomme-chef-de-cabinet-du-ministre-du-developpement\/\" \/>\n<meta property=\"og:locale\" content=\"fr_FR\" \/>\n<meta property=\"og:type\" content=\"article\" \/>\n<meta property=\"og:title\" content=\"Mounir Romdhani nomm\u00e9 chef de cabinet du ministre du D\u00e9veloppement - Kapitalis\" \/>\n<meta property=\"og:description\" content=\"Le minist\u00e8re du D\u00e9veloppement, de l\u2019Investissement et de la Coop\u00e9ration internationale a annonc\u00e9 la nomination de Mounir Romdhani, en tant que chef de cabinet.\" \/>\n<meta property=\"og:url\" content=\"https:\/\/kapitalis.com\/tunisie\/2017\/02\/28\/mounir-romdhani-nomme-chef-de-cabinet-du-ministre-du-developpement\/\" \/>\n<meta property=\"og:site_name\" content=\"Kapitalis\" \/>\n<meta property=\"article:publisher\" content=\"https:\/\/www.facebook.com\/KapitalisInfo\/\" \/>\n<meta property=\"article:published_time\" content=\"2017-02-28T16:21:30+00:00\" \/>\n<meta property=\"og:image\" content=\"https:\/\/kapitalis.com\/tunisie\/wp-content\/uploads\/2022\/05\/kapitalis-logo-fb.png\" \/>\n\t<meta property=\"og:image:width\" content=\"1200\" \/>\n\t<meta property=\"og:image:height\" content=\"630\" \/>\n\t<meta property=\"og:image:type\" content=\"image\/png\" \/>\n<meta name=\"author\" content=\"webmaster kapitalis\" \/>\n<meta name=\"twitter:card\" content=\"summary_large_image\" \/>\n<meta name=\"twitter:creator\" content=\"@KapitalisInfo\" \/>\n<meta name=\"twitter:site\" content=\"@KapitalisInfo\" \/>\n<meta name=\"twitter:label1\" content=\"\u00c9crit par\" \/>\n\t<meta name=\"twitter:data1\" content=\"webmaster kapitalis\" \/>\n\t<meta name=\"twitter:label2\" content=\"Dur\u00e9e de lecture estim\u00e9e\" \/>\n\t<meta name=\"twitter:data2\" content=\"1 minute\" \/>\n<script type=\"application\/ld+json\" class=\"yoast-schema-graph\">{\"@context\":\"https:\/\/schema.org\",\"@graph\":[{\"@type\":\"Article\",\"@id\":\"https:\/\/kapitalis.com\/tunisie\/2017\/02\/28\/mounir-romdhani-nomme-chef-de-cabinet-du-ministre-du-developpement\/#article\",\"isPartOf\":{\"@id\":\"https:\/\/kapitalis.com\/tunisie\/2017\/02\/28\/mounir-romdhani-nomme-chef-de-cabinet-du-ministre-du-developpement\/\"},\"author\":{\"name\":\"webmaster kapitalis\",\"@id\":\"https:\/\/kapitalis.com\/tunisie\/#\/schema\/person\/d71f33a9ca44f7bad4698210b480c8e9\"},\"headline\":\"Mounir Romdhani nomm\u00e9 chef de cabinet du ministre du D\u00e9veloppement\",\"datePublished\":\"2017-02-28T16:21:30+00:00\",\"mainEntityOfPage\":{\"@id\":\"https:\/\/kapitalis.com\/tunisie\/2017\/02\/28\/mounir-romdhani-nomme-chef-de-cabinet-du-ministre-du-developpement\/\"},\"wordCount\":143,\"commentCount\":0,\"publisher\":{\"@id\":\"https:\/\/kapitalis.com\/tunisie\/#organization\"},\"image\":{\"@id\":\"https:\/\/kapitalis.com\/tunisie\/2017\/02\/28\/mounir-romdhani-nomme-chef-de-cabinet-du-ministre-du-developpement\/#primaryimage\"},\"thumbnailUrl\":\"\",\"keywords\":[\"minist\u00e8re du D\u00e9veloppement\"],\"articleSection\":[\"POLITIQUE\",\"Tunisie\"],\"inLanguage\":\"fr-FR\",\"potentialAction\":[{\"@type\":\"CommentAction\",\"name\":\"Comment\",\"target\":[\"https:\/\/kapitalis.com\/tunisie\/2017\/02\/28\/mounir-romdhani-nomme-chef-de-cabinet-du-ministre-du-developpement\/#respond\"]}]},{\"@type\":\"WebPage\",\"@id\":\"https:\/\/kapitalis.com\/tunisie\/2017\/02\/28\/mounir-romdhani-nomme-chef-de-cabinet-du-ministre-du-developpement\/\",\"url\":\"https:\/\/kapitalis.com\/tunisie\/2017\/02\/28\/mounir-romdhani-nomme-chef-de-cabinet-du-ministre-du-developpement\/\",\"name\":\"Mounir Romdhani nomm\u00e9 chef de cabinet du ministre du D\u00e9veloppement - Kapitalis\",\"isPartOf\":{\"@id\":\"https:\/\/kapitalis.com\/tunisie\/#website\"},\"primaryImageOfPage\":{\"@id\":\"https:\/\/kapitalis.com\/tunisie\/2017\/02\/28\/mounir-romdhani-nomme-chef-de-cabinet-du-ministre-du-developpement\/#primaryimage\"},\"image\":{\"@id\":\"https:\/\/kapitalis.com\/tunisie\/2017\/02\/28\/mounir-romdhani-nomme-chef-de-cabinet-du-ministre-du-developpement\/#primaryimage\"},\"thumbnailUrl\":\"\",\"datePublished\":\"2017-02-28T16:21:30+00:00\",\"breadcrumb\":{\"@id\":\"https:\/\/kapitalis.com\/tunisie\/2017\/02\/28\/mounir-romdhani-nomme-chef-de-cabinet-du-ministre-du-developpement\/#breadcrumb\"},\"inLanguage\":\"fr-FR\",\"potentialAction\":[{\"@type\":\"ReadAction\",\"target\":[\"https:\/\/kapitalis.com\/tunisie\/2017\/02\/28\/mounir-romdhani-nomme-chef-de-cabinet-du-ministre-du-developpement\/\"]}]},{\"@type\":\"ImageObject\",\"inLanguage\":\"fr-FR\",\"@id\":\"https:\/\/kapitalis.com\/tunisie\/2017\/02\/28\/mounir-romdhani-nomme-chef-de-cabinet-du-ministre-du-developpement\/#primaryimage\",\"url\":\"\",\"contentUrl\":\"\"},{\"@type\":\"BreadcrumbList\",\"@id\":\"https:\/\/kapitalis.com\/tunisie\/2017\/02\/28\/mounir-romdhani-nomme-chef-de-cabinet-du-ministre-du-developpement\/#breadcrumb\",\"itemListElement\":[{\"@type\":\"ListItem\",\"position\":1,\"name\":\"Accueil\",\"item\":\"https:\/\/kapitalis.com\/tunisie\/\"},{\"@type\":\"ListItem\",\"position\":2,\"name\":\"Mounir Romdhani nomm\u00e9 chef de cabinet du ministre du D\u00e9veloppement\"}]},{\"@type\":\"WebSite\",\"@id\":\"https:\/\/kapitalis.com\/tunisie\/#website\",\"url\":\"https:\/\/kapitalis.com\/tunisie\/\",\"name\":\"Kapitalis\",\"description\":\"L&#039;actualit\u00e9 en Tunisie et dans le monde\",\"publisher\":{\"@id\":\"https:\/\/kapitalis.com\/tunisie\/#organization\"},\"potentialAction\":[{\"@type\":\"SearchAction\",\"target\":{\"@type\":\"EntryPoint\",\"urlTemplate\":\"https:\/\/kapitalis.com\/tunisie\/?s={search_term_string}\"},\"query-input\":{\"@type\":\"PropertyValueSpecification\",\"valueRequired\":true,\"valueName\":\"search_term_string\"}}],\"inLanguage\":\"fr-FR\"},{\"@type\":\"Organization\",\"@id\":\"https:\/\/kapitalis.com\/tunisie\/#organization\",\"name\":\"Kapitalis\",\"url\":\"https:\/\/kapitalis.com\/tunisie\/\",\"logo\":{\"@type\":\"ImageObject\",\"inLanguage\":\"fr-FR\",\"@id\":\"https:\/\/kapitalis.com\/tunisie\/#\/schema\/logo\/image\/\",\"url\":\"https:\/\/kapitalis.com\/tunisie\/wp-content\/uploads\/2022\/05\/Kapitalis-big-size.png\",\"contentUrl\":\"https:\/\/kapitalis.com\/tunisie\/wp-content\/uploads\/2022\/05\/Kapitalis-big-size.png\",\"width\":5000,\"height\":1500,\"caption\":\"Kapitalis\"},\"image\":{\"@id\":\"https:\/\/kapitalis.com\/tunisie\/#\/schema\/logo\/image\/\"},\"sameAs\":[\"https:\/\/www.facebook.com\/KapitalisInfo\/\",\"https:\/\/x.com\/KapitalisInfo\",\"https:\/\/www.youtube.com\/channel\/UC-yDYrHyfFBWWZaOw3FPg9Q\"]},{\"@type\":\"Person\",\"@id\":\"https:\/\/kapitalis.com\/tunisie\/#\/schema\/person\/d71f33a9ca44f7bad4698210b480c8e9\",\"name\":\"webmaster kapitalis\",\"url\":\"https:\/\/kapitalis.com\/tunisie\/author\/webmaster-kapitalis\/\"}]}<\/script>\n<!-- \/ Yoast SEO plugin. -->","yoast_head_json":{"title":"Mounir Romdhani nomm\u00e9 chef de cabinet du ministre du D\u00e9veloppement - Kapitalis","robots":{"index":"index","follow":"follow","max-snippet":"max-snippet:-1","max-image-preview":"max-image-preview:large","max-video-preview":"max-video-preview:-1"},"canonical":"https:\/\/kapitalis.com\/tunisie\/2017\/02\/28\/mounir-romdhani-nomme-chef-de-cabinet-du-ministre-du-developpement\/","og_locale":"fr_FR","og_type":"article","og_title":"Mounir Romdhani nomm\u00e9 chef de cabinet du ministre du D\u00e9veloppement - Kapitalis","og_description":"Le minist\u00e8re du D\u00e9veloppement, de l\u2019Investissement et de la Coop\u00e9ration internationale a annonc\u00e9 la nomination de Mounir Romdhani, en tant que chef de cabinet.","og_url":"https:\/\/kapitalis.com\/tunisie\/2017\/02\/28\/mounir-romdhani-nomme-chef-de-cabinet-du-ministre-du-developpement\/","og_site_name":"Kapitalis","article_publisher":"https:\/\/www.facebook.com\/KapitalisInfo\/","article_published_time":"2017-02-28T16:21:30+00:00","og_image":[{"width":1200,"height":630,"url":"https:\/\/kapitalis.com\/tunisie\/wp-content\/uploads\/2022\/05\/kapitalis-logo-fb.png","type":"image\/png"}],"author":"webmaster kapitalis","twitter_card":"summary_large_image","twitter_creator":"@KapitalisInfo","twitter_site":"@KapitalisInfo","twitter_misc":{"\u00c9crit par":"webmaster kapitalis","Dur\u00e9e de lecture estim\u00e9e":"1 minute"},"schema":{"@context":"https:\/\/schema.org","@graph":[{"@type":"Article","@id":"https:\/\/kapitalis.com\/tunisie\/2017\/02\/28\/mounir-romdhani-nomme-chef-de-cabinet-du-ministre-du-developpement\/#article","isPartOf":{"@id":"https:\/\/kapitalis.com\/tunisie\/2017\/02\/28\/mounir-romdhani-nomme-chef-de-cabinet-du-ministre-du-developpement\/"},"author":{"name":"webmaster kapitalis","@id":"https:\/\/kapitalis.com\/tunisie\/#\/schema\/person\/d71f33a9ca44f7bad4698210b480c8e9"},"headline":"Mounir Romdhani nomm\u00e9 chef de cabinet du ministre du D\u00e9veloppement","datePublished":"2017-02-28T16:21:30+00:00","mainEntityOfPage":{"@id":"https:\/\/kapitalis.com\/tunisie\/2017\/02\/28\/mounir-romdhani-nomme-chef-de-cabinet-du-ministre-du-developpement\/"},"wordCount":143,"commentCount":0,"publisher":{"@id":"https:\/\/kapitalis.com\/tunisie\/#organization"},"image":{"@id":"https:\/\/kapitalis.com\/tunisie\/2017\/02\/28\/mounir-romdhani-nomme-chef-de-cabinet-du-ministre-du-developpement\/#primaryimage"},"thumbnailUrl":"","keywords":["minist\u00e8re du D\u00e9veloppement"],"articleSection":["POLITIQUE","Tunisie"],"inLanguage":"fr-FR","potentialAction":[{"@type":"CommentAction","name":"Comment","target":["https:\/\/kapitalis.com\/tunisie\/2017\/02\/28\/mounir-romdhani-nomme-chef-de-cabinet-du-ministre-du-developpement\/#respond"]}]},{"@type":"WebPage","@id":"https:\/\/kapitalis.com\/tunisie\/2017\/02\/28\/mounir-romdhani-nomme-chef-de-cabinet-du-ministre-du-developpement\/","url":"https:\/\/kapitalis.com\/tunisie\/2017\/02\/28\/mounir-romdhani-nomme-chef-de-cabinet-du-ministre-du-developpement\/","name":"Mounir Romdhani nomm\u00e9 chef de cabinet du ministre du D\u00e9veloppement - Kapitalis","isPartOf":{"@id":"https:\/\/kapitalis.com\/tunisie\/#website"},"primaryImageOfPage":{"@id":"https:\/\/kapitalis.com\/tunisie\/2017\/02\/28\/mounir-romdhani-nomme-chef-de-cabinet-du-ministre-du-developpement\/#primaryimage"},"image":{"@id":"https:\/\/kapitalis.com\/tunisie\/2017\/02\/28\/mounir-romdhani-nomme-chef-de-cabinet-du-ministre-du-developpement\/#primaryimage"},"thumbnailUrl":"","datePublished":"2017-02-28T16:21:30+00:00","breadcrumb":{"@id":"https:\/\/kapitalis.com\/tunisie\/2017\/02\/28\/mounir-romdhani-nomme-chef-de-cabinet-du-ministre-du-developpement\/#breadcrumb"},"inLanguage":"fr-FR","potentialAction":[{"@type":"ReadAction","target":["https:\/\/kapitalis.com\/tunisie\/2017\/02\/28\/mounir-romdhani-nomme-chef-de-cabinet-du-ministre-du-developpement\/"]}]},{"@type":"ImageObject","inLanguage":"fr-FR","@id":"https:\/\/kapitalis.com\/tunisie\/2017\/02\/28\/mounir-romdhani-nomme-chef-de-cabinet-du-ministre-du-developpement\/#primaryimage","url":"","contentUrl":""},{"@type":"BreadcrumbList","@id":"https:\/\/kapitalis.com\/tunisie\/2017\/02\/28\/mounir-romdhani-nomme-chef-de-cabinet-du-ministre-du-developpement\/#breadcrumb","itemListElement":[{"@type":"ListItem","position":1,"name":"Accueil","item":"https:\/\/kapitalis.com\/tunisie\/"},{"@type":"ListItem","position":2,"name":"Mounir Romdhani nomm\u00e9 chef de cabinet du ministre du D\u00e9veloppement"}]},{"@type":"WebSite","@id":"https:\/\/kapitalis.com\/tunisie\/#website","url":"https:\/\/kapitalis.com\/tunisie\/","name":"Kapitalis","description":"L&#039;actualit\u00e9 en Tunisie et dans le monde","publisher":{"@id":"https:\/\/kapitalis.com\/tunisie\/#organization"},"potentialAction":[{"@type":"SearchAction","target":{"@type":"EntryPoint","urlTemplate":"https:\/\/kapitalis.com\/tunisie\/?s={search_term_string}"},"query-input":{"@type":"PropertyValueSpecification","valueRequired":true,"valueName":"search_term_string"}}],"inLanguage":"fr-FR"},{"@type":"Organization","@id":"https:\/\/kapitalis.com\/tunisie\/#organization","name":"Kapitalis","url":"https:\/\/kapitalis.com\/tunisie\/","logo":{"@type":"ImageObject","inLanguage":"fr-FR","@id":"https:\/\/kapitalis.com\/tunisie\/#\/schema\/logo\/image\/","url":"https:\/\/kapitalis.com\/tunisie\/wp-content\/uploads\/2022\/05\/Kapitalis-big-size.png","contentUrl":"https:\/\/kapitalis.com\/tunisie\/wp-content\/uploads\/2022\/05\/Kapitalis-big-size.png","width":5000,"height":1500,"caption":"Kapitalis"},"image":{"@id":"https:\/\/kapitalis.com\/tunisie\/#\/schema\/logo\/image\/"},"sameAs":["https:\/\/www.facebook.com\/KapitalisInfo\/","https:\/\/x.com\/KapitalisInfo","https:\/\/www.youtube.com\/channel\/UC-yDYrHyfFBWWZaOw3FPg9Q"]},{"@type":"Person","@id":"https:\/\/kapitalis.com\/tunisie\/#\/schema\/person\/d71f33a9ca44f7bad4698210b480c8e9","name":"webmaster kapitalis","url":"https:\/\/kapitalis.com\/tunisie\/author\/webmaster-kapitalis\/"}]}},"_links":{"self":[{"href":"https:\/\/kapitalis.com\/tunisie\/wp-json\/wp\/v2\/posts\/84950","targetHints":{"allow":["GET"]}}],"collection":[{"href":"https:\/\/kapitalis.com\/tunisie\/wp-json\/wp\/v2\/posts"}],"about":[{"href":"https:\/\/kapitalis.com\/tunisie\/wp-json\/wp\/v2\/types\/post"}],"author":[{"embeddable":true,"href":"https:\/\/kapitalis.com\/tunisie\/wp-json\/wp\/v2\/users\/8"}],"replies":[{"embeddable":true,"href":"https:\/\/kapitalis.com\/tunisie\/wp-json\/wp\/v2\/comments?post=84950"}],"version-history":[{"count":0,"href":"https:\/\/kapitalis.com\/tunisie\/wp-json\/wp\/v2\/posts\/84950\/revisions"}],"wp:featuredmedia":[{"embeddable":true,"href":"https:\/\/kapitalis.com\/tunisie\/wp-json\/wp\/v2\/media\/84951"}],"wp:attachment":[{"href":"https:\/\/kapitalis.com\/tunisie\/wp-json\/wp\/v2\/media?parent=84950"}],"wp:term":[{"taxonomy":"category","embeddable":true,"href":"https:\/\/kapitalis.com\/tunisie\/wp-json\/wp\/v2\/categories?post=84950"},{"taxonomy":"post_tag","embeddable":true,"href":"https:\/\/kapitalis.com\/tunisie\/wp-json\/wp\/v2\/tags?post=84950"}],"curies":[{"name":"wp","href":"https:\/\/api.w.org\/{rel}","templated":true}]}}